{"id":5295,"date":"2020-03-19T12:26:50","date_gmt":"2020-03-19T15:26:50","guid":{"rendered":"http:\/\/verdadeon.com.br\/portal\/?p=5295"},"modified":"2020-03-19T12:26:50","modified_gmt":"2020-03-19T15:26:50","slug":"facebook-vai-colocar-no-topo-da-linha-do-tempo-noticias-sobre-o-novo-coronavirus","status":"publish","type":"post","link":"https:\/\/verdadeon.com.br\/portal\/2020\/03\/19\/facebook-vai-colocar-no-topo-da-linha-do-tempo-noticias-sobre-o-novo-coronavirus\/","title":{"rendered":"Facebook vai colocar no topo da linha do tempo not\u00edcias sobre o novo coronav\u00edrus"},"content":{"rendered":"<p>Informa\u00e7\u00f5es sobre o novo coronav\u00edrus passar\u00e3o a ser prioridade no Facebook.\u00a0<a class=\"linkagem\" title=\"Ir para tudo sobre Mark Zuckerberg\" href=\"https:\/\/canaltech.com.br\/celebridade\/mark-zuckerberg\/\">Mark Zuckerberg<\/a>, CEO da empresa, anunciou que a partir desta quinta-feira (19) usu\u00e1rios de diversos pa\u00edses come\u00e7ar\u00e3o a ver conte\u00fado oficial da Organiza\u00e7\u00e3o Mundial da Sa\u00fade e do Centro de Controle e Preven\u00e7\u00e3o de Doen\u00e7as no topo da linha do tempo.<\/p>\n<div class=\"continua-apos-publicidade\"><\/div>\n<ul>\n<li><a href=\"https:\/\/canaltech.com.br\/saude\/como-higienizar-corretamente-celular-coronavirus-161904\/\" target=\"_blank\" rel=\"noopener noreferrer\">Coronav\u00edrus: como higienizar corretamente seu celular e se proteger<\/a><\/li>\n<\/ul>\n<p>O\u00a0<a class=\"linkagem\" title=\"Ir para tudo sobre Facebook\" href=\"https:\/\/canaltech.com.br\/empresa\/facebook\/\">Facebook<\/a>\u00a0tamb\u00e9m j\u00e1 come\u00e7ou a promover, por conta pr\u00f3pria, publica\u00e7\u00f5es das mesmas fontes na rede social e no Instagram, al\u00e9m de prioriz\u00e1-las nos resultados de buscas pelos termos &#8220;coronav\u00edrus&#8221; e &#8220;COVID-19&#8221;. J\u00e1 conhecida por esc\u00e2ndalos de desinforma\u00e7\u00e3o, a empresa desta vez busca medidas de fazer com que seus usu\u00e1rios voltem a confiar em seu conte\u00fado.<\/p>\n<p><img data-recalc-dims=\"1\" loading=\"lazy\" decoding=\"async\" class=\"alignnone size-medium wp-image-5297\" src=\"https:\/\/i0.wp.com\/verdadeon.com.br\/portal\/wp-content\/uploads\/2020\/03\/286593.536317-Coronavirus-300x169.jpg?resize=300%2C169\" alt=\"\" width=\"300\" height=\"169\" \/><br \/>\n<em>Imagem: Reprodu\u00e7\u00e3o<\/em><\/p>\n<p>Outra medida anunciada nesta semana pelo Facebook \u00e9 a disponibiliza\u00e7\u00e3o da vers\u00e3o paga do Workplace, permitindo que governos e servi\u00e7os de emerg\u00eancias tenham acesso gratuito \u00e0s ferramentas do recurso durante um ano. Zuckerberg ainda afirmou que v\u00e1rios de seus funcion\u00e1rios est\u00e3o trabalhando de casa para evitar a pandemia, inclusive ele pr\u00f3prio.<\/p>\n<p class=\"source\">Fonte:\u00a0<a class=\"MSI_ext_nofollow\" href=\"https:\/\/www.theverge.com\/2020\/3\/18\/21185538\/facebook-coronavirus-news-feed-information-center-covid-19\" target=\"_blank\" rel=\"nofollow noopener noreferrer\">The Verge<\/a> | CanalTech<\/p>\n<p>&nbsp;<\/p>\n","protected":false},"excerpt":{"rendered":"<p>Informa\u00e7\u00f5es sobre o novo coronav\u00edrus passar\u00e3o a ser prioridade no Facebook.\u00a0Mark Zuckerberg, CEO da empresa, anunciou que a partir desta quinta-feira (19) usu\u00e1rios de diversos pa\u00edses<span class=\"excerpt-hellip\"> [\u2026]<\/span><\/p>\n","protected":false},"author":10,"featured_media":5298,"comment_status":"open","ping_status":"open","sticky":false,"template":"","format":"standard","meta":{"_jetpack_memberships_contains_paid_content":false,"footnotes":"","jetpack_publicize_message":"","jetpack_publicize_feature_enabled":true,"jetpack_social_post_already_shared":false,"jetpack_social_options":{"image_generator_settings":{"template":"highway","default_image_id":0,"enabled":false},"version":2}},"categories":[51,104,30],"tags":[105],"class_list":["post-5295","post","type-post","status-publish","format-standard","has-post-thumbnail","hentry","category-ciencia-e-tecnologia","category-coronavirus","category-variedades","tag-coronavirus"],"yoast_head":"<!-- This site is optimized with the Yoast SEO plugin v25.6 - https:\/\/yoast.com\/wordpress\/plugins\/seo\/ -->\n<title>Facebook vai colocar no topo da linha do tempo not\u00edcias sobre o novo coronav\u00edrus - VerdadeOn<\/title>\n<meta name=\"robots\" content=\"index, follow, max-snippet:-1, max-image-preview:large, max-video-preview:-1\" \/>\n<link rel=\"canonical\" href=\"https:\/\/verdadeon.com.br\/portal\/2020\/03\/19\/facebook-vai-colocar-no-topo-da-linha-do-tempo-noticias-sobre-o-novo-coronavirus\/\" \/>\n<meta property=\"og:locale\" content=\"pt_BR\" \/>\n<meta property=\"og:type\" content=\"article\" \/>\n<meta property=\"og:title\" content=\"Facebook vai colocar no topo da linha do tempo not\u00edcias sobre o novo coronav\u00edrus - VerdadeOn\" \/>\n<meta property=\"og:description\" content=\"Informa\u00e7\u00f5es sobre o novo coronav\u00edrus passar\u00e3o a ser prioridade no Facebook.\u00a0Mark Zuckerberg, CEO da empresa, anunciou que a partir desta quinta-feira (19) usu\u00e1rios de diversos pa\u00edses [\u2026]\" \/>\n<meta property=\"og:url\" content=\"https:\/\/verdadeon.com.br\/portal\/2020\/03\/19\/facebook-vai-colocar-no-topo-da-linha-do-tempo-noticias-sobre-o-novo-coronavirus\/\" \/>\n<meta property=\"og:site_name\" content=\"VerdadeOn\" \/>\n<meta property=\"article:published_time\" content=\"2020-03-19T15:26:50+00:00\" \/>\n<meta property=\"og:image\" content=\"https:\/\/verdadeon.com.br\/portal\/wp-content\/uploads\/2020\/03\/facebook-vai-colocar-no-topo-da-linha-do-tempo-noticias-sobre-o-novo-coronavirus-scaled.jpg\" \/>\n\t<meta property=\"og:image:width\" content=\"1000\" \/>\n\t<meta property=\"og:image:height\" content=\"563\" \/>\n\t<meta property=\"og:image:type\" content=\"image\/jpeg\" \/>\n<meta name=\"author\" content=\"Redacao VerdadeOn\" \/>\n<meta name=\"twitter:card\" content=\"summary_large_image\" \/>\n<meta name=\"twitter:label1\" content=\"Escrito por\" \/>\n\t<meta name=\"twitter:data1\" content=\"Redacao VerdadeOn\" \/>\n\t<meta name=\"twitter:label2\" content=\"Est. tempo de leitura\" \/>\n\t<meta name=\"twitter:data2\" content=\"1 minuto\" \/>\n<script type=\"application\/ld+json\" class=\"yoast-schema-graph\">{\"@context\":\"https:\/\/schema.org\",\"@graph\":[{\"@type\":\"WebPage\",\"@id\":\"https:\/\/verdadeon.com.br\/portal\/2020\/03\/19\/facebook-vai-colocar-no-topo-da-linha-do-tempo-noticias-sobre-o-novo-coronavirus\/\",\"url\":\"https:\/\/verdadeon.com.br\/portal\/2020\/03\/19\/facebook-vai-colocar-no-topo-da-linha-do-tempo-noticias-sobre-o-novo-coronavirus\/\",\"name\":\"Facebook vai colocar no topo da linha do tempo not\u00edcias sobre o novo coronav\u00edrus - VerdadeOn\",\"isPartOf\":{\"@id\":\"https:\/\/verdadeon.com.br\/portal\/#website\"},\"primaryImageOfPage\":{\"@id\":\"https:\/\/verdadeon.com.br\/portal\/2020\/03\/19\/facebook-vai-colocar-no-topo-da-linha-do-tempo-noticias-sobre-o-novo-coronavirus\/#primaryimage\"},\"image\":{\"@id\":\"https:\/\/verdadeon.com.br\/portal\/2020\/03\/19\/facebook-vai-colocar-no-topo-da-linha-do-tempo-noticias-sobre-o-novo-coronavirus\/#primaryimage\"},\"thumbnailUrl\":\"https:\/\/i0.wp.com\/verdadeon.com.br\/portal\/wp-content\/uploads\/2020\/03\/facebook-vai-colocar-no-topo-da-linha-do-tempo-noticias-sobre-o-novo-coronavirus-scaled.jpg?fit=1000%2C563&ssl=1\",\"datePublished\":\"2020-03-19T15:26:50+00:00\",\"author\":{\"@id\":\"https:\/\/verdadeon.com.br\/portal\/#\/schema\/person\/a5060ad1e9ea3df545188fc93ce43d2f\"},\"breadcrumb\":{\"@id\":\"https:\/\/verdadeon.com.br\/portal\/2020\/03\/19\/facebook-vai-colocar-no-topo-da-linha-do-tempo-noticias-sobre-o-novo-coronavirus\/#breadcrumb\"},\"inLanguage\":\"pt-BR\",\"potentialAction\":[{\"@type\":\"ReadAction\",\"target\":[\"https:\/\/verdadeon.com.br\/portal\/2020\/03\/19\/facebook-vai-colocar-no-topo-da-linha-do-tempo-noticias-sobre-o-novo-coronavirus\/\"]}]},{\"@type\":\"ImageObject\",\"inLanguage\":\"pt-BR\",\"@id\":\"https:\/\/verdadeon.com.br\/portal\/2020\/03\/19\/facebook-vai-colocar-no-topo-da-linha-do-tempo-noticias-sobre-o-novo-coronavirus\/#primaryimage\",\"url\":\"https:\/\/i0.wp.com\/verdadeon.com.br\/portal\/wp-content\/uploads\/2020\/03\/facebook-vai-colocar-no-topo-da-linha-do-tempo-noticias-sobre-o-novo-coronavirus-scaled.jpg?fit=1000%2C563&ssl=1\",\"contentUrl\":\"https:\/\/i0.wp.com\/verdadeon.com.br\/portal\/wp-content\/uploads\/2020\/03\/facebook-vai-colocar-no-topo-da-linha-do-tempo-noticias-sobre-o-novo-coronavirus-scaled.jpg?fit=1000%2C563&ssl=1\",\"width\":1000,\"height\":563,\"caption\":\"pixabay\"},{\"@type\":\"BreadcrumbList\",\"@id\":\"https:\/\/verdadeon.com.br\/portal\/2020\/03\/19\/facebook-vai-colocar-no-topo-da-linha-do-tempo-noticias-sobre-o-novo-coronavirus\/#breadcrumb\",\"itemListElement\":[{\"@type\":\"ListItem\",\"position\":1,\"name\":\"In\u00edcio\",\"item\":\"https:\/\/verdadeon.com.br\/portal\/\"},{\"@type\":\"ListItem\",\"position\":2,\"name\":\"Facebook vai colocar no topo da linha do tempo not\u00edcias sobre o novo coronav\u00edrus\"}]},{\"@type\":\"WebSite\",\"@id\":\"https:\/\/verdadeon.com.br\/portal\/#website\",\"url\":\"https:\/\/verdadeon.com.br\/portal\/\",\"name\":\"VerdadeOn\",\"description\":\"Not\u00edcias di\u00e1rias sobre Franca, Regi\u00e3o, Esporte, Cultura, Cotidiano, Colunas. Cobertura nos principais eventos da cidade \u00e9 aqui - Verdadeon Franca\",\"potentialAction\":[{\"@type\":\"SearchAction\",\"target\":{\"@type\":\"EntryPoint\",\"urlTemplate\":\"https:\/\/verdadeon.com.br\/portal\/?s={search_term_string}\"},\"query-input\":{\"@type\":\"PropertyValueSpecification\",\"valueRequired\":true,\"valueName\":\"search_term_string\"}}],\"inLanguage\":\"pt-BR\"},{\"@type\":\"Person\",\"@id\":\"https:\/\/verdadeon.com.br\/portal\/#\/schema\/person\/a5060ad1e9ea3df545188fc93ce43d2f\",\"name\":\"Redacao VerdadeOn\",\"image\":{\"@type\":\"ImageObject\",\"inLanguage\":\"pt-BR\",\"@id\":\"https:\/\/verdadeon.com.br\/portal\/#\/schema\/person\/image\/\",\"url\":\"https:\/\/secure.gravatar.com\/avatar\/459a9613caaaf07f582c3d0841eea68bdd66f533e465e6ba8b9cb45619572cf4?s=96&d=mm&r=g\",\"contentUrl\":\"https:\/\/secure.gravatar.com\/avatar\/459a9613caaaf07f582c3d0841eea68bdd66f533e465e6ba8b9cb45619572cf4?s=96&d=mm&r=g\",\"caption\":\"Redacao VerdadeOn\"},\"url\":\"https:\/\/verdadeon.com.br\/portal\/author\/redacao\/\"}]}<\/script>\n<!-- \/ Yoast SEO plugin. -->","yoast_head_json":{"title":"Facebook vai colocar no topo da linha do tempo not\u00edcias sobre o novo coronav\u00edrus - VerdadeOn","robots":{"index":"index","follow":"follow","max-snippet":"max-snippet:-1","max-image-preview":"max-image-preview:large","max-video-preview":"max-video-preview:-1"},"canonical":"https:\/\/verdadeon.com.br\/portal\/2020\/03\/19\/facebook-vai-colocar-no-topo-da-linha-do-tempo-noticias-sobre-o-novo-coronavirus\/","og_locale":"pt_BR","og_type":"article","og_title":"Facebook vai colocar no topo da linha do tempo not\u00edcias sobre o novo coronav\u00edrus - VerdadeOn","og_description":"Informa\u00e7\u00f5es sobre o novo coronav\u00edrus passar\u00e3o a ser prioridade no Facebook.\u00a0Mark Zuckerberg, CEO da empresa, anunciou que a partir desta quinta-feira (19) usu\u00e1rios de diversos pa\u00edses [\u2026]","og_url":"https:\/\/verdadeon.com.br\/portal\/2020\/03\/19\/facebook-vai-colocar-no-topo-da-linha-do-tempo-noticias-sobre-o-novo-coronavirus\/","og_site_name":"VerdadeOn","article_published_time":"2020-03-19T15:26:50+00:00","og_image":[{"width":1000,"height":563,"url":"https:\/\/verdadeon.com.br\/portal\/wp-content\/uploads\/2020\/03\/facebook-vai-colocar-no-topo-da-linha-do-tempo-noticias-sobre-o-novo-coronavirus-scaled.jpg","type":"image\/jpeg"}],"author":"Redacao VerdadeOn","twitter_card":"summary_large_image","twitter_misc":{"Escrito por":"Redacao VerdadeOn","Est. tempo de leitura":"1 minuto"},"schema":{"@context":"https:\/\/schema.org","@graph":[{"@type":"WebPage","@id":"https:\/\/verdadeon.com.br\/portal\/2020\/03\/19\/facebook-vai-colocar-no-topo-da-linha-do-tempo-noticias-sobre-o-novo-coronavirus\/","url":"https:\/\/verdadeon.com.br\/portal\/2020\/03\/19\/facebook-vai-colocar-no-topo-da-linha-do-tempo-noticias-sobre-o-novo-coronavirus\/","name":"Facebook vai colocar no topo da linha do tempo not\u00edcias sobre o novo coronav\u00edrus - VerdadeOn","isPartOf":{"@id":"https:\/\/verdadeon.com.br\/portal\/#website"},"primaryImageOfPage":{"@id":"https:\/\/verdadeon.com.br\/portal\/2020\/03\/19\/facebook-vai-colocar-no-topo-da-linha-do-tempo-noticias-sobre-o-novo-coronavirus\/#primaryimage"},"image":{"@id":"https:\/\/verdadeon.com.br\/portal\/2020\/03\/19\/facebook-vai-colocar-no-topo-da-linha-do-tempo-noticias-sobre-o-novo-coronavirus\/#primaryimage"},"thumbnailUrl":"https:\/\/i0.wp.com\/verdadeon.com.br\/portal\/wp-content\/uploads\/2020\/03\/facebook-vai-colocar-no-topo-da-linha-do-tempo-noticias-sobre-o-novo-coronavirus-scaled.jpg?fit=1000%2C563&ssl=1","datePublished":"2020-03-19T15:26:50+00:00","author":{"@id":"https:\/\/verdadeon.com.br\/portal\/#\/schema\/person\/a5060ad1e9ea3df545188fc93ce43d2f"},"breadcrumb":{"@id":"https:\/\/verdadeon.com.br\/portal\/2020\/03\/19\/facebook-vai-colocar-no-topo-da-linha-do-tempo-noticias-sobre-o-novo-coronavirus\/#breadcrumb"},"inLanguage":"pt-BR","potentialAction":[{"@type":"ReadAction","target":["https:\/\/verdadeon.com.br\/portal\/2020\/03\/19\/facebook-vai-colocar-no-topo-da-linha-do-tempo-noticias-sobre-o-novo-coronavirus\/"]}]},{"@type":"ImageObject","inLanguage":"pt-BR","@id":"https:\/\/verdadeon.com.br\/portal\/2020\/03\/19\/facebook-vai-colocar-no-topo-da-linha-do-tempo-noticias-sobre-o-novo-coronavirus\/#primaryimage","url":"https:\/\/i0.wp.com\/verdadeon.com.br\/portal\/wp-content\/uploads\/2020\/03\/facebook-vai-colocar-no-topo-da-linha-do-tempo-noticias-sobre-o-novo-coronavirus-scaled.jpg?fit=1000%2C563&ssl=1","contentUrl":"https:\/\/i0.wp.com\/verdadeon.com.br\/portal\/wp-content\/uploads\/2020\/03\/facebook-vai-colocar-no-topo-da-linha-do-tempo-noticias-sobre-o-novo-coronavirus-scaled.jpg?fit=1000%2C563&ssl=1","width":1000,"height":563,"caption":"pixabay"},{"@type":"BreadcrumbList","@id":"https:\/\/verdadeon.com.br\/portal\/2020\/03\/19\/facebook-vai-colocar-no-topo-da-linha-do-tempo-noticias-sobre-o-novo-coronavirus\/#breadcrumb","itemListElement":[{"@type":"ListItem","position":1,"name":"In\u00edcio","item":"https:\/\/verdadeon.com.br\/portal\/"},{"@type":"ListItem","position":2,"name":"Facebook vai colocar no topo da linha do tempo not\u00edcias sobre o novo coronav\u00edrus"}]},{"@type":"WebSite","@id":"https:\/\/verdadeon.com.br\/portal\/#website","url":"https:\/\/verdadeon.com.br\/portal\/","name":"VerdadeOn","description":"Not\u00edcias di\u00e1rias sobre Franca, Regi\u00e3o, Esporte, Cultura, Cotidiano, Colunas. Cobertura nos principais eventos da cidade \u00e9 aqui - Verdadeon Franca","potentialAction":[{"@type":"SearchAction","target":{"@type":"EntryPoint","urlTemplate":"https:\/\/verdadeon.com.br\/portal\/?s={search_term_string}"},"query-input":{"@type":"PropertyValueSpecification","valueRequired":true,"valueName":"search_term_string"}}],"inLanguage":"pt-BR"},{"@type":"Person","@id":"https:\/\/verdadeon.com.br\/portal\/#\/schema\/person\/a5060ad1e9ea3df545188fc93ce43d2f","name":"Redacao VerdadeOn","image":{"@type":"ImageObject","inLanguage":"pt-BR","@id":"https:\/\/verdadeon.com.br\/portal\/#\/schema\/person\/image\/","url":"https:\/\/secure.gravatar.com\/avatar\/459a9613caaaf07f582c3d0841eea68bdd66f533e465e6ba8b9cb45619572cf4?s=96&d=mm&r=g","contentUrl":"https:\/\/secure.gravatar.com\/avatar\/459a9613caaaf07f582c3d0841eea68bdd66f533e465e6ba8b9cb45619572cf4?s=96&d=mm&r=g","caption":"Redacao VerdadeOn"},"url":"https:\/\/verdadeon.com.br\/portal\/author\/redacao\/"}]}},"jetpack_publicize_connections":[],"jetpack_featured_media_url":"https:\/\/i0.wp.com\/verdadeon.com.br\/portal\/wp-content\/uploads\/2020\/03\/facebook-vai-colocar-no-topo-da-linha-do-tempo-noticias-sobre-o-novo-coronavirus-scaled.jpg?fit=1000%2C563&ssl=1","jetpack_sharing_enabled":true,"_links":{"self":[{"href":"https:\/\/verdadeon.com.br\/portal\/wp-json\/wp\/v2\/posts\/5295","targetHints":{"allow":["GET"]}}],"collection":[{"href":"https:\/\/verdadeon.com.br\/portal\/wp-json\/wp\/v2\/posts"}],"about":[{"href":"https:\/\/verdadeon.com.br\/portal\/wp-json\/wp\/v2\/types\/post"}],"author":[{"embeddable":true,"href":"https:\/\/verdadeon.com.br\/portal\/wp-json\/wp\/v2\/users\/10"}],"replies":[{"embeddable":true,"href":"https:\/\/verdadeon.com.br\/portal\/wp-json\/wp\/v2\/comments?post=5295"}],"version-history":[{"count":0,"href":"https:\/\/verdadeon.com.br\/portal\/wp-json\/wp\/v2\/posts\/5295\/revisions"}],"wp:featuredmedia":[{"embeddable":true,"href":"https:\/\/verdadeon.com.br\/portal\/wp-json\/wp\/v2\/media\/5298"}],"wp:attachment":[{"href":"https:\/\/verdadeon.com.br\/portal\/wp-json\/wp\/v2\/media?parent=5295"}],"wp:term":[{"taxonomy":"category","embeddable":true,"href":"https:\/\/verdadeon.com.br\/portal\/wp-json\/wp\/v2\/categories?post=5295"},{"taxonomy":"post_tag","embeddable":true,"href":"https:\/\/verdadeon.com.br\/portal\/wp-json\/wp\/v2\/tags?post=5295"}],"curies":[{"name":"wp","href":"https:\/\/api.w.org\/{rel}","templated":true}]}}