{"id":52909,"date":"2025-01-08T17:51:36","date_gmt":"2025-01-08T20:51:36","guid":{"rendered":"https:\/\/verdadeon.com.br\/portal\/?p=52909"},"modified":"2025-01-08T17:51:36","modified_gmt":"2025-01-08T20:51:36","slug":"apos-luta-do-sindifranca-beneficio-tributario-do-icms-para-o-setor-calcadista-e-renovado","status":"publish","type":"post","link":"https:\/\/verdadeon.com.br\/portal\/2025\/01\/08\/apos-luta-do-sindifranca-beneficio-tributario-do-icms-para-o-setor-calcadista-e-renovado\/","title":{"rendered":"Ap\u00f3s luta do SindiFranca, benef\u00edcio tribut\u00e1rio do ICMS para o setor cal\u00e7adista \u00e9 renovado"},"content":{"rendered":"<h2>Uma vit\u00f3ria da lideran\u00e7a do SindiFranca para a Ind\u00fastria de cal\u00e7ados do Munic\u00edpio e regi\u00e3o<\/h2>\n<p>Em uma conquista significativa para o setor cal\u00e7adista de Franca e regi\u00e3o, foi renovado o beneficio tribut\u00e1rio que mant\u00e9m o ICMS em 3,5%, evitando a eleva\u00e7\u00e3o dr\u00e1stica para 18%. Essa renova\u00e7\u00e3o foi fruto de um intenso trabalho de articula\u00e7\u00e3o liderado pelo Sindicato da Ind\u00fastria de Cal\u00e7ados de Franca (Sindifranca), que se mobilizou para garantir a continuidade de um incentivo essencial para a sobreviv\u00eancia do<br \/>\nsetor.<\/p>\n<p>O Sindifranca desempenhou um papel crucial nesse processo, mobilizando empres\u00e1rios, representantes do setor e lideran\u00e7as politicas em um esfor\u00e7o conjunto para sensibilizar o governo estadual sobre a import\u00e2ncia de manter a al\u00edquota reduzida. O presidente do Sindifranca, Jos\u00e9 Carlos Brigag\u00e3o, destacou o empenho da entidade: &#8220;Foi um trabalho exaustivo de negocia\u00e7\u00e3o e apresenta\u00e7\u00e3o de dados que comprovaram o impacto que a eleva\u00e7\u00e3o da al\u00edquota teria n\u00e3o apenas para o setor cal\u00e7adista, mas para a economia regional como um todo&#8221;.<\/p>\n<p><strong>Impactos da N\u00e3o Renova\u00e7\u00e3o<\/strong><br \/>\nA possibilidade de o ICMS retornar a 18% era uma preocupa\u00e7\u00e3o iminente para os fabricantes de cal\u00e7ados. Essa mudan\u00e7a tornaria invi\u00e1vel a manuten\u00e7\u00e3o de muitas empresas, especialmente as pequenas e m\u00e9dias, que representam uma parcela significativa da gera\u00e7\u00e3o de empregos no setor. O aumento na carga tribut\u00e1ria teria como consequ\u00eancia imediata a eleva\u00e7\u00e3o dos custos de produ\u00e7\u00e3o, perda de competitividade e poss\u00edveis encerramentos de atividades, impactando milhares de trabalhadores e suas fam\u00edlias.<\/p>\n<p><strong>Lideran\u00e7a e Mobiliza\u00e7\u00e3o<\/strong><br \/>\nAo longo dos \u00faltimos meses, o Sindifranca intensificou suas a\u00e7\u00f5es, promovendo reuni\u00f5es com representantes do governo estadual, articulando parcerias com outras entidades do setor e organizando eventos para ampliar a conscientiza\u00e7\u00e3o sobre a relev\u00e2ncia do incentivo fiscal. O apoio pol\u00edtico foi outro elemento fundamental, ressaltando o apoio da Deputada Graciela durante todo o processo.<br \/>\nA unidade do setor foi um diferencial. Empres\u00e1rios, trabalhadores e entidades caminharam lado a lado para apresentar ao governo o peso do setor cal\u00e7adista na economia de Franca e do estado de S\u00e3o Paulo, reafirmando a necessidade de condi\u00e7\u00f5es tribut\u00e1rias que permitam sua continuidade e crescimento.<\/p>\n<p><strong>O Futuro do Setor<\/strong><br \/>\nCom a renova\u00e7\u00e3o do beneficio tribut\u00e1rio, o setor cal\u00e7adista de Franca ganha f\u00f4lego para continuar investindo em inova\u00e7\u00e3o, gera\u00e7\u00e3o de empregos e expans\u00e3o no mercado nacional e internacional. A manuten\u00e7\u00e3o da al\u00edquota reduzida de ICMS representa n\u00e3o apenas uma vit\u00f3ria do Sindifranca, mas de todos os envolvidos na luta por um ambiente de neg\u00f3cios mais justo e competitivo.<br \/>\n&#8220;Essa conquista \u00e9 uma prova de que a uni\u00e3o e o di\u00e1logo s\u00e3o ferramentas poderosas para superar desafios. Seguiremos vigilantes e comprometidos com a defesa dos interesses do setor cal\u00e7adista&#8221;, concluiu a presidente do Sindifranca. Conclus\u00e3o<br \/>\nNa \u00faltima sexta-feira, 3 de janeiro de 2025, o Vice-Governador, exercendo interinamente o cargo de Governador do Estado de S\u00e3o Paulo, assinou o Decreto no 69.292, renovando os benef\u00edcios fiscais ao setor cal\u00e7adista paulista at\u00e9 31 de dezembro de 2026, com efeitos retroativos a 1o de janeiro de 2025.<\/p>\n","protected":false},"excerpt":{"rendered":"<p>Uma vit\u00f3ria da lideran\u00e7a do SindiFranca para a Ind\u00fastria de cal\u00e7ados do Munic\u00edpio e regi\u00e3o Em uma conquista significativa para o setor cal\u00e7adista de Franca e<span class=\"excerpt-hellip\"> [\u2026]<\/span><\/p>\n","protected":false},"author":10,"featured_media":25376,"comment_status":"open","ping_status":"open","sticky":false,"template":"","format":"standard","meta":{"_jetpack_memberships_contains_paid_content":false,"footnotes":"","jetpack_publicize_message":"","jetpack_publicize_feature_enabled":true,"jetpack_social_post_already_shared":true,"jetpack_social_options":{"image_generator_settings":{"template":"highway","default_image_id":0,"enabled":false},"version":2}},"categories":[28,81],"tags":[],"class_list":["post-52909","post","type-post","status-publish","format-standard","has-post-thumbnail","hentry","category-cotidiano","category-manchete"],"yoast_head":"<!-- This site is optimized with the Yoast SEO plugin v25.6 - https:\/\/yoast.com\/wordpress\/plugins\/seo\/ -->\n<title>Ap\u00f3s luta do SindiFranca, benef\u00edcio tribut\u00e1rio do ICMS para o setor cal\u00e7adista \u00e9 renovado - VerdadeOn<\/title>\n<meta name=\"robots\" content=\"index, follow, max-snippet:-1, max-image-preview:large, max-video-preview:-1\" \/>\n<link rel=\"canonical\" href=\"https:\/\/verdadeon.com.br\/portal\/2025\/01\/08\/apos-luta-do-sindifranca-beneficio-tributario-do-icms-para-o-setor-calcadista-e-renovado\/\" \/>\n<meta property=\"og:locale\" content=\"pt_BR\" \/>\n<meta property=\"og:type\" content=\"article\" \/>\n<meta property=\"og:title\" content=\"Ap\u00f3s luta do SindiFranca, benef\u00edcio tribut\u00e1rio do ICMS para o setor cal\u00e7adista \u00e9 renovado - VerdadeOn\" \/>\n<meta property=\"og:description\" content=\"Uma vit\u00f3ria da lideran\u00e7a do SindiFranca para a Ind\u00fastria de cal\u00e7ados do Munic\u00edpio e regi\u00e3o Em uma conquista significativa para o setor cal\u00e7adista de Franca e [\u2026]\" \/>\n<meta property=\"og:url\" content=\"https:\/\/verdadeon.com.br\/portal\/2025\/01\/08\/apos-luta-do-sindifranca-beneficio-tributario-do-icms-para-o-setor-calcadista-e-renovado\/\" \/>\n<meta property=\"og:site_name\" content=\"VerdadeOn\" \/>\n<meta property=\"article:published_time\" content=\"2025-01-08T20:51:36+00:00\" \/>\n<meta property=\"og:image\" content=\"https:\/\/verdadeon.com.br\/portal\/wp-content\/uploads\/2022\/05\/WhatsApp-Image-2022-05-27-at-14.44.36.jpeg\" \/>\n\t<meta property=\"og:image:width\" content=\"1280\" \/>\n\t<meta property=\"og:image:height\" content=\"996\" \/>\n\t<meta property=\"og:image:type\" content=\"image\/jpeg\" \/>\n<meta name=\"author\" content=\"Redacao VerdadeOn\" \/>\n<meta name=\"twitter:card\" content=\"summary_large_image\" \/>\n<meta name=\"twitter:label1\" content=\"Escrito por\" \/>\n\t<meta name=\"twitter:data1\" content=\"Redacao VerdadeOn\" \/>\n\t<meta name=\"twitter:label2\" content=\"Est. tempo de leitura\" \/>\n\t<meta name=\"twitter:data2\" content=\"3 minutos\" \/>\n<script type=\"application\/ld+json\" class=\"yoast-schema-graph\">{\"@context\":\"https:\/\/schema.org\",\"@graph\":[{\"@type\":\"WebPage\",\"@id\":\"https:\/\/verdadeon.com.br\/portal\/2025\/01\/08\/apos-luta-do-sindifranca-beneficio-tributario-do-icms-para-o-setor-calcadista-e-renovado\/\",\"url\":\"https:\/\/verdadeon.com.br\/portal\/2025\/01\/08\/apos-luta-do-sindifranca-beneficio-tributario-do-icms-para-o-setor-calcadista-e-renovado\/\",\"name\":\"Ap\u00f3s luta do SindiFranca, benef\u00edcio tribut\u00e1rio do ICMS para o setor cal\u00e7adista \u00e9 renovado - VerdadeOn\",\"isPartOf\":{\"@id\":\"https:\/\/verdadeon.com.br\/portal\/#website\"},\"primaryImageOfPage\":{\"@id\":\"https:\/\/verdadeon.com.br\/portal\/2025\/01\/08\/apos-luta-do-sindifranca-beneficio-tributario-do-icms-para-o-setor-calcadista-e-renovado\/#primaryimage\"},\"image\":{\"@id\":\"https:\/\/verdadeon.com.br\/portal\/2025\/01\/08\/apos-luta-do-sindifranca-beneficio-tributario-do-icms-para-o-setor-calcadista-e-renovado\/#primaryimage\"},\"thumbnailUrl\":\"https:\/\/i0.wp.com\/verdadeon.com.br\/portal\/wp-content\/uploads\/2022\/05\/WhatsApp-Image-2022-05-27-at-14.44.36.jpeg?fit=1280%2C996&ssl=1\",\"datePublished\":\"2025-01-08T20:51:36+00:00\",\"author\":{\"@id\":\"https:\/\/verdadeon.com.br\/portal\/#\/schema\/person\/a5060ad1e9ea3df545188fc93ce43d2f\"},\"breadcrumb\":{\"@id\":\"https:\/\/verdadeon.com.br\/portal\/2025\/01\/08\/apos-luta-do-sindifranca-beneficio-tributario-do-icms-para-o-setor-calcadista-e-renovado\/#breadcrumb\"},\"inLanguage\":\"pt-BR\",\"potentialAction\":[{\"@type\":\"ReadAction\",\"target\":[\"https:\/\/verdadeon.com.br\/portal\/2025\/01\/08\/apos-luta-do-sindifranca-beneficio-tributario-do-icms-para-o-setor-calcadista-e-renovado\/\"]}]},{\"@type\":\"ImageObject\",\"inLanguage\":\"pt-BR\",\"@id\":\"https:\/\/verdadeon.com.br\/portal\/2025\/01\/08\/apos-luta-do-sindifranca-beneficio-tributario-do-icms-para-o-setor-calcadista-e-renovado\/#primaryimage\",\"url\":\"https:\/\/i0.wp.com\/verdadeon.com.br\/portal\/wp-content\/uploads\/2022\/05\/WhatsApp-Image-2022-05-27-at-14.44.36.jpeg?fit=1280%2C996&ssl=1\",\"contentUrl\":\"https:\/\/i0.wp.com\/verdadeon.com.br\/portal\/wp-content\/uploads\/2022\/05\/WhatsApp-Image-2022-05-27-at-14.44.36.jpeg?fit=1280%2C996&ssl=1\",\"width\":1280,\"height\":996,\"caption\":\"Jos\u00e9 Carlos Brigag\u00e3o do Couto, presidente do Sindifranca destacou o momento hist\u00f3rico para a ind\u00fastria do cal\u00e7ado em Franca (Sindifranca)\"},{\"@type\":\"BreadcrumbList\",\"@id\":\"https:\/\/verdadeon.com.br\/portal\/2025\/01\/08\/apos-luta-do-sindifranca-beneficio-tributario-do-icms-para-o-setor-calcadista-e-renovado\/#breadcrumb\",\"itemListElement\":[{\"@type\":\"ListItem\",\"position\":1,\"name\":\"In\u00edcio\",\"item\":\"https:\/\/verdadeon.com.br\/portal\/\"},{\"@type\":\"ListItem\",\"position\":2,\"name\":\"Ap\u00f3s luta do SindiFranca, benef\u00edcio tribut\u00e1rio do ICMS para o setor cal\u00e7adista \u00e9 renovado\"}]},{\"@type\":\"WebSite\",\"@id\":\"https:\/\/verdadeon.com.br\/portal\/#website\",\"url\":\"https:\/\/verdadeon.com.br\/portal\/\",\"name\":\"VerdadeOn\",\"description\":\"Not\u00edcias di\u00e1rias sobre Franca, Regi\u00e3o, Esporte, Cultura, Cotidiano, Colunas. Cobertura nos principais eventos da cidade \u00e9 aqui - Verdadeon Franca\",\"potentialAction\":[{\"@type\":\"SearchAction\",\"target\":{\"@type\":\"EntryPoint\",\"urlTemplate\":\"https:\/\/verdadeon.com.br\/portal\/?s={search_term_string}\"},\"query-input\":{\"@type\":\"PropertyValueSpecification\",\"valueRequired\":true,\"valueName\":\"search_term_string\"}}],\"inLanguage\":\"pt-BR\"},{\"@type\":\"Person\",\"@id\":\"https:\/\/verdadeon.com.br\/portal\/#\/schema\/person\/a5060ad1e9ea3df545188fc93ce43d2f\",\"name\":\"Redacao VerdadeOn\",\"image\":{\"@type\":\"ImageObject\",\"inLanguage\":\"pt-BR\",\"@id\":\"https:\/\/verdadeon.com.br\/portal\/#\/schema\/person\/image\/\",\"url\":\"https:\/\/secure.gravatar.com\/avatar\/459a9613caaaf07f582c3d0841eea68bdd66f533e465e6ba8b9cb45619572cf4?s=96&d=mm&r=g\",\"contentUrl\":\"https:\/\/secure.gravatar.com\/avatar\/459a9613caaaf07f582c3d0841eea68bdd66f533e465e6ba8b9cb45619572cf4?s=96&d=mm&r=g\",\"caption\":\"Redacao VerdadeOn\"},\"url\":\"https:\/\/verdadeon.com.br\/portal\/author\/redacao\/\"}]}<\/script>\n<!-- \/ Yoast SEO plugin. -->","yoast_head_json":{"title":"Ap\u00f3s luta do SindiFranca, benef\u00edcio tribut\u00e1rio do ICMS para o setor cal\u00e7adista \u00e9 renovado - VerdadeOn","robots":{"index":"index","follow":"follow","max-snippet":"max-snippet:-1","max-image-preview":"max-image-preview:large","max-video-preview":"max-video-preview:-1"},"canonical":"https:\/\/verdadeon.com.br\/portal\/2025\/01\/08\/apos-luta-do-sindifranca-beneficio-tributario-do-icms-para-o-setor-calcadista-e-renovado\/","og_locale":"pt_BR","og_type":"article","og_title":"Ap\u00f3s luta do SindiFranca, benef\u00edcio tribut\u00e1rio do ICMS para o setor cal\u00e7adista \u00e9 renovado - VerdadeOn","og_description":"Uma vit\u00f3ria da lideran\u00e7a do SindiFranca para a Ind\u00fastria de cal\u00e7ados do Munic\u00edpio e regi\u00e3o Em uma conquista significativa para o setor cal\u00e7adista de Franca e [\u2026]","og_url":"https:\/\/verdadeon.com.br\/portal\/2025\/01\/08\/apos-luta-do-sindifranca-beneficio-tributario-do-icms-para-o-setor-calcadista-e-renovado\/","og_site_name":"VerdadeOn","article_published_time":"2025-01-08T20:51:36+00:00","og_image":[{"width":1280,"height":996,"url":"https:\/\/verdadeon.com.br\/portal\/wp-content\/uploads\/2022\/05\/WhatsApp-Image-2022-05-27-at-14.44.36.jpeg","type":"image\/jpeg"}],"author":"Redacao VerdadeOn","twitter_card":"summary_large_image","twitter_misc":{"Escrito por":"Redacao VerdadeOn","Est. tempo de leitura":"3 minutos"},"schema":{"@context":"https:\/\/schema.org","@graph":[{"@type":"WebPage","@id":"https:\/\/verdadeon.com.br\/portal\/2025\/01\/08\/apos-luta-do-sindifranca-beneficio-tributario-do-icms-para-o-setor-calcadista-e-renovado\/","url":"https:\/\/verdadeon.com.br\/portal\/2025\/01\/08\/apos-luta-do-sindifranca-beneficio-tributario-do-icms-para-o-setor-calcadista-e-renovado\/","name":"Ap\u00f3s luta do SindiFranca, benef\u00edcio tribut\u00e1rio do ICMS para o setor cal\u00e7adista \u00e9 renovado - VerdadeOn","isPartOf":{"@id":"https:\/\/verdadeon.com.br\/portal\/#website"},"primaryImageOfPage":{"@id":"https:\/\/verdadeon.com.br\/portal\/2025\/01\/08\/apos-luta-do-sindifranca-beneficio-tributario-do-icms-para-o-setor-calcadista-e-renovado\/#primaryimage"},"image":{"@id":"https:\/\/verdadeon.com.br\/portal\/2025\/01\/08\/apos-luta-do-sindifranca-beneficio-tributario-do-icms-para-o-setor-calcadista-e-renovado\/#primaryimage"},"thumbnailUrl":"https:\/\/i0.wp.com\/verdadeon.com.br\/portal\/wp-content\/uploads\/2022\/05\/WhatsApp-Image-2022-05-27-at-14.44.36.jpeg?fit=1280%2C996&ssl=1","datePublished":"2025-01-08T20:51:36+00:00","author":{"@id":"https:\/\/verdadeon.com.br\/portal\/#\/schema\/person\/a5060ad1e9ea3df545188fc93ce43d2f"},"breadcrumb":{"@id":"https:\/\/verdadeon.com.br\/portal\/2025\/01\/08\/apos-luta-do-sindifranca-beneficio-tributario-do-icms-para-o-setor-calcadista-e-renovado\/#breadcrumb"},"inLanguage":"pt-BR","potentialAction":[{"@type":"ReadAction","target":["https:\/\/verdadeon.com.br\/portal\/2025\/01\/08\/apos-luta-do-sindifranca-beneficio-tributario-do-icms-para-o-setor-calcadista-e-renovado\/"]}]},{"@type":"ImageObject","inLanguage":"pt-BR","@id":"https:\/\/verdadeon.com.br\/portal\/2025\/01\/08\/apos-luta-do-sindifranca-beneficio-tributario-do-icms-para-o-setor-calcadista-e-renovado\/#primaryimage","url":"https:\/\/i0.wp.com\/verdadeon.com.br\/portal\/wp-content\/uploads\/2022\/05\/WhatsApp-Image-2022-05-27-at-14.44.36.jpeg?fit=1280%2C996&ssl=1","contentUrl":"https:\/\/i0.wp.com\/verdadeon.com.br\/portal\/wp-content\/uploads\/2022\/05\/WhatsApp-Image-2022-05-27-at-14.44.36.jpeg?fit=1280%2C996&ssl=1","width":1280,"height":996,"caption":"Jos\u00e9 Carlos Brigag\u00e3o do Couto, presidente do Sindifranca destacou o momento hist\u00f3rico para a ind\u00fastria do cal\u00e7ado em Franca (Sindifranca)"},{"@type":"BreadcrumbList","@id":"https:\/\/verdadeon.com.br\/portal\/2025\/01\/08\/apos-luta-do-sindifranca-beneficio-tributario-do-icms-para-o-setor-calcadista-e-renovado\/#breadcrumb","itemListElement":[{"@type":"ListItem","position":1,"name":"In\u00edcio","item":"https:\/\/verdadeon.com.br\/portal\/"},{"@type":"ListItem","position":2,"name":"Ap\u00f3s luta do SindiFranca, benef\u00edcio tribut\u00e1rio do ICMS para o setor cal\u00e7adista \u00e9 renovado"}]},{"@type":"WebSite","@id":"https:\/\/verdadeon.com.br\/portal\/#website","url":"https:\/\/verdadeon.com.br\/portal\/","name":"VerdadeOn","description":"Not\u00edcias di\u00e1rias sobre Franca, Regi\u00e3o, Esporte, Cultura, Cotidiano, Colunas. Cobertura nos principais eventos da cidade \u00e9 aqui - Verdadeon Franca","potentialAction":[{"@type":"SearchAction","target":{"@type":"EntryPoint","urlTemplate":"https:\/\/verdadeon.com.br\/portal\/?s={search_term_string}"},"query-input":{"@type":"PropertyValueSpecification","valueRequired":true,"valueName":"search_term_string"}}],"inLanguage":"pt-BR"},{"@type":"Person","@id":"https:\/\/verdadeon.com.br\/portal\/#\/schema\/person\/a5060ad1e9ea3df545188fc93ce43d2f","name":"Redacao VerdadeOn","image":{"@type":"ImageObject","inLanguage":"pt-BR","@id":"https:\/\/verdadeon.com.br\/portal\/#\/schema\/person\/image\/","url":"https:\/\/secure.gravatar.com\/avatar\/459a9613caaaf07f582c3d0841eea68bdd66f533e465e6ba8b9cb45619572cf4?s=96&d=mm&r=g","contentUrl":"https:\/\/secure.gravatar.com\/avatar\/459a9613caaaf07f582c3d0841eea68bdd66f533e465e6ba8b9cb45619572cf4?s=96&d=mm&r=g","caption":"Redacao VerdadeOn"},"url":"https:\/\/verdadeon.com.br\/portal\/author\/redacao\/"}]}},"jetpack_publicize_connections":[],"jetpack_featured_media_url":"https:\/\/i0.wp.com\/verdadeon.com.br\/portal\/wp-content\/uploads\/2022\/05\/WhatsApp-Image-2022-05-27-at-14.44.36.jpeg?fit=1280%2C996&ssl=1","jetpack_sharing_enabled":true,"_links":{"self":[{"href":"https:\/\/verdadeon.com.br\/portal\/wp-json\/wp\/v2\/posts\/52909","targetHints":{"allow":["GET"]}}],"collection":[{"href":"https:\/\/verdadeon.com.br\/portal\/wp-json\/wp\/v2\/posts"}],"about":[{"href":"https:\/\/verdadeon.com.br\/portal\/wp-json\/wp\/v2\/types\/post"}],"author":[{"embeddable":true,"href":"https:\/\/verdadeon.com.br\/portal\/wp-json\/wp\/v2\/users\/10"}],"replies":[{"embeddable":true,"href":"https:\/\/verdadeon.com.br\/portal\/wp-json\/wp\/v2\/comments?post=52909"}],"version-history":[{"count":1,"href":"https:\/\/verdadeon.com.br\/portal\/wp-json\/wp\/v2\/posts\/52909\/revisions"}],"predecessor-version":[{"id":52910,"href":"https:\/\/verdadeon.com.br\/portal\/wp-json\/wp\/v2\/posts\/52909\/revisions\/52910"}],"wp:featuredmedia":[{"embeddable":true,"href":"https:\/\/verdadeon.com.br\/portal\/wp-json\/wp\/v2\/media\/25376"}],"wp:attachment":[{"href":"https:\/\/verdadeon.com.br\/portal\/wp-json\/wp\/v2\/media?parent=52909"}],"wp:term":[{"taxonomy":"category","embeddable":true,"href":"https:\/\/verdadeon.com.br\/portal\/wp-json\/wp\/v2\/categories?post=52909"},{"taxonomy":"post_tag","embeddable":true,"href":"https:\/\/verdadeon.com.br\/portal\/wp-json\/wp\/v2\/tags?post=52909"}],"curies":[{"name":"wp","href":"https:\/\/api.w.org\/{rel}","templated":true}]}}