{"id":52872,"date":"2025-01-07T14:28:44","date_gmt":"2025-01-07T17:28:44","guid":{"rendered":"https:\/\/verdadeon.com.br\/portal\/?p=52872"},"modified":"2025-01-07T14:28:44","modified_gmt":"2025-01-07T17:28:44","slug":"ela-quer-fazer-politica-rebate-ex-prefeito-de-jeriquara-sobre-denuncias-de-sucateamento-na-frota","status":"publish","type":"post","link":"https:\/\/verdadeon.com.br\/portal\/2025\/01\/07\/ela-quer-fazer-politica-rebate-ex-prefeito-de-jeriquara-sobre-denuncias-de-sucateamento-na-frota\/","title":{"rendered":"&#8220;Ela quer fazer pol\u00edtica&#8221;, rebate ex-prefeito de Jeriquara sobre den\u00fancias de sucateamento na frota"},"content":{"rendered":"<h2>\u00c9der Luiz Carvalho Gon\u00e7alves (PSD) falou ao Jornal Verdade ap\u00f3s acusa\u00e7\u00f5es da nova gest\u00e3o sobre ve\u00edculos abandonados<\/h2>\n<p style=\"text-align: right;\"><strong><em>Por Pedro Maia,<\/em><\/strong><br \/>\n<strong><em>Editor-chefe<\/em><\/strong><\/p>\n<p>Conforme trazido pelo Jornal Verdade, a nova prefeita de Jeriquara, Elaine Pinheiros (MDB), e sua vice, Franciele Marquesini (PDT), denunciaram o sucateamento de ve\u00edculos da frota municipal no p\u00e1tio da Prefeitura, bem como de m\u00e1quinas, m\u00f3veis e aparelhos que teriam sido abandonados pela antiga gest\u00e3o, quando \u00c9der Luiz Carvalho Gon\u00e7alves (PSD) era o representante do Poder Executivo. Ap\u00f3s reportagem do Jornal Verdade, procuramos o ex-prefeito para saber seu posicionamento sobre as acusa\u00e7\u00f5es:<\/p>\n<p>&#8220;Isso a\u00ed [essas acusa\u00e7\u00f5es] de que eu deixei sucateado, n\u00e3o tem nada disso! Existem sucatas, n\u00e9? Agora que eu deixei sucateado, \u00e9 outra hist\u00f3ria! Existem ambul\u00e2ncias que j\u00e1 rodaram muito e n\u00e3o compensa arrumar; carros que j\u00e1 rodaram muito e que n\u00e3o compensa rodar. Tanto \u00e9 que eu fiz um patrim\u00f4nio agora com seis livros de n\u00e3o sei quantas folhas&#8230; acho que mais de mil p\u00e1ginas&#8230; dizendo o que era sucata, o que estava estragado que poderia arrumar, que compensava&#8230; Agora ela t\u00e1 fazendo <span class=\"CLjk6b MEvasb\" data-type=\"Mark\" data-mark-id=\"goog_200776919\" data-mark-type=\"FindResult\" data-rt-kind=\"2\" data-rt-type=\"FindResultMark\">pol\u00edtica:<\/span> entrou dentro de um \u00f4nibus l\u00e1 que tem 40 anos, tirou foto de um banco rasgado e falando que t\u00e1 sucateado. Agora, as m\u00e1quinas, est\u00e3o todas l\u00e1&#8221;, declara \u00c9der Luiz.<\/p>\n<p>O ex-prefeito afirmou que o &#8216;Escola da Moda&#8217; era realizado, mas que em dado momento a popula\u00e7\u00e3o come\u00e7ou a n\u00e3o participar e a Prefeitura, por sua vez, guardou as m\u00e1quinas. &#8220;Colocamos uma capinha em cima das m\u00e1quinas e elas est\u00e3o l\u00e1. \u00c9 s\u00f3 ela querer&#8230; se ela achar quem queira fazer, \u00e9 s\u00f3 pegar as m\u00e1quinas e por pra funcionar. N\u00e3o tem nada de mais, n\u00e3o foram roubadas, as m\u00e1quinas est\u00e3o l\u00e1, isso \u00e9 respeito&#8221;, comentou.<\/p>\n<p>Tendo comentado os feitos de sua gest\u00e3o e o que ficou para ser inaugurado, \u00c9der enfatizou: &#8220;A Prefeitura n\u00e3o tem um real de d\u00edvida! Nunca paguei atrasado um fornecedor, um funcion\u00e1rio. Ir l\u00e1 e tirar foto de um monte de ferro velho faz parte, ela [Elaine] quer fazer pol\u00edtica em cima disso&#8221;.<\/p>\n<p><em><strong>&#8220;Se \u00e9 velho, n\u00e3o posso por na rua&#8230;&#8221;<\/strong><\/em><\/p>\n<p>Ainda em resposta, \u00c9der Luiz falou que o \u00f4nibus mostrado por Elaine Pinheiros \u00e9 velho, n\u00e3o podendo ser colocado na rua, mas sim, no p\u00e1tio da Prefeitura. &#8220;Fiz um leil\u00e3o e muitas coisas n\u00e3o foram vendidas, de t\u00e3o ruins que est\u00e3o. N\u00e3o tem nada parado no munic\u00edpio: essas sucatas s\u00e3o realmente sucatas, que tem que ficar no p\u00e1tio da Prefeitura&#8221;.<\/p>\n<p>O ex-mandat\u00e1rio disse ainda que far\u00e1 um v\u00eddeo falando \u00e0 popula\u00e7\u00e3o de Jeriquara sobre as obras deixadas.<\/p>\n","protected":false},"excerpt":{"rendered":"<p>\u00c9der Luiz Carvalho Gon\u00e7alves (PSD) falou ao Jornal Verdade ap\u00f3s acusa\u00e7\u00f5es da nova gest\u00e3o sobre ve\u00edculos abandonados Por Pedro Maia, Editor-chefe Conforme trazido pelo Jornal Verdade,<span class=\"excerpt-hellip\"> [\u2026]<\/span><\/p>\n","protected":false},"author":10,"featured_media":52873,"comment_status":"open","ping_status":"open","sticky":false,"template":"","format":"standard","meta":{"_jetpack_memberships_contains_paid_content":false,"footnotes":"","jetpack_publicize_message":"","jetpack_publicize_feature_enabled":true,"jetpack_social_post_already_shared":true,"jetpack_social_options":{"image_generator_settings":{"template":"highway","default_image_id":0,"enabled":false},"version":2}},"categories":[28,81],"tags":[],"class_list":["post-52872","post","type-post","status-publish","format-standard","has-post-thumbnail","hentry","category-cotidiano","category-manchete"],"yoast_head":"<!-- This site is optimized with the Yoast SEO plugin v25.6 - https:\/\/yoast.com\/wordpress\/plugins\/seo\/ -->\n<title>&quot;Ela quer fazer pol\u00edtica&quot;, rebate ex-prefeito de Jeriquara sobre den\u00fancias de sucateamento na frota - VerdadeOn<\/title>\n<meta name=\"robots\" content=\"index, follow, max-snippet:-1, max-image-preview:large, max-video-preview:-1\" \/>\n<link rel=\"canonical\" href=\"https:\/\/verdadeon.com.br\/portal\/2025\/01\/07\/ela-quer-fazer-politica-rebate-ex-prefeito-de-jeriquara-sobre-denuncias-de-sucateamento-na-frota\/\" \/>\n<meta property=\"og:locale\" content=\"pt_BR\" \/>\n<meta property=\"og:type\" content=\"article\" \/>\n<meta property=\"og:title\" content=\"&quot;Ela quer fazer pol\u00edtica&quot;, rebate ex-prefeito de Jeriquara sobre den\u00fancias de sucateamento na frota - VerdadeOn\" \/>\n<meta property=\"og:description\" content=\"\u00c9der Luiz Carvalho Gon\u00e7alves (PSD) falou ao Jornal Verdade ap\u00f3s acusa\u00e7\u00f5es da nova gest\u00e3o sobre ve\u00edculos abandonados Por Pedro Maia, Editor-chefe Conforme trazido pelo Jornal Verdade, [\u2026]\" \/>\n<meta property=\"og:url\" content=\"https:\/\/verdadeon.com.br\/portal\/2025\/01\/07\/ela-quer-fazer-politica-rebate-ex-prefeito-de-jeriquara-sobre-denuncias-de-sucateamento-na-frota\/\" \/>\n<meta property=\"og:site_name\" content=\"VerdadeOn\" \/>\n<meta property=\"article:published_time\" content=\"2025-01-07T17:28:44+00:00\" \/>\n<meta property=\"og:image\" content=\"https:\/\/verdadeon.com.br\/portal\/wp-content\/uploads\/2025\/01\/WhatsApp-Image-2020-02-19-at-10.32.32-e1616769125459-688x405-1.jpeg\" \/>\n\t<meta property=\"og:image:width\" content=\"604\" \/>\n\t<meta property=\"og:image:height\" content=\"405\" \/>\n\t<meta property=\"og:image:type\" content=\"image\/jpeg\" \/>\n<meta name=\"author\" content=\"Redacao VerdadeOn\" \/>\n<meta name=\"twitter:card\" content=\"summary_large_image\" \/>\n<meta name=\"twitter:label1\" content=\"Escrito por\" \/>\n\t<meta name=\"twitter:data1\" content=\"Redacao VerdadeOn\" \/>\n\t<meta name=\"twitter:label2\" content=\"Est. tempo de leitura\" \/>\n\t<meta name=\"twitter:data2\" content=\"2 minutos\" \/>\n<script type=\"application\/ld+json\" class=\"yoast-schema-graph\">{\"@context\":\"https:\/\/schema.org\",\"@graph\":[{\"@type\":\"WebPage\",\"@id\":\"https:\/\/verdadeon.com.br\/portal\/2025\/01\/07\/ela-quer-fazer-politica-rebate-ex-prefeito-de-jeriquara-sobre-denuncias-de-sucateamento-na-frota\/\",\"url\":\"https:\/\/verdadeon.com.br\/portal\/2025\/01\/07\/ela-quer-fazer-politica-rebate-ex-prefeito-de-jeriquara-sobre-denuncias-de-sucateamento-na-frota\/\",\"name\":\"\\\"Ela quer fazer pol\u00edtica\\\", rebate ex-prefeito de Jeriquara sobre den\u00fancias de sucateamento na frota - VerdadeOn\",\"isPartOf\":{\"@id\":\"https:\/\/verdadeon.com.br\/portal\/#website\"},\"primaryImageOfPage\":{\"@id\":\"https:\/\/verdadeon.com.br\/portal\/2025\/01\/07\/ela-quer-fazer-politica-rebate-ex-prefeito-de-jeriquara-sobre-denuncias-de-sucateamento-na-frota\/#primaryimage\"},\"image\":{\"@id\":\"https:\/\/verdadeon.com.br\/portal\/2025\/01\/07\/ela-quer-fazer-politica-rebate-ex-prefeito-de-jeriquara-sobre-denuncias-de-sucateamento-na-frota\/#primaryimage\"},\"thumbnailUrl\":\"https:\/\/i0.wp.com\/verdadeon.com.br\/portal\/wp-content\/uploads\/2025\/01\/WhatsApp-Image-2020-02-19-at-10.32.32-e1616769125459-688x405-1.jpeg?fit=604%2C405&ssl=1\",\"datePublished\":\"2025-01-07T17:28:44+00:00\",\"author\":{\"@id\":\"https:\/\/verdadeon.com.br\/portal\/#\/schema\/person\/a5060ad1e9ea3df545188fc93ce43d2f\"},\"breadcrumb\":{\"@id\":\"https:\/\/verdadeon.com.br\/portal\/2025\/01\/07\/ela-quer-fazer-politica-rebate-ex-prefeito-de-jeriquara-sobre-denuncias-de-sucateamento-na-frota\/#breadcrumb\"},\"inLanguage\":\"pt-BR\",\"potentialAction\":[{\"@type\":\"ReadAction\",\"target\":[\"https:\/\/verdadeon.com.br\/portal\/2025\/01\/07\/ela-quer-fazer-politica-rebate-ex-prefeito-de-jeriquara-sobre-denuncias-de-sucateamento-na-frota\/\"]}]},{\"@type\":\"ImageObject\",\"inLanguage\":\"pt-BR\",\"@id\":\"https:\/\/verdadeon.com.br\/portal\/2025\/01\/07\/ela-quer-fazer-politica-rebate-ex-prefeito-de-jeriquara-sobre-denuncias-de-sucateamento-na-frota\/#primaryimage\",\"url\":\"https:\/\/i0.wp.com\/verdadeon.com.br\/portal\/wp-content\/uploads\/2025\/01\/WhatsApp-Image-2020-02-19-at-10.32.32-e1616769125459-688x405-1.jpeg?fit=604%2C405&ssl=1\",\"contentUrl\":\"https:\/\/i0.wp.com\/verdadeon.com.br\/portal\/wp-content\/uploads\/2025\/01\/WhatsApp-Image-2020-02-19-at-10.32.32-e1616769125459-688x405-1.jpeg?fit=604%2C405&ssl=1\",\"width\":604,\"height\":405,\"caption\":\"O ex-prefeito de Jeriquara, \u00c9der Luiz Carvalho Gon\u00e7alves (\u00a9Reprodu\u00e7\u00e3o\/Prefeitura de Jeriquara)\"},{\"@type\":\"BreadcrumbList\",\"@id\":\"https:\/\/verdadeon.com.br\/portal\/2025\/01\/07\/ela-quer-fazer-politica-rebate-ex-prefeito-de-jeriquara-sobre-denuncias-de-sucateamento-na-frota\/#breadcrumb\",\"itemListElement\":[{\"@type\":\"ListItem\",\"position\":1,\"name\":\"In\u00edcio\",\"item\":\"https:\/\/verdadeon.com.br\/portal\/\"},{\"@type\":\"ListItem\",\"position\":2,\"name\":\"&#8220;Ela quer fazer pol\u00edtica&#8221;, rebate ex-prefeito de Jeriquara sobre den\u00fancias de sucateamento na frota\"}]},{\"@type\":\"WebSite\",\"@id\":\"https:\/\/verdadeon.com.br\/portal\/#website\",\"url\":\"https:\/\/verdadeon.com.br\/portal\/\",\"name\":\"VerdadeOn\",\"description\":\"Not\u00edcias di\u00e1rias sobre Franca, Regi\u00e3o, Esporte, Cultura, Cotidiano, Colunas. Cobertura nos principais eventos da cidade \u00e9 aqui - Verdadeon Franca\",\"potentialAction\":[{\"@type\":\"SearchAction\",\"target\":{\"@type\":\"EntryPoint\",\"urlTemplate\":\"https:\/\/verdadeon.com.br\/portal\/?s={search_term_string}\"},\"query-input\":{\"@type\":\"PropertyValueSpecification\",\"valueRequired\":true,\"valueName\":\"search_term_string\"}}],\"inLanguage\":\"pt-BR\"},{\"@type\":\"Person\",\"@id\":\"https:\/\/verdadeon.com.br\/portal\/#\/schema\/person\/a5060ad1e9ea3df545188fc93ce43d2f\",\"name\":\"Redacao VerdadeOn\",\"image\":{\"@type\":\"ImageObject\",\"inLanguage\":\"pt-BR\",\"@id\":\"https:\/\/verdadeon.com.br\/portal\/#\/schema\/person\/image\/\",\"url\":\"https:\/\/secure.gravatar.com\/avatar\/459a9613caaaf07f582c3d0841eea68bdd66f533e465e6ba8b9cb45619572cf4?s=96&d=mm&r=g\",\"contentUrl\":\"https:\/\/secure.gravatar.com\/avatar\/459a9613caaaf07f582c3d0841eea68bdd66f533e465e6ba8b9cb45619572cf4?s=96&d=mm&r=g\",\"caption\":\"Redacao VerdadeOn\"},\"url\":\"https:\/\/verdadeon.com.br\/portal\/author\/redacao\/\"}]}<\/script>\n<!-- \/ Yoast SEO plugin. -->","yoast_head_json":{"title":"\"Ela quer fazer pol\u00edtica\", rebate ex-prefeito de Jeriquara sobre den\u00fancias de sucateamento na frota - VerdadeOn","robots":{"index":"index","follow":"follow","max-snippet":"max-snippet:-1","max-image-preview":"max-image-preview:large","max-video-preview":"max-video-preview:-1"},"canonical":"https:\/\/verdadeon.com.br\/portal\/2025\/01\/07\/ela-quer-fazer-politica-rebate-ex-prefeito-de-jeriquara-sobre-denuncias-de-sucateamento-na-frota\/","og_locale":"pt_BR","og_type":"article","og_title":"\"Ela quer fazer pol\u00edtica\", rebate ex-prefeito de Jeriquara sobre den\u00fancias de sucateamento na frota - VerdadeOn","og_description":"\u00c9der Luiz Carvalho Gon\u00e7alves (PSD) falou ao Jornal Verdade ap\u00f3s acusa\u00e7\u00f5es da nova gest\u00e3o sobre ve\u00edculos abandonados Por Pedro Maia, Editor-chefe Conforme trazido pelo Jornal Verdade, [\u2026]","og_url":"https:\/\/verdadeon.com.br\/portal\/2025\/01\/07\/ela-quer-fazer-politica-rebate-ex-prefeito-de-jeriquara-sobre-denuncias-de-sucateamento-na-frota\/","og_site_name":"VerdadeOn","article_published_time":"2025-01-07T17:28:44+00:00","og_image":[{"width":604,"height":405,"url":"https:\/\/verdadeon.com.br\/portal\/wp-content\/uploads\/2025\/01\/WhatsApp-Image-2020-02-19-at-10.32.32-e1616769125459-688x405-1.jpeg","type":"image\/jpeg"}],"author":"Redacao VerdadeOn","twitter_card":"summary_large_image","twitter_misc":{"Escrito por":"Redacao VerdadeOn","Est. tempo de leitura":"2 minutos"},"schema":{"@context":"https:\/\/schema.org","@graph":[{"@type":"WebPage","@id":"https:\/\/verdadeon.com.br\/portal\/2025\/01\/07\/ela-quer-fazer-politica-rebate-ex-prefeito-de-jeriquara-sobre-denuncias-de-sucateamento-na-frota\/","url":"https:\/\/verdadeon.com.br\/portal\/2025\/01\/07\/ela-quer-fazer-politica-rebate-ex-prefeito-de-jeriquara-sobre-denuncias-de-sucateamento-na-frota\/","name":"\"Ela quer fazer pol\u00edtica\", rebate ex-prefeito de Jeriquara sobre den\u00fancias de sucateamento na frota - VerdadeOn","isPartOf":{"@id":"https:\/\/verdadeon.com.br\/portal\/#website"},"primaryImageOfPage":{"@id":"https:\/\/verdadeon.com.br\/portal\/2025\/01\/07\/ela-quer-fazer-politica-rebate-ex-prefeito-de-jeriquara-sobre-denuncias-de-sucateamento-na-frota\/#primaryimage"},"image":{"@id":"https:\/\/verdadeon.com.br\/portal\/2025\/01\/07\/ela-quer-fazer-politica-rebate-ex-prefeito-de-jeriquara-sobre-denuncias-de-sucateamento-na-frota\/#primaryimage"},"thumbnailUrl":"https:\/\/i0.wp.com\/verdadeon.com.br\/portal\/wp-content\/uploads\/2025\/01\/WhatsApp-Image-2020-02-19-at-10.32.32-e1616769125459-688x405-1.jpeg?fit=604%2C405&ssl=1","datePublished":"2025-01-07T17:28:44+00:00","author":{"@id":"https:\/\/verdadeon.com.br\/portal\/#\/schema\/person\/a5060ad1e9ea3df545188fc93ce43d2f"},"breadcrumb":{"@id":"https:\/\/verdadeon.com.br\/portal\/2025\/01\/07\/ela-quer-fazer-politica-rebate-ex-prefeito-de-jeriquara-sobre-denuncias-de-sucateamento-na-frota\/#breadcrumb"},"inLanguage":"pt-BR","potentialAction":[{"@type":"ReadAction","target":["https:\/\/verdadeon.com.br\/portal\/2025\/01\/07\/ela-quer-fazer-politica-rebate-ex-prefeito-de-jeriquara-sobre-denuncias-de-sucateamento-na-frota\/"]}]},{"@type":"ImageObject","inLanguage":"pt-BR","@id":"https:\/\/verdadeon.com.br\/portal\/2025\/01\/07\/ela-quer-fazer-politica-rebate-ex-prefeito-de-jeriquara-sobre-denuncias-de-sucateamento-na-frota\/#primaryimage","url":"https:\/\/i0.wp.com\/verdadeon.com.br\/portal\/wp-content\/uploads\/2025\/01\/WhatsApp-Image-2020-02-19-at-10.32.32-e1616769125459-688x405-1.jpeg?fit=604%2C405&ssl=1","contentUrl":"https:\/\/i0.wp.com\/verdadeon.com.br\/portal\/wp-content\/uploads\/2025\/01\/WhatsApp-Image-2020-02-19-at-10.32.32-e1616769125459-688x405-1.jpeg?fit=604%2C405&ssl=1","width":604,"height":405,"caption":"O ex-prefeito de Jeriquara, \u00c9der Luiz Carvalho Gon\u00e7alves (\u00a9Reprodu\u00e7\u00e3o\/Prefeitura de Jeriquara)"},{"@type":"BreadcrumbList","@id":"https:\/\/verdadeon.com.br\/portal\/2025\/01\/07\/ela-quer-fazer-politica-rebate-ex-prefeito-de-jeriquara-sobre-denuncias-de-sucateamento-na-frota\/#breadcrumb","itemListElement":[{"@type":"ListItem","position":1,"name":"In\u00edcio","item":"https:\/\/verdadeon.com.br\/portal\/"},{"@type":"ListItem","position":2,"name":"&#8220;Ela quer fazer pol\u00edtica&#8221;, rebate ex-prefeito de Jeriquara sobre den\u00fancias de sucateamento na frota"}]},{"@type":"WebSite","@id":"https:\/\/verdadeon.com.br\/portal\/#website","url":"https:\/\/verdadeon.com.br\/portal\/","name":"VerdadeOn","description":"Not\u00edcias di\u00e1rias sobre Franca, Regi\u00e3o, Esporte, Cultura, Cotidiano, Colunas. Cobertura nos principais eventos da cidade \u00e9 aqui - Verdadeon Franca","potentialAction":[{"@type":"SearchAction","target":{"@type":"EntryPoint","urlTemplate":"https:\/\/verdadeon.com.br\/portal\/?s={search_term_string}"},"query-input":{"@type":"PropertyValueSpecification","valueRequired":true,"valueName":"search_term_string"}}],"inLanguage":"pt-BR"},{"@type":"Person","@id":"https:\/\/verdadeon.com.br\/portal\/#\/schema\/person\/a5060ad1e9ea3df545188fc93ce43d2f","name":"Redacao VerdadeOn","image":{"@type":"ImageObject","inLanguage":"pt-BR","@id":"https:\/\/verdadeon.com.br\/portal\/#\/schema\/person\/image\/","url":"https:\/\/secure.gravatar.com\/avatar\/459a9613caaaf07f582c3d0841eea68bdd66f533e465e6ba8b9cb45619572cf4?s=96&d=mm&r=g","contentUrl":"https:\/\/secure.gravatar.com\/avatar\/459a9613caaaf07f582c3d0841eea68bdd66f533e465e6ba8b9cb45619572cf4?s=96&d=mm&r=g","caption":"Redacao VerdadeOn"},"url":"https:\/\/verdadeon.com.br\/portal\/author\/redacao\/"}]}},"jetpack_publicize_connections":[],"jetpack_featured_media_url":"https:\/\/i0.wp.com\/verdadeon.com.br\/portal\/wp-content\/uploads\/2025\/01\/WhatsApp-Image-2020-02-19-at-10.32.32-e1616769125459-688x405-1.jpeg?fit=604%2C405&ssl=1","jetpack_sharing_enabled":true,"_links":{"self":[{"href":"https:\/\/verdadeon.com.br\/portal\/wp-json\/wp\/v2\/posts\/52872","targetHints":{"allow":["GET"]}}],"collection":[{"href":"https:\/\/verdadeon.com.br\/portal\/wp-json\/wp\/v2\/posts"}],"about":[{"href":"https:\/\/verdadeon.com.br\/portal\/wp-json\/wp\/v2\/types\/post"}],"author":[{"embeddable":true,"href":"https:\/\/verdadeon.com.br\/portal\/wp-json\/wp\/v2\/users\/10"}],"replies":[{"embeddable":true,"href":"https:\/\/verdadeon.com.br\/portal\/wp-json\/wp\/v2\/comments?post=52872"}],"version-history":[{"count":1,"href":"https:\/\/verdadeon.com.br\/portal\/wp-json\/wp\/v2\/posts\/52872\/revisions"}],"predecessor-version":[{"id":52874,"href":"https:\/\/verdadeon.com.br\/portal\/wp-json\/wp\/v2\/posts\/52872\/revisions\/52874"}],"wp:featuredmedia":[{"embeddable":true,"href":"https:\/\/verdadeon.com.br\/portal\/wp-json\/wp\/v2\/media\/52873"}],"wp:attachment":[{"href":"https:\/\/verdadeon.com.br\/portal\/wp-json\/wp\/v2\/media?parent=52872"}],"wp:term":[{"taxonomy":"category","embeddable":true,"href":"https:\/\/verdadeon.com.br\/portal\/wp-json\/wp\/v2\/categories?post=52872"},{"taxonomy":"post_tag","embeddable":true,"href":"https:\/\/verdadeon.com.br\/portal\/wp-json\/wp\/v2\/tags?post=52872"}],"curies":[{"name":"wp","href":"https:\/\/api.w.org\/{rel}","templated":true}]}}