{"id":52865,"date":"2025-01-07T12:55:20","date_gmt":"2025-01-07T15:55:20","guid":{"rendered":"https:\/\/verdadeon.com.br\/portal\/?p=52865"},"modified":"2025-01-07T14:35:43","modified_gmt":"2025-01-07T17:35:43","slug":"prefeita-de-jeriquara-denuncia-veiculos-sucateados-da-prefeitura","status":"publish","type":"post","link":"https:\/\/verdadeon.com.br\/portal\/2025\/01\/07\/prefeita-de-jeriquara-denuncia-veiculos-sucateados-da-prefeitura\/","title":{"rendered":"Prefeita de Jeriquara denuncia equipamentos e ve\u00edculos sucateados da Prefeitura"},"content":{"rendered":"<h2>Ao lado da vice-prefeita, denunciaram tamb\u00e9m que os sistemas utilizados estavam apagados ao assumirem<\/h2>\n<p style=\"text-align: right;\"><em><strong>Por Pedro Maia<\/strong><\/em><br \/>\n<em><strong>Editor-chefe<\/strong><\/em><\/p>\n<p>Em v\u00eddeo publicado nas redes sociais, a nova prefeita de Jeriquara, Elaine Pinheiro (MDB), denunciou o sucateamento dos ve\u00edculos do munic\u00edpio, como ambul\u00e2ncias e vans escolares, e outros materiais que teriam sido deixados ao abandono pelo ex-prefeito \u00c9der Luiz Carvalho Gon\u00e7alves (PSD).<\/p>\n<p>&#8220;Encontramos uma frota praticamente sucateada &#8211; ve\u00edculos novos com motores fundidos, \u00f4nibus e ambul\u00e2ncias sendo usados como dep\u00f3sitos de pe\u00e7as, cadeiras de rodas e camas hospitalares abandonadas em meio ao lixo&#8221;, descreve a prefeita. H\u00e1 ainda um caminh\u00e3o-pipa &#8211; o \u00fanico da cidade &#8211; que est\u00e1 parado, sem para-brisas.<\/p>\n<p><img data-recalc-dims=\"1\" loading=\"lazy\" decoding=\"async\" class=\"alignnone size-full wp-image-52868\" src=\"https:\/\/i0.wp.com\/verdadeon.com.br\/portal\/wp-content\/uploads\/2025\/01\/WhatsApp-Image-2025-01-07-at-12.44.31-1.jpeg?resize=1150%2C1600&#038;ssl=1\" alt=\"\" width=\"1150\" height=\"1600\" srcset=\"https:\/\/i0.wp.com\/verdadeon.com.br\/portal\/wp-content\/uploads\/2025\/01\/WhatsApp-Image-2025-01-07-at-12.44.31-1.jpeg?w=1150&amp;ssl=1 1150w, https:\/\/i0.wp.com\/verdadeon.com.br\/portal\/wp-content\/uploads\/2025\/01\/WhatsApp-Image-2025-01-07-at-12.44.31-1.jpeg?resize=216%2C300&amp;ssl=1 216w, https:\/\/i0.wp.com\/verdadeon.com.br\/portal\/wp-content\/uploads\/2025\/01\/WhatsApp-Image-2025-01-07-at-12.44.31-1.jpeg?resize=736%2C1024&amp;ssl=1 736w, https:\/\/i0.wp.com\/verdadeon.com.br\/portal\/wp-content\/uploads\/2025\/01\/WhatsApp-Image-2025-01-07-at-12.44.31-1.jpeg?resize=768%2C1069&amp;ssl=1 768w, https:\/\/i0.wp.com\/verdadeon.com.br\/portal\/wp-content\/uploads\/2025\/01\/WhatsApp-Image-2025-01-07-at-12.44.31-1.jpeg?resize=1104%2C1536&amp;ssl=1 1104w, https:\/\/i0.wp.com\/verdadeon.com.br\/portal\/wp-content\/uploads\/2025\/01\/WhatsApp-Image-2025-01-07-at-12.44.31-1.jpeg?resize=105%2C146&amp;ssl=1 105w, https:\/\/i0.wp.com\/verdadeon.com.br\/portal\/wp-content\/uploads\/2025\/01\/WhatsApp-Image-2025-01-07-at-12.44.31-1.jpeg?resize=36%2C50&amp;ssl=1 36w, https:\/\/i0.wp.com\/verdadeon.com.br\/portal\/wp-content\/uploads\/2025\/01\/WhatsApp-Image-2025-01-07-at-12.44.31-1.jpeg?resize=54%2C75&amp;ssl=1 54w\" sizes=\"auto, (max-width: 1150px) 100vw, 1150px\" \/><\/p>\n<p>Chegando a um dep\u00f3sito da Prefeitura, a vice-prefeita Franciele Marquesini, conhecida como Fran (PDT), mostrou algumas m\u00e1quinas de costura que, de acordo com ela, poderiam estar sendo utilizadas em programas como o &#8216;Escola da Moda&#8217;. &#8220;N\u00e3o sei qual motivo [de terem interrompido o programa], mas a gente vai procurar saber. S\u00e3o m\u00e1quinas novas que poderiam estar sendo utilizadas para cria\u00e7\u00e3o dos cursos. Est\u00e3o todas jogadas. Hoje vejo como um descaso com o dinheiro p\u00fablico. N\u00e3o pode ser aceito de forma alguma&#8221;, declara Fran.<\/p>\n<p>O v\u00eddeo apresenta ainda equipamentos como prateleiras, mesas e bebedouros abandonados.<\/p>\n<p>As representantes do Poder Executivo afirmaram ainda que, ao assumirem a Prefeitura, encontraram os sistemas de gest\u00e3o todos apagados, sendo orientadas pelo setor jur\u00eddico a prestar um boletim de ocorr\u00eancia.<\/p>\n<p><img data-recalc-dims=\"1\" loading=\"lazy\" decoding=\"async\" class=\"alignnone size-full wp-image-52869\" src=\"https:\/\/i0.wp.com\/verdadeon.com.br\/portal\/wp-content\/uploads\/2025\/01\/WhatsApp-Image-2025-01-07-at-12.53.15.jpeg?resize=1220%2C1218&#038;ssl=1\" alt=\"\" width=\"1220\" height=\"1218\" srcset=\"https:\/\/i0.wp.com\/verdadeon.com.br\/portal\/wp-content\/uploads\/2025\/01\/WhatsApp-Image-2025-01-07-at-12.53.15.jpeg?w=1290&amp;ssl=1 1290w, https:\/\/i0.wp.com\/verdadeon.com.br\/portal\/wp-content\/uploads\/2025\/01\/WhatsApp-Image-2025-01-07-at-12.53.15.jpeg?resize=300%2C300&amp;ssl=1 300w, https:\/\/i0.wp.com\/verdadeon.com.br\/portal\/wp-content\/uploads\/2025\/01\/WhatsApp-Image-2025-01-07-at-12.53.15.jpeg?resize=1024%2C1022&amp;ssl=1 1024w, https:\/\/i0.wp.com\/verdadeon.com.br\/portal\/wp-content\/uploads\/2025\/01\/WhatsApp-Image-2025-01-07-at-12.53.15.jpeg?resize=150%2C150&amp;ssl=1 150w, https:\/\/i0.wp.com\/verdadeon.com.br\/portal\/wp-content\/uploads\/2025\/01\/WhatsApp-Image-2025-01-07-at-12.53.15.jpeg?resize=768%2C767&amp;ssl=1 768w, https:\/\/i0.wp.com\/verdadeon.com.br\/portal\/wp-content\/uploads\/2025\/01\/WhatsApp-Image-2025-01-07-at-12.53.15.jpeg?resize=146%2C146&amp;ssl=1 146w, https:\/\/i0.wp.com\/verdadeon.com.br\/portal\/wp-content\/uploads\/2025\/01\/WhatsApp-Image-2025-01-07-at-12.53.15.jpeg?resize=50%2C50&amp;ssl=1 50w, https:\/\/i0.wp.com\/verdadeon.com.br\/portal\/wp-content\/uploads\/2025\/01\/WhatsApp-Image-2025-01-07-at-12.53.15.jpeg?resize=75%2C75&amp;ssl=1 75w, https:\/\/i0.wp.com\/verdadeon.com.br\/portal\/wp-content\/uploads\/2025\/01\/WhatsApp-Image-2025-01-07-at-12.53.15.jpeg?resize=85%2C85&amp;ssl=1 85w, https:\/\/i0.wp.com\/verdadeon.com.br\/portal\/wp-content\/uploads\/2025\/01\/WhatsApp-Image-2025-01-07-at-12.53.15.jpeg?resize=80%2C80&amp;ssl=1 80w\" sizes=\"auto, (max-width: 1220px) 100vw, 1220px\" \/><\/p>\n","protected":false},"excerpt":{"rendered":"<p>Ao lado da vice-prefeita, denunciaram tamb\u00e9m que os sistemas utilizados estavam apagados ao assumirem Por Pedro Maia Editor-chefe Em v\u00eddeo publicado nas redes sociais, a nova<span class=\"excerpt-hellip\"> [\u2026]<\/span><\/p>\n","protected":false},"author":10,"featured_media":52867,"comment_status":"open","ping_status":"open","sticky":false,"template":"","format":"standard","meta":{"_jetpack_memberships_contains_paid_content":false,"footnotes":"","jetpack_publicize_message":"","jetpack_publicize_feature_enabled":true,"jetpack_social_post_already_shared":true,"jetpack_social_options":{"image_generator_settings":{"template":"highway","default_image_id":0,"enabled":false},"version":2}},"categories":[28,81],"tags":[],"class_list":["post-52865","post","type-post","status-publish","format-standard","has-post-thumbnail","hentry","category-cotidiano","category-manchete"],"yoast_head":"<!-- This site is optimized with the Yoast SEO plugin v25.6 - https:\/\/yoast.com\/wordpress\/plugins\/seo\/ -->\n<title>Prefeita de Jeriquara denuncia equipamentos e ve\u00edculos sucateados da Prefeitura - VerdadeOn<\/title>\n<meta name=\"robots\" content=\"index, follow, max-snippet:-1, max-image-preview:large, max-video-preview:-1\" \/>\n<link rel=\"canonical\" href=\"https:\/\/verdadeon.com.br\/portal\/2025\/01\/07\/prefeita-de-jeriquara-denuncia-veiculos-sucateados-da-prefeitura\/\" \/>\n<meta property=\"og:locale\" content=\"pt_BR\" \/>\n<meta property=\"og:type\" content=\"article\" \/>\n<meta property=\"og:title\" content=\"Prefeita de Jeriquara denuncia equipamentos e ve\u00edculos sucateados da Prefeitura - VerdadeOn\" \/>\n<meta property=\"og:description\" content=\"Ao lado da vice-prefeita, denunciaram tamb\u00e9m que os sistemas utilizados estavam apagados ao assumirem Por Pedro Maia Editor-chefe Em v\u00eddeo publicado nas redes sociais, a nova [\u2026]\" \/>\n<meta property=\"og:url\" content=\"https:\/\/verdadeon.com.br\/portal\/2025\/01\/07\/prefeita-de-jeriquara-denuncia-veiculos-sucateados-da-prefeitura\/\" \/>\n<meta property=\"og:site_name\" content=\"VerdadeOn\" \/>\n<meta property=\"article:published_time\" content=\"2025-01-07T15:55:20+00:00\" \/>\n<meta property=\"article:modified_time\" content=\"2025-01-07T17:35:43+00:00\" \/>\n<meta property=\"og:image\" content=\"https:\/\/verdadeon.com.br\/portal\/wp-content\/uploads\/2025\/01\/WhatsApp-Image-2025-01-07-at-12.44.30-1.jpeg\" \/>\n\t<meta property=\"og:image:width\" content=\"1290\" \/>\n\t<meta property=\"og:image:height\" content=\"864\" \/>\n\t<meta property=\"og:image:type\" content=\"image\/jpeg\" \/>\n<meta name=\"author\" content=\"Redacao VerdadeOn\" \/>\n<meta name=\"twitter:card\" content=\"summary_large_image\" \/>\n<meta name=\"twitter:label1\" content=\"Escrito por\" \/>\n\t<meta name=\"twitter:data1\" content=\"Redacao VerdadeOn\" \/>\n\t<meta name=\"twitter:label2\" content=\"Est. tempo de leitura\" \/>\n\t<meta name=\"twitter:data2\" content=\"2 minutos\" \/>\n<script type=\"application\/ld+json\" class=\"yoast-schema-graph\">{\"@context\":\"https:\/\/schema.org\",\"@graph\":[{\"@type\":\"WebPage\",\"@id\":\"https:\/\/verdadeon.com.br\/portal\/2025\/01\/07\/prefeita-de-jeriquara-denuncia-veiculos-sucateados-da-prefeitura\/\",\"url\":\"https:\/\/verdadeon.com.br\/portal\/2025\/01\/07\/prefeita-de-jeriquara-denuncia-veiculos-sucateados-da-prefeitura\/\",\"name\":\"Prefeita de Jeriquara denuncia equipamentos e ve\u00edculos sucateados da Prefeitura - VerdadeOn\",\"isPartOf\":{\"@id\":\"https:\/\/verdadeon.com.br\/portal\/#website\"},\"primaryImageOfPage\":{\"@id\":\"https:\/\/verdadeon.com.br\/portal\/2025\/01\/07\/prefeita-de-jeriquara-denuncia-veiculos-sucateados-da-prefeitura\/#primaryimage\"},\"image\":{\"@id\":\"https:\/\/verdadeon.com.br\/portal\/2025\/01\/07\/prefeita-de-jeriquara-denuncia-veiculos-sucateados-da-prefeitura\/#primaryimage\"},\"thumbnailUrl\":\"https:\/\/i0.wp.com\/verdadeon.com.br\/portal\/wp-content\/uploads\/2025\/01\/WhatsApp-Image-2025-01-07-at-12.44.30-1.jpeg?fit=1290%2C864&ssl=1\",\"datePublished\":\"2025-01-07T15:55:20+00:00\",\"dateModified\":\"2025-01-07T17:35:43+00:00\",\"author\":{\"@id\":\"https:\/\/verdadeon.com.br\/portal\/#\/schema\/person\/a5060ad1e9ea3df545188fc93ce43d2f\"},\"breadcrumb\":{\"@id\":\"https:\/\/verdadeon.com.br\/portal\/2025\/01\/07\/prefeita-de-jeriquara-denuncia-veiculos-sucateados-da-prefeitura\/#breadcrumb\"},\"inLanguage\":\"pt-BR\",\"potentialAction\":[{\"@type\":\"ReadAction\",\"target\":[\"https:\/\/verdadeon.com.br\/portal\/2025\/01\/07\/prefeita-de-jeriquara-denuncia-veiculos-sucateados-da-prefeitura\/\"]}]},{\"@type\":\"ImageObject\",\"inLanguage\":\"pt-BR\",\"@id\":\"https:\/\/verdadeon.com.br\/portal\/2025\/01\/07\/prefeita-de-jeriquara-denuncia-veiculos-sucateados-da-prefeitura\/#primaryimage\",\"url\":\"https:\/\/i0.wp.com\/verdadeon.com.br\/portal\/wp-content\/uploads\/2025\/01\/WhatsApp-Image-2025-01-07-at-12.44.30-1.jpeg?fit=1290%2C864&ssl=1\",\"contentUrl\":\"https:\/\/i0.wp.com\/verdadeon.com.br\/portal\/wp-content\/uploads\/2025\/01\/WhatsApp-Image-2025-01-07-at-12.44.30-1.jpeg?fit=1290%2C864&ssl=1\",\"width\":1290,\"height\":864,\"caption\":\"Ve\u00edculos aparentemente novos e peda\u00e7os de carros foram abandonados em p\u00e1tio da Prefeitura, segundo gestoras (\u00a9Reprodu\u00e7\u00e3o\/Redes Sociais)\"},{\"@type\":\"BreadcrumbList\",\"@id\":\"https:\/\/verdadeon.com.br\/portal\/2025\/01\/07\/prefeita-de-jeriquara-denuncia-veiculos-sucateados-da-prefeitura\/#breadcrumb\",\"itemListElement\":[{\"@type\":\"ListItem\",\"position\":1,\"name\":\"In\u00edcio\",\"item\":\"https:\/\/verdadeon.com.br\/portal\/\"},{\"@type\":\"ListItem\",\"position\":2,\"name\":\"Prefeita de Jeriquara denuncia equipamentos e ve\u00edculos sucateados da Prefeitura\"}]},{\"@type\":\"WebSite\",\"@id\":\"https:\/\/verdadeon.com.br\/portal\/#website\",\"url\":\"https:\/\/verdadeon.com.br\/portal\/\",\"name\":\"VerdadeOn\",\"description\":\"Not\u00edcias di\u00e1rias sobre Franca, Regi\u00e3o, Esporte, Cultura, Cotidiano, Colunas. Cobertura nos principais eventos da cidade \u00e9 aqui - Verdadeon Franca\",\"potentialAction\":[{\"@type\":\"SearchAction\",\"target\":{\"@type\":\"EntryPoint\",\"urlTemplate\":\"https:\/\/verdadeon.com.br\/portal\/?s={search_term_string}\"},\"query-input\":{\"@type\":\"PropertyValueSpecification\",\"valueRequired\":true,\"valueName\":\"search_term_string\"}}],\"inLanguage\":\"pt-BR\"},{\"@type\":\"Person\",\"@id\":\"https:\/\/verdadeon.com.br\/portal\/#\/schema\/person\/a5060ad1e9ea3df545188fc93ce43d2f\",\"name\":\"Redacao VerdadeOn\",\"image\":{\"@type\":\"ImageObject\",\"inLanguage\":\"pt-BR\",\"@id\":\"https:\/\/verdadeon.com.br\/portal\/#\/schema\/person\/image\/\",\"url\":\"https:\/\/secure.gravatar.com\/avatar\/459a9613caaaf07f582c3d0841eea68bdd66f533e465e6ba8b9cb45619572cf4?s=96&d=mm&r=g\",\"contentUrl\":\"https:\/\/secure.gravatar.com\/avatar\/459a9613caaaf07f582c3d0841eea68bdd66f533e465e6ba8b9cb45619572cf4?s=96&d=mm&r=g\",\"caption\":\"Redacao VerdadeOn\"},\"url\":\"https:\/\/verdadeon.com.br\/portal\/author\/redacao\/\"}]}<\/script>\n<!-- \/ Yoast SEO plugin. -->","yoast_head_json":{"title":"Prefeita de Jeriquara denuncia equipamentos e ve\u00edculos sucateados da Prefeitura - VerdadeOn","robots":{"index":"index","follow":"follow","max-snippet":"max-snippet:-1","max-image-preview":"max-image-preview:large","max-video-preview":"max-video-preview:-1"},"canonical":"https:\/\/verdadeon.com.br\/portal\/2025\/01\/07\/prefeita-de-jeriquara-denuncia-veiculos-sucateados-da-prefeitura\/","og_locale":"pt_BR","og_type":"article","og_title":"Prefeita de Jeriquara denuncia equipamentos e ve\u00edculos sucateados da Prefeitura - VerdadeOn","og_description":"Ao lado da vice-prefeita, denunciaram tamb\u00e9m que os sistemas utilizados estavam apagados ao assumirem Por Pedro Maia Editor-chefe Em v\u00eddeo publicado nas redes sociais, a nova [\u2026]","og_url":"https:\/\/verdadeon.com.br\/portal\/2025\/01\/07\/prefeita-de-jeriquara-denuncia-veiculos-sucateados-da-prefeitura\/","og_site_name":"VerdadeOn","article_published_time":"2025-01-07T15:55:20+00:00","article_modified_time":"2025-01-07T17:35:43+00:00","og_image":[{"width":1290,"height":864,"url":"https:\/\/verdadeon.com.br\/portal\/wp-content\/uploads\/2025\/01\/WhatsApp-Image-2025-01-07-at-12.44.30-1.jpeg","type":"image\/jpeg"}],"author":"Redacao VerdadeOn","twitter_card":"summary_large_image","twitter_misc":{"Escrito por":"Redacao VerdadeOn","Est. tempo de leitura":"2 minutos"},"schema":{"@context":"https:\/\/schema.org","@graph":[{"@type":"WebPage","@id":"https:\/\/verdadeon.com.br\/portal\/2025\/01\/07\/prefeita-de-jeriquara-denuncia-veiculos-sucateados-da-prefeitura\/","url":"https:\/\/verdadeon.com.br\/portal\/2025\/01\/07\/prefeita-de-jeriquara-denuncia-veiculos-sucateados-da-prefeitura\/","name":"Prefeita de Jeriquara denuncia equipamentos e ve\u00edculos sucateados da Prefeitura - VerdadeOn","isPartOf":{"@id":"https:\/\/verdadeon.com.br\/portal\/#website"},"primaryImageOfPage":{"@id":"https:\/\/verdadeon.com.br\/portal\/2025\/01\/07\/prefeita-de-jeriquara-denuncia-veiculos-sucateados-da-prefeitura\/#primaryimage"},"image":{"@id":"https:\/\/verdadeon.com.br\/portal\/2025\/01\/07\/prefeita-de-jeriquara-denuncia-veiculos-sucateados-da-prefeitura\/#primaryimage"},"thumbnailUrl":"https:\/\/i0.wp.com\/verdadeon.com.br\/portal\/wp-content\/uploads\/2025\/01\/WhatsApp-Image-2025-01-07-at-12.44.30-1.jpeg?fit=1290%2C864&ssl=1","datePublished":"2025-01-07T15:55:20+00:00","dateModified":"2025-01-07T17:35:43+00:00","author":{"@id":"https:\/\/verdadeon.com.br\/portal\/#\/schema\/person\/a5060ad1e9ea3df545188fc93ce43d2f"},"breadcrumb":{"@id":"https:\/\/verdadeon.com.br\/portal\/2025\/01\/07\/prefeita-de-jeriquara-denuncia-veiculos-sucateados-da-prefeitura\/#breadcrumb"},"inLanguage":"pt-BR","potentialAction":[{"@type":"ReadAction","target":["https:\/\/verdadeon.com.br\/portal\/2025\/01\/07\/prefeita-de-jeriquara-denuncia-veiculos-sucateados-da-prefeitura\/"]}]},{"@type":"ImageObject","inLanguage":"pt-BR","@id":"https:\/\/verdadeon.com.br\/portal\/2025\/01\/07\/prefeita-de-jeriquara-denuncia-veiculos-sucateados-da-prefeitura\/#primaryimage","url":"https:\/\/i0.wp.com\/verdadeon.com.br\/portal\/wp-content\/uploads\/2025\/01\/WhatsApp-Image-2025-01-07-at-12.44.30-1.jpeg?fit=1290%2C864&ssl=1","contentUrl":"https:\/\/i0.wp.com\/verdadeon.com.br\/portal\/wp-content\/uploads\/2025\/01\/WhatsApp-Image-2025-01-07-at-12.44.30-1.jpeg?fit=1290%2C864&ssl=1","width":1290,"height":864,"caption":"Ve\u00edculos aparentemente novos e peda\u00e7os de carros foram abandonados em p\u00e1tio da Prefeitura, segundo gestoras (\u00a9Reprodu\u00e7\u00e3o\/Redes Sociais)"},{"@type":"BreadcrumbList","@id":"https:\/\/verdadeon.com.br\/portal\/2025\/01\/07\/prefeita-de-jeriquara-denuncia-veiculos-sucateados-da-prefeitura\/#breadcrumb","itemListElement":[{"@type":"ListItem","position":1,"name":"In\u00edcio","item":"https:\/\/verdadeon.com.br\/portal\/"},{"@type":"ListItem","position":2,"name":"Prefeita de Jeriquara denuncia equipamentos e ve\u00edculos sucateados da Prefeitura"}]},{"@type":"WebSite","@id":"https:\/\/verdadeon.com.br\/portal\/#website","url":"https:\/\/verdadeon.com.br\/portal\/","name":"VerdadeOn","description":"Not\u00edcias di\u00e1rias sobre Franca, Regi\u00e3o, Esporte, Cultura, Cotidiano, Colunas. Cobertura nos principais eventos da cidade \u00e9 aqui - Verdadeon Franca","potentialAction":[{"@type":"SearchAction","target":{"@type":"EntryPoint","urlTemplate":"https:\/\/verdadeon.com.br\/portal\/?s={search_term_string}"},"query-input":{"@type":"PropertyValueSpecification","valueRequired":true,"valueName":"search_term_string"}}],"inLanguage":"pt-BR"},{"@type":"Person","@id":"https:\/\/verdadeon.com.br\/portal\/#\/schema\/person\/a5060ad1e9ea3df545188fc93ce43d2f","name":"Redacao VerdadeOn","image":{"@type":"ImageObject","inLanguage":"pt-BR","@id":"https:\/\/verdadeon.com.br\/portal\/#\/schema\/person\/image\/","url":"https:\/\/secure.gravatar.com\/avatar\/459a9613caaaf07f582c3d0841eea68bdd66f533e465e6ba8b9cb45619572cf4?s=96&d=mm&r=g","contentUrl":"https:\/\/secure.gravatar.com\/avatar\/459a9613caaaf07f582c3d0841eea68bdd66f533e465e6ba8b9cb45619572cf4?s=96&d=mm&r=g","caption":"Redacao VerdadeOn"},"url":"https:\/\/verdadeon.com.br\/portal\/author\/redacao\/"}]}},"jetpack_publicize_connections":[],"jetpack_featured_media_url":"https:\/\/i0.wp.com\/verdadeon.com.br\/portal\/wp-content\/uploads\/2025\/01\/WhatsApp-Image-2025-01-07-at-12.44.30-1.jpeg?fit=1290%2C864&ssl=1","jetpack_sharing_enabled":true,"_links":{"self":[{"href":"https:\/\/verdadeon.com.br\/portal\/wp-json\/wp\/v2\/posts\/52865","targetHints":{"allow":["GET"]}}],"collection":[{"href":"https:\/\/verdadeon.com.br\/portal\/wp-json\/wp\/v2\/posts"}],"about":[{"href":"https:\/\/verdadeon.com.br\/portal\/wp-json\/wp\/v2\/types\/post"}],"author":[{"embeddable":true,"href":"https:\/\/verdadeon.com.br\/portal\/wp-json\/wp\/v2\/users\/10"}],"replies":[{"embeddable":true,"href":"https:\/\/verdadeon.com.br\/portal\/wp-json\/wp\/v2\/comments?post=52865"}],"version-history":[{"count":3,"href":"https:\/\/verdadeon.com.br\/portal\/wp-json\/wp\/v2\/posts\/52865\/revisions"}],"predecessor-version":[{"id":52875,"href":"https:\/\/verdadeon.com.br\/portal\/wp-json\/wp\/v2\/posts\/52865\/revisions\/52875"}],"wp:featuredmedia":[{"embeddable":true,"href":"https:\/\/verdadeon.com.br\/portal\/wp-json\/wp\/v2\/media\/52867"}],"wp:attachment":[{"href":"https:\/\/verdadeon.com.br\/portal\/wp-json\/wp\/v2\/media?parent=52865"}],"wp:term":[{"taxonomy":"category","embeddable":true,"href":"https:\/\/verdadeon.com.br\/portal\/wp-json\/wp\/v2\/categories?post=52865"},{"taxonomy":"post_tag","embeddable":true,"href":"https:\/\/verdadeon.com.br\/portal\/wp-json\/wp\/v2\/tags?post=52865"}],"curies":[{"name":"wp","href":"https:\/\/api.w.org\/{rel}","templated":true}]}}