{"id":52846,"date":"2025-01-06T07:00:08","date_gmt":"2025-01-06T10:00:08","guid":{"rendered":"https:\/\/verdadeon.com.br\/portal\/?p=52846"},"modified":"2025-01-06T14:49:01","modified_gmt":"2025-01-06T17:49:01","slug":"fernanda-torres-leva-globo-de-ouro-por-atuacao-em-ainda-estou-aqui","status":"publish","type":"post","link":"https:\/\/verdadeon.com.br\/portal\/2025\/01\/06\/fernanda-torres-leva-globo-de-ouro-por-atuacao-em-ainda-estou-aqui\/","title":{"rendered":"Fernanda Torres leva Globo de Ouro por atua\u00e7\u00e3o em Ainda Estou Aqui"},"content":{"rendered":"<div class=\"header-noticia full-width\">\n<h2 class=\"linha-fina-noticia\">Atriz interpretou a advogada Eunice, vi\u00fava de Rubens Paiva<\/h2>\n<p>O cinema brasileiro vive um momento hist\u00f3rico. A atriz Fernanda Torres recebeu nesta segunda-feira (6), em Los Angeles, nos Estados Unidos, o pr\u00eamio Globo de Ouro de melhor atriz na categoria Drama.<img data-recalc-dims=\"1\" decoding=\"async\" src=\"https:\/\/i0.wp.com\/agenciabrasil.ebc.com.br\/ebc.png?w=1220&#038;ssl=1\" \/><img data-recalc-dims=\"1\" decoding=\"async\" src=\"https:\/\/i0.wp.com\/agenciabrasil.ebc.com.br\/ebc.gif?w=1220&#038;ssl=1\" \/><\/p>\n<p>A premia\u00e7\u00e3o, entregue pela primeira vez a uma brasileira, \u00e9 um reconhecimento ao trabalho de Fernanda no filme\u00a0<em>Ainda Estou Aqui<\/em>. Na produ\u00e7\u00e3o, ela interpreta a advogada Eunice Paiva, vi\u00fava de Rubens Paiva, deputado federal assassinado pela ditadura militar em 1971.<\/p>\n<p>Fernanda concorria com grandes estrelas de Hollywood como Nicole Kidman, Angelina Jolie, Tilda Swinton, Pamela Anderson e Kate Winslet.<\/p>\n<p>H\u00e1 25 anos, Fernanda Montenegro, m\u00e3e de Fernanda Torres, disputou a mesma categoria pela atua\u00e7\u00e3o em\u00a0<em>Central do Brasil<\/em>. Ela n\u00e3o venceu, mas o filme ganhou o Globo de Ouro na categoria melhor filme estrangeiro.<\/p>\n<p>&#8220;Isso \u00e9 uma prova que a arte dura na vida, at\u00e9 durante momentos dif\u00edceis pelos quais a Eunice Paiva passou e com tanto problema hoje em dia no mundo. Esse \u00e9 um filme que nos ajudou a pensar em como sobreviver em tempos como esses. Ent\u00e3o, para a minha m\u00e3e, para a minha fam\u00edlia, para os meus filhos e para todos, muito obrigada ao Golden Globes\u201d, disse Fernanda, ainda durante o discurso de agradecimento.<\/p>\n<p>Tanto\u00a0<em>Ainda Estou Aqui<\/em>\u00a0como\u00a0<em>Central do Brasil<\/em>\u00a0foram dirigidos pelo cineasta Walter Salles.<\/p>\n<p>Este ano, na categoria de melhor filme estrangeiro, o Globo de Ouro ficou com a produ\u00e7\u00e3o francesa\u00a0<em>Emilia P\u00e9rez<\/em>.<\/p>\n<\/div>\n<div class=\"subheader\">\n<div class=\"container-autoria\">Fonte: Ag\u00eancia Brasil<\/div>\n<\/div>\n","protected":false},"excerpt":{"rendered":"<p>Atriz interpretou a advogada Eunice, vi\u00fava de Rubens Paiva O cinema brasileiro vive um momento hist\u00f3rico. A atriz Fernanda Torres recebeu nesta segunda-feira (6), em Los<span class=\"excerpt-hellip\"> [\u2026]<\/span><\/p>\n","protected":false},"author":10,"featured_media":52847,"comment_status":"open","ping_status":"open","sticky":false,"template":"","format":"standard","meta":{"_jetpack_memberships_contains_paid_content":false,"footnotes":"","jetpack_publicize_message":"","jetpack_publicize_feature_enabled":true,"jetpack_social_post_already_shared":true,"jetpack_social_options":{"image_generator_settings":{"template":"highway","default_image_id":0,"enabled":false},"version":2}},"categories":[28,44],"tags":[],"class_list":["post-52846","post","type-post","status-publish","format-standard","has-post-thumbnail","hentry","category-cotidiano","category-noticias"],"yoast_head":"<!-- This site is optimized with the Yoast SEO plugin v25.6 - https:\/\/yoast.com\/wordpress\/plugins\/seo\/ -->\n<title>Fernanda Torres leva Globo de Ouro por atua\u00e7\u00e3o em Ainda Estou Aqui - VerdadeOn<\/title>\n<meta name=\"robots\" content=\"index, follow, max-snippet:-1, max-image-preview:large, max-video-preview:-1\" \/>\n<link rel=\"canonical\" href=\"https:\/\/verdadeon.com.br\/portal\/2025\/01\/06\/fernanda-torres-leva-globo-de-ouro-por-atuacao-em-ainda-estou-aqui\/\" \/>\n<meta property=\"og:locale\" content=\"pt_BR\" \/>\n<meta property=\"og:type\" content=\"article\" \/>\n<meta property=\"og:title\" content=\"Fernanda Torres leva Globo de Ouro por atua\u00e7\u00e3o em Ainda Estou Aqui - VerdadeOn\" \/>\n<meta property=\"og:description\" content=\"Atriz interpretou a advogada Eunice, vi\u00fava de Rubens Paiva O cinema brasileiro vive um momento hist\u00f3rico. A atriz Fernanda Torres recebeu nesta segunda-feira (6), em Los [\u2026]\" \/>\n<meta property=\"og:url\" content=\"https:\/\/verdadeon.com.br\/portal\/2025\/01\/06\/fernanda-torres-leva-globo-de-ouro-por-atuacao-em-ainda-estou-aqui\/\" \/>\n<meta property=\"og:site_name\" content=\"VerdadeOn\" \/>\n<meta property=\"article:published_time\" content=\"2025-01-06T10:00:08+00:00\" \/>\n<meta property=\"article:modified_time\" content=\"2025-01-06T17:49:01+00:00\" \/>\n<meta property=\"og:image\" content=\"https:\/\/i0.wp.com\/verdadeon.com.br\/portal\/wp-content\/uploads\/2025\/01\/2025-01-06t042001z_1741868701_hp1el160bomie_rtrmadp_3_awards-goldenglobes.webp?fit=960%2C574&ssl=1\" \/>\n\t<meta property=\"og:image:width\" content=\"960\" \/>\n\t<meta property=\"og:image:height\" content=\"574\" \/>\n\t<meta property=\"og:image:type\" content=\"image\/webp\" \/>\n<meta name=\"author\" content=\"Redacao VerdadeOn\" \/>\n<meta name=\"twitter:card\" content=\"summary_large_image\" \/>\n<meta name=\"twitter:label1\" content=\"Escrito por\" \/>\n\t<meta name=\"twitter:data1\" content=\"Redacao VerdadeOn\" \/>\n\t<meta name=\"twitter:label2\" content=\"Est. tempo de leitura\" \/>\n\t<meta name=\"twitter:data2\" content=\"2 minutos\" \/>\n<script type=\"application\/ld+json\" class=\"yoast-schema-graph\">{\"@context\":\"https:\/\/schema.org\",\"@graph\":[{\"@type\":\"WebPage\",\"@id\":\"https:\/\/verdadeon.com.br\/portal\/2025\/01\/06\/fernanda-torres-leva-globo-de-ouro-por-atuacao-em-ainda-estou-aqui\/\",\"url\":\"https:\/\/verdadeon.com.br\/portal\/2025\/01\/06\/fernanda-torres-leva-globo-de-ouro-por-atuacao-em-ainda-estou-aqui\/\",\"name\":\"Fernanda Torres leva Globo de Ouro por atua\u00e7\u00e3o em Ainda Estou Aqui - VerdadeOn\",\"isPartOf\":{\"@id\":\"https:\/\/verdadeon.com.br\/portal\/#website\"},\"primaryImageOfPage\":{\"@id\":\"https:\/\/verdadeon.com.br\/portal\/2025\/01\/06\/fernanda-torres-leva-globo-de-ouro-por-atuacao-em-ainda-estou-aqui\/#primaryimage\"},\"image\":{\"@id\":\"https:\/\/verdadeon.com.br\/portal\/2025\/01\/06\/fernanda-torres-leva-globo-de-ouro-por-atuacao-em-ainda-estou-aqui\/#primaryimage\"},\"thumbnailUrl\":\"https:\/\/i0.wp.com\/verdadeon.com.br\/portal\/wp-content\/uploads\/2025\/01\/2025-01-06t042001z_1741868701_hp1el160bomie_rtrmadp_3_awards-goldenglobes.webp?fit=960%2C574&ssl=1\",\"datePublished\":\"2025-01-06T10:00:08+00:00\",\"dateModified\":\"2025-01-06T17:49:01+00:00\",\"author\":{\"@id\":\"https:\/\/verdadeon.com.br\/portal\/#\/schema\/person\/a5060ad1e9ea3df545188fc93ce43d2f\"},\"breadcrumb\":{\"@id\":\"https:\/\/verdadeon.com.br\/portal\/2025\/01\/06\/fernanda-torres-leva-globo-de-ouro-por-atuacao-em-ainda-estou-aqui\/#breadcrumb\"},\"inLanguage\":\"pt-BR\",\"potentialAction\":[{\"@type\":\"ReadAction\",\"target\":[\"https:\/\/verdadeon.com.br\/portal\/2025\/01\/06\/fernanda-torres-leva-globo-de-ouro-por-atuacao-em-ainda-estou-aqui\/\"]}]},{\"@type\":\"ImageObject\",\"inLanguage\":\"pt-BR\",\"@id\":\"https:\/\/verdadeon.com.br\/portal\/2025\/01\/06\/fernanda-torres-leva-globo-de-ouro-por-atuacao-em-ainda-estou-aqui\/#primaryimage\",\"url\":\"https:\/\/i0.wp.com\/verdadeon.com.br\/portal\/wp-content\/uploads\/2025\/01\/2025-01-06t042001z_1741868701_hp1el160bomie_rtrmadp_3_awards-goldenglobes.webp?fit=960%2C574&ssl=1\",\"contentUrl\":\"https:\/\/i0.wp.com\/verdadeon.com.br\/portal\/wp-content\/uploads\/2025\/01\/2025-01-06t042001z_1741868701_hp1el160bomie_rtrmadp_3_awards-goldenglobes.webp?fit=960%2C574&ssl=1\",\"width\":960,\"height\":574,\"caption\":\"A atriz Fernanda Torres, filha de um dos maiores nomes da dramaturgia nacional, Fernanda Montenegro (\u00a9CBS)\"},{\"@type\":\"BreadcrumbList\",\"@id\":\"https:\/\/verdadeon.com.br\/portal\/2025\/01\/06\/fernanda-torres-leva-globo-de-ouro-por-atuacao-em-ainda-estou-aqui\/#breadcrumb\",\"itemListElement\":[{\"@type\":\"ListItem\",\"position\":1,\"name\":\"In\u00edcio\",\"item\":\"https:\/\/verdadeon.com.br\/portal\/\"},{\"@type\":\"ListItem\",\"position\":2,\"name\":\"Fernanda Torres leva Globo de Ouro por atua\u00e7\u00e3o em Ainda Estou Aqui\"}]},{\"@type\":\"WebSite\",\"@id\":\"https:\/\/verdadeon.com.br\/portal\/#website\",\"url\":\"https:\/\/verdadeon.com.br\/portal\/\",\"name\":\"VerdadeOn\",\"description\":\"Not\u00edcias di\u00e1rias sobre Franca, Regi\u00e3o, Esporte, Cultura, Cotidiano, Colunas. Cobertura nos principais eventos da cidade \u00e9 aqui - Verdadeon Franca\",\"potentialAction\":[{\"@type\":\"SearchAction\",\"target\":{\"@type\":\"EntryPoint\",\"urlTemplate\":\"https:\/\/verdadeon.com.br\/portal\/?s={search_term_string}\"},\"query-input\":{\"@type\":\"PropertyValueSpecification\",\"valueRequired\":true,\"valueName\":\"search_term_string\"}}],\"inLanguage\":\"pt-BR\"},{\"@type\":\"Person\",\"@id\":\"https:\/\/verdadeon.com.br\/portal\/#\/schema\/person\/a5060ad1e9ea3df545188fc93ce43d2f\",\"name\":\"Redacao VerdadeOn\",\"image\":{\"@type\":\"ImageObject\",\"inLanguage\":\"pt-BR\",\"@id\":\"https:\/\/verdadeon.com.br\/portal\/#\/schema\/person\/image\/\",\"url\":\"https:\/\/secure.gravatar.com\/avatar\/459a9613caaaf07f582c3d0841eea68bdd66f533e465e6ba8b9cb45619572cf4?s=96&d=mm&r=g\",\"contentUrl\":\"https:\/\/secure.gravatar.com\/avatar\/459a9613caaaf07f582c3d0841eea68bdd66f533e465e6ba8b9cb45619572cf4?s=96&d=mm&r=g\",\"caption\":\"Redacao VerdadeOn\"},\"url\":\"https:\/\/verdadeon.com.br\/portal\/author\/redacao\/\"}]}<\/script>\n<!-- \/ Yoast SEO plugin. -->","yoast_head_json":{"title":"Fernanda Torres leva Globo de Ouro por atua\u00e7\u00e3o em Ainda Estou Aqui - VerdadeOn","robots":{"index":"index","follow":"follow","max-snippet":"max-snippet:-1","max-image-preview":"max-image-preview:large","max-video-preview":"max-video-preview:-1"},"canonical":"https:\/\/verdadeon.com.br\/portal\/2025\/01\/06\/fernanda-torres-leva-globo-de-ouro-por-atuacao-em-ainda-estou-aqui\/","og_locale":"pt_BR","og_type":"article","og_title":"Fernanda Torres leva Globo de Ouro por atua\u00e7\u00e3o em Ainda Estou Aqui - VerdadeOn","og_description":"Atriz interpretou a advogada Eunice, vi\u00fava de Rubens Paiva O cinema brasileiro vive um momento hist\u00f3rico. A atriz Fernanda Torres recebeu nesta segunda-feira (6), em Los [\u2026]","og_url":"https:\/\/verdadeon.com.br\/portal\/2025\/01\/06\/fernanda-torres-leva-globo-de-ouro-por-atuacao-em-ainda-estou-aqui\/","og_site_name":"VerdadeOn","article_published_time":"2025-01-06T10:00:08+00:00","article_modified_time":"2025-01-06T17:49:01+00:00","og_image":[{"width":960,"height":574,"url":"https:\/\/i0.wp.com\/verdadeon.com.br\/portal\/wp-content\/uploads\/2025\/01\/2025-01-06t042001z_1741868701_hp1el160bomie_rtrmadp_3_awards-goldenglobes.webp?fit=960%2C574&ssl=1","type":"image\/webp"}],"author":"Redacao VerdadeOn","twitter_card":"summary_large_image","twitter_misc":{"Escrito por":"Redacao VerdadeOn","Est. tempo de leitura":"2 minutos"},"schema":{"@context":"https:\/\/schema.org","@graph":[{"@type":"WebPage","@id":"https:\/\/verdadeon.com.br\/portal\/2025\/01\/06\/fernanda-torres-leva-globo-de-ouro-por-atuacao-em-ainda-estou-aqui\/","url":"https:\/\/verdadeon.com.br\/portal\/2025\/01\/06\/fernanda-torres-leva-globo-de-ouro-por-atuacao-em-ainda-estou-aqui\/","name":"Fernanda Torres leva Globo de Ouro por atua\u00e7\u00e3o em Ainda Estou Aqui - VerdadeOn","isPartOf":{"@id":"https:\/\/verdadeon.com.br\/portal\/#website"},"primaryImageOfPage":{"@id":"https:\/\/verdadeon.com.br\/portal\/2025\/01\/06\/fernanda-torres-leva-globo-de-ouro-por-atuacao-em-ainda-estou-aqui\/#primaryimage"},"image":{"@id":"https:\/\/verdadeon.com.br\/portal\/2025\/01\/06\/fernanda-torres-leva-globo-de-ouro-por-atuacao-em-ainda-estou-aqui\/#primaryimage"},"thumbnailUrl":"https:\/\/i0.wp.com\/verdadeon.com.br\/portal\/wp-content\/uploads\/2025\/01\/2025-01-06t042001z_1741868701_hp1el160bomie_rtrmadp_3_awards-goldenglobes.webp?fit=960%2C574&ssl=1","datePublished":"2025-01-06T10:00:08+00:00","dateModified":"2025-01-06T17:49:01+00:00","author":{"@id":"https:\/\/verdadeon.com.br\/portal\/#\/schema\/person\/a5060ad1e9ea3df545188fc93ce43d2f"},"breadcrumb":{"@id":"https:\/\/verdadeon.com.br\/portal\/2025\/01\/06\/fernanda-torres-leva-globo-de-ouro-por-atuacao-em-ainda-estou-aqui\/#breadcrumb"},"inLanguage":"pt-BR","potentialAction":[{"@type":"ReadAction","target":["https:\/\/verdadeon.com.br\/portal\/2025\/01\/06\/fernanda-torres-leva-globo-de-ouro-por-atuacao-em-ainda-estou-aqui\/"]}]},{"@type":"ImageObject","inLanguage":"pt-BR","@id":"https:\/\/verdadeon.com.br\/portal\/2025\/01\/06\/fernanda-torres-leva-globo-de-ouro-por-atuacao-em-ainda-estou-aqui\/#primaryimage","url":"https:\/\/i0.wp.com\/verdadeon.com.br\/portal\/wp-content\/uploads\/2025\/01\/2025-01-06t042001z_1741868701_hp1el160bomie_rtrmadp_3_awards-goldenglobes.webp?fit=960%2C574&ssl=1","contentUrl":"https:\/\/i0.wp.com\/verdadeon.com.br\/portal\/wp-content\/uploads\/2025\/01\/2025-01-06t042001z_1741868701_hp1el160bomie_rtrmadp_3_awards-goldenglobes.webp?fit=960%2C574&ssl=1","width":960,"height":574,"caption":"A atriz Fernanda Torres, filha de um dos maiores nomes da dramaturgia nacional, Fernanda Montenegro (\u00a9CBS)"},{"@type":"BreadcrumbList","@id":"https:\/\/verdadeon.com.br\/portal\/2025\/01\/06\/fernanda-torres-leva-globo-de-ouro-por-atuacao-em-ainda-estou-aqui\/#breadcrumb","itemListElement":[{"@type":"ListItem","position":1,"name":"In\u00edcio","item":"https:\/\/verdadeon.com.br\/portal\/"},{"@type":"ListItem","position":2,"name":"Fernanda Torres leva Globo de Ouro por atua\u00e7\u00e3o em Ainda Estou Aqui"}]},{"@type":"WebSite","@id":"https:\/\/verdadeon.com.br\/portal\/#website","url":"https:\/\/verdadeon.com.br\/portal\/","name":"VerdadeOn","description":"Not\u00edcias di\u00e1rias sobre Franca, Regi\u00e3o, Esporte, Cultura, Cotidiano, Colunas. Cobertura nos principais eventos da cidade \u00e9 aqui - Verdadeon Franca","potentialAction":[{"@type":"SearchAction","target":{"@type":"EntryPoint","urlTemplate":"https:\/\/verdadeon.com.br\/portal\/?s={search_term_string}"},"query-input":{"@type":"PropertyValueSpecification","valueRequired":true,"valueName":"search_term_string"}}],"inLanguage":"pt-BR"},{"@type":"Person","@id":"https:\/\/verdadeon.com.br\/portal\/#\/schema\/person\/a5060ad1e9ea3df545188fc93ce43d2f","name":"Redacao VerdadeOn","image":{"@type":"ImageObject","inLanguage":"pt-BR","@id":"https:\/\/verdadeon.com.br\/portal\/#\/schema\/person\/image\/","url":"https:\/\/secure.gravatar.com\/avatar\/459a9613caaaf07f582c3d0841eea68bdd66f533e465e6ba8b9cb45619572cf4?s=96&d=mm&r=g","contentUrl":"https:\/\/secure.gravatar.com\/avatar\/459a9613caaaf07f582c3d0841eea68bdd66f533e465e6ba8b9cb45619572cf4?s=96&d=mm&r=g","caption":"Redacao VerdadeOn"},"url":"https:\/\/verdadeon.com.br\/portal\/author\/redacao\/"}]}},"jetpack_publicize_connections":[],"jetpack_featured_media_url":"https:\/\/i0.wp.com\/verdadeon.com.br\/portal\/wp-content\/uploads\/2025\/01\/2025-01-06t042001z_1741868701_hp1el160bomie_rtrmadp_3_awards-goldenglobes.webp?fit=960%2C574&ssl=1","jetpack_sharing_enabled":true,"_links":{"self":[{"href":"https:\/\/verdadeon.com.br\/portal\/wp-json\/wp\/v2\/posts\/52846","targetHints":{"allow":["GET"]}}],"collection":[{"href":"https:\/\/verdadeon.com.br\/portal\/wp-json\/wp\/v2\/posts"}],"about":[{"href":"https:\/\/verdadeon.com.br\/portal\/wp-json\/wp\/v2\/types\/post"}],"author":[{"embeddable":true,"href":"https:\/\/verdadeon.com.br\/portal\/wp-json\/wp\/v2\/users\/10"}],"replies":[{"embeddable":true,"href":"https:\/\/verdadeon.com.br\/portal\/wp-json\/wp\/v2\/comments?post=52846"}],"version-history":[{"count":1,"href":"https:\/\/verdadeon.com.br\/portal\/wp-json\/wp\/v2\/posts\/52846\/revisions"}],"predecessor-version":[{"id":52848,"href":"https:\/\/verdadeon.com.br\/portal\/wp-json\/wp\/v2\/posts\/52846\/revisions\/52848"}],"wp:featuredmedia":[{"embeddable":true,"href":"https:\/\/verdadeon.com.br\/portal\/wp-json\/wp\/v2\/media\/52847"}],"wp:attachment":[{"href":"https:\/\/verdadeon.com.br\/portal\/wp-json\/wp\/v2\/media?parent=52846"}],"wp:term":[{"taxonomy":"category","embeddable":true,"href":"https:\/\/verdadeon.com.br\/portal\/wp-json\/wp\/v2\/categories?post=52846"},{"taxonomy":"post_tag","embeddable":true,"href":"https:\/\/verdadeon.com.br\/portal\/wp-json\/wp\/v2\/tags?post=52846"}],"curies":[{"name":"wp","href":"https:\/\/api.w.org\/{rel}","templated":true}]}}