{"id":52841,"date":"2025-01-07T14:49:30","date_gmt":"2025-01-07T17:49:30","guid":{"rendered":"https:\/\/verdadeon.com.br\/portal\/?p=52841"},"modified":"2025-01-07T14:50:06","modified_gmt":"2025-01-07T17:50:06","slug":"contra-combinacao-de-alcool-e-direcao-detran-sp-supera-marca-de-400-mil-motoristas-fiscalizados-no-estado-ao-longo-de-2024","status":"publish","type":"post","link":"https:\/\/verdadeon.com.br\/portal\/2025\/01\/07\/contra-combinacao-de-alcool-e-direcao-detran-sp-supera-marca-de-400-mil-motoristas-fiscalizados-no-estado-ao-longo-de-2024\/","title":{"rendered":"2024: Abordagens do Detran-SP em Franca aumentam 21% em rela\u00e7\u00e3o a 2023"},"content":{"rendered":"<h2>A Regi\u00e3o registrou aumento de 107% nas abordagens em rela\u00e7\u00e3o a 2023 durante as Opera\u00e7\u00f5es Dire\u00e7\u00e3o Segura Integrada<\/h2>\n<div>Com o fim do ano de 2024, o Departamento Estadual de Tr\u00e2nsito de S\u00e3o Paulo (Detran-SP) registrou um aumento expressivo de ve\u00edculos fiscalizados em opera\u00e7\u00f5es contra a alcoolemia &#8211; as ODSIs (Opera\u00e7\u00e3o Dire\u00e7\u00e3o Segura Integrada). Nas rodovias e avenidas paulistas, foram abordados 401.713 motoristas durante todo o ano \u2013 pela primeira vez na hist\u00f3ria da autarquia \u2013 o que representa um aumento de 56% em rela\u00e7\u00e3o ao mesmo per\u00edodo de 2023, quando houve 256.901 condutores fiscalizados. O foco das a\u00e7\u00f5es \u00e9 reduzir e prevenir sinistros para promover o aumento da seguran\u00e7a vi\u00e1ria em todos os munic\u00edpios do estado, com o apoio de equipes das pol\u00edcias Militar, Civil e T\u00e9cnico-Cient\u00edfica.<\/div>\n<div><\/div>\n<div>Em 2024, foram realizadas 565 opera\u00e7\u00f5es, representando um crescimento de 21% em compara\u00e7\u00e3o ao ano anterior (467 opera\u00e7\u00f5es). Alinhadas com o compromisso do Detran-SP em reduzir riscos e salvar vidas no tr\u00e2nsito, as a\u00e7\u00f5es de 2025 j\u00e1 iniciaram. O refor\u00e7o na fiscaliza\u00e7\u00e3o usou como estrat\u00e9gias a realiza\u00e7\u00e3o de mais opera\u00e7\u00f5es em rodovias, nos acessos \u00e0s cidades; mais agentes do Detran-SP nas ruas durante as opera\u00e7\u00f5es; uso de etil\u00f4metros mais modernos que permitem aferir resultados rapidamente, de forma a dar fluidez \u00e0 opera\u00e7\u00e3o. Al\u00e9m disso, com a utiliza\u00e7\u00e3o do talon\u00e1rio eletr\u00f4nico, as infra\u00e7\u00f5es s\u00e3o lavradas de forma digital, numa esp\u00e9cie de smartphone, sem o uso do papel, para permitir maior precis\u00e3o e agilidade \u00e0 ODSI.<\/div>\n<div><\/div>\n<div><strong>A regi\u00e3o de Franca<\/strong><\/div>\n<div>Em 2024, a regi\u00e3o de Franca se destacou com crescimento de 107% no n\u00famero de motoristas abordados em rela\u00e7\u00e3o a 2023. O n\u00famero, que era 16.171, saltou para 33.541 no ano passado. Em 2024, foram realizadas 42 opera\u00e7\u00f5es, enquanto em 2023 esse n\u00famero foi de 30, o que representa um aumento de 40%.<\/div>\n<div><\/div>\n<div><strong>Motoristas autuados na regi\u00e3o de Franca<\/strong><\/div>\n<div>Em 2024, 1.185 condutores foram autuados por alcoolemia &#8211; um aumento de 49% no comparativo com 2023 \u2013 que registrou 793 autua\u00e7\u00f5es do tipo. Esse mesmo comparativo mostra que mais de 95% das infra\u00e7\u00f5es aplicadas s\u00e3o por recusa dos condutores ao teste do baf\u00f4metro, sendo 1.132 recusas em 2024 e 705 recusas em 2023.<\/div>\n<div><\/div>\n<div><img loading=\"lazy\" decoding=\"async\" class=\"CToWUd\" src=\"https:\/\/lh7-rt.googleusercontent.com\/docsz\/AD_4nXfQYd53qHWmvEjcjoUC1j40zzcZYhXb-323PH947f8Nfqs7qQQchzhhsWE1k7BucGXvgHaHVdsu-HFLk86pUhGwPKTYrQH4qufs6nvnFUr7qdonGrf_cnsNq7bRCf6zc9wewuTAKaYzwQOJp3v172w?key=1pFg3kUoHQrjYAbpikofE-KX\" width=\"698\" height=\"49\" data-bit=\"iit\" \/><\/div>\n<div>O n\u00famero absoluto de autua\u00e7\u00f5es por dire\u00e7\u00e3o sob influ\u00eancia de \u00e1lcool e a quantidade de crimes de tr\u00e2nsito, quando os motoristas apresentam \u00edndice a partir de 0,34 miligramas de \u00e1lcool por litro de ar expelido no teste do etil\u00f4metro, apresentaram a seguinte oscila\u00e7\u00e3o:<\/div>\n<div><\/div>\n<div><img loading=\"lazy\" decoding=\"async\" class=\"CToWUd\" src=\"https:\/\/lh7-rt.googleusercontent.com\/docsz\/AD_4nXdltrRRBBvIALhhRW8a-ZaH8iGCu_ALoAqlJuTAHOI8gqDNuZ6JYz8bbwsDVK1vroSQ8xZLa-i3Yvn7v0-K7uWqM647NwNaO9gGGKYvgJcL2M742OHoiWOWdK8PE08T1oAwnCPWmnyZjxZBTPRg2hc?key=1pFg3kUoHQrjYAbpikofE-KX\" width=\"683\" height=\"88\" data-bit=\"iit\" \/><\/div>\n<div><\/div>\n<div><strong>Tipos de Infra\u00e7\u00e3o<\/strong><\/div>\n<div>Nos tr\u00eas tipos de autua\u00e7\u00f5es por alcoolemia (recusa, dire\u00e7\u00e3o sob efeito de \u00e1lcool e embriaguez), se houver reincid\u00eancia no per\u00edodo de 12 meses, a multa \u00e9 aplicada em dobro, ou seja, no valor de R$5.869,40. Al\u00e9m disso, o motorista responder\u00e1 ainda a processo administrativo que poder\u00e1 culminar na cassa\u00e7\u00e3o do seu direito de dirigir, se forem esgotados todos os meios de defesa. Nesta \u00faltima situa\u00e7\u00e3o, ele ter\u00e1 de ser submetido ao processo de reabilita\u00e7\u00e3o para voltar a dirigir, incluindo a realiza\u00e7\u00e3o de novos exames necess\u00e1rios \u00e0 habilita\u00e7\u00e3o \u2013 e somente ap\u00f3s transcorrido o prazo de 24 meses depois da cassa\u00e7\u00e3o.<\/div>\n<div><\/div>\n<div><img loading=\"lazy\" decoding=\"async\" class=\"CToWUd a6T\" tabindex=\"0\" src=\"https:\/\/lh7-rt.googleusercontent.com\/docsz\/AD_4nXfgIk_5BOMUDLmJEYYIG2KqsblXsNmwOhH9nsBA0M05if5vMerWv346rIabVfs-lFP3KXujImnF5cMiD4TYYf_MWekzx5TqIrEtn97llDsS1XWuxkg0WCCOxOJC8dLENoigZUtukK1ZCe22Y2zEekM?key=1pFg3kUoHQrjYAbpikofE-KX\" width=\"532\" height=\"319\" data-bit=\"iit\" \/><\/div>\n<div><\/div>\n<div><strong>Sobre o Detran-SP<\/strong><\/div>\n<div><i>O Detran-SP trabalha incessantemente para prevenir sinistros e preservar vidas, com a meta de organizar um tr\u00e2nsito mais seguro e harmonioso entre todos os modais. O \u00f3rg\u00e3o segue comprometido em oferecer servi\u00e7os de excel\u00eancia aos cidad\u00e3os, baseados em valores como respeito, integridade, seguran\u00e7a e efici\u00eancia.<\/i><\/div>\n<div><\/div>\n<div><i>Atualmente, est\u00e1 implementando a transforma\u00e7\u00e3o digital para melhorar a qualidade de vida dos paulistas, facilitando o acesso aos servi\u00e7os p\u00fablicos. Dos 109 servi\u00e7os oferecidos pela autarquia, 76 j\u00e1 s\u00e3o disponibilizados em formato totalmente digital, n\u00e3o exigindo deslocamentos dos cidad\u00e3os para a sua conclus\u00e3o.\u00a0\u00a0<\/i><\/div>\n<div><\/div>\n<div><i>Como o maior \u00f3rg\u00e3o executivo de tr\u00e2nsito do pa\u00eds, o Departamento de Tr\u00e2nsito Paulista \u00e9 respons\u00e1vel por 28% da frota brasileira, com mais de 35 milh\u00f5es de ve\u00edculos registrados e mais de 25 milh\u00f5es de motoristas habilitados em todo o estado. Mensalmente, emite aproximadamente 400 mil Carteiras Nacionais de Habilita\u00e7\u00e3o (CNHs) e 1,2 milh\u00e3o de Certificados de Registro e Licenciamento Veicular (CRLVs). Em m\u00e9dia, s\u00e3o emitidos mais de 136 mil documentos por dia.<\/i><\/div>\n","protected":false},"excerpt":{"rendered":"<p>A Regi\u00e3o registrou aumento de 107% nas abordagens em rela\u00e7\u00e3o a 2023 durante as Opera\u00e7\u00f5es Dire\u00e7\u00e3o Segura Integrada Com o fim do ano de 2024, o<span class=\"excerpt-hellip\"> [\u2026]<\/span><\/p>\n","protected":false},"author":10,"featured_media":52842,"comment_status":"open","ping_status":"open","sticky":false,"template":"","format":"standard","meta":{"_jetpack_memberships_contains_paid_content":false,"footnotes":"","jetpack_publicize_message":"","jetpack_publicize_feature_enabled":true,"jetpack_social_post_already_shared":true,"jetpack_social_options":{"image_generator_settings":{"template":"highway","default_image_id":0,"enabled":false},"version":2}},"categories":[28,81],"tags":[],"class_list":["post-52841","post","type-post","status-publish","format-standard","has-post-thumbnail","hentry","category-cotidiano","category-manchete"],"yoast_head":"<!-- This site is optimized with the Yoast SEO plugin v25.6 - https:\/\/yoast.com\/wordpress\/plugins\/seo\/ -->\n<title>2024: Abordagens do Detran-SP em Franca aumentam 21% em rela\u00e7\u00e3o a 2023 - VerdadeOn<\/title>\n<meta name=\"robots\" content=\"index, follow, max-snippet:-1, max-image-preview:large, max-video-preview:-1\" \/>\n<link rel=\"canonical\" href=\"https:\/\/verdadeon.com.br\/portal\/2025\/01\/07\/contra-combinacao-de-alcool-e-direcao-detran-sp-supera-marca-de-400-mil-motoristas-fiscalizados-no-estado-ao-longo-de-2024\/\" \/>\n<meta property=\"og:locale\" content=\"pt_BR\" \/>\n<meta property=\"og:type\" content=\"article\" \/>\n<meta property=\"og:title\" content=\"2024: Abordagens do Detran-SP em Franca aumentam 21% em rela\u00e7\u00e3o a 2023 - VerdadeOn\" \/>\n<meta property=\"og:description\" content=\"A Regi\u00e3o registrou aumento de 107% nas abordagens em rela\u00e7\u00e3o a 2023 durante as Opera\u00e7\u00f5es Dire\u00e7\u00e3o Segura Integrada Com o fim do ano de 2024, o [\u2026]\" \/>\n<meta property=\"og:url\" content=\"https:\/\/verdadeon.com.br\/portal\/2025\/01\/07\/contra-combinacao-de-alcool-e-direcao-detran-sp-supera-marca-de-400-mil-motoristas-fiscalizados-no-estado-ao-longo-de-2024\/\" \/>\n<meta property=\"og:site_name\" content=\"VerdadeOn\" \/>\n<meta property=\"article:published_time\" content=\"2025-01-07T17:49:30+00:00\" \/>\n<meta property=\"article:modified_time\" content=\"2025-01-07T17:50:06+00:00\" \/>\n<meta property=\"og:image\" content=\"https:\/\/verdadeon.com.br\/portal\/wp-content\/uploads\/2025\/01\/unnamed-2.jpg\" \/>\n\t<meta property=\"og:image:width\" content=\"642\" \/>\n\t<meta property=\"og:image:height\" content=\"431\" \/>\n\t<meta property=\"og:image:type\" content=\"image\/jpeg\" \/>\n<meta name=\"author\" content=\"Redacao VerdadeOn\" \/>\n<meta name=\"twitter:card\" content=\"summary_large_image\" \/>\n<meta name=\"twitter:label1\" content=\"Escrito por\" \/>\n\t<meta name=\"twitter:data1\" content=\"Redacao VerdadeOn\" \/>\n\t<meta name=\"twitter:label2\" content=\"Est. tempo de leitura\" \/>\n\t<meta name=\"twitter:data2\" content=\"5 minutos\" \/>\n<script type=\"application\/ld+json\" class=\"yoast-schema-graph\">{\"@context\":\"https:\/\/schema.org\",\"@graph\":[{\"@type\":\"WebPage\",\"@id\":\"https:\/\/verdadeon.com.br\/portal\/2025\/01\/07\/contra-combinacao-de-alcool-e-direcao-detran-sp-supera-marca-de-400-mil-motoristas-fiscalizados-no-estado-ao-longo-de-2024\/\",\"url\":\"https:\/\/verdadeon.com.br\/portal\/2025\/01\/07\/contra-combinacao-de-alcool-e-direcao-detran-sp-supera-marca-de-400-mil-motoristas-fiscalizados-no-estado-ao-longo-de-2024\/\",\"name\":\"2024: Abordagens do Detran-SP em Franca aumentam 21% em rela\u00e7\u00e3o a 2023 - VerdadeOn\",\"isPartOf\":{\"@id\":\"https:\/\/verdadeon.com.br\/portal\/#website\"},\"primaryImageOfPage\":{\"@id\":\"https:\/\/verdadeon.com.br\/portal\/2025\/01\/07\/contra-combinacao-de-alcool-e-direcao-detran-sp-supera-marca-de-400-mil-motoristas-fiscalizados-no-estado-ao-longo-de-2024\/#primaryimage\"},\"image\":{\"@id\":\"https:\/\/verdadeon.com.br\/portal\/2025\/01\/07\/contra-combinacao-de-alcool-e-direcao-detran-sp-supera-marca-de-400-mil-motoristas-fiscalizados-no-estado-ao-longo-de-2024\/#primaryimage\"},\"thumbnailUrl\":\"https:\/\/i0.wp.com\/verdadeon.com.br\/portal\/wp-content\/uploads\/2025\/01\/unnamed-2.jpg?fit=642%2C431&ssl=1\",\"datePublished\":\"2025-01-07T17:49:30+00:00\",\"dateModified\":\"2025-01-07T17:50:06+00:00\",\"author\":{\"@id\":\"https:\/\/verdadeon.com.br\/portal\/#\/schema\/person\/a5060ad1e9ea3df545188fc93ce43d2f\"},\"breadcrumb\":{\"@id\":\"https:\/\/verdadeon.com.br\/portal\/2025\/01\/07\/contra-combinacao-de-alcool-e-direcao-detran-sp-supera-marca-de-400-mil-motoristas-fiscalizados-no-estado-ao-longo-de-2024\/#breadcrumb\"},\"inLanguage\":\"pt-BR\",\"potentialAction\":[{\"@type\":\"ReadAction\",\"target\":[\"https:\/\/verdadeon.com.br\/portal\/2025\/01\/07\/contra-combinacao-de-alcool-e-direcao-detran-sp-supera-marca-de-400-mil-motoristas-fiscalizados-no-estado-ao-longo-de-2024\/\"]}]},{\"@type\":\"ImageObject\",\"inLanguage\":\"pt-BR\",\"@id\":\"https:\/\/verdadeon.com.br\/portal\/2025\/01\/07\/contra-combinacao-de-alcool-e-direcao-detran-sp-supera-marca-de-400-mil-motoristas-fiscalizados-no-estado-ao-longo-de-2024\/#primaryimage\",\"url\":\"https:\/\/i0.wp.com\/verdadeon.com.br\/portal\/wp-content\/uploads\/2025\/01\/unnamed-2.jpg?fit=642%2C431&ssl=1\",\"contentUrl\":\"https:\/\/i0.wp.com\/verdadeon.com.br\/portal\/wp-content\/uploads\/2025\/01\/unnamed-2.jpg?fit=642%2C431&ssl=1\",\"width\":642,\"height\":431,\"caption\":\"Em 2024, na cidade de Franca, foram realizadas 42 opera\u00e7\u00f5es, enquanto em 2023 esse n\u00famero foi de 30, o que representa um aumento de 40% (\u00a9Divulga\u00e7\u00e3o)\"},{\"@type\":\"BreadcrumbList\",\"@id\":\"https:\/\/verdadeon.com.br\/portal\/2025\/01\/07\/contra-combinacao-de-alcool-e-direcao-detran-sp-supera-marca-de-400-mil-motoristas-fiscalizados-no-estado-ao-longo-de-2024\/#breadcrumb\",\"itemListElement\":[{\"@type\":\"ListItem\",\"position\":1,\"name\":\"In\u00edcio\",\"item\":\"https:\/\/verdadeon.com.br\/portal\/\"},{\"@type\":\"ListItem\",\"position\":2,\"name\":\"2024: Abordagens do Detran-SP em Franca aumentam 21% em rela\u00e7\u00e3o a 2023\"}]},{\"@type\":\"WebSite\",\"@id\":\"https:\/\/verdadeon.com.br\/portal\/#website\",\"url\":\"https:\/\/verdadeon.com.br\/portal\/\",\"name\":\"VerdadeOn\",\"description\":\"Not\u00edcias di\u00e1rias sobre Franca, Regi\u00e3o, Esporte, Cultura, Cotidiano, Colunas. Cobertura nos principais eventos da cidade \u00e9 aqui - Verdadeon Franca\",\"potentialAction\":[{\"@type\":\"SearchAction\",\"target\":{\"@type\":\"EntryPoint\",\"urlTemplate\":\"https:\/\/verdadeon.com.br\/portal\/?s={search_term_string}\"},\"query-input\":{\"@type\":\"PropertyValueSpecification\",\"valueRequired\":true,\"valueName\":\"search_term_string\"}}],\"inLanguage\":\"pt-BR\"},{\"@type\":\"Person\",\"@id\":\"https:\/\/verdadeon.com.br\/portal\/#\/schema\/person\/a5060ad1e9ea3df545188fc93ce43d2f\",\"name\":\"Redacao VerdadeOn\",\"image\":{\"@type\":\"ImageObject\",\"inLanguage\":\"pt-BR\",\"@id\":\"https:\/\/verdadeon.com.br\/portal\/#\/schema\/person\/image\/\",\"url\":\"https:\/\/secure.gravatar.com\/avatar\/459a9613caaaf07f582c3d0841eea68bdd66f533e465e6ba8b9cb45619572cf4?s=96&d=mm&r=g\",\"contentUrl\":\"https:\/\/secure.gravatar.com\/avatar\/459a9613caaaf07f582c3d0841eea68bdd66f533e465e6ba8b9cb45619572cf4?s=96&d=mm&r=g\",\"caption\":\"Redacao VerdadeOn\"},\"url\":\"https:\/\/verdadeon.com.br\/portal\/author\/redacao\/\"}]}<\/script>\n<!-- \/ Yoast SEO plugin. -->","yoast_head_json":{"title":"2024: Abordagens do Detran-SP em Franca aumentam 21% em rela\u00e7\u00e3o a 2023 - VerdadeOn","robots":{"index":"index","follow":"follow","max-snippet":"max-snippet:-1","max-image-preview":"max-image-preview:large","max-video-preview":"max-video-preview:-1"},"canonical":"https:\/\/verdadeon.com.br\/portal\/2025\/01\/07\/contra-combinacao-de-alcool-e-direcao-detran-sp-supera-marca-de-400-mil-motoristas-fiscalizados-no-estado-ao-longo-de-2024\/","og_locale":"pt_BR","og_type":"article","og_title":"2024: Abordagens do Detran-SP em Franca aumentam 21% em rela\u00e7\u00e3o a 2023 - VerdadeOn","og_description":"A Regi\u00e3o registrou aumento de 107% nas abordagens em rela\u00e7\u00e3o a 2023 durante as Opera\u00e7\u00f5es Dire\u00e7\u00e3o Segura Integrada Com o fim do ano de 2024, o [\u2026]","og_url":"https:\/\/verdadeon.com.br\/portal\/2025\/01\/07\/contra-combinacao-de-alcool-e-direcao-detran-sp-supera-marca-de-400-mil-motoristas-fiscalizados-no-estado-ao-longo-de-2024\/","og_site_name":"VerdadeOn","article_published_time":"2025-01-07T17:49:30+00:00","article_modified_time":"2025-01-07T17:50:06+00:00","og_image":[{"width":642,"height":431,"url":"https:\/\/verdadeon.com.br\/portal\/wp-content\/uploads\/2025\/01\/unnamed-2.jpg","type":"image\/jpeg"}],"author":"Redacao VerdadeOn","twitter_card":"summary_large_image","twitter_misc":{"Escrito por":"Redacao VerdadeOn","Est. tempo de leitura":"5 minutos"},"schema":{"@context":"https:\/\/schema.org","@graph":[{"@type":"WebPage","@id":"https:\/\/verdadeon.com.br\/portal\/2025\/01\/07\/contra-combinacao-de-alcool-e-direcao-detran-sp-supera-marca-de-400-mil-motoristas-fiscalizados-no-estado-ao-longo-de-2024\/","url":"https:\/\/verdadeon.com.br\/portal\/2025\/01\/07\/contra-combinacao-de-alcool-e-direcao-detran-sp-supera-marca-de-400-mil-motoristas-fiscalizados-no-estado-ao-longo-de-2024\/","name":"2024: Abordagens do Detran-SP em Franca aumentam 21% em rela\u00e7\u00e3o a 2023 - VerdadeOn","isPartOf":{"@id":"https:\/\/verdadeon.com.br\/portal\/#website"},"primaryImageOfPage":{"@id":"https:\/\/verdadeon.com.br\/portal\/2025\/01\/07\/contra-combinacao-de-alcool-e-direcao-detran-sp-supera-marca-de-400-mil-motoristas-fiscalizados-no-estado-ao-longo-de-2024\/#primaryimage"},"image":{"@id":"https:\/\/verdadeon.com.br\/portal\/2025\/01\/07\/contra-combinacao-de-alcool-e-direcao-detran-sp-supera-marca-de-400-mil-motoristas-fiscalizados-no-estado-ao-longo-de-2024\/#primaryimage"},"thumbnailUrl":"https:\/\/i0.wp.com\/verdadeon.com.br\/portal\/wp-content\/uploads\/2025\/01\/unnamed-2.jpg?fit=642%2C431&ssl=1","datePublished":"2025-01-07T17:49:30+00:00","dateModified":"2025-01-07T17:50:06+00:00","author":{"@id":"https:\/\/verdadeon.com.br\/portal\/#\/schema\/person\/a5060ad1e9ea3df545188fc93ce43d2f"},"breadcrumb":{"@id":"https:\/\/verdadeon.com.br\/portal\/2025\/01\/07\/contra-combinacao-de-alcool-e-direcao-detran-sp-supera-marca-de-400-mil-motoristas-fiscalizados-no-estado-ao-longo-de-2024\/#breadcrumb"},"inLanguage":"pt-BR","potentialAction":[{"@type":"ReadAction","target":["https:\/\/verdadeon.com.br\/portal\/2025\/01\/07\/contra-combinacao-de-alcool-e-direcao-detran-sp-supera-marca-de-400-mil-motoristas-fiscalizados-no-estado-ao-longo-de-2024\/"]}]},{"@type":"ImageObject","inLanguage":"pt-BR","@id":"https:\/\/verdadeon.com.br\/portal\/2025\/01\/07\/contra-combinacao-de-alcool-e-direcao-detran-sp-supera-marca-de-400-mil-motoristas-fiscalizados-no-estado-ao-longo-de-2024\/#primaryimage","url":"https:\/\/i0.wp.com\/verdadeon.com.br\/portal\/wp-content\/uploads\/2025\/01\/unnamed-2.jpg?fit=642%2C431&ssl=1","contentUrl":"https:\/\/i0.wp.com\/verdadeon.com.br\/portal\/wp-content\/uploads\/2025\/01\/unnamed-2.jpg?fit=642%2C431&ssl=1","width":642,"height":431,"caption":"Em 2024, na cidade de Franca, foram realizadas 42 opera\u00e7\u00f5es, enquanto em 2023 esse n\u00famero foi de 30, o que representa um aumento de 40% (\u00a9Divulga\u00e7\u00e3o)"},{"@type":"BreadcrumbList","@id":"https:\/\/verdadeon.com.br\/portal\/2025\/01\/07\/contra-combinacao-de-alcool-e-direcao-detran-sp-supera-marca-de-400-mil-motoristas-fiscalizados-no-estado-ao-longo-de-2024\/#breadcrumb","itemListElement":[{"@type":"ListItem","position":1,"name":"In\u00edcio","item":"https:\/\/verdadeon.com.br\/portal\/"},{"@type":"ListItem","position":2,"name":"2024: Abordagens do Detran-SP em Franca aumentam 21% em rela\u00e7\u00e3o a 2023"}]},{"@type":"WebSite","@id":"https:\/\/verdadeon.com.br\/portal\/#website","url":"https:\/\/verdadeon.com.br\/portal\/","name":"VerdadeOn","description":"Not\u00edcias di\u00e1rias sobre Franca, Regi\u00e3o, Esporte, Cultura, Cotidiano, Colunas. Cobertura nos principais eventos da cidade \u00e9 aqui - Verdadeon Franca","potentialAction":[{"@type":"SearchAction","target":{"@type":"EntryPoint","urlTemplate":"https:\/\/verdadeon.com.br\/portal\/?s={search_term_string}"},"query-input":{"@type":"PropertyValueSpecification","valueRequired":true,"valueName":"search_term_string"}}],"inLanguage":"pt-BR"},{"@type":"Person","@id":"https:\/\/verdadeon.com.br\/portal\/#\/schema\/person\/a5060ad1e9ea3df545188fc93ce43d2f","name":"Redacao VerdadeOn","image":{"@type":"ImageObject","inLanguage":"pt-BR","@id":"https:\/\/verdadeon.com.br\/portal\/#\/schema\/person\/image\/","url":"https:\/\/secure.gravatar.com\/avatar\/459a9613caaaf07f582c3d0841eea68bdd66f533e465e6ba8b9cb45619572cf4?s=96&d=mm&r=g","contentUrl":"https:\/\/secure.gravatar.com\/avatar\/459a9613caaaf07f582c3d0841eea68bdd66f533e465e6ba8b9cb45619572cf4?s=96&d=mm&r=g","caption":"Redacao VerdadeOn"},"url":"https:\/\/verdadeon.com.br\/portal\/author\/redacao\/"}]}},"jetpack_publicize_connections":[],"jetpack_featured_media_url":"https:\/\/i0.wp.com\/verdadeon.com.br\/portal\/wp-content\/uploads\/2025\/01\/unnamed-2.jpg?fit=642%2C431&ssl=1","jetpack_sharing_enabled":true,"_links":{"self":[{"href":"https:\/\/verdadeon.com.br\/portal\/wp-json\/wp\/v2\/posts\/52841","targetHints":{"allow":["GET"]}}],"collection":[{"href":"https:\/\/verdadeon.com.br\/portal\/wp-json\/wp\/v2\/posts"}],"about":[{"href":"https:\/\/verdadeon.com.br\/portal\/wp-json\/wp\/v2\/types\/post"}],"author":[{"embeddable":true,"href":"https:\/\/verdadeon.com.br\/portal\/wp-json\/wp\/v2\/users\/10"}],"replies":[{"embeddable":true,"href":"https:\/\/verdadeon.com.br\/portal\/wp-json\/wp\/v2\/comments?post=52841"}],"version-history":[{"count":3,"href":"https:\/\/verdadeon.com.br\/portal\/wp-json\/wp\/v2\/posts\/52841\/revisions"}],"predecessor-version":[{"id":52861,"href":"https:\/\/verdadeon.com.br\/portal\/wp-json\/wp\/v2\/posts\/52841\/revisions\/52861"}],"wp:featuredmedia":[{"embeddable":true,"href":"https:\/\/verdadeon.com.br\/portal\/wp-json\/wp\/v2\/media\/52842"}],"wp:attachment":[{"href":"https:\/\/verdadeon.com.br\/portal\/wp-json\/wp\/v2\/media?parent=52841"}],"wp:term":[{"taxonomy":"category","embeddable":true,"href":"https:\/\/verdadeon.com.br\/portal\/wp-json\/wp\/v2\/categories?post=52841"},{"taxonomy":"post_tag","embeddable":true,"href":"https:\/\/verdadeon.com.br\/portal\/wp-json\/wp\/v2\/tags?post=52841"}],"curies":[{"name":"wp","href":"https:\/\/api.w.org\/{rel}","templated":true}]}}