{"id":52743,"date":"2025-01-02T14:02:01","date_gmt":"2025-01-02T17:02:01","guid":{"rendered":"https:\/\/verdadeon.com.br\/portal\/?p=52743"},"modified":"2025-01-02T14:02:01","modified_gmt":"2025-01-02T17:02:01","slug":"eleitores-que-nao-votaram-devem-justificar-ausencia-ate-7-de-janeiro","status":"publish","type":"post","link":"https:\/\/verdadeon.com.br\/portal\/2025\/01\/02\/eleitores-que-nao-votaram-devem-justificar-ausencia-ate-7-de-janeiro\/","title":{"rendered":"Eleitores que n\u00e3o votaram devem justificar aus\u00eancia at\u00e9 7 de janeiro"},"content":{"rendered":"<div class=\"header-noticia full-width\">\n<h2 class=\"linha-fina-noticia\">Pedido pode ser feito em cart\u00f3rios eleitorais ou pela internet<\/h2>\n<p>O prazo para que o eleitor que n\u00e3o votou no segundo turno das elei\u00e7\u00f5es municipais de 2024\u00a0justifique\u00a0a aus\u00eancia terminar\u00e1 na pr\u00f3xima ter\u00e7a-feira (7). O segundo turno do pleito ocorreu\u00a0em 27 de outubro, em\u00a0<a href=\"https:\/\/agenciabrasil.ebc.com.br\/politica\/noticia\/2024-10\/eleitores-voltam-as-urnas-para-o-2o-turno-das-eleicoes-saiba-regras\" target=\"_blank\" rel=\"noopener\">51 munic\u00edpios do pa\u00eds<\/a>, sendo 15 capitais.<img data-recalc-dims=\"1\" decoding=\"async\" src=\"https:\/\/i0.wp.com\/agenciabrasil.ebc.com.br\/ebc.png?w=1220&#038;ssl=1\" \/><img data-recalc-dims=\"1\" decoding=\"async\" src=\"https:\/\/i0.wp.com\/agenciabrasil.ebc.com.br\/ebc.gif?w=1220&#038;ssl=1\" \/><\/p>\n<p>A justificativa vale para quem tem a obriga\u00e7\u00e3o de votar, por\u00e9m n\u00e3o compareceu \u00e0s urnas. No Brasil, o voto \u00e9 obrigat\u00f3rio para maiores de 18 anos e \u00e9 facultativo para pessoas com idade entre 16 e 18 anos, maiores de 70 anos e tamb\u00e9m para analfabetos.<\/p>\n<p>Cada turno eleitoral \u00e9 considerado uma elei\u00e7\u00e3o independente pela justi\u00e7a\u00a0eleitoral, para efeito de comparecimento.\u00a0Por isso, o eleitor dever\u00e1 justificar separadamente o n\u00e3o-comparecimento em cada um dos turnos.<\/p>\n<p><strong>Como justificar<\/strong><\/p>\n<p>A justificativa p\u00f3s-elei\u00e7\u00e3o pode ser feita presencialmente, no cart\u00f3rio eleitoral, ou\u00a0online\u00a0por meio do aplicativo para smartphones, o e-T\u00edtulo\u00a0da Justi\u00e7a Eleitoral ou pela internet.<\/p>\n<p>O eleitor que estiver com o t\u00edtulo eleitoral regular ou o mesmo suspenso poder\u00e1 justificar a falta pelo e-T\u00edtulo. No app, o eleitor faltoso deve acessar o link \u2018Mais op\u00e7\u00f5es\u2019, selecionar o local do pedido de justificativa de aus\u00eancia e preencher o formul\u00e1rio com os dados solicitados.<\/p>\n<p>Ent\u00e3o, ser\u00e1 gerado um c\u00f3digo de protocolo para que a pessoa possa acompanhar o andamento da solicita\u00e7\u00e3o. O requerimento ser\u00e1 transmitido \u00e0 zona eleitoral respons\u00e1vel pelo t\u00edtulo de eleitor para a devida an\u00e1lise. Ap\u00f3s a decis\u00e3o sobre a aceita\u00e7\u00e3o ou n\u00e3o da justificativa, o cidad\u00e3o ser\u00e1 notificado.<\/p>\n<p>Outro modo de justificar a aus\u00eancia ao pleito \u00e9 pelo site do Tribunal Superior Eleitoral (TSE), na p\u00e1gina eletr\u00f4nica de\u00a0<a href=\"https:\/\/www.tse.jus.br\/servicos-eleitorais\/autoatendimento-eleitoral#\/justifica-tn3\/home\" target=\"_blank\" rel=\"noopener\">Autoatendimento Eleitoral<\/a>. \u00c9 preciso informar o n\u00famero do t\u00edtulo eleitoral, do Cadastro de Pessoa F\u00edsica (CPF) ou o nome, a data de nascimento e o nome da m\u00e3e (caso conste). O internauta poder\u00e1 acompanhar o andamento do pedido encaminhado \u00e0 Justi\u00e7a Eleitoral no mesmo endere\u00e7o virtual.<\/p>\n<p>Os dados informados devem coincidir com os do cadastro eleitoral. Se o sistema n\u00e3o reconhecer os dados digitados, o eleitor dever\u00e1 contatar a zona eleitoral respons\u00e1vel pelo t\u00edtulo para esclarecimentos.<\/p>\n<p>E se o eleitor preferir justificar a aus\u00eancia ao pleito presencialmente, dever\u00e1 se dirigir ao cart\u00f3rio eleitoral mais pr\u00f3ximo, preencher o formul\u00e1rio de\u202fRequerimento de Justificativa Eleitoral (p\u00f3s-elei\u00e7\u00e3o) e entreg\u00e1-lo no ou envi\u00e1-lo via postal \u00e0 autoridade judici\u00e1ria da zona eleitoral respons\u00e1vel pelo t\u00edtulo. Assim que for aceita, a justificativa ser\u00e1 registrada no hist\u00f3rico do t\u00edtulo de eleitor.<\/p>\n<p><strong>Aus\u00eancia ou negativa<\/strong><\/p>\n<p>A aus\u00eancia injustificada \u00e0s urnas resulta em san\u00e7\u00f5es ao eleitor que faltou \u00e0s elei\u00e7\u00f5es municipais.<\/p>\n<p>Entre elas, est\u00e1 o pagamento da multa de\u00a0R$ 35,13 imposta pela Justi\u00e7a Eleitoral.<\/p>\n<p>De acordo com a resolu\u00e7\u00e3o-TSE\u00a023.659\/2021, o cidad\u00e3o que declarar estado de pobreza ficar\u00e1 isento do pagamento da multa por aus\u00eancia \u00e0s urnas.<\/p>\n<p>Ap\u00f3s 7 de janeiro, na\u00a0<a href=\"https:\/\/www.tse.jus.br\/servicos-eleitorais\/autoatendimento-eleitoral#\/\" target=\"_blank\" rel=\"noopener\">p\u00e1gina Quita\u00e7\u00e3o de Multas<\/a>, os eleitores podem consultar seus d\u00e9bitos e emitir a Guia de Recolhimento da Uni\u00e3o (GRU) para quita\u00e7\u00e3o de multas eleitorais decorrentes de aus\u00eancia \u00e0s urnas e\/ou aos trabalhos eleitorais.<\/p>\n<p>Al\u00e9m da multa, quem n\u00e3o compareceu \u00e0 se\u00e7\u00e3o eleitoral no segundo turno do pleito de 2024 e n\u00e3o justificou a aus\u00eancia ficar\u00e1 impedido de tirar o passaporte e a carteira de identidade; renovar matr\u00edcula em estabelecimento de ensino oficial ou fiscalizado pelo governo; inscrever-se em concurso p\u00fablico e tomar posse em cargo p\u00fablico; receber remunera\u00e7\u00e3o em fun\u00e7\u00e3o p\u00fablica, entre outras restri\u00e7\u00f5es.<\/p>\n<p>No caso de o eleitor ter feito o pedido de justificativa de aus\u00eancia a um dos turnos da elei\u00e7\u00e3o municipal de 2024 e a motiva\u00e7\u00e3o n\u00e3o ser aceita pelo ju\u00edzo eleitoral, ser\u00e1 arbitrado o valor da multa pelo magistrado da justi\u00e7a eleitoral.<\/p>\n<p>Se o t\u00edtulo estiver na situa\u00e7\u00e3o de &#8220;cancelado&#8221;, devido a tr\u00eas aus\u00eancias consecutivas injustificadas \u00e0s elei\u00e7\u00f5es, al\u00e9m de pagar as multas devidas, \u00e9 necess\u00e1rio solicitar uma revis\u00e3o ou uma transfer\u00eancia de domic\u00edlio para regularizar a situa\u00e7\u00e3o.<\/p>\n<\/div>\n<div class=\"subheader\">\n<div class=\"container-autoria\">Fonte: Ag\u00eancia Brasil<\/div>\n<\/div>\n","protected":false},"excerpt":{"rendered":"<p>Pedido pode ser feito em cart\u00f3rios eleitorais ou pela internet O prazo para que o eleitor que n\u00e3o votou no segundo turno das elei\u00e7\u00f5es municipais de<span class=\"excerpt-hellip\"> [\u2026]<\/span><\/p>\n","protected":false},"author":10,"featured_media":48945,"comment_status":"open","ping_status":"open","sticky":false,"template":"","format":"standard","meta":{"_jetpack_memberships_contains_paid_content":false,"footnotes":"","jetpack_publicize_message":"","jetpack_publicize_feature_enabled":true,"jetpack_social_post_already_shared":true,"jetpack_social_options":{"image_generator_settings":{"template":"highway","default_image_id":0,"enabled":false},"version":2}},"categories":[28,44],"tags":[],"class_list":["post-52743","post","type-post","status-publish","format-standard","has-post-thumbnail","hentry","category-cotidiano","category-noticias"],"yoast_head":"<!-- This site is optimized with the Yoast SEO plugin v25.6 - https:\/\/yoast.com\/wordpress\/plugins\/seo\/ -->\n<title>Eleitores que n\u00e3o votaram devem justificar aus\u00eancia at\u00e9 7 de janeiro - VerdadeOn<\/title>\n<meta name=\"robots\" content=\"index, follow, max-snippet:-1, max-image-preview:large, max-video-preview:-1\" \/>\n<link rel=\"canonical\" href=\"https:\/\/verdadeon.com.br\/portal\/2025\/01\/02\/eleitores-que-nao-votaram-devem-justificar-ausencia-ate-7-de-janeiro\/\" \/>\n<meta property=\"og:locale\" content=\"pt_BR\" \/>\n<meta property=\"og:type\" content=\"article\" \/>\n<meta property=\"og:title\" content=\"Eleitores que n\u00e3o votaram devem justificar aus\u00eancia at\u00e9 7 de janeiro - VerdadeOn\" \/>\n<meta property=\"og:description\" content=\"Pedido pode ser feito em cart\u00f3rios eleitorais ou pela internet O prazo para que o eleitor que n\u00e3o votou no segundo turno das elei\u00e7\u00f5es municipais de [\u2026]\" \/>\n<meta property=\"og:url\" content=\"https:\/\/verdadeon.com.br\/portal\/2025\/01\/02\/eleitores-que-nao-votaram-devem-justificar-ausencia-ate-7-de-janeiro\/\" \/>\n<meta property=\"og:site_name\" content=\"VerdadeOn\" \/>\n<meta property=\"article:published_time\" content=\"2025-01-02T17:02:01+00:00\" \/>\n<meta property=\"og:image\" content=\"https:\/\/verdadeon.com.br\/portal\/wp-content\/uploads\/2024\/08\/AnyConv.com__50429036346_a9271a4327_o.jpeg\" \/>\n\t<meta property=\"og:image:width\" content=\"1045\" \/>\n\t<meta property=\"og:image:height\" content=\"700\" \/>\n\t<meta property=\"og:image:type\" content=\"image\/jpeg\" \/>\n<meta name=\"author\" content=\"Redacao VerdadeOn\" \/>\n<meta name=\"twitter:card\" content=\"summary_large_image\" \/>\n<meta name=\"twitter:label1\" content=\"Escrito por\" \/>\n\t<meta name=\"twitter:data1\" content=\"Redacao VerdadeOn\" \/>\n\t<meta name=\"twitter:label2\" content=\"Est. tempo de leitura\" \/>\n\t<meta name=\"twitter:data2\" content=\"4 minutos\" \/>\n<script type=\"application\/ld+json\" class=\"yoast-schema-graph\">{\"@context\":\"https:\/\/schema.org\",\"@graph\":[{\"@type\":\"WebPage\",\"@id\":\"https:\/\/verdadeon.com.br\/portal\/2025\/01\/02\/eleitores-que-nao-votaram-devem-justificar-ausencia-ate-7-de-janeiro\/\",\"url\":\"https:\/\/verdadeon.com.br\/portal\/2025\/01\/02\/eleitores-que-nao-votaram-devem-justificar-ausencia-ate-7-de-janeiro\/\",\"name\":\"Eleitores que n\u00e3o votaram devem justificar aus\u00eancia at\u00e9 7 de janeiro - VerdadeOn\",\"isPartOf\":{\"@id\":\"https:\/\/verdadeon.com.br\/portal\/#website\"},\"primaryImageOfPage\":{\"@id\":\"https:\/\/verdadeon.com.br\/portal\/2025\/01\/02\/eleitores-que-nao-votaram-devem-justificar-ausencia-ate-7-de-janeiro\/#primaryimage\"},\"image\":{\"@id\":\"https:\/\/verdadeon.com.br\/portal\/2025\/01\/02\/eleitores-que-nao-votaram-devem-justificar-ausencia-ate-7-de-janeiro\/#primaryimage\"},\"thumbnailUrl\":\"https:\/\/i0.wp.com\/verdadeon.com.br\/portal\/wp-content\/uploads\/2024\/08\/AnyConv.com__50429036346_a9271a4327_o.jpeg?fit=1045%2C700&ssl=1\",\"datePublished\":\"2025-01-02T17:02:01+00:00\",\"author\":{\"@id\":\"https:\/\/verdadeon.com.br\/portal\/#\/schema\/person\/a5060ad1e9ea3df545188fc93ce43d2f\"},\"breadcrumb\":{\"@id\":\"https:\/\/verdadeon.com.br\/portal\/2025\/01\/02\/eleitores-que-nao-votaram-devem-justificar-ausencia-ate-7-de-janeiro\/#breadcrumb\"},\"inLanguage\":\"pt-BR\",\"potentialAction\":[{\"@type\":\"ReadAction\",\"target\":[\"https:\/\/verdadeon.com.br\/portal\/2025\/01\/02\/eleitores-que-nao-votaram-devem-justificar-ausencia-ate-7-de-janeiro\/\"]}]},{\"@type\":\"ImageObject\",\"inLanguage\":\"pt-BR\",\"@id\":\"https:\/\/verdadeon.com.br\/portal\/2025\/01\/02\/eleitores-que-nao-votaram-devem-justificar-ausencia-ate-7-de-janeiro\/#primaryimage\",\"url\":\"https:\/\/i0.wp.com\/verdadeon.com.br\/portal\/wp-content\/uploads\/2024\/08\/AnyConv.com__50429036346_a9271a4327_o.jpeg?fit=1045%2C700&ssl=1\",\"contentUrl\":\"https:\/\/i0.wp.com\/verdadeon.com.br\/portal\/wp-content\/uploads\/2024\/08\/AnyConv.com__50429036346_a9271a4327_o.jpeg?fit=1045%2C700&ssl=1\",\"width\":1045,\"height\":700,\"caption\":\"Cada turno eleitoral \u00e9 considerado uma elei\u00e7\u00e3o independente pela justi\u00e7a eleitoral, para efeito de comparecimento (\u00a9Antonio Augusto\/Ascom\/TSE)\"},{\"@type\":\"BreadcrumbList\",\"@id\":\"https:\/\/verdadeon.com.br\/portal\/2025\/01\/02\/eleitores-que-nao-votaram-devem-justificar-ausencia-ate-7-de-janeiro\/#breadcrumb\",\"itemListElement\":[{\"@type\":\"ListItem\",\"position\":1,\"name\":\"In\u00edcio\",\"item\":\"https:\/\/verdadeon.com.br\/portal\/\"},{\"@type\":\"ListItem\",\"position\":2,\"name\":\"Eleitores que n\u00e3o votaram devem justificar aus\u00eancia at\u00e9 7 de janeiro\"}]},{\"@type\":\"WebSite\",\"@id\":\"https:\/\/verdadeon.com.br\/portal\/#website\",\"url\":\"https:\/\/verdadeon.com.br\/portal\/\",\"name\":\"VerdadeOn\",\"description\":\"Not\u00edcias di\u00e1rias sobre Franca, Regi\u00e3o, Esporte, Cultura, Cotidiano, Colunas. Cobertura nos principais eventos da cidade \u00e9 aqui - Verdadeon Franca\",\"potentialAction\":[{\"@type\":\"SearchAction\",\"target\":{\"@type\":\"EntryPoint\",\"urlTemplate\":\"https:\/\/verdadeon.com.br\/portal\/?s={search_term_string}\"},\"query-input\":{\"@type\":\"PropertyValueSpecification\",\"valueRequired\":true,\"valueName\":\"search_term_string\"}}],\"inLanguage\":\"pt-BR\"},{\"@type\":\"Person\",\"@id\":\"https:\/\/verdadeon.com.br\/portal\/#\/schema\/person\/a5060ad1e9ea3df545188fc93ce43d2f\",\"name\":\"Redacao VerdadeOn\",\"image\":{\"@type\":\"ImageObject\",\"inLanguage\":\"pt-BR\",\"@id\":\"https:\/\/verdadeon.com.br\/portal\/#\/schema\/person\/image\/\",\"url\":\"https:\/\/secure.gravatar.com\/avatar\/459a9613caaaf07f582c3d0841eea68bdd66f533e465e6ba8b9cb45619572cf4?s=96&d=mm&r=g\",\"contentUrl\":\"https:\/\/secure.gravatar.com\/avatar\/459a9613caaaf07f582c3d0841eea68bdd66f533e465e6ba8b9cb45619572cf4?s=96&d=mm&r=g\",\"caption\":\"Redacao VerdadeOn\"},\"url\":\"https:\/\/verdadeon.com.br\/portal\/author\/redacao\/\"}]}<\/script>\n<!-- \/ Yoast SEO plugin. -->","yoast_head_json":{"title":"Eleitores que n\u00e3o votaram devem justificar aus\u00eancia at\u00e9 7 de janeiro - VerdadeOn","robots":{"index":"index","follow":"follow","max-snippet":"max-snippet:-1","max-image-preview":"max-image-preview:large","max-video-preview":"max-video-preview:-1"},"canonical":"https:\/\/verdadeon.com.br\/portal\/2025\/01\/02\/eleitores-que-nao-votaram-devem-justificar-ausencia-ate-7-de-janeiro\/","og_locale":"pt_BR","og_type":"article","og_title":"Eleitores que n\u00e3o votaram devem justificar aus\u00eancia at\u00e9 7 de janeiro - VerdadeOn","og_description":"Pedido pode ser feito em cart\u00f3rios eleitorais ou pela internet O prazo para que o eleitor que n\u00e3o votou no segundo turno das elei\u00e7\u00f5es municipais de [\u2026]","og_url":"https:\/\/verdadeon.com.br\/portal\/2025\/01\/02\/eleitores-que-nao-votaram-devem-justificar-ausencia-ate-7-de-janeiro\/","og_site_name":"VerdadeOn","article_published_time":"2025-01-02T17:02:01+00:00","og_image":[{"width":1045,"height":700,"url":"https:\/\/verdadeon.com.br\/portal\/wp-content\/uploads\/2024\/08\/AnyConv.com__50429036346_a9271a4327_o.jpeg","type":"image\/jpeg"}],"author":"Redacao VerdadeOn","twitter_card":"summary_large_image","twitter_misc":{"Escrito por":"Redacao VerdadeOn","Est. tempo de leitura":"4 minutos"},"schema":{"@context":"https:\/\/schema.org","@graph":[{"@type":"WebPage","@id":"https:\/\/verdadeon.com.br\/portal\/2025\/01\/02\/eleitores-que-nao-votaram-devem-justificar-ausencia-ate-7-de-janeiro\/","url":"https:\/\/verdadeon.com.br\/portal\/2025\/01\/02\/eleitores-que-nao-votaram-devem-justificar-ausencia-ate-7-de-janeiro\/","name":"Eleitores que n\u00e3o votaram devem justificar aus\u00eancia at\u00e9 7 de janeiro - VerdadeOn","isPartOf":{"@id":"https:\/\/verdadeon.com.br\/portal\/#website"},"primaryImageOfPage":{"@id":"https:\/\/verdadeon.com.br\/portal\/2025\/01\/02\/eleitores-que-nao-votaram-devem-justificar-ausencia-ate-7-de-janeiro\/#primaryimage"},"image":{"@id":"https:\/\/verdadeon.com.br\/portal\/2025\/01\/02\/eleitores-que-nao-votaram-devem-justificar-ausencia-ate-7-de-janeiro\/#primaryimage"},"thumbnailUrl":"https:\/\/i0.wp.com\/verdadeon.com.br\/portal\/wp-content\/uploads\/2024\/08\/AnyConv.com__50429036346_a9271a4327_o.jpeg?fit=1045%2C700&ssl=1","datePublished":"2025-01-02T17:02:01+00:00","author":{"@id":"https:\/\/verdadeon.com.br\/portal\/#\/schema\/person\/a5060ad1e9ea3df545188fc93ce43d2f"},"breadcrumb":{"@id":"https:\/\/verdadeon.com.br\/portal\/2025\/01\/02\/eleitores-que-nao-votaram-devem-justificar-ausencia-ate-7-de-janeiro\/#breadcrumb"},"inLanguage":"pt-BR","potentialAction":[{"@type":"ReadAction","target":["https:\/\/verdadeon.com.br\/portal\/2025\/01\/02\/eleitores-que-nao-votaram-devem-justificar-ausencia-ate-7-de-janeiro\/"]}]},{"@type":"ImageObject","inLanguage":"pt-BR","@id":"https:\/\/verdadeon.com.br\/portal\/2025\/01\/02\/eleitores-que-nao-votaram-devem-justificar-ausencia-ate-7-de-janeiro\/#primaryimage","url":"https:\/\/i0.wp.com\/verdadeon.com.br\/portal\/wp-content\/uploads\/2024\/08\/AnyConv.com__50429036346_a9271a4327_o.jpeg?fit=1045%2C700&ssl=1","contentUrl":"https:\/\/i0.wp.com\/verdadeon.com.br\/portal\/wp-content\/uploads\/2024\/08\/AnyConv.com__50429036346_a9271a4327_o.jpeg?fit=1045%2C700&ssl=1","width":1045,"height":700,"caption":"Cada turno eleitoral \u00e9 considerado uma elei\u00e7\u00e3o independente pela justi\u00e7a eleitoral, para efeito de comparecimento (\u00a9Antonio Augusto\/Ascom\/TSE)"},{"@type":"BreadcrumbList","@id":"https:\/\/verdadeon.com.br\/portal\/2025\/01\/02\/eleitores-que-nao-votaram-devem-justificar-ausencia-ate-7-de-janeiro\/#breadcrumb","itemListElement":[{"@type":"ListItem","position":1,"name":"In\u00edcio","item":"https:\/\/verdadeon.com.br\/portal\/"},{"@type":"ListItem","position":2,"name":"Eleitores que n\u00e3o votaram devem justificar aus\u00eancia at\u00e9 7 de janeiro"}]},{"@type":"WebSite","@id":"https:\/\/verdadeon.com.br\/portal\/#website","url":"https:\/\/verdadeon.com.br\/portal\/","name":"VerdadeOn","description":"Not\u00edcias di\u00e1rias sobre Franca, Regi\u00e3o, Esporte, Cultura, Cotidiano, Colunas. Cobertura nos principais eventos da cidade \u00e9 aqui - Verdadeon Franca","potentialAction":[{"@type":"SearchAction","target":{"@type":"EntryPoint","urlTemplate":"https:\/\/verdadeon.com.br\/portal\/?s={search_term_string}"},"query-input":{"@type":"PropertyValueSpecification","valueRequired":true,"valueName":"search_term_string"}}],"inLanguage":"pt-BR"},{"@type":"Person","@id":"https:\/\/verdadeon.com.br\/portal\/#\/schema\/person\/a5060ad1e9ea3df545188fc93ce43d2f","name":"Redacao VerdadeOn","image":{"@type":"ImageObject","inLanguage":"pt-BR","@id":"https:\/\/verdadeon.com.br\/portal\/#\/schema\/person\/image\/","url":"https:\/\/secure.gravatar.com\/avatar\/459a9613caaaf07f582c3d0841eea68bdd66f533e465e6ba8b9cb45619572cf4?s=96&d=mm&r=g","contentUrl":"https:\/\/secure.gravatar.com\/avatar\/459a9613caaaf07f582c3d0841eea68bdd66f533e465e6ba8b9cb45619572cf4?s=96&d=mm&r=g","caption":"Redacao VerdadeOn"},"url":"https:\/\/verdadeon.com.br\/portal\/author\/redacao\/"}]}},"jetpack_publicize_connections":[],"jetpack_featured_media_url":"https:\/\/i0.wp.com\/verdadeon.com.br\/portal\/wp-content\/uploads\/2024\/08\/AnyConv.com__50429036346_a9271a4327_o.jpeg?fit=1045%2C700&ssl=1","jetpack_sharing_enabled":true,"_links":{"self":[{"href":"https:\/\/verdadeon.com.br\/portal\/wp-json\/wp\/v2\/posts\/52743","targetHints":{"allow":["GET"]}}],"collection":[{"href":"https:\/\/verdadeon.com.br\/portal\/wp-json\/wp\/v2\/posts"}],"about":[{"href":"https:\/\/verdadeon.com.br\/portal\/wp-json\/wp\/v2\/types\/post"}],"author":[{"embeddable":true,"href":"https:\/\/verdadeon.com.br\/portal\/wp-json\/wp\/v2\/users\/10"}],"replies":[{"embeddable":true,"href":"https:\/\/verdadeon.com.br\/portal\/wp-json\/wp\/v2\/comments?post=52743"}],"version-history":[{"count":1,"href":"https:\/\/verdadeon.com.br\/portal\/wp-json\/wp\/v2\/posts\/52743\/revisions"}],"predecessor-version":[{"id":52744,"href":"https:\/\/verdadeon.com.br\/portal\/wp-json\/wp\/v2\/posts\/52743\/revisions\/52744"}],"wp:featuredmedia":[{"embeddable":true,"href":"https:\/\/verdadeon.com.br\/portal\/wp-json\/wp\/v2\/media\/48945"}],"wp:attachment":[{"href":"https:\/\/verdadeon.com.br\/portal\/wp-json\/wp\/v2\/media?parent=52743"}],"wp:term":[{"taxonomy":"category","embeddable":true,"href":"https:\/\/verdadeon.com.br\/portal\/wp-json\/wp\/v2\/categories?post=52743"},{"taxonomy":"post_tag","embeddable":true,"href":"https:\/\/verdadeon.com.br\/portal\/wp-json\/wp\/v2\/tags?post=52743"}],"curies":[{"name":"wp","href":"https:\/\/api.w.org\/{rel}","templated":true}]}}