{"id":52740,"date":"2025-01-02T13:54:51","date_gmt":"2025-01-02T16:54:51","guid":{"rendered":"https:\/\/verdadeon.com.br\/portal\/?p=52740"},"modified":"2025-01-02T16:56:11","modified_gmt":"2025-01-02T19:56:11","slug":"gestao-valorizou-a-oab-franca-acao-e-representatividade","status":"publish","type":"post","link":"https:\/\/verdadeon.com.br\/portal\/2025\/01\/02\/gestao-valorizou-a-oab-franca-acao-e-representatividade\/","title":{"rendered":"Gest\u00e3o valorizou a OAB Franca: a\u00e7\u00e3o e representatividade"},"content":{"rendered":"<h2>De janeiro de 2022 a dezembro de 2024, o balan\u00e7o do Presidente Dr. Acir de Matos Gomes da 13\u00aa subse\u00e7\u00e3o de Franca<\/h2>\n<p style=\"text-align: left;\" align=\"center\">Todas as metas e objetivos tra\u00e7ados foram realizados com \u00eaxito. Os n\u00fameros surpreendem e comprovam o trabalho realizado. Um dos grandes desafios era aproximar a OAB Franca da sociedade e da classe dos advogados e quanto aos meios de comunica\u00e7\u00e3o, a OAB passou a ser fonte de informa\u00e7\u00e3o jur\u00eddica de credibilidade.<\/p>\n<p>Colaborador do jornal Verdade, o advogado Dr. Acir faz um balan\u00e7o de sua prof\u00edcua gest\u00e3o \u00e0 frente da 13a Subse\u00e7\u00e3o da Ordem dos Advogados de Franca desde 2022 at\u00e9 agora. Os principais assuntos jur\u00eddicos foram pautados pela OAB Franca com a presen\u00e7a da advocacia nas r\u00e1dios, televis\u00f5es e portais. In\u00fameras participa\u00e7\u00f5es da advocacia no sentido de esclarecer os fatos sob o enfoque jur\u00eddico.<\/p>\n<p>Em prol da sociedade, a OAB Franca continuou inserida em v\u00e1rios Conselhos Municipais e o projeto \u2018OAB vai \u00e0 escola\u2019, palestras para mais de 5 mil alunos da rede estadual de ensino. Na penitenci\u00e1ria e Funda\u00e7\u00e3o Casa, palestras dos diversos assuntos jur\u00eddicos, de comunica\u00e7\u00e3o n\u00e3o violenta, viol\u00eancia contra mulheres, empregabilidade etc.<\/p>\n<p><b>Defesa da classe \u2013\u00a0<\/b>Quanto \u00e0 advocacia houve fortalecimento das comiss\u00f5es em 510 reuni\u00f5es. De congressos e simp\u00f3sios jur\u00eddicos e 12 palestras realizadas. Promoveu cursos de Direito Previdenci\u00e1rio, Processual Civil, Intelig\u00eancia Artificial e peticionamento eletr\u00f4nico.<\/p>\n<p>A diretoria se reuniu em 36 encontros e reuni\u00f5es praticamente di\u00e1rias, e os 600 foram os of\u00edcios enviados, al\u00e9m da Sess\u00e3o Solene de Desagravo e outra de desagravo que ser\u00e1 realizada em breve.\u00a0 Foram 37 atua\u00e7\u00f5es como assistentes em casos de viola\u00e7\u00e3o de prerrogativas.<\/p>\n<p>&nbsp;<\/p>\n<p><img loading=\"lazy\" decoding=\"async\" class=\"CToWUd a6T aligncenter\" tabindex=\"0\" src=\"https:\/\/mail.google.com\/mail\/u\/0?ui=2&amp;ik=3c6b1a466c&amp;attid=0.2&amp;permmsgid=msg-f:1820152666305548667&amp;th=19427b34d81f517b&amp;view=fimg&amp;fur=ip&amp;permmsgid=msg-f:1820152666305548667&amp;sz=s0-l75-ft&amp;attbid=ANGjdJ-5RrDz23G6G9AvN_EiCCrddzjwvrE_8Qr5acCUJISF5cevuNIZgs1CgVMkL1DmJ5oAKoB1PneESQkNewk26r5SUdvHtJIhoEzryoVXbftISWgreOc4saBl2No&amp;disp=emb&amp;realattid=ii_m5fi0uy81&amp;zw\" alt=\"image.png\" width=\"405\" height=\"269\" data-image-whitelisted=\"\" data-bit=\"iit\" \/><\/p>\n<p align=\"center\"><b>Melhorias\u00a0<i>\u2013\u00a0<\/i><\/b>A reforma da sala na Justi\u00e7a do Trabalho e no parlat\u00f3rio na penitenci\u00e1ria, e a vultosa amplia\u00e7\u00e3o da sede da OAB local, na constru\u00e7\u00e3o do sal\u00e3o social, sal\u00e3o nobre, galeria de ex-presidentes e acessibilidade, incluindo prepara\u00e7\u00e3o e in\u00edcio das instala\u00e7\u00f5es dos elevadores, totalizando 1.182,47m2 de \u00e1rea constru\u00edda\/reformada.<\/p>\n<p><b>Novos Profissionais<\/b> \u2013 Entrega de 780 carteiras a novos advogados na gest\u00e3o marcada pelo \u00eaxito e compartilhamento das decis\u00f5es com os membros da Diretoria e coordenadores de comiss\u00e3o. Assim, o ex-presidente avalia finalmente que sua gest\u00e3o 2022-2024 foi \u201cum marco na hist\u00f3ria da OAB Franca e modelo para as outras 256 cong\u00eaneres, por realiza\u00e7\u00f5es desde que foi eleita em novembro, em chapa \u00fanica e in\u00e9dita, a Dra. Luiza Gouv\u00eaa, presidente da OAB Franca, a primeira ap\u00f3s 29 homens. <i>(PFDG)<\/i><\/p>\n","protected":false},"excerpt":{"rendered":"<p>De janeiro de 2022 a dezembro de 2024, o balan\u00e7o do Presidente Dr. Acir de Matos Gomes da 13\u00aa subse\u00e7\u00e3o de Franca Todas as metas e<span class=\"excerpt-hellip\"> [\u2026]<\/span><\/p>\n","protected":false},"author":10,"featured_media":52741,"comment_status":"open","ping_status":"open","sticky":false,"template":"","format":"standard","meta":{"_jetpack_memberships_contains_paid_content":false,"footnotes":"","jetpack_publicize_message":"","jetpack_publicize_feature_enabled":true,"jetpack_social_post_already_shared":true,"jetpack_social_options":{"image_generator_settings":{"template":"highway","default_image_id":0,"enabled":false},"version":2}},"categories":[28,44],"tags":[],"class_list":["post-52740","post","type-post","status-publish","format-standard","has-post-thumbnail","hentry","category-cotidiano","category-noticias"],"yoast_head":"<!-- This site is optimized with the Yoast SEO plugin v25.6 - https:\/\/yoast.com\/wordpress\/plugins\/seo\/ -->\n<title>Gest\u00e3o valorizou a OAB Franca: a\u00e7\u00e3o e representatividade - VerdadeOn<\/title>\n<meta name=\"robots\" content=\"index, follow, max-snippet:-1, max-image-preview:large, max-video-preview:-1\" \/>\n<link rel=\"canonical\" href=\"https:\/\/verdadeon.com.br\/portal\/2025\/01\/02\/gestao-valorizou-a-oab-franca-acao-e-representatividade\/\" \/>\n<meta property=\"og:locale\" content=\"pt_BR\" \/>\n<meta property=\"og:type\" content=\"article\" \/>\n<meta property=\"og:title\" content=\"Gest\u00e3o valorizou a OAB Franca: a\u00e7\u00e3o e representatividade - VerdadeOn\" \/>\n<meta property=\"og:description\" content=\"De janeiro de 2022 a dezembro de 2024, o balan\u00e7o do Presidente Dr. Acir de Matos Gomes da 13\u00aa subse\u00e7\u00e3o de Franca Todas as metas e [\u2026]\" \/>\n<meta property=\"og:url\" content=\"https:\/\/verdadeon.com.br\/portal\/2025\/01\/02\/gestao-valorizou-a-oab-franca-acao-e-representatividade\/\" \/>\n<meta property=\"og:site_name\" content=\"VerdadeOn\" \/>\n<meta property=\"article:published_time\" content=\"2025-01-02T16:54:51+00:00\" \/>\n<meta property=\"article:modified_time\" content=\"2025-01-02T19:56:11+00:00\" \/>\n<meta property=\"og:image\" content=\"https:\/\/verdadeon.com.br\/portal\/wp-content\/uploads\/2025\/01\/21sessao-8_0.jpg\" \/>\n\t<meta property=\"og:image:width\" content=\"832\" \/>\n\t<meta property=\"og:image:height\" content=\"558\" \/>\n\t<meta property=\"og:image:type\" content=\"image\/jpeg\" \/>\n<meta name=\"author\" content=\"Redacao VerdadeOn\" \/>\n<meta name=\"twitter:card\" content=\"summary_large_image\" \/>\n<meta name=\"twitter:label1\" content=\"Escrito por\" \/>\n\t<meta name=\"twitter:data1\" content=\"Redacao VerdadeOn\" \/>\n\t<meta name=\"twitter:label2\" content=\"Est. tempo de leitura\" \/>\n\t<meta name=\"twitter:data2\" content=\"3 minutos\" \/>\n<script type=\"application\/ld+json\" class=\"yoast-schema-graph\">{\"@context\":\"https:\/\/schema.org\",\"@graph\":[{\"@type\":\"WebPage\",\"@id\":\"https:\/\/verdadeon.com.br\/portal\/2025\/01\/02\/gestao-valorizou-a-oab-franca-acao-e-representatividade\/\",\"url\":\"https:\/\/verdadeon.com.br\/portal\/2025\/01\/02\/gestao-valorizou-a-oab-franca-acao-e-representatividade\/\",\"name\":\"Gest\u00e3o valorizou a OAB Franca: a\u00e7\u00e3o e representatividade - VerdadeOn\",\"isPartOf\":{\"@id\":\"https:\/\/verdadeon.com.br\/portal\/#website\"},\"primaryImageOfPage\":{\"@id\":\"https:\/\/verdadeon.com.br\/portal\/2025\/01\/02\/gestao-valorizou-a-oab-franca-acao-e-representatividade\/#primaryimage\"},\"image\":{\"@id\":\"https:\/\/verdadeon.com.br\/portal\/2025\/01\/02\/gestao-valorizou-a-oab-franca-acao-e-representatividade\/#primaryimage\"},\"thumbnailUrl\":\"https:\/\/i0.wp.com\/verdadeon.com.br\/portal\/wp-content\/uploads\/2025\/01\/21sessao-8_0.jpg?fit=832%2C558&ssl=1\",\"datePublished\":\"2025-01-02T16:54:51+00:00\",\"dateModified\":\"2025-01-02T19:56:11+00:00\",\"author\":{\"@id\":\"https:\/\/verdadeon.com.br\/portal\/#\/schema\/person\/a5060ad1e9ea3df545188fc93ce43d2f\"},\"breadcrumb\":{\"@id\":\"https:\/\/verdadeon.com.br\/portal\/2025\/01\/02\/gestao-valorizou-a-oab-franca-acao-e-representatividade\/#breadcrumb\"},\"inLanguage\":\"pt-BR\",\"potentialAction\":[{\"@type\":\"ReadAction\",\"target\":[\"https:\/\/verdadeon.com.br\/portal\/2025\/01\/02\/gestao-valorizou-a-oab-franca-acao-e-representatividade\/\"]}]},{\"@type\":\"ImageObject\",\"inLanguage\":\"pt-BR\",\"@id\":\"https:\/\/verdadeon.com.br\/portal\/2025\/01\/02\/gestao-valorizou-a-oab-franca-acao-e-representatividade\/#primaryimage\",\"url\":\"https:\/\/i0.wp.com\/verdadeon.com.br\/portal\/wp-content\/uploads\/2025\/01\/21sessao-8_0.jpg?fit=832%2C558&ssl=1\",\"contentUrl\":\"https:\/\/i0.wp.com\/verdadeon.com.br\/portal\/wp-content\/uploads\/2025\/01\/21sessao-8_0.jpg?fit=832%2C558&ssl=1\",\"width\":832,\"height\":558,\"caption\":\"Dr. Acir de Matos Gomes (\u00a9Divulga\u00e7\u00e3o)\"},{\"@type\":\"BreadcrumbList\",\"@id\":\"https:\/\/verdadeon.com.br\/portal\/2025\/01\/02\/gestao-valorizou-a-oab-franca-acao-e-representatividade\/#breadcrumb\",\"itemListElement\":[{\"@type\":\"ListItem\",\"position\":1,\"name\":\"In\u00edcio\",\"item\":\"https:\/\/verdadeon.com.br\/portal\/\"},{\"@type\":\"ListItem\",\"position\":2,\"name\":\"Gest\u00e3o valorizou a OAB Franca: a\u00e7\u00e3o e representatividade\"}]},{\"@type\":\"WebSite\",\"@id\":\"https:\/\/verdadeon.com.br\/portal\/#website\",\"url\":\"https:\/\/verdadeon.com.br\/portal\/\",\"name\":\"VerdadeOn\",\"description\":\"Not\u00edcias di\u00e1rias sobre Franca, Regi\u00e3o, Esporte, Cultura, Cotidiano, Colunas. Cobertura nos principais eventos da cidade \u00e9 aqui - Verdadeon Franca\",\"potentialAction\":[{\"@type\":\"SearchAction\",\"target\":{\"@type\":\"EntryPoint\",\"urlTemplate\":\"https:\/\/verdadeon.com.br\/portal\/?s={search_term_string}\"},\"query-input\":{\"@type\":\"PropertyValueSpecification\",\"valueRequired\":true,\"valueName\":\"search_term_string\"}}],\"inLanguage\":\"pt-BR\"},{\"@type\":\"Person\",\"@id\":\"https:\/\/verdadeon.com.br\/portal\/#\/schema\/person\/a5060ad1e9ea3df545188fc93ce43d2f\",\"name\":\"Redacao VerdadeOn\",\"image\":{\"@type\":\"ImageObject\",\"inLanguage\":\"pt-BR\",\"@id\":\"https:\/\/verdadeon.com.br\/portal\/#\/schema\/person\/image\/\",\"url\":\"https:\/\/secure.gravatar.com\/avatar\/459a9613caaaf07f582c3d0841eea68bdd66f533e465e6ba8b9cb45619572cf4?s=96&d=mm&r=g\",\"contentUrl\":\"https:\/\/secure.gravatar.com\/avatar\/459a9613caaaf07f582c3d0841eea68bdd66f533e465e6ba8b9cb45619572cf4?s=96&d=mm&r=g\",\"caption\":\"Redacao VerdadeOn\"},\"url\":\"https:\/\/verdadeon.com.br\/portal\/author\/redacao\/\"}]}<\/script>\n<!-- \/ Yoast SEO plugin. -->","yoast_head_json":{"title":"Gest\u00e3o valorizou a OAB Franca: a\u00e7\u00e3o e representatividade - VerdadeOn","robots":{"index":"index","follow":"follow","max-snippet":"max-snippet:-1","max-image-preview":"max-image-preview:large","max-video-preview":"max-video-preview:-1"},"canonical":"https:\/\/verdadeon.com.br\/portal\/2025\/01\/02\/gestao-valorizou-a-oab-franca-acao-e-representatividade\/","og_locale":"pt_BR","og_type":"article","og_title":"Gest\u00e3o valorizou a OAB Franca: a\u00e7\u00e3o e representatividade - VerdadeOn","og_description":"De janeiro de 2022 a dezembro de 2024, o balan\u00e7o do Presidente Dr. Acir de Matos Gomes da 13\u00aa subse\u00e7\u00e3o de Franca Todas as metas e [\u2026]","og_url":"https:\/\/verdadeon.com.br\/portal\/2025\/01\/02\/gestao-valorizou-a-oab-franca-acao-e-representatividade\/","og_site_name":"VerdadeOn","article_published_time":"2025-01-02T16:54:51+00:00","article_modified_time":"2025-01-02T19:56:11+00:00","og_image":[{"width":832,"height":558,"url":"https:\/\/verdadeon.com.br\/portal\/wp-content\/uploads\/2025\/01\/21sessao-8_0.jpg","type":"image\/jpeg"}],"author":"Redacao VerdadeOn","twitter_card":"summary_large_image","twitter_misc":{"Escrito por":"Redacao VerdadeOn","Est. tempo de leitura":"3 minutos"},"schema":{"@context":"https:\/\/schema.org","@graph":[{"@type":"WebPage","@id":"https:\/\/verdadeon.com.br\/portal\/2025\/01\/02\/gestao-valorizou-a-oab-franca-acao-e-representatividade\/","url":"https:\/\/verdadeon.com.br\/portal\/2025\/01\/02\/gestao-valorizou-a-oab-franca-acao-e-representatividade\/","name":"Gest\u00e3o valorizou a OAB Franca: a\u00e7\u00e3o e representatividade - VerdadeOn","isPartOf":{"@id":"https:\/\/verdadeon.com.br\/portal\/#website"},"primaryImageOfPage":{"@id":"https:\/\/verdadeon.com.br\/portal\/2025\/01\/02\/gestao-valorizou-a-oab-franca-acao-e-representatividade\/#primaryimage"},"image":{"@id":"https:\/\/verdadeon.com.br\/portal\/2025\/01\/02\/gestao-valorizou-a-oab-franca-acao-e-representatividade\/#primaryimage"},"thumbnailUrl":"https:\/\/i0.wp.com\/verdadeon.com.br\/portal\/wp-content\/uploads\/2025\/01\/21sessao-8_0.jpg?fit=832%2C558&ssl=1","datePublished":"2025-01-02T16:54:51+00:00","dateModified":"2025-01-02T19:56:11+00:00","author":{"@id":"https:\/\/verdadeon.com.br\/portal\/#\/schema\/person\/a5060ad1e9ea3df545188fc93ce43d2f"},"breadcrumb":{"@id":"https:\/\/verdadeon.com.br\/portal\/2025\/01\/02\/gestao-valorizou-a-oab-franca-acao-e-representatividade\/#breadcrumb"},"inLanguage":"pt-BR","potentialAction":[{"@type":"ReadAction","target":["https:\/\/verdadeon.com.br\/portal\/2025\/01\/02\/gestao-valorizou-a-oab-franca-acao-e-representatividade\/"]}]},{"@type":"ImageObject","inLanguage":"pt-BR","@id":"https:\/\/verdadeon.com.br\/portal\/2025\/01\/02\/gestao-valorizou-a-oab-franca-acao-e-representatividade\/#primaryimage","url":"https:\/\/i0.wp.com\/verdadeon.com.br\/portal\/wp-content\/uploads\/2025\/01\/21sessao-8_0.jpg?fit=832%2C558&ssl=1","contentUrl":"https:\/\/i0.wp.com\/verdadeon.com.br\/portal\/wp-content\/uploads\/2025\/01\/21sessao-8_0.jpg?fit=832%2C558&ssl=1","width":832,"height":558,"caption":"Dr. Acir de Matos Gomes (\u00a9Divulga\u00e7\u00e3o)"},{"@type":"BreadcrumbList","@id":"https:\/\/verdadeon.com.br\/portal\/2025\/01\/02\/gestao-valorizou-a-oab-franca-acao-e-representatividade\/#breadcrumb","itemListElement":[{"@type":"ListItem","position":1,"name":"In\u00edcio","item":"https:\/\/verdadeon.com.br\/portal\/"},{"@type":"ListItem","position":2,"name":"Gest\u00e3o valorizou a OAB Franca: a\u00e7\u00e3o e representatividade"}]},{"@type":"WebSite","@id":"https:\/\/verdadeon.com.br\/portal\/#website","url":"https:\/\/verdadeon.com.br\/portal\/","name":"VerdadeOn","description":"Not\u00edcias di\u00e1rias sobre Franca, Regi\u00e3o, Esporte, Cultura, Cotidiano, Colunas. Cobertura nos principais eventos da cidade \u00e9 aqui - Verdadeon Franca","potentialAction":[{"@type":"SearchAction","target":{"@type":"EntryPoint","urlTemplate":"https:\/\/verdadeon.com.br\/portal\/?s={search_term_string}"},"query-input":{"@type":"PropertyValueSpecification","valueRequired":true,"valueName":"search_term_string"}}],"inLanguage":"pt-BR"},{"@type":"Person","@id":"https:\/\/verdadeon.com.br\/portal\/#\/schema\/person\/a5060ad1e9ea3df545188fc93ce43d2f","name":"Redacao VerdadeOn","image":{"@type":"ImageObject","inLanguage":"pt-BR","@id":"https:\/\/verdadeon.com.br\/portal\/#\/schema\/person\/image\/","url":"https:\/\/secure.gravatar.com\/avatar\/459a9613caaaf07f582c3d0841eea68bdd66f533e465e6ba8b9cb45619572cf4?s=96&d=mm&r=g","contentUrl":"https:\/\/secure.gravatar.com\/avatar\/459a9613caaaf07f582c3d0841eea68bdd66f533e465e6ba8b9cb45619572cf4?s=96&d=mm&r=g","caption":"Redacao VerdadeOn"},"url":"https:\/\/verdadeon.com.br\/portal\/author\/redacao\/"}]}},"jetpack_publicize_connections":[],"jetpack_featured_media_url":"https:\/\/i0.wp.com\/verdadeon.com.br\/portal\/wp-content\/uploads\/2025\/01\/21sessao-8_0.jpg?fit=832%2C558&ssl=1","jetpack_sharing_enabled":true,"_links":{"self":[{"href":"https:\/\/verdadeon.com.br\/portal\/wp-json\/wp\/v2\/posts\/52740","targetHints":{"allow":["GET"]}}],"collection":[{"href":"https:\/\/verdadeon.com.br\/portal\/wp-json\/wp\/v2\/posts"}],"about":[{"href":"https:\/\/verdadeon.com.br\/portal\/wp-json\/wp\/v2\/types\/post"}],"author":[{"embeddable":true,"href":"https:\/\/verdadeon.com.br\/portal\/wp-json\/wp\/v2\/users\/10"}],"replies":[{"embeddable":true,"href":"https:\/\/verdadeon.com.br\/portal\/wp-json\/wp\/v2\/comments?post=52740"}],"version-history":[{"count":2,"href":"https:\/\/verdadeon.com.br\/portal\/wp-json\/wp\/v2\/posts\/52740\/revisions"}],"predecessor-version":[{"id":52748,"href":"https:\/\/verdadeon.com.br\/portal\/wp-json\/wp\/v2\/posts\/52740\/revisions\/52748"}],"wp:featuredmedia":[{"embeddable":true,"href":"https:\/\/verdadeon.com.br\/portal\/wp-json\/wp\/v2\/media\/52741"}],"wp:attachment":[{"href":"https:\/\/verdadeon.com.br\/portal\/wp-json\/wp\/v2\/media?parent=52740"}],"wp:term":[{"taxonomy":"category","embeddable":true,"href":"https:\/\/verdadeon.com.br\/portal\/wp-json\/wp\/v2\/categories?post=52740"},{"taxonomy":"post_tag","embeddable":true,"href":"https:\/\/verdadeon.com.br\/portal\/wp-json\/wp\/v2\/tags?post=52740"}],"curies":[{"name":"wp","href":"https:\/\/api.w.org\/{rel}","templated":true}]}}