{"id":52709,"date":"2024-12-31T13:13:08","date_gmt":"2024-12-31T16:13:08","guid":{"rendered":"https:\/\/verdadeon.com.br\/portal\/?p=52709"},"modified":"2024-12-31T13:13:08","modified_gmt":"2024-12-31T16:13:08","slug":"confira-o-calendario-letivo-da-rede-estadual-de-ensino-de-sao-paulo-em-2025","status":"publish","type":"post","link":"https:\/\/verdadeon.com.br\/portal\/2024\/12\/31\/confira-o-calendario-letivo-da-rede-estadual-de-ensino-de-sao-paulo-em-2025\/","title":{"rendered":"Confira o calend\u00e1rio letivo da rede estadual de ensino de S\u00e3o Paulo em 2025"},"content":{"rendered":"<div class=\"elementor-element elementor-element-4784657 elementor-widget__width-initial elementor-widget elementor-widget-theme-post-excerpt\" data-id=\"4784657\" data-element_type=\"widget\" data-widget_type=\"theme-post-excerpt.default\">\n<h2 class=\"elementor-widget-container\">Aulas come\u00e7am no dia 3 de fevereiro; \u00faltimo dia letivo est\u00e1 marcado para 12 de dezembro<\/h2>\n<\/div>\n<div class=\"elementor-element elementor-element-2133f16 compartilhe e-con-full e-flex e-con e-child\" data-id=\"2133f16\" data-element_type=\"container\" data-settings=\"{&quot;_ha_eqh_enable&quot;:false}\">\n<div class=\"elementor-element elementor-element-a8be681 e-con-full e-flex e-con e-child\" data-id=\"a8be681\" data-element_type=\"container\" data-settings=\"{&quot;_ha_eqh_enable&quot;:false}\">\n<div class=\"elementor-element elementor-element-4b063fb elementor-widget elementor-widget-image\" data-id=\"4b063fb\" data-element_type=\"widget\" data-widget_type=\"image.default\">\n<p>Recupera\u00e7\u00e3o semestral, Prova Paulista e Olimp\u00edadas de Matem\u00e1tica e de Reda\u00e7\u00e3o s\u00e3o iniciativas previstas para o ano letivo de 2025 na rede estadual de ensino de S\u00e3o Paulo.\u00a0 O calend\u00e1rio completo foi publicado no Di\u00e1rio Oficial do Estado (DOE).<\/p>\n<p>O primeiro dia de aula da rede estadual ser\u00e1 em 3 de fevereiro. O recesso de meio est\u00e1 agendado para o per\u00edodo entre 3 e 22 de julho. J\u00e1 as atividades escolares terminam em 12 de dezembro, completando os 200 dias letivos previstos pela LDB (Lei de Diretrizes e Bases da Educa\u00e7\u00e3o Nacional).<\/p>\n<p>O calend\u00e1rio inclui tamb\u00e9m dois per\u00edodos de planejamento escolar: 29, 30 e 31 de janeiro e 18, 21 e 22 de julho.<\/p>\n<p>Os bimestres est\u00e3o organizados da seguinte forma:<\/p>\n<ul class=\"wp-block-list\">\n<li>1\u00ba bimestre: 3\/2\/2025 a 15\/4\/2025<\/li>\n<li>2\u00ba bimestre: 16\/4\/2025 a 2\/7\/2025<\/li>\n<li>3\u00ba bimestre: 23\/7\/2025 a 30\/9\/2025<\/li>\n<li>4\u00ba bimestre: 1\/10\/2025 a 12\/12\/2025<\/li>\n<\/ul>\n<p>Os alunos que n\u00e3o atingirem a m\u00e9dia nos dois primeiros bimestres poder\u00e3o participar de aulas de recupera\u00e7\u00e3o promovidas pelas escolas estaduais.\u00a0 Uma nova prova ser\u00e1 realizada de 6 a 8 de agosto para os estudantes que precisarem ou quiserem recuperar a nota. Uma nova etapa est\u00e1 prevista para o fim do semestre, entre 8 e 10 de dezembro.<\/p>\n<p class=\"wp-block-heading\"><strong>Olimp\u00edadas e avalia\u00e7\u00f5es<\/strong><\/p>\n<p>As segundas edi\u00e7\u00f5es das Olimp\u00edadas de Matem\u00e1tica e de Reda\u00e7\u00e3o ser\u00e3o a partir de maio. As provas de matem\u00e1tica est\u00e3o programadas para o per\u00edodo de 5 a 9 de maio. As de reda\u00e7\u00e3o nos dias 20, 21 e de 26 a 29 de agosto.<\/p>\n<p>Assim como nos anos anteriores, ao final dos tr\u00eas primeiros bimestres, os estudantes far\u00e3o a Prova Paulista, avalia\u00e7\u00e3o diagn\u00f3stica da rede. J\u00e1 o Prov\u00e3o Paulista, Saresp e Saeb (aplicada pelo governo federal) ser\u00e3o no pr\u00f3ximo ano letivo nos meses de outubro, novembro e dezembro, respectivamente.<\/p>\n<p>Fonte: Ag\u00eancia SP<\/p>\n<\/div>\n<\/div>\n<\/div>\n","protected":false},"excerpt":{"rendered":"<p>Aulas come\u00e7am no dia 3 de fevereiro; \u00faltimo dia letivo est\u00e1 marcado para 12 de dezembro Recupera\u00e7\u00e3o semestral, Prova Paulista e Olimp\u00edadas de Matem\u00e1tica e de<span class=\"excerpt-hellip\"> [\u2026]<\/span><\/p>\n","protected":false},"author":10,"featured_media":52710,"comment_status":"open","ping_status":"open","sticky":false,"template":"","format":"standard","meta":{"_jetpack_memberships_contains_paid_content":false,"footnotes":"","jetpack_publicize_message":"","jetpack_publicize_feature_enabled":true,"jetpack_social_post_already_shared":true,"jetpack_social_options":{"image_generator_settings":{"template":"highway","default_image_id":0,"enabled":false},"version":2}},"categories":[28,44],"tags":[],"class_list":["post-52709","post","type-post","status-publish","format-standard","has-post-thumbnail","hentry","category-cotidiano","category-noticias"],"yoast_head":"<!-- This site is optimized with the Yoast SEO plugin v25.6 - https:\/\/yoast.com\/wordpress\/plugins\/seo\/ -->\n<title>Confira o calend\u00e1rio letivo da rede estadual de ensino de S\u00e3o Paulo em 2025 - VerdadeOn<\/title>\n<meta name=\"robots\" content=\"index, follow, max-snippet:-1, max-image-preview:large, max-video-preview:-1\" \/>\n<link rel=\"canonical\" href=\"https:\/\/verdadeon.com.br\/portal\/2024\/12\/31\/confira-o-calendario-letivo-da-rede-estadual-de-ensino-de-sao-paulo-em-2025\/\" \/>\n<meta property=\"og:locale\" content=\"pt_BR\" \/>\n<meta property=\"og:type\" content=\"article\" \/>\n<meta property=\"og:title\" content=\"Confira o calend\u00e1rio letivo da rede estadual de ensino de S\u00e3o Paulo em 2025 - VerdadeOn\" \/>\n<meta property=\"og:description\" content=\"Aulas come\u00e7am no dia 3 de fevereiro; \u00faltimo dia letivo est\u00e1 marcado para 12 de dezembro Recupera\u00e7\u00e3o semestral, Prova Paulista e Olimp\u00edadas de Matem\u00e1tica e de [\u2026]\" \/>\n<meta property=\"og:url\" content=\"https:\/\/verdadeon.com.br\/portal\/2024\/12\/31\/confira-o-calendario-letivo-da-rede-estadual-de-ensino-de-sao-paulo-em-2025\/\" \/>\n<meta property=\"og:site_name\" content=\"VerdadeOn\" \/>\n<meta property=\"article:published_time\" content=\"2024-12-31T16:13:08+00:00\" \/>\n<meta property=\"og:image\" content=\"https:\/\/verdadeon.com.br\/portal\/wp-content\/uploads\/2024\/12\/Estudante-1024x683-1.jpg\" \/>\n\t<meta property=\"og:image:width\" content=\"1024\" \/>\n\t<meta property=\"og:image:height\" content=\"683\" \/>\n\t<meta property=\"og:image:type\" content=\"image\/jpeg\" \/>\n<meta name=\"author\" content=\"Redacao VerdadeOn\" \/>\n<meta name=\"twitter:card\" content=\"summary_large_image\" \/>\n<meta name=\"twitter:label1\" content=\"Escrito por\" \/>\n\t<meta name=\"twitter:data1\" content=\"Redacao VerdadeOn\" \/>\n\t<meta name=\"twitter:label2\" content=\"Est. tempo de leitura\" \/>\n\t<meta name=\"twitter:data2\" content=\"2 minutos\" \/>\n<script type=\"application\/ld+json\" class=\"yoast-schema-graph\">{\"@context\":\"https:\/\/schema.org\",\"@graph\":[{\"@type\":\"WebPage\",\"@id\":\"https:\/\/verdadeon.com.br\/portal\/2024\/12\/31\/confira-o-calendario-letivo-da-rede-estadual-de-ensino-de-sao-paulo-em-2025\/\",\"url\":\"https:\/\/verdadeon.com.br\/portal\/2024\/12\/31\/confira-o-calendario-letivo-da-rede-estadual-de-ensino-de-sao-paulo-em-2025\/\",\"name\":\"Confira o calend\u00e1rio letivo da rede estadual de ensino de S\u00e3o Paulo em 2025 - VerdadeOn\",\"isPartOf\":{\"@id\":\"https:\/\/verdadeon.com.br\/portal\/#website\"},\"primaryImageOfPage\":{\"@id\":\"https:\/\/verdadeon.com.br\/portal\/2024\/12\/31\/confira-o-calendario-letivo-da-rede-estadual-de-ensino-de-sao-paulo-em-2025\/#primaryimage\"},\"image\":{\"@id\":\"https:\/\/verdadeon.com.br\/portal\/2024\/12\/31\/confira-o-calendario-letivo-da-rede-estadual-de-ensino-de-sao-paulo-em-2025\/#primaryimage\"},\"thumbnailUrl\":\"https:\/\/i0.wp.com\/verdadeon.com.br\/portal\/wp-content\/uploads\/2024\/12\/Estudante-1024x683-1.jpg?fit=1024%2C683&ssl=1\",\"datePublished\":\"2024-12-31T16:13:08+00:00\",\"author\":{\"@id\":\"https:\/\/verdadeon.com.br\/portal\/#\/schema\/person\/a5060ad1e9ea3df545188fc93ce43d2f\"},\"breadcrumb\":{\"@id\":\"https:\/\/verdadeon.com.br\/portal\/2024\/12\/31\/confira-o-calendario-letivo-da-rede-estadual-de-ensino-de-sao-paulo-em-2025\/#breadcrumb\"},\"inLanguage\":\"pt-BR\",\"potentialAction\":[{\"@type\":\"ReadAction\",\"target\":[\"https:\/\/verdadeon.com.br\/portal\/2024\/12\/31\/confira-o-calendario-letivo-da-rede-estadual-de-ensino-de-sao-paulo-em-2025\/\"]}]},{\"@type\":\"ImageObject\",\"inLanguage\":\"pt-BR\",\"@id\":\"https:\/\/verdadeon.com.br\/portal\/2024\/12\/31\/confira-o-calendario-letivo-da-rede-estadual-de-ensino-de-sao-paulo-em-2025\/#primaryimage\",\"url\":\"https:\/\/i0.wp.com\/verdadeon.com.br\/portal\/wp-content\/uploads\/2024\/12\/Estudante-1024x683-1.jpg?fit=1024%2C683&ssl=1\",\"contentUrl\":\"https:\/\/i0.wp.com\/verdadeon.com.br\/portal\/wp-content\/uploads\/2024\/12\/Estudante-1024x683-1.jpg?fit=1024%2C683&ssl=1\",\"width\":1024,\"height\":683,\"caption\":\"As f\u00e9rias escolares do meio do ano est\u00e3o agendadas para o per\u00edodo entre 3 e 22 de julho (\u00a9Divulga\u00e7\u00e3o\/Governo de SP)\"},{\"@type\":\"BreadcrumbList\",\"@id\":\"https:\/\/verdadeon.com.br\/portal\/2024\/12\/31\/confira-o-calendario-letivo-da-rede-estadual-de-ensino-de-sao-paulo-em-2025\/#breadcrumb\",\"itemListElement\":[{\"@type\":\"ListItem\",\"position\":1,\"name\":\"In\u00edcio\",\"item\":\"https:\/\/verdadeon.com.br\/portal\/\"},{\"@type\":\"ListItem\",\"position\":2,\"name\":\"Confira o calend\u00e1rio letivo da rede estadual de ensino de S\u00e3o Paulo em 2025\"}]},{\"@type\":\"WebSite\",\"@id\":\"https:\/\/verdadeon.com.br\/portal\/#website\",\"url\":\"https:\/\/verdadeon.com.br\/portal\/\",\"name\":\"VerdadeOn\",\"description\":\"Not\u00edcias di\u00e1rias sobre Franca, Regi\u00e3o, Esporte, Cultura, Cotidiano, Colunas. Cobertura nos principais eventos da cidade \u00e9 aqui - Verdadeon Franca\",\"potentialAction\":[{\"@type\":\"SearchAction\",\"target\":{\"@type\":\"EntryPoint\",\"urlTemplate\":\"https:\/\/verdadeon.com.br\/portal\/?s={search_term_string}\"},\"query-input\":{\"@type\":\"PropertyValueSpecification\",\"valueRequired\":true,\"valueName\":\"search_term_string\"}}],\"inLanguage\":\"pt-BR\"},{\"@type\":\"Person\",\"@id\":\"https:\/\/verdadeon.com.br\/portal\/#\/schema\/person\/a5060ad1e9ea3df545188fc93ce43d2f\",\"name\":\"Redacao VerdadeOn\",\"image\":{\"@type\":\"ImageObject\",\"inLanguage\":\"pt-BR\",\"@id\":\"https:\/\/verdadeon.com.br\/portal\/#\/schema\/person\/image\/\",\"url\":\"https:\/\/secure.gravatar.com\/avatar\/459a9613caaaf07f582c3d0841eea68bdd66f533e465e6ba8b9cb45619572cf4?s=96&d=mm&r=g\",\"contentUrl\":\"https:\/\/secure.gravatar.com\/avatar\/459a9613caaaf07f582c3d0841eea68bdd66f533e465e6ba8b9cb45619572cf4?s=96&d=mm&r=g\",\"caption\":\"Redacao VerdadeOn\"},\"url\":\"https:\/\/verdadeon.com.br\/portal\/author\/redacao\/\"}]}<\/script>\n<!-- \/ Yoast SEO plugin. -->","yoast_head_json":{"title":"Confira o calend\u00e1rio letivo da rede estadual de ensino de S\u00e3o Paulo em 2025 - VerdadeOn","robots":{"index":"index","follow":"follow","max-snippet":"max-snippet:-1","max-image-preview":"max-image-preview:large","max-video-preview":"max-video-preview:-1"},"canonical":"https:\/\/verdadeon.com.br\/portal\/2024\/12\/31\/confira-o-calendario-letivo-da-rede-estadual-de-ensino-de-sao-paulo-em-2025\/","og_locale":"pt_BR","og_type":"article","og_title":"Confira o calend\u00e1rio letivo da rede estadual de ensino de S\u00e3o Paulo em 2025 - VerdadeOn","og_description":"Aulas come\u00e7am no dia 3 de fevereiro; \u00faltimo dia letivo est\u00e1 marcado para 12 de dezembro Recupera\u00e7\u00e3o semestral, Prova Paulista e Olimp\u00edadas de Matem\u00e1tica e de [\u2026]","og_url":"https:\/\/verdadeon.com.br\/portal\/2024\/12\/31\/confira-o-calendario-letivo-da-rede-estadual-de-ensino-de-sao-paulo-em-2025\/","og_site_name":"VerdadeOn","article_published_time":"2024-12-31T16:13:08+00:00","og_image":[{"width":1024,"height":683,"url":"https:\/\/verdadeon.com.br\/portal\/wp-content\/uploads\/2024\/12\/Estudante-1024x683-1.jpg","type":"image\/jpeg"}],"author":"Redacao VerdadeOn","twitter_card":"summary_large_image","twitter_misc":{"Escrito por":"Redacao VerdadeOn","Est. tempo de leitura":"2 minutos"},"schema":{"@context":"https:\/\/schema.org","@graph":[{"@type":"WebPage","@id":"https:\/\/verdadeon.com.br\/portal\/2024\/12\/31\/confira-o-calendario-letivo-da-rede-estadual-de-ensino-de-sao-paulo-em-2025\/","url":"https:\/\/verdadeon.com.br\/portal\/2024\/12\/31\/confira-o-calendario-letivo-da-rede-estadual-de-ensino-de-sao-paulo-em-2025\/","name":"Confira o calend\u00e1rio letivo da rede estadual de ensino de S\u00e3o Paulo em 2025 - VerdadeOn","isPartOf":{"@id":"https:\/\/verdadeon.com.br\/portal\/#website"},"primaryImageOfPage":{"@id":"https:\/\/verdadeon.com.br\/portal\/2024\/12\/31\/confira-o-calendario-letivo-da-rede-estadual-de-ensino-de-sao-paulo-em-2025\/#primaryimage"},"image":{"@id":"https:\/\/verdadeon.com.br\/portal\/2024\/12\/31\/confira-o-calendario-letivo-da-rede-estadual-de-ensino-de-sao-paulo-em-2025\/#primaryimage"},"thumbnailUrl":"https:\/\/i0.wp.com\/verdadeon.com.br\/portal\/wp-content\/uploads\/2024\/12\/Estudante-1024x683-1.jpg?fit=1024%2C683&ssl=1","datePublished":"2024-12-31T16:13:08+00:00","author":{"@id":"https:\/\/verdadeon.com.br\/portal\/#\/schema\/person\/a5060ad1e9ea3df545188fc93ce43d2f"},"breadcrumb":{"@id":"https:\/\/verdadeon.com.br\/portal\/2024\/12\/31\/confira-o-calendario-letivo-da-rede-estadual-de-ensino-de-sao-paulo-em-2025\/#breadcrumb"},"inLanguage":"pt-BR","potentialAction":[{"@type":"ReadAction","target":["https:\/\/verdadeon.com.br\/portal\/2024\/12\/31\/confira-o-calendario-letivo-da-rede-estadual-de-ensino-de-sao-paulo-em-2025\/"]}]},{"@type":"ImageObject","inLanguage":"pt-BR","@id":"https:\/\/verdadeon.com.br\/portal\/2024\/12\/31\/confira-o-calendario-letivo-da-rede-estadual-de-ensino-de-sao-paulo-em-2025\/#primaryimage","url":"https:\/\/i0.wp.com\/verdadeon.com.br\/portal\/wp-content\/uploads\/2024\/12\/Estudante-1024x683-1.jpg?fit=1024%2C683&ssl=1","contentUrl":"https:\/\/i0.wp.com\/verdadeon.com.br\/portal\/wp-content\/uploads\/2024\/12\/Estudante-1024x683-1.jpg?fit=1024%2C683&ssl=1","width":1024,"height":683,"caption":"As f\u00e9rias escolares do meio do ano est\u00e3o agendadas para o per\u00edodo entre 3 e 22 de julho (\u00a9Divulga\u00e7\u00e3o\/Governo de SP)"},{"@type":"BreadcrumbList","@id":"https:\/\/verdadeon.com.br\/portal\/2024\/12\/31\/confira-o-calendario-letivo-da-rede-estadual-de-ensino-de-sao-paulo-em-2025\/#breadcrumb","itemListElement":[{"@type":"ListItem","position":1,"name":"In\u00edcio","item":"https:\/\/verdadeon.com.br\/portal\/"},{"@type":"ListItem","position":2,"name":"Confira o calend\u00e1rio letivo da rede estadual de ensino de S\u00e3o Paulo em 2025"}]},{"@type":"WebSite","@id":"https:\/\/verdadeon.com.br\/portal\/#website","url":"https:\/\/verdadeon.com.br\/portal\/","name":"VerdadeOn","description":"Not\u00edcias di\u00e1rias sobre Franca, Regi\u00e3o, Esporte, Cultura, Cotidiano, Colunas. Cobertura nos principais eventos da cidade \u00e9 aqui - Verdadeon Franca","potentialAction":[{"@type":"SearchAction","target":{"@type":"EntryPoint","urlTemplate":"https:\/\/verdadeon.com.br\/portal\/?s={search_term_string}"},"query-input":{"@type":"PropertyValueSpecification","valueRequired":true,"valueName":"search_term_string"}}],"inLanguage":"pt-BR"},{"@type":"Person","@id":"https:\/\/verdadeon.com.br\/portal\/#\/schema\/person\/a5060ad1e9ea3df545188fc93ce43d2f","name":"Redacao VerdadeOn","image":{"@type":"ImageObject","inLanguage":"pt-BR","@id":"https:\/\/verdadeon.com.br\/portal\/#\/schema\/person\/image\/","url":"https:\/\/secure.gravatar.com\/avatar\/459a9613caaaf07f582c3d0841eea68bdd66f533e465e6ba8b9cb45619572cf4?s=96&d=mm&r=g","contentUrl":"https:\/\/secure.gravatar.com\/avatar\/459a9613caaaf07f582c3d0841eea68bdd66f533e465e6ba8b9cb45619572cf4?s=96&d=mm&r=g","caption":"Redacao VerdadeOn"},"url":"https:\/\/verdadeon.com.br\/portal\/author\/redacao\/"}]}},"jetpack_publicize_connections":[],"jetpack_featured_media_url":"https:\/\/i0.wp.com\/verdadeon.com.br\/portal\/wp-content\/uploads\/2024\/12\/Estudante-1024x683-1.jpg?fit=1024%2C683&ssl=1","jetpack_sharing_enabled":true,"_links":{"self":[{"href":"https:\/\/verdadeon.com.br\/portal\/wp-json\/wp\/v2\/posts\/52709","targetHints":{"allow":["GET"]}}],"collection":[{"href":"https:\/\/verdadeon.com.br\/portal\/wp-json\/wp\/v2\/posts"}],"about":[{"href":"https:\/\/verdadeon.com.br\/portal\/wp-json\/wp\/v2\/types\/post"}],"author":[{"embeddable":true,"href":"https:\/\/verdadeon.com.br\/portal\/wp-json\/wp\/v2\/users\/10"}],"replies":[{"embeddable":true,"href":"https:\/\/verdadeon.com.br\/portal\/wp-json\/wp\/v2\/comments?post=52709"}],"version-history":[{"count":1,"href":"https:\/\/verdadeon.com.br\/portal\/wp-json\/wp\/v2\/posts\/52709\/revisions"}],"predecessor-version":[{"id":52711,"href":"https:\/\/verdadeon.com.br\/portal\/wp-json\/wp\/v2\/posts\/52709\/revisions\/52711"}],"wp:featuredmedia":[{"embeddable":true,"href":"https:\/\/verdadeon.com.br\/portal\/wp-json\/wp\/v2\/media\/52710"}],"wp:attachment":[{"href":"https:\/\/verdadeon.com.br\/portal\/wp-json\/wp\/v2\/media?parent=52709"}],"wp:term":[{"taxonomy":"category","embeddable":true,"href":"https:\/\/verdadeon.com.br\/portal\/wp-json\/wp\/v2\/categories?post=52709"},{"taxonomy":"post_tag","embeddable":true,"href":"https:\/\/verdadeon.com.br\/portal\/wp-json\/wp\/v2\/tags?post=52709"}],"curies":[{"name":"wp","href":"https:\/\/api.w.org\/{rel}","templated":true}]}}