{"id":52689,"date":"2024-12-30T14:39:16","date_gmt":"2024-12-30T17:39:16","guid":{"rendered":"https:\/\/verdadeon.com.br\/portal\/?p=52689"},"modified":"2024-12-30T14:39:16","modified_gmt":"2024-12-30T17:39:16","slug":"marinha-confirma-11-mortos-na-queda-de-ponte","status":"publish","type":"post","link":"https:\/\/verdadeon.com.br\/portal\/2024\/12\/30\/marinha-confirma-11-mortos-na-queda-de-ponte\/","title":{"rendered":"Marinha confirma 11 mortos na queda de ponte"},"content":{"rendered":"<div class=\"header-noticia full-width\">\n<h2 class=\"linha-fina-noticia\">H\u00e1 seis pessoas desaparecidas na divisa entre Maranh\u00e3o e Tocantins<\/h2>\n<p>A Marinha do Brasil confirmou 11 mortes em raz\u00e3o da queda da Ponte Juscelino Kubitschek de Oliveira, na BR-226, entre Aguiarn\u00f3polis (TO) e Estreito (MA). At\u00e9 as 18h desse domingo (29), nove corpos tinham sido resgatados e outros dois foram localizados. H\u00e1 ainda seis desaparecidos. A estrutura, que ligava os estados do Tocantins e do Maranh\u00e3o, desabou no domingo (22).<img data-recalc-dims=\"1\" decoding=\"async\" src=\"https:\/\/i0.wp.com\/agenciabrasil.ebc.com.br\/ebc.png?w=1220&#038;ssl=1\" \/><img data-recalc-dims=\"1\" decoding=\"async\" src=\"https:\/\/i0.wp.com\/agenciabrasil.ebc.com.br\/ebc.gif?w=1220&#038;ssl=1\" \/><\/p>\n<p>No domingo (29), as buscas come\u00e7aram \u00e0s 6h. Pela manh\u00e3, mergulhadores retiraram do rio um corpo que estava preso em uma caminhonete. Outro corpo foi localizado na cabine de um caminh\u00e3o e, segundo a Marinha, a equipe de resgate planeja a estrat\u00e9gia mais adequada para a remo\u00e7\u00e3o.<\/p>\n<p>No per\u00edodo da tarde, um drone subaqu\u00e1tico identificou a localiza\u00e7\u00e3o de um ve\u00edculo de passeio, a 44 metros de profundidade. Pelo menos um cad\u00e1ver foi identificado no ve\u00edculo.<\/p>\n<p>\u201cUtilizando a t\u00e9cnica do mergulho dependente, militares da Marinha instalaram flutuadores para a retirada do carro. Os trabalhos para a reflutua\u00e7\u00e3o do ve\u00edculo foram interrompidos \u00e0s 20h10, devido \u00e0 baixa visibilidade e condi\u00e7\u00f5es adversas de correnteza\u201d, diz nota do \u00f3rg\u00e3o.<\/p>\n<\/div>\n<div class=\"subheader\">\n<div class=\"container-autoria\">Fonte: Ag\u00eancia Brasil<\/div>\n<\/div>\n","protected":false},"excerpt":{"rendered":"<p>H\u00e1 seis pessoas desaparecidas na divisa entre Maranh\u00e3o e Tocantins A Marinha do Brasil confirmou 11 mortes em raz\u00e3o da queda da Ponte Juscelino Kubitschek de<span class=\"excerpt-hellip\"> [\u2026]<\/span><\/p>\n","protected":false},"author":10,"featured_media":52690,"comment_status":"open","ping_status":"open","sticky":false,"template":"","format":"standard","meta":{"_jetpack_memberships_contains_paid_content":false,"footnotes":"","jetpack_publicize_message":"","jetpack_publicize_feature_enabled":true,"jetpack_social_post_already_shared":true,"jetpack_social_options":{"image_generator_settings":{"template":"highway","default_image_id":0,"enabled":false},"version":2}},"categories":[28,44],"tags":[],"class_list":["post-52689","post","type-post","status-publish","format-standard","has-post-thumbnail","hentry","category-cotidiano","category-noticias"],"yoast_head":"<!-- This site is optimized with the Yoast SEO plugin v25.6 - https:\/\/yoast.com\/wordpress\/plugins\/seo\/ -->\n<title>Marinha confirma 11 mortos na queda de ponte - VerdadeOn<\/title>\n<meta name=\"robots\" content=\"index, follow, max-snippet:-1, max-image-preview:large, max-video-preview:-1\" \/>\n<link rel=\"canonical\" href=\"https:\/\/verdadeon.com.br\/portal\/2024\/12\/30\/marinha-confirma-11-mortos-na-queda-de-ponte\/\" \/>\n<meta property=\"og:locale\" content=\"pt_BR\" \/>\n<meta property=\"og:type\" content=\"article\" \/>\n<meta property=\"og:title\" content=\"Marinha confirma 11 mortos na queda de ponte - VerdadeOn\" \/>\n<meta property=\"og:description\" content=\"H\u00e1 seis pessoas desaparecidas na divisa entre Maranh\u00e3o e Tocantins A Marinha do Brasil confirmou 11 mortes em raz\u00e3o da queda da Ponte Juscelino Kubitschek de [\u2026]\" \/>\n<meta property=\"og:url\" content=\"https:\/\/verdadeon.com.br\/portal\/2024\/12\/30\/marinha-confirma-11-mortos-na-queda-de-ponte\/\" \/>\n<meta property=\"og:site_name\" content=\"VerdadeOn\" \/>\n<meta property=\"article:published_time\" content=\"2024-12-30T17:39:16+00:00\" \/>\n<meta property=\"og:image\" content=\"https:\/\/i0.wp.com\/verdadeon.com.br\/portal\/wp-content\/uploads\/2024\/12\/snapinsta.app_471335376_18053718923509012_3646478586344265866_n_1080.webp?fit=1170%2C700&ssl=1\" \/>\n\t<meta property=\"og:image:width\" content=\"1170\" \/>\n\t<meta property=\"og:image:height\" content=\"700\" \/>\n\t<meta property=\"og:image:type\" content=\"image\/webp\" \/>\n<meta name=\"author\" content=\"Redacao VerdadeOn\" \/>\n<meta name=\"twitter:card\" content=\"summary_large_image\" \/>\n<meta name=\"twitter:label1\" content=\"Escrito por\" \/>\n\t<meta name=\"twitter:data1\" content=\"Redacao VerdadeOn\" \/>\n\t<meta name=\"twitter:label2\" content=\"Est. tempo de leitura\" \/>\n\t<meta name=\"twitter:data2\" content=\"1 minuto\" \/>\n<script type=\"application\/ld+json\" class=\"yoast-schema-graph\">{\"@context\":\"https:\/\/schema.org\",\"@graph\":[{\"@type\":\"WebPage\",\"@id\":\"https:\/\/verdadeon.com.br\/portal\/2024\/12\/30\/marinha-confirma-11-mortos-na-queda-de-ponte\/\",\"url\":\"https:\/\/verdadeon.com.br\/portal\/2024\/12\/30\/marinha-confirma-11-mortos-na-queda-de-ponte\/\",\"name\":\"Marinha confirma 11 mortos na queda de ponte - VerdadeOn\",\"isPartOf\":{\"@id\":\"https:\/\/verdadeon.com.br\/portal\/#website\"},\"primaryImageOfPage\":{\"@id\":\"https:\/\/verdadeon.com.br\/portal\/2024\/12\/30\/marinha-confirma-11-mortos-na-queda-de-ponte\/#primaryimage\"},\"image\":{\"@id\":\"https:\/\/verdadeon.com.br\/portal\/2024\/12\/30\/marinha-confirma-11-mortos-na-queda-de-ponte\/#primaryimage\"},\"thumbnailUrl\":\"https:\/\/i0.wp.com\/verdadeon.com.br\/portal\/wp-content\/uploads\/2024\/12\/snapinsta.app_471335376_18053718923509012_3646478586344265866_n_1080.webp?fit=1170%2C700&ssl=1\",\"datePublished\":\"2024-12-30T17:39:16+00:00\",\"author\":{\"@id\":\"https:\/\/verdadeon.com.br\/portal\/#\/schema\/person\/a5060ad1e9ea3df545188fc93ce43d2f\"},\"breadcrumb\":{\"@id\":\"https:\/\/verdadeon.com.br\/portal\/2024\/12\/30\/marinha-confirma-11-mortos-na-queda-de-ponte\/#breadcrumb\"},\"inLanguage\":\"pt-BR\",\"potentialAction\":[{\"@type\":\"ReadAction\",\"target\":[\"https:\/\/verdadeon.com.br\/portal\/2024\/12\/30\/marinha-confirma-11-mortos-na-queda-de-ponte\/\"]}]},{\"@type\":\"ImageObject\",\"inLanguage\":\"pt-BR\",\"@id\":\"https:\/\/verdadeon.com.br\/portal\/2024\/12\/30\/marinha-confirma-11-mortos-na-queda-de-ponte\/#primaryimage\",\"url\":\"https:\/\/i0.wp.com\/verdadeon.com.br\/portal\/wp-content\/uploads\/2024\/12\/snapinsta.app_471335376_18053718923509012_3646478586344265866_n_1080.webp?fit=1170%2C700&ssl=1\",\"contentUrl\":\"https:\/\/i0.wp.com\/verdadeon.com.br\/portal\/wp-content\/uploads\/2024\/12\/snapinsta.app_471335376_18053718923509012_3646478586344265866_n_1080.webp?fit=1170%2C700&ssl=1\",\"width\":1170,\"height\":700,\"caption\":\"A estrutura, que ligava os estados do Tocantins e do Maranh\u00e3o, desabou no domingo (22) (\u00a9Prefeitura de Estreito\/Divulga\u00e7\u00e3o)\"},{\"@type\":\"BreadcrumbList\",\"@id\":\"https:\/\/verdadeon.com.br\/portal\/2024\/12\/30\/marinha-confirma-11-mortos-na-queda-de-ponte\/#breadcrumb\",\"itemListElement\":[{\"@type\":\"ListItem\",\"position\":1,\"name\":\"In\u00edcio\",\"item\":\"https:\/\/verdadeon.com.br\/portal\/\"},{\"@type\":\"ListItem\",\"position\":2,\"name\":\"Marinha confirma 11 mortos na queda de ponte\"}]},{\"@type\":\"WebSite\",\"@id\":\"https:\/\/verdadeon.com.br\/portal\/#website\",\"url\":\"https:\/\/verdadeon.com.br\/portal\/\",\"name\":\"VerdadeOn\",\"description\":\"Not\u00edcias di\u00e1rias sobre Franca, Regi\u00e3o, Esporte, Cultura, Cotidiano, Colunas. Cobertura nos principais eventos da cidade \u00e9 aqui - Verdadeon Franca\",\"potentialAction\":[{\"@type\":\"SearchAction\",\"target\":{\"@type\":\"EntryPoint\",\"urlTemplate\":\"https:\/\/verdadeon.com.br\/portal\/?s={search_term_string}\"},\"query-input\":{\"@type\":\"PropertyValueSpecification\",\"valueRequired\":true,\"valueName\":\"search_term_string\"}}],\"inLanguage\":\"pt-BR\"},{\"@type\":\"Person\",\"@id\":\"https:\/\/verdadeon.com.br\/portal\/#\/schema\/person\/a5060ad1e9ea3df545188fc93ce43d2f\",\"name\":\"Redacao VerdadeOn\",\"image\":{\"@type\":\"ImageObject\",\"inLanguage\":\"pt-BR\",\"@id\":\"https:\/\/verdadeon.com.br\/portal\/#\/schema\/person\/image\/\",\"url\":\"https:\/\/secure.gravatar.com\/avatar\/459a9613caaaf07f582c3d0841eea68bdd66f533e465e6ba8b9cb45619572cf4?s=96&d=mm&r=g\",\"contentUrl\":\"https:\/\/secure.gravatar.com\/avatar\/459a9613caaaf07f582c3d0841eea68bdd66f533e465e6ba8b9cb45619572cf4?s=96&d=mm&r=g\",\"caption\":\"Redacao VerdadeOn\"},\"url\":\"https:\/\/verdadeon.com.br\/portal\/author\/redacao\/\"}]}<\/script>\n<!-- \/ Yoast SEO plugin. -->","yoast_head_json":{"title":"Marinha confirma 11 mortos na queda de ponte - VerdadeOn","robots":{"index":"index","follow":"follow","max-snippet":"max-snippet:-1","max-image-preview":"max-image-preview:large","max-video-preview":"max-video-preview:-1"},"canonical":"https:\/\/verdadeon.com.br\/portal\/2024\/12\/30\/marinha-confirma-11-mortos-na-queda-de-ponte\/","og_locale":"pt_BR","og_type":"article","og_title":"Marinha confirma 11 mortos na queda de ponte - VerdadeOn","og_description":"H\u00e1 seis pessoas desaparecidas na divisa entre Maranh\u00e3o e Tocantins A Marinha do Brasil confirmou 11 mortes em raz\u00e3o da queda da Ponte Juscelino Kubitschek de [\u2026]","og_url":"https:\/\/verdadeon.com.br\/portal\/2024\/12\/30\/marinha-confirma-11-mortos-na-queda-de-ponte\/","og_site_name":"VerdadeOn","article_published_time":"2024-12-30T17:39:16+00:00","og_image":[{"width":1170,"height":700,"url":"https:\/\/i0.wp.com\/verdadeon.com.br\/portal\/wp-content\/uploads\/2024\/12\/snapinsta.app_471335376_18053718923509012_3646478586344265866_n_1080.webp?fit=1170%2C700&ssl=1","type":"image\/webp"}],"author":"Redacao VerdadeOn","twitter_card":"summary_large_image","twitter_misc":{"Escrito por":"Redacao VerdadeOn","Est. tempo de leitura":"1 minuto"},"schema":{"@context":"https:\/\/schema.org","@graph":[{"@type":"WebPage","@id":"https:\/\/verdadeon.com.br\/portal\/2024\/12\/30\/marinha-confirma-11-mortos-na-queda-de-ponte\/","url":"https:\/\/verdadeon.com.br\/portal\/2024\/12\/30\/marinha-confirma-11-mortos-na-queda-de-ponte\/","name":"Marinha confirma 11 mortos na queda de ponte - VerdadeOn","isPartOf":{"@id":"https:\/\/verdadeon.com.br\/portal\/#website"},"primaryImageOfPage":{"@id":"https:\/\/verdadeon.com.br\/portal\/2024\/12\/30\/marinha-confirma-11-mortos-na-queda-de-ponte\/#primaryimage"},"image":{"@id":"https:\/\/verdadeon.com.br\/portal\/2024\/12\/30\/marinha-confirma-11-mortos-na-queda-de-ponte\/#primaryimage"},"thumbnailUrl":"https:\/\/i0.wp.com\/verdadeon.com.br\/portal\/wp-content\/uploads\/2024\/12\/snapinsta.app_471335376_18053718923509012_3646478586344265866_n_1080.webp?fit=1170%2C700&ssl=1","datePublished":"2024-12-30T17:39:16+00:00","author":{"@id":"https:\/\/verdadeon.com.br\/portal\/#\/schema\/person\/a5060ad1e9ea3df545188fc93ce43d2f"},"breadcrumb":{"@id":"https:\/\/verdadeon.com.br\/portal\/2024\/12\/30\/marinha-confirma-11-mortos-na-queda-de-ponte\/#breadcrumb"},"inLanguage":"pt-BR","potentialAction":[{"@type":"ReadAction","target":["https:\/\/verdadeon.com.br\/portal\/2024\/12\/30\/marinha-confirma-11-mortos-na-queda-de-ponte\/"]}]},{"@type":"ImageObject","inLanguage":"pt-BR","@id":"https:\/\/verdadeon.com.br\/portal\/2024\/12\/30\/marinha-confirma-11-mortos-na-queda-de-ponte\/#primaryimage","url":"https:\/\/i0.wp.com\/verdadeon.com.br\/portal\/wp-content\/uploads\/2024\/12\/snapinsta.app_471335376_18053718923509012_3646478586344265866_n_1080.webp?fit=1170%2C700&ssl=1","contentUrl":"https:\/\/i0.wp.com\/verdadeon.com.br\/portal\/wp-content\/uploads\/2024\/12\/snapinsta.app_471335376_18053718923509012_3646478586344265866_n_1080.webp?fit=1170%2C700&ssl=1","width":1170,"height":700,"caption":"A estrutura, que ligava os estados do Tocantins e do Maranh\u00e3o, desabou no domingo (22) (\u00a9Prefeitura de Estreito\/Divulga\u00e7\u00e3o)"},{"@type":"BreadcrumbList","@id":"https:\/\/verdadeon.com.br\/portal\/2024\/12\/30\/marinha-confirma-11-mortos-na-queda-de-ponte\/#breadcrumb","itemListElement":[{"@type":"ListItem","position":1,"name":"In\u00edcio","item":"https:\/\/verdadeon.com.br\/portal\/"},{"@type":"ListItem","position":2,"name":"Marinha confirma 11 mortos na queda de ponte"}]},{"@type":"WebSite","@id":"https:\/\/verdadeon.com.br\/portal\/#website","url":"https:\/\/verdadeon.com.br\/portal\/","name":"VerdadeOn","description":"Not\u00edcias di\u00e1rias sobre Franca, Regi\u00e3o, Esporte, Cultura, Cotidiano, Colunas. Cobertura nos principais eventos da cidade \u00e9 aqui - Verdadeon Franca","potentialAction":[{"@type":"SearchAction","target":{"@type":"EntryPoint","urlTemplate":"https:\/\/verdadeon.com.br\/portal\/?s={search_term_string}"},"query-input":{"@type":"PropertyValueSpecification","valueRequired":true,"valueName":"search_term_string"}}],"inLanguage":"pt-BR"},{"@type":"Person","@id":"https:\/\/verdadeon.com.br\/portal\/#\/schema\/person\/a5060ad1e9ea3df545188fc93ce43d2f","name":"Redacao VerdadeOn","image":{"@type":"ImageObject","inLanguage":"pt-BR","@id":"https:\/\/verdadeon.com.br\/portal\/#\/schema\/person\/image\/","url":"https:\/\/secure.gravatar.com\/avatar\/459a9613caaaf07f582c3d0841eea68bdd66f533e465e6ba8b9cb45619572cf4?s=96&d=mm&r=g","contentUrl":"https:\/\/secure.gravatar.com\/avatar\/459a9613caaaf07f582c3d0841eea68bdd66f533e465e6ba8b9cb45619572cf4?s=96&d=mm&r=g","caption":"Redacao VerdadeOn"},"url":"https:\/\/verdadeon.com.br\/portal\/author\/redacao\/"}]}},"jetpack_publicize_connections":[],"jetpack_featured_media_url":"https:\/\/i0.wp.com\/verdadeon.com.br\/portal\/wp-content\/uploads\/2024\/12\/snapinsta.app_471335376_18053718923509012_3646478586344265866_n_1080.webp?fit=1170%2C700&ssl=1","jetpack_sharing_enabled":true,"_links":{"self":[{"href":"https:\/\/verdadeon.com.br\/portal\/wp-json\/wp\/v2\/posts\/52689","targetHints":{"allow":["GET"]}}],"collection":[{"href":"https:\/\/verdadeon.com.br\/portal\/wp-json\/wp\/v2\/posts"}],"about":[{"href":"https:\/\/verdadeon.com.br\/portal\/wp-json\/wp\/v2\/types\/post"}],"author":[{"embeddable":true,"href":"https:\/\/verdadeon.com.br\/portal\/wp-json\/wp\/v2\/users\/10"}],"replies":[{"embeddable":true,"href":"https:\/\/verdadeon.com.br\/portal\/wp-json\/wp\/v2\/comments?post=52689"}],"version-history":[{"count":1,"href":"https:\/\/verdadeon.com.br\/portal\/wp-json\/wp\/v2\/posts\/52689\/revisions"}],"predecessor-version":[{"id":52691,"href":"https:\/\/verdadeon.com.br\/portal\/wp-json\/wp\/v2\/posts\/52689\/revisions\/52691"}],"wp:featuredmedia":[{"embeddable":true,"href":"https:\/\/verdadeon.com.br\/portal\/wp-json\/wp\/v2\/media\/52690"}],"wp:attachment":[{"href":"https:\/\/verdadeon.com.br\/portal\/wp-json\/wp\/v2\/media?parent=52689"}],"wp:term":[{"taxonomy":"category","embeddable":true,"href":"https:\/\/verdadeon.com.br\/portal\/wp-json\/wp\/v2\/categories?post=52689"},{"taxonomy":"post_tag","embeddable":true,"href":"https:\/\/verdadeon.com.br\/portal\/wp-json\/wp\/v2\/tags?post=52689"}],"curies":[{"name":"wp","href":"https:\/\/api.w.org\/{rel}","templated":true}]}}