{"id":52682,"date":"2024-12-30T14:22:29","date_gmt":"2024-12-30T17:22:29","guid":{"rendered":"https:\/\/verdadeon.com.br\/portal\/?p=52682"},"modified":"2024-12-30T16:40:28","modified_gmt":"2024-12-30T19:40:28","slug":"culto-das-familias-na-assembleia-de-deus-recebe-o-jogador-estevao","status":"publish","type":"post","link":"https:\/\/verdadeon.com.br\/portal\/2024\/12\/30\/culto-das-familias-na-assembleia-de-deus-recebe-o-jogador-estevao\/","title":{"rendered":"&#8216;Culto das Fam\u00edlias&#8217; na Assembleia de Deus recebe o jogador Est\u00eav\u00e3o"},"content":{"rendered":"<h2>Noite foi marcada por testemunho do jogador que, com apenas 17 anos, veste a camisa do Palmeiras e da Sele\u00e7\u00e3o Brasileira<\/h2>\n<p style=\"text-align: right;\"><em><strong>Por Pedro Maia<\/strong><\/em><br \/>\n<em><strong>Editor-chefe<\/strong><\/em><\/p>\n<p>A Catedral das Assembleias de Deus, no Jardim Aeroporto III, que \u00e9 presidida pelo Pastor Isaac Ribeiro e pastoreada pelo Pastor Israel do Carmo, recebeu no \u00faltimo domingo, 29 de dezembro, o jovem destaque do futebol brasileiro e prata de Franca &#8211; ou ser\u00e1 Ouro? Est\u00eav\u00e3o Wilian.<\/p>\n<p>O jogador de apenas 17 anos atua pelo Palmeiras e pela Sele\u00e7\u00e3o Brasileira, sempre convocado pelo t\u00e9cnico Dorival Jr. Nas palavras do Pr. Israel, a presen\u00e7a do atleta foi marcada tamb\u00e9m com uma &#8220;uma noite hist\u00f3rica e gloriosa, onde ficar\u00e1 marcada nos cora\u00e7\u00f5es dos presentes, um ambiente de alegria, comunh\u00e3o e esperan\u00e7a, um bel\u00edssimo culto de louvor e adora\u00e7\u00e3o a Deus&#8221;.<\/p>\n<p>Est\u00eav\u00e3o participou do &#8216;Culto das Fam\u00edlias&#8217; acompanhado de seu pai, o tamb\u00e9m Pastor, Ivo, que de acordo com o Pr. Israel &#8211; dirigente da Assembleia de Deus -, \u00e9 um ministrante da palavra de forma &#8220;din\u00e2mica e envolvente&#8221;. Willian relatou no p\u00falpito do templo, localizado na Avenida Elias Limonta, 1873, seu testemunho vitorioso na carreira, mostrando que com f\u00e9, trabalho, honestidade e for\u00e7a de vontade conseguimos superar todos os desafios.<\/p>\n<p>O atacante do Verd\u00e3o, que no ano de 2024 foi titular e ganhou o Campeonato Paulista, tamb\u00e9m foi convocado pela Sele\u00e7\u00e3o Brasileira e recebeu v\u00e1rias premia\u00e7\u00f5es individuais, sendo o craque do Brasileir\u00e3o. Em seu discurso, mostrou gratid\u00e3o a Deus por tudo que est\u00e1 acontecendo em sua vida. Um talento da nossa querida Franca, sendo destaque no pa\u00eds e j\u00e1 se preparando para ser destaque mundial.<\/p>\n<p>&#8220;Essa noite de domingo foi hist\u00f3rica: era vis\u00edvel a alegria dos presentes! Teve tamb\u00e9m v\u00e1rias participa\u00e7\u00f5es musicais, que alegram o cora\u00e7\u00e3o da assembleia. Agradecemos a Deus por tudo, realmente, uma noite Gloriosa!&#8221;, conclui o Pr. Israel do Carmo.<\/p>\n","protected":false},"excerpt":{"rendered":"<p>Noite foi marcada por testemunho do jogador que, com apenas 17 anos, veste a camisa do Palmeiras e da Sele\u00e7\u00e3o Brasileira Por Pedro Maia Editor-chefe A<span class=\"excerpt-hellip\"> [\u2026]<\/span><\/p>\n","protected":false},"author":10,"featured_media":52683,"comment_status":"open","ping_status":"open","sticky":false,"template":"","format":"standard","meta":{"_jetpack_memberships_contains_paid_content":false,"footnotes":"","jetpack_publicize_message":"","jetpack_publicize_feature_enabled":true,"jetpack_social_post_already_shared":true,"jetpack_social_options":{"image_generator_settings":{"template":"highway","default_image_id":0,"enabled":false},"version":2}},"categories":[28,44],"tags":[],"class_list":["post-52682","post","type-post","status-publish","format-standard","has-post-thumbnail","hentry","category-cotidiano","category-noticias"],"yoast_head":"<!-- This site is optimized with the Yoast SEO plugin v25.6 - https:\/\/yoast.com\/wordpress\/plugins\/seo\/ -->\n<title>&#039;Culto das Fam\u00edlias&#039; na Assembleia de Deus recebe o jogador Est\u00eav\u00e3o - VerdadeOn<\/title>\n<meta name=\"robots\" content=\"index, follow, max-snippet:-1, max-image-preview:large, max-video-preview:-1\" \/>\n<link rel=\"canonical\" href=\"https:\/\/verdadeon.com.br\/portal\/2024\/12\/30\/culto-das-familias-na-assembleia-de-deus-recebe-o-jogador-estevao\/\" \/>\n<meta property=\"og:locale\" content=\"pt_BR\" \/>\n<meta property=\"og:type\" content=\"article\" \/>\n<meta property=\"og:title\" content=\"&#039;Culto das Fam\u00edlias&#039; na Assembleia de Deus recebe o jogador Est\u00eav\u00e3o - VerdadeOn\" \/>\n<meta property=\"og:description\" content=\"Noite foi marcada por testemunho do jogador que, com apenas 17 anos, veste a camisa do Palmeiras e da Sele\u00e7\u00e3o Brasileira Por Pedro Maia Editor-chefe A [\u2026]\" \/>\n<meta property=\"og:url\" content=\"https:\/\/verdadeon.com.br\/portal\/2024\/12\/30\/culto-das-familias-na-assembleia-de-deus-recebe-o-jogador-estevao\/\" \/>\n<meta property=\"og:site_name\" content=\"VerdadeOn\" \/>\n<meta property=\"article:published_time\" content=\"2024-12-30T17:22:29+00:00\" \/>\n<meta property=\"article:modified_time\" content=\"2024-12-30T19:40:28+00:00\" \/>\n<meta property=\"og:image\" content=\"https:\/\/verdadeon.com.br\/portal\/wp-content\/uploads\/2024\/12\/WhatsApp-Image-2024-12-30-at-11.24.27.jpeg\" \/>\n\t<meta property=\"og:image:width\" content=\"1592\" \/>\n\t<meta property=\"og:image:height\" content=\"1066\" \/>\n\t<meta property=\"og:image:type\" content=\"image\/jpeg\" \/>\n<meta name=\"author\" content=\"Redacao VerdadeOn\" \/>\n<meta name=\"twitter:card\" content=\"summary_large_image\" \/>\n<meta name=\"twitter:label1\" content=\"Escrito por\" \/>\n\t<meta name=\"twitter:data1\" content=\"Redacao VerdadeOn\" \/>\n\t<meta name=\"twitter:label2\" content=\"Est. tempo de leitura\" \/>\n\t<meta name=\"twitter:data2\" content=\"2 minutos\" \/>\n<script type=\"application\/ld+json\" class=\"yoast-schema-graph\">{\"@context\":\"https:\/\/schema.org\",\"@graph\":[{\"@type\":\"WebPage\",\"@id\":\"https:\/\/verdadeon.com.br\/portal\/2024\/12\/30\/culto-das-familias-na-assembleia-de-deus-recebe-o-jogador-estevao\/\",\"url\":\"https:\/\/verdadeon.com.br\/portal\/2024\/12\/30\/culto-das-familias-na-assembleia-de-deus-recebe-o-jogador-estevao\/\",\"name\":\"'Culto das Fam\u00edlias' na Assembleia de Deus recebe o jogador Est\u00eav\u00e3o - VerdadeOn\",\"isPartOf\":{\"@id\":\"https:\/\/verdadeon.com.br\/portal\/#website\"},\"primaryImageOfPage\":{\"@id\":\"https:\/\/verdadeon.com.br\/portal\/2024\/12\/30\/culto-das-familias-na-assembleia-de-deus-recebe-o-jogador-estevao\/#primaryimage\"},\"image\":{\"@id\":\"https:\/\/verdadeon.com.br\/portal\/2024\/12\/30\/culto-das-familias-na-assembleia-de-deus-recebe-o-jogador-estevao\/#primaryimage\"},\"thumbnailUrl\":\"https:\/\/i0.wp.com\/verdadeon.com.br\/portal\/wp-content\/uploads\/2024\/12\/WhatsApp-Image-2024-12-30-at-11.24.27.jpeg?fit=1592%2C1066&ssl=1\",\"datePublished\":\"2024-12-30T17:22:29+00:00\",\"dateModified\":\"2024-12-30T19:40:28+00:00\",\"author\":{\"@id\":\"https:\/\/verdadeon.com.br\/portal\/#\/schema\/person\/a5060ad1e9ea3df545188fc93ce43d2f\"},\"breadcrumb\":{\"@id\":\"https:\/\/verdadeon.com.br\/portal\/2024\/12\/30\/culto-das-familias-na-assembleia-de-deus-recebe-o-jogador-estevao\/#breadcrumb\"},\"inLanguage\":\"pt-BR\",\"potentialAction\":[{\"@type\":\"ReadAction\",\"target\":[\"https:\/\/verdadeon.com.br\/portal\/2024\/12\/30\/culto-das-familias-na-assembleia-de-deus-recebe-o-jogador-estevao\/\"]}]},{\"@type\":\"ImageObject\",\"inLanguage\":\"pt-BR\",\"@id\":\"https:\/\/verdadeon.com.br\/portal\/2024\/12\/30\/culto-das-familias-na-assembleia-de-deus-recebe-o-jogador-estevao\/#primaryimage\",\"url\":\"https:\/\/i0.wp.com\/verdadeon.com.br\/portal\/wp-content\/uploads\/2024\/12\/WhatsApp-Image-2024-12-30-at-11.24.27.jpeg?fit=1592%2C1066&ssl=1\",\"contentUrl\":\"https:\/\/i0.wp.com\/verdadeon.com.br\/portal\/wp-content\/uploads\/2024\/12\/WhatsApp-Image-2024-12-30-at-11.24.27.jpeg?fit=1592%2C1066&ssl=1\",\"width\":1592,\"height\":1066,\"caption\":\"O jogador Est\u00eav\u00e3o Willian, ao lado do pai, Pr. Ivo, e do dirigente da Catedral das Assembleias de Deus, Pr. Israel do Carmo (\u00a9Divulga\u00e7\u00e3o)\"},{\"@type\":\"BreadcrumbList\",\"@id\":\"https:\/\/verdadeon.com.br\/portal\/2024\/12\/30\/culto-das-familias-na-assembleia-de-deus-recebe-o-jogador-estevao\/#breadcrumb\",\"itemListElement\":[{\"@type\":\"ListItem\",\"position\":1,\"name\":\"In\u00edcio\",\"item\":\"https:\/\/verdadeon.com.br\/portal\/\"},{\"@type\":\"ListItem\",\"position\":2,\"name\":\"&#8216;Culto das Fam\u00edlias&#8217; na Assembleia de Deus recebe o jogador Est\u00eav\u00e3o\"}]},{\"@type\":\"WebSite\",\"@id\":\"https:\/\/verdadeon.com.br\/portal\/#website\",\"url\":\"https:\/\/verdadeon.com.br\/portal\/\",\"name\":\"VerdadeOn\",\"description\":\"Not\u00edcias di\u00e1rias sobre Franca, Regi\u00e3o, Esporte, Cultura, Cotidiano, Colunas. Cobertura nos principais eventos da cidade \u00e9 aqui - Verdadeon Franca\",\"potentialAction\":[{\"@type\":\"SearchAction\",\"target\":{\"@type\":\"EntryPoint\",\"urlTemplate\":\"https:\/\/verdadeon.com.br\/portal\/?s={search_term_string}\"},\"query-input\":{\"@type\":\"PropertyValueSpecification\",\"valueRequired\":true,\"valueName\":\"search_term_string\"}}],\"inLanguage\":\"pt-BR\"},{\"@type\":\"Person\",\"@id\":\"https:\/\/verdadeon.com.br\/portal\/#\/schema\/person\/a5060ad1e9ea3df545188fc93ce43d2f\",\"name\":\"Redacao VerdadeOn\",\"image\":{\"@type\":\"ImageObject\",\"inLanguage\":\"pt-BR\",\"@id\":\"https:\/\/verdadeon.com.br\/portal\/#\/schema\/person\/image\/\",\"url\":\"https:\/\/secure.gravatar.com\/avatar\/459a9613caaaf07f582c3d0841eea68bdd66f533e465e6ba8b9cb45619572cf4?s=96&d=mm&r=g\",\"contentUrl\":\"https:\/\/secure.gravatar.com\/avatar\/459a9613caaaf07f582c3d0841eea68bdd66f533e465e6ba8b9cb45619572cf4?s=96&d=mm&r=g\",\"caption\":\"Redacao VerdadeOn\"},\"url\":\"https:\/\/verdadeon.com.br\/portal\/author\/redacao\/\"}]}<\/script>\n<!-- \/ Yoast SEO plugin. -->","yoast_head_json":{"title":"'Culto das Fam\u00edlias' na Assembleia de Deus recebe o jogador Est\u00eav\u00e3o - VerdadeOn","robots":{"index":"index","follow":"follow","max-snippet":"max-snippet:-1","max-image-preview":"max-image-preview:large","max-video-preview":"max-video-preview:-1"},"canonical":"https:\/\/verdadeon.com.br\/portal\/2024\/12\/30\/culto-das-familias-na-assembleia-de-deus-recebe-o-jogador-estevao\/","og_locale":"pt_BR","og_type":"article","og_title":"'Culto das Fam\u00edlias' na Assembleia de Deus recebe o jogador Est\u00eav\u00e3o - VerdadeOn","og_description":"Noite foi marcada por testemunho do jogador que, com apenas 17 anos, veste a camisa do Palmeiras e da Sele\u00e7\u00e3o Brasileira Por Pedro Maia Editor-chefe A [\u2026]","og_url":"https:\/\/verdadeon.com.br\/portal\/2024\/12\/30\/culto-das-familias-na-assembleia-de-deus-recebe-o-jogador-estevao\/","og_site_name":"VerdadeOn","article_published_time":"2024-12-30T17:22:29+00:00","article_modified_time":"2024-12-30T19:40:28+00:00","og_image":[{"width":1592,"height":1066,"url":"https:\/\/verdadeon.com.br\/portal\/wp-content\/uploads\/2024\/12\/WhatsApp-Image-2024-12-30-at-11.24.27.jpeg","type":"image\/jpeg"}],"author":"Redacao VerdadeOn","twitter_card":"summary_large_image","twitter_misc":{"Escrito por":"Redacao VerdadeOn","Est. tempo de leitura":"2 minutos"},"schema":{"@context":"https:\/\/schema.org","@graph":[{"@type":"WebPage","@id":"https:\/\/verdadeon.com.br\/portal\/2024\/12\/30\/culto-das-familias-na-assembleia-de-deus-recebe-o-jogador-estevao\/","url":"https:\/\/verdadeon.com.br\/portal\/2024\/12\/30\/culto-das-familias-na-assembleia-de-deus-recebe-o-jogador-estevao\/","name":"'Culto das Fam\u00edlias' na Assembleia de Deus recebe o jogador Est\u00eav\u00e3o - VerdadeOn","isPartOf":{"@id":"https:\/\/verdadeon.com.br\/portal\/#website"},"primaryImageOfPage":{"@id":"https:\/\/verdadeon.com.br\/portal\/2024\/12\/30\/culto-das-familias-na-assembleia-de-deus-recebe-o-jogador-estevao\/#primaryimage"},"image":{"@id":"https:\/\/verdadeon.com.br\/portal\/2024\/12\/30\/culto-das-familias-na-assembleia-de-deus-recebe-o-jogador-estevao\/#primaryimage"},"thumbnailUrl":"https:\/\/i0.wp.com\/verdadeon.com.br\/portal\/wp-content\/uploads\/2024\/12\/WhatsApp-Image-2024-12-30-at-11.24.27.jpeg?fit=1592%2C1066&ssl=1","datePublished":"2024-12-30T17:22:29+00:00","dateModified":"2024-12-30T19:40:28+00:00","author":{"@id":"https:\/\/verdadeon.com.br\/portal\/#\/schema\/person\/a5060ad1e9ea3df545188fc93ce43d2f"},"breadcrumb":{"@id":"https:\/\/verdadeon.com.br\/portal\/2024\/12\/30\/culto-das-familias-na-assembleia-de-deus-recebe-o-jogador-estevao\/#breadcrumb"},"inLanguage":"pt-BR","potentialAction":[{"@type":"ReadAction","target":["https:\/\/verdadeon.com.br\/portal\/2024\/12\/30\/culto-das-familias-na-assembleia-de-deus-recebe-o-jogador-estevao\/"]}]},{"@type":"ImageObject","inLanguage":"pt-BR","@id":"https:\/\/verdadeon.com.br\/portal\/2024\/12\/30\/culto-das-familias-na-assembleia-de-deus-recebe-o-jogador-estevao\/#primaryimage","url":"https:\/\/i0.wp.com\/verdadeon.com.br\/portal\/wp-content\/uploads\/2024\/12\/WhatsApp-Image-2024-12-30-at-11.24.27.jpeg?fit=1592%2C1066&ssl=1","contentUrl":"https:\/\/i0.wp.com\/verdadeon.com.br\/portal\/wp-content\/uploads\/2024\/12\/WhatsApp-Image-2024-12-30-at-11.24.27.jpeg?fit=1592%2C1066&ssl=1","width":1592,"height":1066,"caption":"O jogador Est\u00eav\u00e3o Willian, ao lado do pai, Pr. Ivo, e do dirigente da Catedral das Assembleias de Deus, Pr. Israel do Carmo (\u00a9Divulga\u00e7\u00e3o)"},{"@type":"BreadcrumbList","@id":"https:\/\/verdadeon.com.br\/portal\/2024\/12\/30\/culto-das-familias-na-assembleia-de-deus-recebe-o-jogador-estevao\/#breadcrumb","itemListElement":[{"@type":"ListItem","position":1,"name":"In\u00edcio","item":"https:\/\/verdadeon.com.br\/portal\/"},{"@type":"ListItem","position":2,"name":"&#8216;Culto das Fam\u00edlias&#8217; na Assembleia de Deus recebe o jogador Est\u00eav\u00e3o"}]},{"@type":"WebSite","@id":"https:\/\/verdadeon.com.br\/portal\/#website","url":"https:\/\/verdadeon.com.br\/portal\/","name":"VerdadeOn","description":"Not\u00edcias di\u00e1rias sobre Franca, Regi\u00e3o, Esporte, Cultura, Cotidiano, Colunas. Cobertura nos principais eventos da cidade \u00e9 aqui - Verdadeon Franca","potentialAction":[{"@type":"SearchAction","target":{"@type":"EntryPoint","urlTemplate":"https:\/\/verdadeon.com.br\/portal\/?s={search_term_string}"},"query-input":{"@type":"PropertyValueSpecification","valueRequired":true,"valueName":"search_term_string"}}],"inLanguage":"pt-BR"},{"@type":"Person","@id":"https:\/\/verdadeon.com.br\/portal\/#\/schema\/person\/a5060ad1e9ea3df545188fc93ce43d2f","name":"Redacao VerdadeOn","image":{"@type":"ImageObject","inLanguage":"pt-BR","@id":"https:\/\/verdadeon.com.br\/portal\/#\/schema\/person\/image\/","url":"https:\/\/secure.gravatar.com\/avatar\/459a9613caaaf07f582c3d0841eea68bdd66f533e465e6ba8b9cb45619572cf4?s=96&d=mm&r=g","contentUrl":"https:\/\/secure.gravatar.com\/avatar\/459a9613caaaf07f582c3d0841eea68bdd66f533e465e6ba8b9cb45619572cf4?s=96&d=mm&r=g","caption":"Redacao VerdadeOn"},"url":"https:\/\/verdadeon.com.br\/portal\/author\/redacao\/"}]}},"jetpack_publicize_connections":[],"jetpack_featured_media_url":"https:\/\/i0.wp.com\/verdadeon.com.br\/portal\/wp-content\/uploads\/2024\/12\/WhatsApp-Image-2024-12-30-at-11.24.27.jpeg?fit=1592%2C1066&ssl=1","jetpack_sharing_enabled":true,"_links":{"self":[{"href":"https:\/\/verdadeon.com.br\/portal\/wp-json\/wp\/v2\/posts\/52682","targetHints":{"allow":["GET"]}}],"collection":[{"href":"https:\/\/verdadeon.com.br\/portal\/wp-json\/wp\/v2\/posts"}],"about":[{"href":"https:\/\/verdadeon.com.br\/portal\/wp-json\/wp\/v2\/types\/post"}],"author":[{"embeddable":true,"href":"https:\/\/verdadeon.com.br\/portal\/wp-json\/wp\/v2\/users\/10"}],"replies":[{"embeddable":true,"href":"https:\/\/verdadeon.com.br\/portal\/wp-json\/wp\/v2\/comments?post=52682"}],"version-history":[{"count":2,"href":"https:\/\/verdadeon.com.br\/portal\/wp-json\/wp\/v2\/posts\/52682\/revisions"}],"predecessor-version":[{"id":52692,"href":"https:\/\/verdadeon.com.br\/portal\/wp-json\/wp\/v2\/posts\/52682\/revisions\/52692"}],"wp:featuredmedia":[{"embeddable":true,"href":"https:\/\/verdadeon.com.br\/portal\/wp-json\/wp\/v2\/media\/52683"}],"wp:attachment":[{"href":"https:\/\/verdadeon.com.br\/portal\/wp-json\/wp\/v2\/media?parent=52682"}],"wp:term":[{"taxonomy":"category","embeddable":true,"href":"https:\/\/verdadeon.com.br\/portal\/wp-json\/wp\/v2\/categories?post=52682"},{"taxonomy":"post_tag","embeddable":true,"href":"https:\/\/verdadeon.com.br\/portal\/wp-json\/wp\/v2\/tags?post=52682"}],"curies":[{"name":"wp","href":"https:\/\/api.w.org\/{rel}","templated":true}]}}