{"id":52678,"date":"2024-12-30T14:05:46","date_gmt":"2024-12-30T17:05:46","guid":{"rendered":"https:\/\/verdadeon.com.br\/portal\/?p=52678"},"modified":"2024-12-30T14:06:58","modified_gmt":"2024-12-30T17:06:58","slug":"posse-de-autoridades-politicas-de-franca-acontece-nesta-quarta","status":"publish","type":"post","link":"https:\/\/verdadeon.com.br\/portal\/2024\/12\/30\/posse-de-autoridades-politicas-de-franca-acontece-nesta-quarta\/","title":{"rendered":"Posse de autoridades pol\u00edticas de Franca acontece nesta quarta"},"content":{"rendered":"<h2>Prefeito, vice e vereadores ser\u00e3o empossados no Teatro Municipal<\/h2>\n<p>Nesta quarta-feira, 1\u00b0 de janeiro, \u00e0s 10h, acontece no Teatro Municipal Jos\u00e9 Cyrino Goulart a Sess\u00e3o Solene que empossa o prefeito, vice-prefeito e os 15 vereadores de Franca, conforme determina a Lei Org\u00e2nica do Munic\u00edpio.<\/p>\n<p>Em raz\u00e3o das obras realizadas no pr\u00e9dio da C\u00e2mara Municipal, a sess\u00e3o foi transferida para o Teatro.<\/p>\n<p>Quem preside \u00e9 a sess\u00e3o \u00e9 o vereador eleito Walker Bombeiro das Libras (PL), que foi o mais votado nas elei\u00e7\u00f5es com 5.139 votos e que tamb\u00e9m elege outro parlamentar para auxili\u00e1-lo durante a cerim\u00f4nia.<\/p>\n<div id=\"m_-8486559263059475083ydp251f8c7cblock-olivero-content\">\n<div>Al\u00e9m dele, tomam posse os chefes do Poder Executivo, reeleitos para o quadri\u00eanio 2025\/28, os eleitos Frans\u00e9rgio Garcia (PL), Andr\u00e9a Silva (Republicanos), Marco Garcia (PP), Leandro O Patriota (PL) e Marilia Martins (PSOL). Ainda, os parlamentares reeleitos: Donizete da Farm\u00e1cia (MDB), Daniel Bassi (PSD), Claudinei da Rocha (MDB), Lindsay Cardoso (PP), Carlinho Petr\u00f3polis Farm\u00e1cia (PL), Marcelo Tidy (MDB), Gilson Pelizaro (PT), Zezinho Cabeleireiro (PSD) e Kak\u00e1 (Republicanos).<\/div>\n<p><strong>Elei\u00e7\u00e3o da Mesa Diretora<\/strong><\/p>\n<p>Depois da cerim\u00f4nia de posse, a C\u00e2mara de Franca elege a nova Mesa Diretora, que \u00e9 composta por presidente, vice-presidente, 1\u00b0 e 2\u00b0 secret\u00e1rios. Em seguida, s\u00e3o escolhidos os presidentes, suplentes e membros das Comiss\u00f5es Permanentes. Veja quais s\u00e3o:<\/p>\n<h3><strong><span style=\"font-family: verdana, helvetica, sans-serif; font-size: medium;\">Comiss\u00f5es Permanentes \u00a0<\/span><\/strong><\/h3>\n<p><em><span style=\"font-family: verdana, helvetica, sans-serif; font-size: medium;\">\u2022\u00a0\u00a0 \u00a0Assuntos da Pessoa com Defici\u00eancia<br \/>\n\u2022\u00a0\u00a0 \u00a0Condi\u00e7\u00e3o Feminina<br \/>\n\u2022\u00a0\u00a0 \u00a0Conselho de \u00c9tica e Decoro Parlamentar<br \/>\n\u2022\u00a0\u00a0 \u00a0Corregedoria<br \/>\n\u2022\u00a0\u00a0 \u00a0Meio Ambiente, Desenvolvimento Sustent\u00e1vel e Defesa dos Animais<br \/>\n\u2022\u00a0\u00a0 \u00a0Direitos Humanos, da Igualdade Racial e de Enfrentamento ao Racismo, e da Cidadania<br \/>\n\u2022\u00a0\u00a0 \u00a0Direitos da Crian\u00e7a e do Adolescente<br \/>\n\u2022\u00a0\u00a0 \u00a0Desenvolvimento Econ\u00f4mico, Inova\u00e7\u00e3o e Tecnologia<br \/>\n\u2022\u00a0\u00a0 \u00a0Educa\u00e7\u00e3o, Esporte, Cultura e Lazer<br \/>\n\u2022\u00a0\u00a0 \u00a0Finan\u00e7as e Or\u00e7amento<br \/>\n\u2022\u00a0\u00a0 \u00a0Legisla\u00e7\u00e3o Participativa<br \/>\n\u2022\u00a0\u00a0 \u00a0Legisla\u00e7\u00e3o, Justi\u00e7a e Reda\u00e7\u00e3o<br \/>\n\u2022\u00a0\u00a0 \u00a0Obras, Servi\u00e7os P\u00fablicos e Atividades Privadas<br \/>\n\u2022\u00a0\u00a0 \u00a0Assuntos de Seguran\u00e7a P\u00fablica<br \/>\n\u2022\u00a0\u00a0 \u00a0Procuradoria Especial da Mulher<br \/>\n\u2022\u00a0\u00a0 \u00a0Sa\u00fade e Assist\u00eancia Social<br \/>\n\u2022\u00a0\u00a0 \u00a0Terceiro Setor<\/span><\/em><\/p>\n<div>Os trabalhos do Legislativo em primeiro ano de mandato s\u00e3o iniciados a partir da sess\u00e3o especial de posse, ou seja, as sess\u00f5es ordin\u00e1rias que, neste ano, come\u00e7am a partir de 7 de janeiro de 2025.<\/div>\n<\/div>\n","protected":false},"excerpt":{"rendered":"<p>Prefeito, vice e vereadores ser\u00e3o empossados no Teatro Municipal Nesta quarta-feira, 1\u00b0 de janeiro, \u00e0s 10h, acontece no Teatro Municipal Jos\u00e9 Cyrino Goulart a Sess\u00e3o Solene<span class=\"excerpt-hellip\"> [\u2026]<\/span><\/p>\n","protected":false},"author":10,"featured_media":52680,"comment_status":"open","ping_status":"open","sticky":false,"template":"","format":"standard","meta":{"_jetpack_memberships_contains_paid_content":false,"footnotes":"","jetpack_publicize_message":"","jetpack_publicize_feature_enabled":true,"jetpack_social_post_already_shared":true,"jetpack_social_options":{"image_generator_settings":{"template":"highway","default_image_id":0,"enabled":false},"version":2}},"categories":[28,44],"tags":[],"class_list":["post-52678","post","type-post","status-publish","format-standard","has-post-thumbnail","hentry","category-cotidiano","category-noticias"],"yoast_head":"<!-- This site is optimized with the Yoast SEO plugin v25.6 - https:\/\/yoast.com\/wordpress\/plugins\/seo\/ -->\n<title>Posse de autoridades pol\u00edticas de Franca acontece nesta quarta - VerdadeOn<\/title>\n<meta name=\"robots\" content=\"index, follow, max-snippet:-1, max-image-preview:large, max-video-preview:-1\" \/>\n<link rel=\"canonical\" href=\"https:\/\/verdadeon.com.br\/portal\/2024\/12\/30\/posse-de-autoridades-politicas-de-franca-acontece-nesta-quarta\/\" \/>\n<meta property=\"og:locale\" content=\"pt_BR\" \/>\n<meta property=\"og:type\" content=\"article\" \/>\n<meta property=\"og:title\" content=\"Posse de autoridades pol\u00edticas de Franca acontece nesta quarta - VerdadeOn\" \/>\n<meta property=\"og:description\" content=\"Prefeito, vice e vereadores ser\u00e3o empossados no Teatro Municipal Nesta quarta-feira, 1\u00b0 de janeiro, \u00e0s 10h, acontece no Teatro Municipal Jos\u00e9 Cyrino Goulart a Sess\u00e3o Solene [\u2026]\" \/>\n<meta property=\"og:url\" content=\"https:\/\/verdadeon.com.br\/portal\/2024\/12\/30\/posse-de-autoridades-politicas-de-franca-acontece-nesta-quarta\/\" \/>\n<meta property=\"og:site_name\" content=\"VerdadeOn\" \/>\n<meta property=\"article:published_time\" content=\"2024-12-30T17:05:46+00:00\" \/>\n<meta property=\"article:modified_time\" content=\"2024-12-30T17:06:58+00:00\" \/>\n<meta property=\"og:image\" content=\"https:\/\/verdadeon.com.br\/portal\/wp-content\/uploads\/2024\/12\/teatromunicipal-1-1.jpeg\" \/>\n\t<meta property=\"og:image:width\" content=\"832\" \/>\n\t<meta property=\"og:image:height\" content=\"558\" \/>\n\t<meta property=\"og:image:type\" content=\"image\/jpeg\" \/>\n<meta name=\"author\" content=\"Redacao VerdadeOn\" \/>\n<meta name=\"twitter:card\" content=\"summary_large_image\" \/>\n<meta name=\"twitter:label1\" content=\"Escrito por\" \/>\n\t<meta name=\"twitter:data1\" content=\"Redacao VerdadeOn\" \/>\n\t<meta name=\"twitter:label2\" content=\"Est. tempo de leitura\" \/>\n\t<meta name=\"twitter:data2\" content=\"2 minutos\" \/>\n<script type=\"application\/ld+json\" class=\"yoast-schema-graph\">{\"@context\":\"https:\/\/schema.org\",\"@graph\":[{\"@type\":\"WebPage\",\"@id\":\"https:\/\/verdadeon.com.br\/portal\/2024\/12\/30\/posse-de-autoridades-politicas-de-franca-acontece-nesta-quarta\/\",\"url\":\"https:\/\/verdadeon.com.br\/portal\/2024\/12\/30\/posse-de-autoridades-politicas-de-franca-acontece-nesta-quarta\/\",\"name\":\"Posse de autoridades pol\u00edticas de Franca acontece nesta quarta - VerdadeOn\",\"isPartOf\":{\"@id\":\"https:\/\/verdadeon.com.br\/portal\/#website\"},\"primaryImageOfPage\":{\"@id\":\"https:\/\/verdadeon.com.br\/portal\/2024\/12\/30\/posse-de-autoridades-politicas-de-franca-acontece-nesta-quarta\/#primaryimage\"},\"image\":{\"@id\":\"https:\/\/verdadeon.com.br\/portal\/2024\/12\/30\/posse-de-autoridades-politicas-de-franca-acontece-nesta-quarta\/#primaryimage\"},\"thumbnailUrl\":\"https:\/\/i0.wp.com\/verdadeon.com.br\/portal\/wp-content\/uploads\/2024\/12\/teatromunicipal-1-1.jpeg?fit=832%2C558&ssl=1\",\"datePublished\":\"2024-12-30T17:05:46+00:00\",\"dateModified\":\"2024-12-30T17:06:58+00:00\",\"author\":{\"@id\":\"https:\/\/verdadeon.com.br\/portal\/#\/schema\/person\/a5060ad1e9ea3df545188fc93ce43d2f\"},\"breadcrumb\":{\"@id\":\"https:\/\/verdadeon.com.br\/portal\/2024\/12\/30\/posse-de-autoridades-politicas-de-franca-acontece-nesta-quarta\/#breadcrumb\"},\"inLanguage\":\"pt-BR\",\"potentialAction\":[{\"@type\":\"ReadAction\",\"target\":[\"https:\/\/verdadeon.com.br\/portal\/2024\/12\/30\/posse-de-autoridades-politicas-de-franca-acontece-nesta-quarta\/\"]}]},{\"@type\":\"ImageObject\",\"inLanguage\":\"pt-BR\",\"@id\":\"https:\/\/verdadeon.com.br\/portal\/2024\/12\/30\/posse-de-autoridades-politicas-de-franca-acontece-nesta-quarta\/#primaryimage\",\"url\":\"https:\/\/i0.wp.com\/verdadeon.com.br\/portal\/wp-content\/uploads\/2024\/12\/teatromunicipal-1-1.jpeg?fit=832%2C558&ssl=1\",\"contentUrl\":\"https:\/\/i0.wp.com\/verdadeon.com.br\/portal\/wp-content\/uploads\/2024\/12\/teatromunicipal-1-1.jpeg?fit=832%2C558&ssl=1\",\"width\":832,\"height\":558,\"caption\":\"Fachada do Teatro Municipal Jos\u00e9 Cyrino Goulart (\u00a9Divulga\u00e7\u00e3o)\"},{\"@type\":\"BreadcrumbList\",\"@id\":\"https:\/\/verdadeon.com.br\/portal\/2024\/12\/30\/posse-de-autoridades-politicas-de-franca-acontece-nesta-quarta\/#breadcrumb\",\"itemListElement\":[{\"@type\":\"ListItem\",\"position\":1,\"name\":\"In\u00edcio\",\"item\":\"https:\/\/verdadeon.com.br\/portal\/\"},{\"@type\":\"ListItem\",\"position\":2,\"name\":\"Posse de autoridades pol\u00edticas de Franca acontece nesta quarta\"}]},{\"@type\":\"WebSite\",\"@id\":\"https:\/\/verdadeon.com.br\/portal\/#website\",\"url\":\"https:\/\/verdadeon.com.br\/portal\/\",\"name\":\"VerdadeOn\",\"description\":\"Not\u00edcias di\u00e1rias sobre Franca, Regi\u00e3o, Esporte, Cultura, Cotidiano, Colunas. Cobertura nos principais eventos da cidade \u00e9 aqui - Verdadeon Franca\",\"potentialAction\":[{\"@type\":\"SearchAction\",\"target\":{\"@type\":\"EntryPoint\",\"urlTemplate\":\"https:\/\/verdadeon.com.br\/portal\/?s={search_term_string}\"},\"query-input\":{\"@type\":\"PropertyValueSpecification\",\"valueRequired\":true,\"valueName\":\"search_term_string\"}}],\"inLanguage\":\"pt-BR\"},{\"@type\":\"Person\",\"@id\":\"https:\/\/verdadeon.com.br\/portal\/#\/schema\/person\/a5060ad1e9ea3df545188fc93ce43d2f\",\"name\":\"Redacao VerdadeOn\",\"image\":{\"@type\":\"ImageObject\",\"inLanguage\":\"pt-BR\",\"@id\":\"https:\/\/verdadeon.com.br\/portal\/#\/schema\/person\/image\/\",\"url\":\"https:\/\/secure.gravatar.com\/avatar\/459a9613caaaf07f582c3d0841eea68bdd66f533e465e6ba8b9cb45619572cf4?s=96&d=mm&r=g\",\"contentUrl\":\"https:\/\/secure.gravatar.com\/avatar\/459a9613caaaf07f582c3d0841eea68bdd66f533e465e6ba8b9cb45619572cf4?s=96&d=mm&r=g\",\"caption\":\"Redacao VerdadeOn\"},\"url\":\"https:\/\/verdadeon.com.br\/portal\/author\/redacao\/\"}]}<\/script>\n<!-- \/ Yoast SEO plugin. -->","yoast_head_json":{"title":"Posse de autoridades pol\u00edticas de Franca acontece nesta quarta - VerdadeOn","robots":{"index":"index","follow":"follow","max-snippet":"max-snippet:-1","max-image-preview":"max-image-preview:large","max-video-preview":"max-video-preview:-1"},"canonical":"https:\/\/verdadeon.com.br\/portal\/2024\/12\/30\/posse-de-autoridades-politicas-de-franca-acontece-nesta-quarta\/","og_locale":"pt_BR","og_type":"article","og_title":"Posse de autoridades pol\u00edticas de Franca acontece nesta quarta - VerdadeOn","og_description":"Prefeito, vice e vereadores ser\u00e3o empossados no Teatro Municipal Nesta quarta-feira, 1\u00b0 de janeiro, \u00e0s 10h, acontece no Teatro Municipal Jos\u00e9 Cyrino Goulart a Sess\u00e3o Solene [\u2026]","og_url":"https:\/\/verdadeon.com.br\/portal\/2024\/12\/30\/posse-de-autoridades-politicas-de-franca-acontece-nesta-quarta\/","og_site_name":"VerdadeOn","article_published_time":"2024-12-30T17:05:46+00:00","article_modified_time":"2024-12-30T17:06:58+00:00","og_image":[{"width":832,"height":558,"url":"https:\/\/verdadeon.com.br\/portal\/wp-content\/uploads\/2024\/12\/teatromunicipal-1-1.jpeg","type":"image\/jpeg"}],"author":"Redacao VerdadeOn","twitter_card":"summary_large_image","twitter_misc":{"Escrito por":"Redacao VerdadeOn","Est. tempo de leitura":"2 minutos"},"schema":{"@context":"https:\/\/schema.org","@graph":[{"@type":"WebPage","@id":"https:\/\/verdadeon.com.br\/portal\/2024\/12\/30\/posse-de-autoridades-politicas-de-franca-acontece-nesta-quarta\/","url":"https:\/\/verdadeon.com.br\/portal\/2024\/12\/30\/posse-de-autoridades-politicas-de-franca-acontece-nesta-quarta\/","name":"Posse de autoridades pol\u00edticas de Franca acontece nesta quarta - VerdadeOn","isPartOf":{"@id":"https:\/\/verdadeon.com.br\/portal\/#website"},"primaryImageOfPage":{"@id":"https:\/\/verdadeon.com.br\/portal\/2024\/12\/30\/posse-de-autoridades-politicas-de-franca-acontece-nesta-quarta\/#primaryimage"},"image":{"@id":"https:\/\/verdadeon.com.br\/portal\/2024\/12\/30\/posse-de-autoridades-politicas-de-franca-acontece-nesta-quarta\/#primaryimage"},"thumbnailUrl":"https:\/\/i0.wp.com\/verdadeon.com.br\/portal\/wp-content\/uploads\/2024\/12\/teatromunicipal-1-1.jpeg?fit=832%2C558&ssl=1","datePublished":"2024-12-30T17:05:46+00:00","dateModified":"2024-12-30T17:06:58+00:00","author":{"@id":"https:\/\/verdadeon.com.br\/portal\/#\/schema\/person\/a5060ad1e9ea3df545188fc93ce43d2f"},"breadcrumb":{"@id":"https:\/\/verdadeon.com.br\/portal\/2024\/12\/30\/posse-de-autoridades-politicas-de-franca-acontece-nesta-quarta\/#breadcrumb"},"inLanguage":"pt-BR","potentialAction":[{"@type":"ReadAction","target":["https:\/\/verdadeon.com.br\/portal\/2024\/12\/30\/posse-de-autoridades-politicas-de-franca-acontece-nesta-quarta\/"]}]},{"@type":"ImageObject","inLanguage":"pt-BR","@id":"https:\/\/verdadeon.com.br\/portal\/2024\/12\/30\/posse-de-autoridades-politicas-de-franca-acontece-nesta-quarta\/#primaryimage","url":"https:\/\/i0.wp.com\/verdadeon.com.br\/portal\/wp-content\/uploads\/2024\/12\/teatromunicipal-1-1.jpeg?fit=832%2C558&ssl=1","contentUrl":"https:\/\/i0.wp.com\/verdadeon.com.br\/portal\/wp-content\/uploads\/2024\/12\/teatromunicipal-1-1.jpeg?fit=832%2C558&ssl=1","width":832,"height":558,"caption":"Fachada do Teatro Municipal Jos\u00e9 Cyrino Goulart (\u00a9Divulga\u00e7\u00e3o)"},{"@type":"BreadcrumbList","@id":"https:\/\/verdadeon.com.br\/portal\/2024\/12\/30\/posse-de-autoridades-politicas-de-franca-acontece-nesta-quarta\/#breadcrumb","itemListElement":[{"@type":"ListItem","position":1,"name":"In\u00edcio","item":"https:\/\/verdadeon.com.br\/portal\/"},{"@type":"ListItem","position":2,"name":"Posse de autoridades pol\u00edticas de Franca acontece nesta quarta"}]},{"@type":"WebSite","@id":"https:\/\/verdadeon.com.br\/portal\/#website","url":"https:\/\/verdadeon.com.br\/portal\/","name":"VerdadeOn","description":"Not\u00edcias di\u00e1rias sobre Franca, Regi\u00e3o, Esporte, Cultura, Cotidiano, Colunas. Cobertura nos principais eventos da cidade \u00e9 aqui - Verdadeon Franca","potentialAction":[{"@type":"SearchAction","target":{"@type":"EntryPoint","urlTemplate":"https:\/\/verdadeon.com.br\/portal\/?s={search_term_string}"},"query-input":{"@type":"PropertyValueSpecification","valueRequired":true,"valueName":"search_term_string"}}],"inLanguage":"pt-BR"},{"@type":"Person","@id":"https:\/\/verdadeon.com.br\/portal\/#\/schema\/person\/a5060ad1e9ea3df545188fc93ce43d2f","name":"Redacao VerdadeOn","image":{"@type":"ImageObject","inLanguage":"pt-BR","@id":"https:\/\/verdadeon.com.br\/portal\/#\/schema\/person\/image\/","url":"https:\/\/secure.gravatar.com\/avatar\/459a9613caaaf07f582c3d0841eea68bdd66f533e465e6ba8b9cb45619572cf4?s=96&d=mm&r=g","contentUrl":"https:\/\/secure.gravatar.com\/avatar\/459a9613caaaf07f582c3d0841eea68bdd66f533e465e6ba8b9cb45619572cf4?s=96&d=mm&r=g","caption":"Redacao VerdadeOn"},"url":"https:\/\/verdadeon.com.br\/portal\/author\/redacao\/"}]}},"jetpack_publicize_connections":[],"jetpack_featured_media_url":"https:\/\/i0.wp.com\/verdadeon.com.br\/portal\/wp-content\/uploads\/2024\/12\/teatromunicipal-1-1.jpeg?fit=832%2C558&ssl=1","jetpack_sharing_enabled":true,"_links":{"self":[{"href":"https:\/\/verdadeon.com.br\/portal\/wp-json\/wp\/v2\/posts\/52678","targetHints":{"allow":["GET"]}}],"collection":[{"href":"https:\/\/verdadeon.com.br\/portal\/wp-json\/wp\/v2\/posts"}],"about":[{"href":"https:\/\/verdadeon.com.br\/portal\/wp-json\/wp\/v2\/types\/post"}],"author":[{"embeddable":true,"href":"https:\/\/verdadeon.com.br\/portal\/wp-json\/wp\/v2\/users\/10"}],"replies":[{"embeddable":true,"href":"https:\/\/verdadeon.com.br\/portal\/wp-json\/wp\/v2\/comments?post=52678"}],"version-history":[{"count":1,"href":"https:\/\/verdadeon.com.br\/portal\/wp-json\/wp\/v2\/posts\/52678\/revisions"}],"predecessor-version":[{"id":52681,"href":"https:\/\/verdadeon.com.br\/portal\/wp-json\/wp\/v2\/posts\/52678\/revisions\/52681"}],"wp:featuredmedia":[{"embeddable":true,"href":"https:\/\/verdadeon.com.br\/portal\/wp-json\/wp\/v2\/media\/52680"}],"wp:attachment":[{"href":"https:\/\/verdadeon.com.br\/portal\/wp-json\/wp\/v2\/media?parent=52678"}],"wp:term":[{"taxonomy":"category","embeddable":true,"href":"https:\/\/verdadeon.com.br\/portal\/wp-json\/wp\/v2\/categories?post=52678"},{"taxonomy":"post_tag","embeddable":true,"href":"https:\/\/verdadeon.com.br\/portal\/wp-json\/wp\/v2\/tags?post=52678"}],"curies":[{"name":"wp","href":"https:\/\/api.w.org\/{rel}","templated":true}]}}