{"id":5267,"date":"2020-03-19T07:45:45","date_gmt":"2020-03-19T10:45:45","guid":{"rendered":"http:\/\/verdadeon.com.br\/portal\/?p=5267"},"modified":"2020-03-19T10:59:19","modified_gmt":"2020-03-19T13:59:19","slug":"confederacao-de-volei-decide-cancelar-a-temporada-da-serie-b-da-superliga-feminina","status":"publish","type":"post","link":"https:\/\/verdadeon.com.br\/portal\/2020\/03\/19\/confederacao-de-volei-decide-cancelar-a-temporada-da-serie-b-da-superliga-feminina\/","title":{"rendered":"Confedera\u00e7\u00e3o de V\u00f4lei decide cancelar a temporada da s\u00e9rie B da Superliga Feminina"},"content":{"rendered":"<h2>Com a mudan\u00e7a, a equipe de Franca garante vaga na segunda divis\u00e3o da liga no ano que vem<\/h2>\n<p>&nbsp;<\/p>\n<p>Reportagem Gustavo Rodrigues<\/p>\n<p>Aos poucos todas as competi\u00e7\u00f5es esportivas do Brasil e do mundo v\u00e3o tendo defini\u00e7\u00f5es dos organizadores. As medidas tomadas por conta dos riscos do novo coronav\u00edrus geralmente s\u00e3o de adiamento, suspens\u00e3o por per\u00edodo indeterminado ou cancelamento total da temporada. A \u00faltima op\u00e7\u00e3o foi adotada pela CBV (Confedera\u00e7\u00e3o Brasileira de V\u00f4lei) em rela\u00e7\u00e3o a Superliga Feminina B.<br \/>\nUma reuni\u00e3o foi realizada na manh\u00e3 desta quarta-feira (18) contou com a participa\u00e7\u00e3o de representantes das oito equipes inscritas no torneio e de respons\u00e1veis pela liga. A decis\u00e3o tem como objetivo preservar as atletas por conta do perigo de contamina\u00e7\u00e3o do v\u00edrus, j\u00e1 que as equipes t\u00eam contatos em diversos lugares em viagens para as partidas.<br \/>\nCom o encerramento precoce da competi\u00e7\u00e3o, a tabela final da temporada fica da forma que est\u00e1 no momento, ou seja, ap\u00f3s sete rodadas e o t\u00e9rmino da fase classificat\u00f3ria, os dois times que sobem para a primeira divis\u00e3o do ano que vem s\u00e3o Bras\u00edlia, campe\u00e3o da liga com 100% de aproveitamento e Itaja\u00ed que conquistou seis vit\u00f3rias e foi derrotado apenas uma vez.<br \/>\nAs rebaixadas e que jogar\u00e3o a s\u00e9rie C foram Chapecoense e Sport. A equipe de Franca escapou por pouco, j\u00e1 que na \u00faltima rodada as meninas venceram o time nordestino, fora de casa, por 3 sets a 1. O confronto foi complicado, j\u00e1 que as donas da casa venceram o primeiro per\u00edodo e o ambiente desfavor\u00e1vel dificultou o trabalho das francanas. Por\u00e9m, com supera\u00e7\u00e3o e for\u00e7a de vontade, a equipe conseguiu a virada e garantiu a perman\u00eancia na divis\u00e3o.<br \/>\nFranca jogaria no \u00faltimo s\u00e1bado (14), no gin\u00e1sio Champagnat, contra o Bradesco. A partida seria v\u00e1lida pela primeira rodada da das quartas de final. O duelo n\u00e3o aconteceu por conta de uma determina\u00e7\u00e3o da confedera\u00e7\u00e3o momentos antes da bola subir. A decis\u00e3o anunciada em cima da hora revoltou o treinador francano Paulo Silveira. \u201cNo fim, a CBV anunciou na \u00faltima hora, a gente tamb\u00e9m n\u00e3o esperava, mas uma hora e meia antes da abertura dos playoffs, ela baixou uma normativa cancelando toda a rodada da superliga. A atitude foi correta, mas o momento foi totalmente equivocada\u201d, afirmou.<br \/>\nO posicionamento inicial era que as partidas do final de semana seriam disputadas com port\u00f5es fechados. Mesmo antes da divulga\u00e7\u00e3o do cancelamento do campeonato, a comiss\u00e3o t\u00e9cnica de Franca j\u00e1 havia dispensado o grupo de jogadores para ficarem em estado de alerta por conta do v\u00edrus. Nesta quinta-feira (19), a CBV far\u00e1 uma reuni\u00e3o com as equipes da s\u00e9rie A da Superliga Feminina para decidir o futuro da competi\u00e7\u00e3o de elite.<\/p>\n<p><strong>Cuidados com o v\u00edrus<br \/>\n<\/strong><br \/>\nEm \u00e9poca de coronav\u00edrus, todos os tipos de cuidados s\u00e3o necess\u00e1rios. Com sintomas parecidos com o problema, por\u00e9m, n\u00e3o identificado pelos m\u00e9dicos, o t\u00e9cnico Paulo Silveira est\u00e1 de quarentena desde a semana passada. Ainda com suspeita de gripe, ele n\u00e3o ficaria no comando do time contra o Bradesco para evitar contato com outras pessoas.<br \/>\n\u201cOs m\u00e9dicos falaram para eu ir monitorando a situa\u00e7\u00e3o e tomando os rem\u00e9dios. Eu fiquei em casa isolado at\u00e9 da minha esposa, agora estou melhorando. N\u00e3o fiz os exames porque n\u00e3o tive os sintomas e segui os cuidados de higieniza\u00e7\u00e3o desde sexta-feira. Como n\u00e3o sabia o que era, n\u00e3o iria para nenhum jogo\u201d, disse.<\/p>\n<p><strong>Objetivo cumprido<br \/>\n<\/strong><br \/>\nMesmo com as dificuldades da montagem do plantel para a disputa da Superliga, a comiss\u00e3o t\u00e9cnica avalia como positiva e satisfat\u00f3ria a campanha deste ano. A sexta coloca\u00e7\u00e3o foi suficiente para o time continuar na s\u00e9rie B, visto como principal objetivo ao in\u00edcio da temporada.<br \/>\n\u201cO objetivo era n\u00e3o cair. Desde quando come\u00e7ou eu j\u00e1 tinha dito isso, que n\u00e3o tem como voc\u00ea entrar em um campeonato desse se n\u00e3o tiver uma estrutura profissional mesmo, jogadoras de ponta e mais experientes e que j\u00e1 jogaram a Superliga. A nossa equipe era praticamente juvenil e, mesmo assim, conseguimos nos manter\u201d, completou Paulo.<br \/>\nO elenco agora continuar\u00e1 com os cuidados contra o coronav\u00edrus. A ideia \u00e9 retomar os trabalhos e resolver o que ser\u00e1 feito quando a situa\u00e7\u00e3o for totalmente controlada. Para o ano que vem, a equipe deve manter a base e focar em novas contrata\u00e7\u00f5es, para a\u00ed sim lutar por uma vaga entre as melhores do Pa\u00eds.<\/p>\n","protected":false},"excerpt":{"rendered":"<p>Com a mudan\u00e7a, a equipe de Franca garante vaga na segunda divis\u00e3o da liga no ano que vem &nbsp; Reportagem Gustavo Rodrigues Aos poucos todas as<span class=\"excerpt-hellip\"> [\u2026]<\/span><\/p>\n","protected":false},"author":10,"featured_media":5270,"comment_status":"open","ping_status":"open","sticky":false,"template":"","format":"standard","meta":{"_jetpack_memberships_contains_paid_content":false,"footnotes":"","jetpack_publicize_message":"","jetpack_publicize_feature_enabled":true,"jetpack_social_post_already_shared":false,"jetpack_social_options":{"image_generator_settings":{"template":"highway","default_image_id":0,"enabled":false},"version":2}},"categories":[104,29,44],"tags":[105],"class_list":["post-5267","post","type-post","status-publish","format-standard","has-post-thumbnail","hentry","category-coronavirus","category-esportes","category-noticias","tag-coronavirus"],"yoast_head":"<!-- This site is optimized with the Yoast SEO plugin v25.6 - https:\/\/yoast.com\/wordpress\/plugins\/seo\/ -->\n<title>Confedera\u00e7\u00e3o de V\u00f4lei decide cancelar a temporada da s\u00e9rie B da Superliga Feminina - VerdadeOn<\/title>\n<meta name=\"robots\" content=\"index, follow, max-snippet:-1, max-image-preview:large, max-video-preview:-1\" \/>\n<link rel=\"canonical\" href=\"https:\/\/verdadeon.com.br\/portal\/2020\/03\/19\/confederacao-de-volei-decide-cancelar-a-temporada-da-serie-b-da-superliga-feminina\/\" \/>\n<meta property=\"og:locale\" content=\"pt_BR\" \/>\n<meta property=\"og:type\" content=\"article\" \/>\n<meta property=\"og:title\" content=\"Confedera\u00e7\u00e3o de V\u00f4lei decide cancelar a temporada da s\u00e9rie B da Superliga Feminina - VerdadeOn\" \/>\n<meta property=\"og:description\" content=\"Com a mudan\u00e7a, a equipe de Franca garante vaga na segunda divis\u00e3o da liga no ano que vem &nbsp; Reportagem Gustavo Rodrigues Aos poucos todas as [\u2026]\" \/>\n<meta property=\"og:url\" content=\"https:\/\/verdadeon.com.br\/portal\/2020\/03\/19\/confederacao-de-volei-decide-cancelar-a-temporada-da-serie-b-da-superliga-feminina\/\" \/>\n<meta property=\"og:site_name\" content=\"VerdadeOn\" \/>\n<meta property=\"article:published_time\" content=\"2020-03-19T10:45:45+00:00\" \/>\n<meta property=\"article:modified_time\" content=\"2020-03-19T13:59:19+00:00\" \/>\n<meta property=\"og:image\" content=\"https:\/\/verdadeon.com.br\/portal\/wp-content\/uploads\/2020\/03\/Abre-11.jpg\" \/>\n\t<meta property=\"og:image:width\" content=\"1000\" \/>\n\t<meta property=\"og:image:height\" content=\"646\" \/>\n\t<meta property=\"og:image:type\" content=\"image\/jpeg\" \/>\n<meta name=\"author\" content=\"Redacao VerdadeOn\" \/>\n<meta name=\"twitter:card\" content=\"summary_large_image\" \/>\n<meta name=\"twitter:label1\" content=\"Escrito por\" \/>\n\t<meta name=\"twitter:data1\" content=\"Redacao VerdadeOn\" \/>\n\t<meta name=\"twitter:label2\" content=\"Est. tempo de leitura\" \/>\n\t<meta name=\"twitter:data2\" content=\"4 minutos\" \/>\n<script type=\"application\/ld+json\" class=\"yoast-schema-graph\">{\"@context\":\"https:\/\/schema.org\",\"@graph\":[{\"@type\":\"WebPage\",\"@id\":\"https:\/\/verdadeon.com.br\/portal\/2020\/03\/19\/confederacao-de-volei-decide-cancelar-a-temporada-da-serie-b-da-superliga-feminina\/\",\"url\":\"https:\/\/verdadeon.com.br\/portal\/2020\/03\/19\/confederacao-de-volei-decide-cancelar-a-temporada-da-serie-b-da-superliga-feminina\/\",\"name\":\"Confedera\u00e7\u00e3o de V\u00f4lei decide cancelar a temporada da s\u00e9rie B da Superliga Feminina - VerdadeOn\",\"isPartOf\":{\"@id\":\"https:\/\/verdadeon.com.br\/portal\/#website\"},\"primaryImageOfPage\":{\"@id\":\"https:\/\/verdadeon.com.br\/portal\/2020\/03\/19\/confederacao-de-volei-decide-cancelar-a-temporada-da-serie-b-da-superliga-feminina\/#primaryimage\"},\"image\":{\"@id\":\"https:\/\/verdadeon.com.br\/portal\/2020\/03\/19\/confederacao-de-volei-decide-cancelar-a-temporada-da-serie-b-da-superliga-feminina\/#primaryimage\"},\"thumbnailUrl\":\"https:\/\/i0.wp.com\/verdadeon.com.br\/portal\/wp-content\/uploads\/2020\/03\/Abre-11.jpg?fit=1000%2C646&ssl=1\",\"datePublished\":\"2020-03-19T10:45:45+00:00\",\"dateModified\":\"2020-03-19T13:59:19+00:00\",\"author\":{\"@id\":\"https:\/\/verdadeon.com.br\/portal\/#\/schema\/person\/a5060ad1e9ea3df545188fc93ce43d2f\"},\"breadcrumb\":{\"@id\":\"https:\/\/verdadeon.com.br\/portal\/2020\/03\/19\/confederacao-de-volei-decide-cancelar-a-temporada-da-serie-b-da-superliga-feminina\/#breadcrumb\"},\"inLanguage\":\"pt-BR\",\"potentialAction\":[{\"@type\":\"ReadAction\",\"target\":[\"https:\/\/verdadeon.com.br\/portal\/2020\/03\/19\/confederacao-de-volei-decide-cancelar-a-temporada-da-serie-b-da-superliga-feminina\/\"]}]},{\"@type\":\"ImageObject\",\"inLanguage\":\"pt-BR\",\"@id\":\"https:\/\/verdadeon.com.br\/portal\/2020\/03\/19\/confederacao-de-volei-decide-cancelar-a-temporada-da-serie-b-da-superliga-feminina\/#primaryimage\",\"url\":\"https:\/\/i0.wp.com\/verdadeon.com.br\/portal\/wp-content\/uploads\/2020\/03\/Abre-11.jpg?fit=1000%2C646&ssl=1\",\"contentUrl\":\"https:\/\/i0.wp.com\/verdadeon.com.br\/portal\/wp-content\/uploads\/2020\/03\/Abre-11.jpg?fit=1000%2C646&ssl=1\",\"width\":1000,\"height\":646,\"caption\":\"decis\u00e3o emergencial - Partida da temporada da Superliga Feminina de V\u00f4lei. Competi\u00e7\u00e3o foi cancelada pela federa\u00e7\u00e3o em reuni\u00e3o que aconteceu na manh\u00e3 desta quarta-feira (18) com representantes das oito equipes inscritas no torneio | Foto: Federa\u00e7\u00e3o Brasileira de V\u00f4lei\/Divulga\u00e7\u00e3o\"},{\"@type\":\"BreadcrumbList\",\"@id\":\"https:\/\/verdadeon.com.br\/portal\/2020\/03\/19\/confederacao-de-volei-decide-cancelar-a-temporada-da-serie-b-da-superliga-feminina\/#breadcrumb\",\"itemListElement\":[{\"@type\":\"ListItem\",\"position\":1,\"name\":\"In\u00edcio\",\"item\":\"https:\/\/verdadeon.com.br\/portal\/\"},{\"@type\":\"ListItem\",\"position\":2,\"name\":\"Confedera\u00e7\u00e3o de V\u00f4lei decide cancelar a temporada da s\u00e9rie B da Superliga Feminina\"}]},{\"@type\":\"WebSite\",\"@id\":\"https:\/\/verdadeon.com.br\/portal\/#website\",\"url\":\"https:\/\/verdadeon.com.br\/portal\/\",\"name\":\"VerdadeOn\",\"description\":\"Not\u00edcias di\u00e1rias sobre Franca, Regi\u00e3o, Esporte, Cultura, Cotidiano, Colunas. Cobertura nos principais eventos da cidade \u00e9 aqui - Verdadeon Franca\",\"potentialAction\":[{\"@type\":\"SearchAction\",\"target\":{\"@type\":\"EntryPoint\",\"urlTemplate\":\"https:\/\/verdadeon.com.br\/portal\/?s={search_term_string}\"},\"query-input\":{\"@type\":\"PropertyValueSpecification\",\"valueRequired\":true,\"valueName\":\"search_term_string\"}}],\"inLanguage\":\"pt-BR\"},{\"@type\":\"Person\",\"@id\":\"https:\/\/verdadeon.com.br\/portal\/#\/schema\/person\/a5060ad1e9ea3df545188fc93ce43d2f\",\"name\":\"Redacao VerdadeOn\",\"image\":{\"@type\":\"ImageObject\",\"inLanguage\":\"pt-BR\",\"@id\":\"https:\/\/verdadeon.com.br\/portal\/#\/schema\/person\/image\/\",\"url\":\"https:\/\/secure.gravatar.com\/avatar\/459a9613caaaf07f582c3d0841eea68bdd66f533e465e6ba8b9cb45619572cf4?s=96&d=mm&r=g\",\"contentUrl\":\"https:\/\/secure.gravatar.com\/avatar\/459a9613caaaf07f582c3d0841eea68bdd66f533e465e6ba8b9cb45619572cf4?s=96&d=mm&r=g\",\"caption\":\"Redacao VerdadeOn\"},\"url\":\"https:\/\/verdadeon.com.br\/portal\/author\/redacao\/\"}]}<\/script>\n<!-- \/ Yoast SEO plugin. -->","yoast_head_json":{"title":"Confedera\u00e7\u00e3o de V\u00f4lei decide cancelar a temporada da s\u00e9rie B da Superliga Feminina - VerdadeOn","robots":{"index":"index","follow":"follow","max-snippet":"max-snippet:-1","max-image-preview":"max-image-preview:large","max-video-preview":"max-video-preview:-1"},"canonical":"https:\/\/verdadeon.com.br\/portal\/2020\/03\/19\/confederacao-de-volei-decide-cancelar-a-temporada-da-serie-b-da-superliga-feminina\/","og_locale":"pt_BR","og_type":"article","og_title":"Confedera\u00e7\u00e3o de V\u00f4lei decide cancelar a temporada da s\u00e9rie B da Superliga Feminina - VerdadeOn","og_description":"Com a mudan\u00e7a, a equipe de Franca garante vaga na segunda divis\u00e3o da liga no ano que vem &nbsp; Reportagem Gustavo Rodrigues Aos poucos todas as [\u2026]","og_url":"https:\/\/verdadeon.com.br\/portal\/2020\/03\/19\/confederacao-de-volei-decide-cancelar-a-temporada-da-serie-b-da-superliga-feminina\/","og_site_name":"VerdadeOn","article_published_time":"2020-03-19T10:45:45+00:00","article_modified_time":"2020-03-19T13:59:19+00:00","og_image":[{"width":1000,"height":646,"url":"https:\/\/verdadeon.com.br\/portal\/wp-content\/uploads\/2020\/03\/Abre-11.jpg","type":"image\/jpeg"}],"author":"Redacao VerdadeOn","twitter_card":"summary_large_image","twitter_misc":{"Escrito por":"Redacao VerdadeOn","Est. tempo de leitura":"4 minutos"},"schema":{"@context":"https:\/\/schema.org","@graph":[{"@type":"WebPage","@id":"https:\/\/verdadeon.com.br\/portal\/2020\/03\/19\/confederacao-de-volei-decide-cancelar-a-temporada-da-serie-b-da-superliga-feminina\/","url":"https:\/\/verdadeon.com.br\/portal\/2020\/03\/19\/confederacao-de-volei-decide-cancelar-a-temporada-da-serie-b-da-superliga-feminina\/","name":"Confedera\u00e7\u00e3o de V\u00f4lei decide cancelar a temporada da s\u00e9rie B da Superliga Feminina - VerdadeOn","isPartOf":{"@id":"https:\/\/verdadeon.com.br\/portal\/#website"},"primaryImageOfPage":{"@id":"https:\/\/verdadeon.com.br\/portal\/2020\/03\/19\/confederacao-de-volei-decide-cancelar-a-temporada-da-serie-b-da-superliga-feminina\/#primaryimage"},"image":{"@id":"https:\/\/verdadeon.com.br\/portal\/2020\/03\/19\/confederacao-de-volei-decide-cancelar-a-temporada-da-serie-b-da-superliga-feminina\/#primaryimage"},"thumbnailUrl":"https:\/\/i0.wp.com\/verdadeon.com.br\/portal\/wp-content\/uploads\/2020\/03\/Abre-11.jpg?fit=1000%2C646&ssl=1","datePublished":"2020-03-19T10:45:45+00:00","dateModified":"2020-03-19T13:59:19+00:00","author":{"@id":"https:\/\/verdadeon.com.br\/portal\/#\/schema\/person\/a5060ad1e9ea3df545188fc93ce43d2f"},"breadcrumb":{"@id":"https:\/\/verdadeon.com.br\/portal\/2020\/03\/19\/confederacao-de-volei-decide-cancelar-a-temporada-da-serie-b-da-superliga-feminina\/#breadcrumb"},"inLanguage":"pt-BR","potentialAction":[{"@type":"ReadAction","target":["https:\/\/verdadeon.com.br\/portal\/2020\/03\/19\/confederacao-de-volei-decide-cancelar-a-temporada-da-serie-b-da-superliga-feminina\/"]}]},{"@type":"ImageObject","inLanguage":"pt-BR","@id":"https:\/\/verdadeon.com.br\/portal\/2020\/03\/19\/confederacao-de-volei-decide-cancelar-a-temporada-da-serie-b-da-superliga-feminina\/#primaryimage","url":"https:\/\/i0.wp.com\/verdadeon.com.br\/portal\/wp-content\/uploads\/2020\/03\/Abre-11.jpg?fit=1000%2C646&ssl=1","contentUrl":"https:\/\/i0.wp.com\/verdadeon.com.br\/portal\/wp-content\/uploads\/2020\/03\/Abre-11.jpg?fit=1000%2C646&ssl=1","width":1000,"height":646,"caption":"decis\u00e3o emergencial - Partida da temporada da Superliga Feminina de V\u00f4lei. Competi\u00e7\u00e3o foi cancelada pela federa\u00e7\u00e3o em reuni\u00e3o que aconteceu na manh\u00e3 desta quarta-feira (18) com representantes das oito equipes inscritas no torneio | Foto: Federa\u00e7\u00e3o Brasileira de V\u00f4lei\/Divulga\u00e7\u00e3o"},{"@type":"BreadcrumbList","@id":"https:\/\/verdadeon.com.br\/portal\/2020\/03\/19\/confederacao-de-volei-decide-cancelar-a-temporada-da-serie-b-da-superliga-feminina\/#breadcrumb","itemListElement":[{"@type":"ListItem","position":1,"name":"In\u00edcio","item":"https:\/\/verdadeon.com.br\/portal\/"},{"@type":"ListItem","position":2,"name":"Confedera\u00e7\u00e3o de V\u00f4lei decide cancelar a temporada da s\u00e9rie B da Superliga Feminina"}]},{"@type":"WebSite","@id":"https:\/\/verdadeon.com.br\/portal\/#website","url":"https:\/\/verdadeon.com.br\/portal\/","name":"VerdadeOn","description":"Not\u00edcias di\u00e1rias sobre Franca, Regi\u00e3o, Esporte, Cultura, Cotidiano, Colunas. Cobertura nos principais eventos da cidade \u00e9 aqui - Verdadeon Franca","potentialAction":[{"@type":"SearchAction","target":{"@type":"EntryPoint","urlTemplate":"https:\/\/verdadeon.com.br\/portal\/?s={search_term_string}"},"query-input":{"@type":"PropertyValueSpecification","valueRequired":true,"valueName":"search_term_string"}}],"inLanguage":"pt-BR"},{"@type":"Person","@id":"https:\/\/verdadeon.com.br\/portal\/#\/schema\/person\/a5060ad1e9ea3df545188fc93ce43d2f","name":"Redacao VerdadeOn","image":{"@type":"ImageObject","inLanguage":"pt-BR","@id":"https:\/\/verdadeon.com.br\/portal\/#\/schema\/person\/image\/","url":"https:\/\/secure.gravatar.com\/avatar\/459a9613caaaf07f582c3d0841eea68bdd66f533e465e6ba8b9cb45619572cf4?s=96&d=mm&r=g","contentUrl":"https:\/\/secure.gravatar.com\/avatar\/459a9613caaaf07f582c3d0841eea68bdd66f533e465e6ba8b9cb45619572cf4?s=96&d=mm&r=g","caption":"Redacao VerdadeOn"},"url":"https:\/\/verdadeon.com.br\/portal\/author\/redacao\/"}]}},"jetpack_publicize_connections":[],"jetpack_featured_media_url":"https:\/\/i0.wp.com\/verdadeon.com.br\/portal\/wp-content\/uploads\/2020\/03\/Abre-11.jpg?fit=1000%2C646&ssl=1","jetpack_sharing_enabled":true,"_links":{"self":[{"href":"https:\/\/verdadeon.com.br\/portal\/wp-json\/wp\/v2\/posts\/5267","targetHints":{"allow":["GET"]}}],"collection":[{"href":"https:\/\/verdadeon.com.br\/portal\/wp-json\/wp\/v2\/posts"}],"about":[{"href":"https:\/\/verdadeon.com.br\/portal\/wp-json\/wp\/v2\/types\/post"}],"author":[{"embeddable":true,"href":"https:\/\/verdadeon.com.br\/portal\/wp-json\/wp\/v2\/users\/10"}],"replies":[{"embeddable":true,"href":"https:\/\/verdadeon.com.br\/portal\/wp-json\/wp\/v2\/comments?post=5267"}],"version-history":[{"count":0,"href":"https:\/\/verdadeon.com.br\/portal\/wp-json\/wp\/v2\/posts\/5267\/revisions"}],"wp:featuredmedia":[{"embeddable":true,"href":"https:\/\/verdadeon.com.br\/portal\/wp-json\/wp\/v2\/media\/5270"}],"wp:attachment":[{"href":"https:\/\/verdadeon.com.br\/portal\/wp-json\/wp\/v2\/media?parent=5267"}],"wp:term":[{"taxonomy":"category","embeddable":true,"href":"https:\/\/verdadeon.com.br\/portal\/wp-json\/wp\/v2\/categories?post=5267"},{"taxonomy":"post_tag","embeddable":true,"href":"https:\/\/verdadeon.com.br\/portal\/wp-json\/wp\/v2\/tags?post=5267"}],"curies":[{"name":"wp","href":"https:\/\/api.w.org\/{rel}","templated":true}]}}