{"id":5254,"date":"2020-03-19T07:10:02","date_gmt":"2020-03-19T10:10:02","guid":{"rendered":"http:\/\/verdadeon.com.br\/portal\/?p=5254"},"modified":"2020-03-19T10:52:17","modified_gmt":"2020-03-19T13:52:17","slug":"populacao-de-franca-lota-supermercados","status":"publish","type":"post","link":"https:\/\/verdadeon.com.br\/portal\/2020\/03\/19\/populacao-de-franca-lota-supermercados\/","title":{"rendered":"Popula\u00e7\u00e3o de Franca lota supermercados"},"content":{"rendered":"<h2>Grandes filas t\u00eam se formado em v\u00e1rias redes da cidade, mesmo contra recomenda\u00e7\u00f5es<\/h2>\n<p>&nbsp;<\/p>\n<p>Apesar da orienta\u00e7\u00e3o do Minist\u00e9rio da Sa\u00fade e \u00f3rg\u00e3os municipais para que aglomera\u00e7\u00f5es sejam evitadas, nos \u00faltimos dias os francanos est\u00e3o lotando os corredores dos supermercados em busca de suprimentos. Entre os mais visados est\u00e3o o papel higi\u00eanico e alimentos em geral, como o arroz, feij\u00e3o e carnes.<br \/>\nDados da Apas (Associa\u00e7\u00e3o Paulista de Supermercados) apontam um crescimento de 34,4% de movimento nos supermercados paulistas na \u00faltima ter\u00e7a-feira (17). A compara\u00e7\u00e3o foi feita com a movimenta\u00e7\u00e3o registrada no dia 18 de fevereiro, tamb\u00e9m um ter\u00e7a-feira.<br \/>\nDe acordo com a Apas o aumento no movimento significa uma acelera\u00e7\u00e3o do consumo, que ocorreu em parte por troca do local de consumo, ou seja, as refei\u00e7\u00f5es que eram feitas fora de casa, passaram a ser feitas em casa, em fun\u00e7\u00e3o dos trabalhos \u00e0 dist\u00e2ncia (home office), fechamento de escolas e creches (merenda escolar) e migra\u00e7\u00e3o do consumo em bares e restaurantes e tamb\u00e9m por antecipa\u00e7\u00e3o de compra.<br \/>\nA falta de produtos, segundo o presidente da Apas, Ronaldo dos Santos n\u00e3o est\u00e1 descartado. \u201cPode haver falta pontual de alguns produtos em fun\u00e7\u00e3o do tempo de reposi\u00e7\u00e3o, quando o supermercado, por exemplo, trabalha com estoques ajustados ao movimento rotineiro\u201d, disse.<br \/>\n\u201cEstou realizando a compra que realizo normalmente no mercado, mensal, mas confesso que estou preocupada. O pre\u00e7o de alguns produtos aumentou, outros faltam nas marcas que estou acostumada. Infelizmente muitos est\u00e3o estocando\u201d, disse a empres\u00e1ria Brenda Alves, 49.<br \/>\n\u201cAs pessoas precisam ter consci\u00eancia e evitar o consumo exagerado, assim ningu\u00e9m ficar\u00e1 sem. \u00c9 realmente uma situa\u00e7\u00e3o bem complicada a que estamos vivendo, mas \u00e9 neste momento precisamos de empatia\u201d, disse o mec\u00e2nico Osvaldo Batista, 35.<br \/>\nCom o aumento no movimento a Apas refor\u00e7a que as pessoas realizem o consumo consciente, pensando na coletividade.<br \/>\nEm alguns supermercados est\u00e3o sendo adotados hor\u00e1rios especiais para o atendimento de pessoas do grupo de risco. As lojas da rede Savegnago de Franca abrir\u00e3o a partir das 7 horas at\u00e9 as 8 horas para atender apenas os idosos com 60 anos ou mais e oferecer comodidade para eles nas compras. A partir das 8 horas o atendimento ser\u00e1 para o p\u00fablico geral.<\/p>\n<p>Bancos<br \/>\nEm algumas ag\u00eancias banc\u00e1rias de Franca atendentes que tem contato direto com o p\u00fablico, por exemplo, auxiliando nos servi\u00e7os realizados nos caixas eletr\u00f4nicos, j\u00e1 trabalham com m\u00e1scaras. A orienta\u00e7\u00e3o ainda \u00e9 para que todos os clientes mantenham dist\u00e2ncia de no m\u00ednimo um metro um do outro.<br \/>\nNa maioria dos bancos \u00e9 poss\u00edvel observar que a movimenta\u00e7\u00e3o \u00e9 bem menor que a registrada antes da indica\u00e7\u00e3o para o isolamento.<br \/>\n&#8220;Tinha que vir at\u00e9 o banco para retirar meu FGTS e pegar a documenta\u00e7\u00e3o para dar entrada no seguro-desemprego. S\u00f3 sa\u00ed do isolamento por isso, se n\u00e3o continuaria em casa para evitar o perigo e n\u00e3o colocar em risco outras pessoas. Est\u00e3o tratando a coisa como se n\u00e3o fosse perigoso, mas \u00e9\u201d, disse a atendente desempregada Laiane Albuquerque.<\/p>\n","protected":false},"excerpt":{"rendered":"<p>Grandes filas t\u00eam se formado em v\u00e1rias redes da cidade, mesmo contra recomenda\u00e7\u00f5es &nbsp; Apesar da orienta\u00e7\u00e3o do Minist\u00e9rio da Sa\u00fade e \u00f3rg\u00e3os municipais para que<span class=\"excerpt-hellip\"> [\u2026]<\/span><\/p>\n","protected":false},"author":10,"featured_media":5261,"comment_status":"open","ping_status":"open","sticky":false,"template":"","format":"standard","meta":{"_jetpack_memberships_contains_paid_content":false,"footnotes":"","jetpack_publicize_message":"","jetpack_publicize_feature_enabled":true,"jetpack_social_post_already_shared":false,"jetpack_social_options":{"image_generator_settings":{"template":"highway","default_image_id":0,"enabled":false},"version":2}},"categories":[104,81,44],"tags":[105],"class_list":["post-5254","post","type-post","status-publish","format-standard","has-post-thumbnail","hentry","category-coronavirus","category-manchete","category-noticias","tag-coronavirus"],"yoast_head":"<!-- This site is optimized with the Yoast SEO plugin v25.6 - https:\/\/yoast.com\/wordpress\/plugins\/seo\/ -->\n<title>Popula\u00e7\u00e3o de Franca lota supermercados - VerdadeOn<\/title>\n<meta name=\"robots\" content=\"index, follow, max-snippet:-1, max-image-preview:large, max-video-preview:-1\" \/>\n<link rel=\"canonical\" href=\"https:\/\/verdadeon.com.br\/portal\/2020\/03\/19\/populacao-de-franca-lota-supermercados\/\" \/>\n<meta property=\"og:locale\" content=\"pt_BR\" \/>\n<meta property=\"og:type\" content=\"article\" \/>\n<meta property=\"og:title\" content=\"Popula\u00e7\u00e3o de Franca lota supermercados - VerdadeOn\" \/>\n<meta property=\"og:description\" content=\"Grandes filas t\u00eam se formado em v\u00e1rias redes da cidade, mesmo contra recomenda\u00e7\u00f5es &nbsp; Apesar da orienta\u00e7\u00e3o do Minist\u00e9rio da Sa\u00fade e \u00f3rg\u00e3os municipais para que [\u2026]\" \/>\n<meta property=\"og:url\" content=\"https:\/\/verdadeon.com.br\/portal\/2020\/03\/19\/populacao-de-franca-lota-supermercados\/\" \/>\n<meta property=\"og:site_name\" content=\"VerdadeOn\" \/>\n<meta property=\"article:published_time\" content=\"2020-03-19T10:10:02+00:00\" \/>\n<meta property=\"article:modified_time\" content=\"2020-03-19T13:52:17+00:00\" \/>\n<meta property=\"og:image\" content=\"https:\/\/verdadeon.com.br\/portal\/wp-content\/uploads\/2020\/03\/20200318_143206.jpg\" \/>\n\t<meta property=\"og:image:width\" content=\"1000\" \/>\n\t<meta property=\"og:image:height\" content=\"750\" \/>\n\t<meta property=\"og:image:type\" content=\"image\/jpeg\" \/>\n<meta name=\"author\" content=\"Redacao VerdadeOn\" \/>\n<meta name=\"twitter:card\" content=\"summary_large_image\" \/>\n<meta name=\"twitter:label1\" content=\"Escrito por\" \/>\n\t<meta name=\"twitter:data1\" content=\"Redacao VerdadeOn\" \/>\n\t<meta name=\"twitter:label2\" content=\"Est. tempo de leitura\" \/>\n\t<meta name=\"twitter:data2\" content=\"3 minutos\" \/>\n<script type=\"application\/ld+json\" class=\"yoast-schema-graph\">{\"@context\":\"https:\/\/schema.org\",\"@graph\":[{\"@type\":\"WebPage\",\"@id\":\"https:\/\/verdadeon.com.br\/portal\/2020\/03\/19\/populacao-de-franca-lota-supermercados\/\",\"url\":\"https:\/\/verdadeon.com.br\/portal\/2020\/03\/19\/populacao-de-franca-lota-supermercados\/\",\"name\":\"Popula\u00e7\u00e3o de Franca lota supermercados - VerdadeOn\",\"isPartOf\":{\"@id\":\"https:\/\/verdadeon.com.br\/portal\/#website\"},\"primaryImageOfPage\":{\"@id\":\"https:\/\/verdadeon.com.br\/portal\/2020\/03\/19\/populacao-de-franca-lota-supermercados\/#primaryimage\"},\"image\":{\"@id\":\"https:\/\/verdadeon.com.br\/portal\/2020\/03\/19\/populacao-de-franca-lota-supermercados\/#primaryimage\"},\"thumbnailUrl\":\"https:\/\/i0.wp.com\/verdadeon.com.br\/portal\/wp-content\/uploads\/2020\/03\/20200318_143206.jpg?fit=1000%2C750&ssl=1\",\"datePublished\":\"2020-03-19T10:10:02+00:00\",\"dateModified\":\"2020-03-19T13:52:17+00:00\",\"author\":{\"@id\":\"https:\/\/verdadeon.com.br\/portal\/#\/schema\/person\/a5060ad1e9ea3df545188fc93ce43d2f\"},\"breadcrumb\":{\"@id\":\"https:\/\/verdadeon.com.br\/portal\/2020\/03\/19\/populacao-de-franca-lota-supermercados\/#breadcrumb\"},\"inLanguage\":\"pt-BR\",\"potentialAction\":[{\"@type\":\"ReadAction\",\"target\":[\"https:\/\/verdadeon.com.br\/portal\/2020\/03\/19\/populacao-de-franca-lota-supermercados\/\"]}]},{\"@type\":\"ImageObject\",\"inLanguage\":\"pt-BR\",\"@id\":\"https:\/\/verdadeon.com.br\/portal\/2020\/03\/19\/populacao-de-franca-lota-supermercados\/#primaryimage\",\"url\":\"https:\/\/i0.wp.com\/verdadeon.com.br\/portal\/wp-content\/uploads\/2020\/03\/20200318_143206.jpg?fit=1000%2C750&ssl=1\",\"contentUrl\":\"https:\/\/i0.wp.com\/verdadeon.com.br\/portal\/wp-content\/uploads\/2020\/03\/20200318_143206.jpg?fit=1000%2C750&ssl=1\",\"width\":1000,\"height\":750,\"caption\":\"O levantamento do IPES mostrou que pesquisa entre estabelecimentos pode fazer grande diferen\u00e7a no valor final, em alguns casos a varia\u00e7\u00e3o de pre\u00e7o ultrapassa 600% | Foto: Jornal Verdade\"},{\"@type\":\"BreadcrumbList\",\"@id\":\"https:\/\/verdadeon.com.br\/portal\/2020\/03\/19\/populacao-de-franca-lota-supermercados\/#breadcrumb\",\"itemListElement\":[{\"@type\":\"ListItem\",\"position\":1,\"name\":\"In\u00edcio\",\"item\":\"https:\/\/verdadeon.com.br\/portal\/\"},{\"@type\":\"ListItem\",\"position\":2,\"name\":\"Popula\u00e7\u00e3o de Franca lota supermercados\"}]},{\"@type\":\"WebSite\",\"@id\":\"https:\/\/verdadeon.com.br\/portal\/#website\",\"url\":\"https:\/\/verdadeon.com.br\/portal\/\",\"name\":\"VerdadeOn\",\"description\":\"Not\u00edcias di\u00e1rias sobre Franca, Regi\u00e3o, Esporte, Cultura, Cotidiano, Colunas. Cobertura nos principais eventos da cidade \u00e9 aqui - Verdadeon Franca\",\"potentialAction\":[{\"@type\":\"SearchAction\",\"target\":{\"@type\":\"EntryPoint\",\"urlTemplate\":\"https:\/\/verdadeon.com.br\/portal\/?s={search_term_string}\"},\"query-input\":{\"@type\":\"PropertyValueSpecification\",\"valueRequired\":true,\"valueName\":\"search_term_string\"}}],\"inLanguage\":\"pt-BR\"},{\"@type\":\"Person\",\"@id\":\"https:\/\/verdadeon.com.br\/portal\/#\/schema\/person\/a5060ad1e9ea3df545188fc93ce43d2f\",\"name\":\"Redacao VerdadeOn\",\"image\":{\"@type\":\"ImageObject\",\"inLanguage\":\"pt-BR\",\"@id\":\"https:\/\/verdadeon.com.br\/portal\/#\/schema\/person\/image\/\",\"url\":\"https:\/\/secure.gravatar.com\/avatar\/459a9613caaaf07f582c3d0841eea68bdd66f533e465e6ba8b9cb45619572cf4?s=96&d=mm&r=g\",\"contentUrl\":\"https:\/\/secure.gravatar.com\/avatar\/459a9613caaaf07f582c3d0841eea68bdd66f533e465e6ba8b9cb45619572cf4?s=96&d=mm&r=g\",\"caption\":\"Redacao VerdadeOn\"},\"url\":\"https:\/\/verdadeon.com.br\/portal\/author\/redacao\/\"}]}<\/script>\n<!-- \/ Yoast SEO plugin. -->","yoast_head_json":{"title":"Popula\u00e7\u00e3o de Franca lota supermercados - VerdadeOn","robots":{"index":"index","follow":"follow","max-snippet":"max-snippet:-1","max-image-preview":"max-image-preview:large","max-video-preview":"max-video-preview:-1"},"canonical":"https:\/\/verdadeon.com.br\/portal\/2020\/03\/19\/populacao-de-franca-lota-supermercados\/","og_locale":"pt_BR","og_type":"article","og_title":"Popula\u00e7\u00e3o de Franca lota supermercados - VerdadeOn","og_description":"Grandes filas t\u00eam se formado em v\u00e1rias redes da cidade, mesmo contra recomenda\u00e7\u00f5es &nbsp; Apesar da orienta\u00e7\u00e3o do Minist\u00e9rio da Sa\u00fade e \u00f3rg\u00e3os municipais para que [\u2026]","og_url":"https:\/\/verdadeon.com.br\/portal\/2020\/03\/19\/populacao-de-franca-lota-supermercados\/","og_site_name":"VerdadeOn","article_published_time":"2020-03-19T10:10:02+00:00","article_modified_time":"2020-03-19T13:52:17+00:00","og_image":[{"width":1000,"height":750,"url":"https:\/\/verdadeon.com.br\/portal\/wp-content\/uploads\/2020\/03\/20200318_143206.jpg","type":"image\/jpeg"}],"author":"Redacao VerdadeOn","twitter_card":"summary_large_image","twitter_misc":{"Escrito por":"Redacao VerdadeOn","Est. tempo de leitura":"3 minutos"},"schema":{"@context":"https:\/\/schema.org","@graph":[{"@type":"WebPage","@id":"https:\/\/verdadeon.com.br\/portal\/2020\/03\/19\/populacao-de-franca-lota-supermercados\/","url":"https:\/\/verdadeon.com.br\/portal\/2020\/03\/19\/populacao-de-franca-lota-supermercados\/","name":"Popula\u00e7\u00e3o de Franca lota supermercados - VerdadeOn","isPartOf":{"@id":"https:\/\/verdadeon.com.br\/portal\/#website"},"primaryImageOfPage":{"@id":"https:\/\/verdadeon.com.br\/portal\/2020\/03\/19\/populacao-de-franca-lota-supermercados\/#primaryimage"},"image":{"@id":"https:\/\/verdadeon.com.br\/portal\/2020\/03\/19\/populacao-de-franca-lota-supermercados\/#primaryimage"},"thumbnailUrl":"https:\/\/i0.wp.com\/verdadeon.com.br\/portal\/wp-content\/uploads\/2020\/03\/20200318_143206.jpg?fit=1000%2C750&ssl=1","datePublished":"2020-03-19T10:10:02+00:00","dateModified":"2020-03-19T13:52:17+00:00","author":{"@id":"https:\/\/verdadeon.com.br\/portal\/#\/schema\/person\/a5060ad1e9ea3df545188fc93ce43d2f"},"breadcrumb":{"@id":"https:\/\/verdadeon.com.br\/portal\/2020\/03\/19\/populacao-de-franca-lota-supermercados\/#breadcrumb"},"inLanguage":"pt-BR","potentialAction":[{"@type":"ReadAction","target":["https:\/\/verdadeon.com.br\/portal\/2020\/03\/19\/populacao-de-franca-lota-supermercados\/"]}]},{"@type":"ImageObject","inLanguage":"pt-BR","@id":"https:\/\/verdadeon.com.br\/portal\/2020\/03\/19\/populacao-de-franca-lota-supermercados\/#primaryimage","url":"https:\/\/i0.wp.com\/verdadeon.com.br\/portal\/wp-content\/uploads\/2020\/03\/20200318_143206.jpg?fit=1000%2C750&ssl=1","contentUrl":"https:\/\/i0.wp.com\/verdadeon.com.br\/portal\/wp-content\/uploads\/2020\/03\/20200318_143206.jpg?fit=1000%2C750&ssl=1","width":1000,"height":750,"caption":"O levantamento do IPES mostrou que pesquisa entre estabelecimentos pode fazer grande diferen\u00e7a no valor final, em alguns casos a varia\u00e7\u00e3o de pre\u00e7o ultrapassa 600% | Foto: Jornal Verdade"},{"@type":"BreadcrumbList","@id":"https:\/\/verdadeon.com.br\/portal\/2020\/03\/19\/populacao-de-franca-lota-supermercados\/#breadcrumb","itemListElement":[{"@type":"ListItem","position":1,"name":"In\u00edcio","item":"https:\/\/verdadeon.com.br\/portal\/"},{"@type":"ListItem","position":2,"name":"Popula\u00e7\u00e3o de Franca lota supermercados"}]},{"@type":"WebSite","@id":"https:\/\/verdadeon.com.br\/portal\/#website","url":"https:\/\/verdadeon.com.br\/portal\/","name":"VerdadeOn","description":"Not\u00edcias di\u00e1rias sobre Franca, Regi\u00e3o, Esporte, Cultura, Cotidiano, Colunas. Cobertura nos principais eventos da cidade \u00e9 aqui - Verdadeon Franca","potentialAction":[{"@type":"SearchAction","target":{"@type":"EntryPoint","urlTemplate":"https:\/\/verdadeon.com.br\/portal\/?s={search_term_string}"},"query-input":{"@type":"PropertyValueSpecification","valueRequired":true,"valueName":"search_term_string"}}],"inLanguage":"pt-BR"},{"@type":"Person","@id":"https:\/\/verdadeon.com.br\/portal\/#\/schema\/person\/a5060ad1e9ea3df545188fc93ce43d2f","name":"Redacao VerdadeOn","image":{"@type":"ImageObject","inLanguage":"pt-BR","@id":"https:\/\/verdadeon.com.br\/portal\/#\/schema\/person\/image\/","url":"https:\/\/secure.gravatar.com\/avatar\/459a9613caaaf07f582c3d0841eea68bdd66f533e465e6ba8b9cb45619572cf4?s=96&d=mm&r=g","contentUrl":"https:\/\/secure.gravatar.com\/avatar\/459a9613caaaf07f582c3d0841eea68bdd66f533e465e6ba8b9cb45619572cf4?s=96&d=mm&r=g","caption":"Redacao VerdadeOn"},"url":"https:\/\/verdadeon.com.br\/portal\/author\/redacao\/"}]}},"jetpack_publicize_connections":[],"jetpack_featured_media_url":"https:\/\/i0.wp.com\/verdadeon.com.br\/portal\/wp-content\/uploads\/2020\/03\/20200318_143206.jpg?fit=1000%2C750&ssl=1","jetpack_sharing_enabled":true,"_links":{"self":[{"href":"https:\/\/verdadeon.com.br\/portal\/wp-json\/wp\/v2\/posts\/5254","targetHints":{"allow":["GET"]}}],"collection":[{"href":"https:\/\/verdadeon.com.br\/portal\/wp-json\/wp\/v2\/posts"}],"about":[{"href":"https:\/\/verdadeon.com.br\/portal\/wp-json\/wp\/v2\/types\/post"}],"author":[{"embeddable":true,"href":"https:\/\/verdadeon.com.br\/portal\/wp-json\/wp\/v2\/users\/10"}],"replies":[{"embeddable":true,"href":"https:\/\/verdadeon.com.br\/portal\/wp-json\/wp\/v2\/comments?post=5254"}],"version-history":[{"count":0,"href":"https:\/\/verdadeon.com.br\/portal\/wp-json\/wp\/v2\/posts\/5254\/revisions"}],"wp:featuredmedia":[{"embeddable":true,"href":"https:\/\/verdadeon.com.br\/portal\/wp-json\/wp\/v2\/media\/5261"}],"wp:attachment":[{"href":"https:\/\/verdadeon.com.br\/portal\/wp-json\/wp\/v2\/media?parent=5254"}],"wp:term":[{"taxonomy":"category","embeddable":true,"href":"https:\/\/verdadeon.com.br\/portal\/wp-json\/wp\/v2\/categories?post=5254"},{"taxonomy":"post_tag","embeddable":true,"href":"https:\/\/verdadeon.com.br\/portal\/wp-json\/wp\/v2\/tags?post=5254"}],"curies":[{"name":"wp","href":"https:\/\/api.w.org\/{rel}","templated":true}]}}