{"id":5252,"date":"2020-03-19T07:00:58","date_gmt":"2020-03-19T10:00:58","guid":{"rendered":"http:\/\/verdadeon.com.br\/portal\/?p=5252"},"modified":"2020-03-19T10:43:17","modified_gmt":"2020-03-19T13:43:17","slug":"diocese-de-franca-cancela-90-das-atividades","status":"publish","type":"post","link":"https:\/\/verdadeon.com.br\/portal\/2020\/03\/19\/diocese-de-franca-cancela-90-das-atividades\/","title":{"rendered":"Diocese de Franca cancela 90% das atividades"},"content":{"rendered":"<h2>Medida tem como objetivo combater o novo coronav\u00edrus<\/h2>\n<p>&nbsp;<\/p>\n<p>Reportagem Fernando de Paula<\/p>\n<p>Na manh\u00e3 de ontem (18), a Diocese de Franca anunciou mudan\u00e7as na programa\u00e7\u00e3o de missas e da Semana Santa, tudo isso em fun\u00e7\u00e3o do novo coronav\u00edrus. As medidas s\u00e3o v\u00e1lidas para as par\u00f3quias de Franca e de toda a regi\u00e3o.<br \/>\nDe acordo com o bispo diocesano, Dom Paulo Roberto Beloto, as missas durante a semana est\u00e3o canceladas, as tradicionais prociss\u00f5es da Semana Santa tamb\u00e9m, al\u00e9m dos encontros, retiros e outras atividades desenvolvidas pela igreja.<br \/>\n&#8220;\u00c9 uma decis\u00e3o muito dif\u00edcil, j\u00e1 que estamos falando em cancelar 90% das atividades que realizamos aqui. \u00c9 uma decis\u00e3o que segue os quesitos de especialistas em sa\u00fade, levando em conta que temos um grande n\u00famero de fi\u00e9is mais idosos, eles n\u00e3o podem correr esse risco&#8221;, afirmou o bispo.<br \/>\nAinda de acordo com o l\u00edder da igreja, a diocese estuda aumentar o n\u00famero de missas que s\u00e3o celebradas durante os domingos, para evitar grandes aglomera\u00e7\u00f5es. Al\u00e9m disso, os padres t\u00eam a determina\u00e7\u00e3o de encurtarem as reflex\u00f5es que s\u00e3o feitas ap\u00f3s o evangelho. &#8220;N\u00e3o podemos perder a esperan\u00e7a, \u00e9 um momento de recolhimento que podemos usar para aproveitar mais a fam\u00edlia em casa, praticar a ora\u00e7\u00e3o e nunca perder a f\u00e9&#8221;, ressaltou Dom Paulo.<br \/>\nExiste a expectativa de que o chamado &#8220;Tr\u00edduo Pascal&#8221;, que tem in\u00edcio na quinta-feira santa e termina no domingo da P\u00e1scoa, seja celebrado, mas Dom Paulo destacou que as celebra\u00e7\u00f5es ser\u00e3o feitas com ressalvas. Na Sexta-Feira Santa, por exemplo, na celebra\u00e7\u00e3o das 15h00, onde \u00e9 realizada a adora\u00e7\u00e3o da cruz, o tradicional beijo dos fi\u00e9is e o toque na cruz ser\u00e3o omitidos e feito de uma forma geral.<br \/>\nA comunh\u00e3o tamb\u00e9m ser\u00e1 entregue somente nas m\u00e3os, os ministros e os padres n\u00e3o poder\u00e3o entregar diretamente na boca. O abra\u00e7o de paz j\u00e1 tinha sido abolido, agora a prociss\u00e3o de entrada tamb\u00e9m n\u00e3o ser\u00e1 mais realizada.<br \/>\n&#8220;Jesus ficou quarenta dias no deserto em jejum e ora\u00e7\u00e3o, quem sabe isso n\u00e3o \u00e9 Deus pedindo pra gente um sil\u00eancio maior, uma vida de mais ora\u00e7\u00e3o? \u00c9 um sinal de Deus para mostrar que a vida humana tem a sua dignidade, o seu valor, n\u00f3s somos criados por Deus, mas n\u00f3s temos as nossas fragilidades, n\u00f3s corremos esses riscos&#8221; concluiu.<\/p>\n","protected":false},"excerpt":{"rendered":"<p>Medida tem como objetivo combater o novo coronav\u00edrus &nbsp; Reportagem Fernando de Paula Na manh\u00e3 de ontem (18), a Diocese de Franca anunciou mudan\u00e7as na programa\u00e7\u00e3o<span class=\"excerpt-hellip\"> [\u2026]<\/span><\/p>\n","protected":false},"author":10,"featured_media":5257,"comment_status":"open","ping_status":"open","sticky":false,"template":"","format":"standard","meta":{"_jetpack_memberships_contains_paid_content":false,"footnotes":"","jetpack_publicize_message":"","jetpack_publicize_feature_enabled":true,"jetpack_social_post_already_shared":false,"jetpack_social_options":{"image_generator_settings":{"template":"highway","default_image_id":0,"enabled":false},"version":2}},"categories":[104,28,44],"tags":[105],"class_list":["post-5252","post","type-post","status-publish","format-standard","has-post-thumbnail","hentry","category-coronavirus","category-cotidiano","category-noticias","tag-coronavirus"],"yoast_head":"<!-- This site is optimized with the Yoast SEO plugin v25.6 - https:\/\/yoast.com\/wordpress\/plugins\/seo\/ -->\n<title>Diocese de Franca cancela 90% das atividades - VerdadeOn<\/title>\n<meta name=\"robots\" content=\"index, follow, max-snippet:-1, max-image-preview:large, max-video-preview:-1\" \/>\n<link rel=\"canonical\" href=\"https:\/\/verdadeon.com.br\/portal\/2020\/03\/19\/diocese-de-franca-cancela-90-das-atividades\/\" \/>\n<meta property=\"og:locale\" content=\"pt_BR\" \/>\n<meta property=\"og:type\" content=\"article\" \/>\n<meta property=\"og:title\" content=\"Diocese de Franca cancela 90% das atividades - VerdadeOn\" \/>\n<meta property=\"og:description\" content=\"Medida tem como objetivo combater o novo coronav\u00edrus &nbsp; Reportagem Fernando de Paula Na manh\u00e3 de ontem (18), a Diocese de Franca anunciou mudan\u00e7as na programa\u00e7\u00e3o [\u2026]\" \/>\n<meta property=\"og:url\" content=\"https:\/\/verdadeon.com.br\/portal\/2020\/03\/19\/diocese-de-franca-cancela-90-das-atividades\/\" \/>\n<meta property=\"og:site_name\" content=\"VerdadeOn\" \/>\n<meta property=\"article:published_time\" content=\"2020-03-19T10:00:58+00:00\" \/>\n<meta property=\"article:modified_time\" content=\"2020-03-19T13:43:17+00:00\" \/>\n<meta property=\"og:image\" content=\"https:\/\/verdadeon.com.br\/portal\/wp-content\/uploads\/2020\/03\/bispo-dom-paulo-beleto-foto-guto-goncalves-12.jpg\" \/>\n\t<meta property=\"og:image:width\" content=\"1000\" \/>\n\t<meta property=\"og:image:height\" content=\"667\" \/>\n\t<meta property=\"og:image:type\" content=\"image\/jpeg\" \/>\n<meta name=\"author\" content=\"Redacao VerdadeOn\" \/>\n<meta name=\"twitter:card\" content=\"summary_large_image\" \/>\n<meta name=\"twitter:label1\" content=\"Escrito por\" \/>\n\t<meta name=\"twitter:data1\" content=\"Redacao VerdadeOn\" \/>\n\t<meta name=\"twitter:label2\" content=\"Est. tempo de leitura\" \/>\n\t<meta name=\"twitter:data2\" content=\"2 minutos\" \/>\n<script type=\"application\/ld+json\" class=\"yoast-schema-graph\">{\"@context\":\"https:\/\/schema.org\",\"@graph\":[{\"@type\":\"WebPage\",\"@id\":\"https:\/\/verdadeon.com.br\/portal\/2020\/03\/19\/diocese-de-franca-cancela-90-das-atividades\/\",\"url\":\"https:\/\/verdadeon.com.br\/portal\/2020\/03\/19\/diocese-de-franca-cancela-90-das-atividades\/\",\"name\":\"Diocese de Franca cancela 90% das atividades - VerdadeOn\",\"isPartOf\":{\"@id\":\"https:\/\/verdadeon.com.br\/portal\/#website\"},\"primaryImageOfPage\":{\"@id\":\"https:\/\/verdadeon.com.br\/portal\/2020\/03\/19\/diocese-de-franca-cancela-90-das-atividades\/#primaryimage\"},\"image\":{\"@id\":\"https:\/\/verdadeon.com.br\/portal\/2020\/03\/19\/diocese-de-franca-cancela-90-das-atividades\/#primaryimage\"},\"thumbnailUrl\":\"https:\/\/i0.wp.com\/verdadeon.com.br\/portal\/wp-content\/uploads\/2020\/03\/bispo-dom-paulo-beleto-foto-guto-goncalves-12.jpg?fit=1000%2C667&ssl=1\",\"datePublished\":\"2020-03-19T10:00:58+00:00\",\"dateModified\":\"2020-03-19T13:43:17+00:00\",\"author\":{\"@id\":\"https:\/\/verdadeon.com.br\/portal\/#\/schema\/person\/a5060ad1e9ea3df545188fc93ce43d2f\"},\"breadcrumb\":{\"@id\":\"https:\/\/verdadeon.com.br\/portal\/2020\/03\/19\/diocese-de-franca-cancela-90-das-atividades\/#breadcrumb\"},\"inLanguage\":\"pt-BR\",\"potentialAction\":[{\"@type\":\"ReadAction\",\"target\":[\"https:\/\/verdadeon.com.br\/portal\/2020\/03\/19\/diocese-de-franca-cancela-90-das-atividades\/\"]}]},{\"@type\":\"ImageObject\",\"inLanguage\":\"pt-BR\",\"@id\":\"https:\/\/verdadeon.com.br\/portal\/2020\/03\/19\/diocese-de-franca-cancela-90-das-atividades\/#primaryimage\",\"url\":\"https:\/\/i0.wp.com\/verdadeon.com.br\/portal\/wp-content\/uploads\/2020\/03\/bispo-dom-paulo-beleto-foto-guto-goncalves-12.jpg?fit=1000%2C667&ssl=1\",\"contentUrl\":\"https:\/\/i0.wp.com\/verdadeon.com.br\/portal\/wp-content\/uploads\/2020\/03\/bispo-dom-paulo-beleto-foto-guto-goncalves-12.jpg?fit=1000%2C667&ssl=1\",\"width\":1000,\"height\":667,\"caption\":\"Dom Paulo Roberto est\u00e1 a frente da Diocese de Franca, e conta um pouco da sua rotina como bispo | Foto: Jornal Verdade\"},{\"@type\":\"BreadcrumbList\",\"@id\":\"https:\/\/verdadeon.com.br\/portal\/2020\/03\/19\/diocese-de-franca-cancela-90-das-atividades\/#breadcrumb\",\"itemListElement\":[{\"@type\":\"ListItem\",\"position\":1,\"name\":\"In\u00edcio\",\"item\":\"https:\/\/verdadeon.com.br\/portal\/\"},{\"@type\":\"ListItem\",\"position\":2,\"name\":\"Diocese de Franca cancela 90% das atividades\"}]},{\"@type\":\"WebSite\",\"@id\":\"https:\/\/verdadeon.com.br\/portal\/#website\",\"url\":\"https:\/\/verdadeon.com.br\/portal\/\",\"name\":\"VerdadeOn\",\"description\":\"Not\u00edcias di\u00e1rias sobre Franca, Regi\u00e3o, Esporte, Cultura, Cotidiano, Colunas. Cobertura nos principais eventos da cidade \u00e9 aqui - Verdadeon Franca\",\"potentialAction\":[{\"@type\":\"SearchAction\",\"target\":{\"@type\":\"EntryPoint\",\"urlTemplate\":\"https:\/\/verdadeon.com.br\/portal\/?s={search_term_string}\"},\"query-input\":{\"@type\":\"PropertyValueSpecification\",\"valueRequired\":true,\"valueName\":\"search_term_string\"}}],\"inLanguage\":\"pt-BR\"},{\"@type\":\"Person\",\"@id\":\"https:\/\/verdadeon.com.br\/portal\/#\/schema\/person\/a5060ad1e9ea3df545188fc93ce43d2f\",\"name\":\"Redacao VerdadeOn\",\"image\":{\"@type\":\"ImageObject\",\"inLanguage\":\"pt-BR\",\"@id\":\"https:\/\/verdadeon.com.br\/portal\/#\/schema\/person\/image\/\",\"url\":\"https:\/\/secure.gravatar.com\/avatar\/459a9613caaaf07f582c3d0841eea68bdd66f533e465e6ba8b9cb45619572cf4?s=96&d=mm&r=g\",\"contentUrl\":\"https:\/\/secure.gravatar.com\/avatar\/459a9613caaaf07f582c3d0841eea68bdd66f533e465e6ba8b9cb45619572cf4?s=96&d=mm&r=g\",\"caption\":\"Redacao VerdadeOn\"},\"url\":\"https:\/\/verdadeon.com.br\/portal\/author\/redacao\/\"}]}<\/script>\n<!-- \/ Yoast SEO plugin. -->","yoast_head_json":{"title":"Diocese de Franca cancela 90% das atividades - VerdadeOn","robots":{"index":"index","follow":"follow","max-snippet":"max-snippet:-1","max-image-preview":"max-image-preview:large","max-video-preview":"max-video-preview:-1"},"canonical":"https:\/\/verdadeon.com.br\/portal\/2020\/03\/19\/diocese-de-franca-cancela-90-das-atividades\/","og_locale":"pt_BR","og_type":"article","og_title":"Diocese de Franca cancela 90% das atividades - VerdadeOn","og_description":"Medida tem como objetivo combater o novo coronav\u00edrus &nbsp; Reportagem Fernando de Paula Na manh\u00e3 de ontem (18), a Diocese de Franca anunciou mudan\u00e7as na programa\u00e7\u00e3o [\u2026]","og_url":"https:\/\/verdadeon.com.br\/portal\/2020\/03\/19\/diocese-de-franca-cancela-90-das-atividades\/","og_site_name":"VerdadeOn","article_published_time":"2020-03-19T10:00:58+00:00","article_modified_time":"2020-03-19T13:43:17+00:00","og_image":[{"width":1000,"height":667,"url":"https:\/\/verdadeon.com.br\/portal\/wp-content\/uploads\/2020\/03\/bispo-dom-paulo-beleto-foto-guto-goncalves-12.jpg","type":"image\/jpeg"}],"author":"Redacao VerdadeOn","twitter_card":"summary_large_image","twitter_misc":{"Escrito por":"Redacao VerdadeOn","Est. tempo de leitura":"2 minutos"},"schema":{"@context":"https:\/\/schema.org","@graph":[{"@type":"WebPage","@id":"https:\/\/verdadeon.com.br\/portal\/2020\/03\/19\/diocese-de-franca-cancela-90-das-atividades\/","url":"https:\/\/verdadeon.com.br\/portal\/2020\/03\/19\/diocese-de-franca-cancela-90-das-atividades\/","name":"Diocese de Franca cancela 90% das atividades - VerdadeOn","isPartOf":{"@id":"https:\/\/verdadeon.com.br\/portal\/#website"},"primaryImageOfPage":{"@id":"https:\/\/verdadeon.com.br\/portal\/2020\/03\/19\/diocese-de-franca-cancela-90-das-atividades\/#primaryimage"},"image":{"@id":"https:\/\/verdadeon.com.br\/portal\/2020\/03\/19\/diocese-de-franca-cancela-90-das-atividades\/#primaryimage"},"thumbnailUrl":"https:\/\/i0.wp.com\/verdadeon.com.br\/portal\/wp-content\/uploads\/2020\/03\/bispo-dom-paulo-beleto-foto-guto-goncalves-12.jpg?fit=1000%2C667&ssl=1","datePublished":"2020-03-19T10:00:58+00:00","dateModified":"2020-03-19T13:43:17+00:00","author":{"@id":"https:\/\/verdadeon.com.br\/portal\/#\/schema\/person\/a5060ad1e9ea3df545188fc93ce43d2f"},"breadcrumb":{"@id":"https:\/\/verdadeon.com.br\/portal\/2020\/03\/19\/diocese-de-franca-cancela-90-das-atividades\/#breadcrumb"},"inLanguage":"pt-BR","potentialAction":[{"@type":"ReadAction","target":["https:\/\/verdadeon.com.br\/portal\/2020\/03\/19\/diocese-de-franca-cancela-90-das-atividades\/"]}]},{"@type":"ImageObject","inLanguage":"pt-BR","@id":"https:\/\/verdadeon.com.br\/portal\/2020\/03\/19\/diocese-de-franca-cancela-90-das-atividades\/#primaryimage","url":"https:\/\/i0.wp.com\/verdadeon.com.br\/portal\/wp-content\/uploads\/2020\/03\/bispo-dom-paulo-beleto-foto-guto-goncalves-12.jpg?fit=1000%2C667&ssl=1","contentUrl":"https:\/\/i0.wp.com\/verdadeon.com.br\/portal\/wp-content\/uploads\/2020\/03\/bispo-dom-paulo-beleto-foto-guto-goncalves-12.jpg?fit=1000%2C667&ssl=1","width":1000,"height":667,"caption":"Dom Paulo Roberto est\u00e1 a frente da Diocese de Franca, e conta um pouco da sua rotina como bispo | Foto: Jornal Verdade"},{"@type":"BreadcrumbList","@id":"https:\/\/verdadeon.com.br\/portal\/2020\/03\/19\/diocese-de-franca-cancela-90-das-atividades\/#breadcrumb","itemListElement":[{"@type":"ListItem","position":1,"name":"In\u00edcio","item":"https:\/\/verdadeon.com.br\/portal\/"},{"@type":"ListItem","position":2,"name":"Diocese de Franca cancela 90% das atividades"}]},{"@type":"WebSite","@id":"https:\/\/verdadeon.com.br\/portal\/#website","url":"https:\/\/verdadeon.com.br\/portal\/","name":"VerdadeOn","description":"Not\u00edcias di\u00e1rias sobre Franca, Regi\u00e3o, Esporte, Cultura, Cotidiano, Colunas. Cobertura nos principais eventos da cidade \u00e9 aqui - Verdadeon Franca","potentialAction":[{"@type":"SearchAction","target":{"@type":"EntryPoint","urlTemplate":"https:\/\/verdadeon.com.br\/portal\/?s={search_term_string}"},"query-input":{"@type":"PropertyValueSpecification","valueRequired":true,"valueName":"search_term_string"}}],"inLanguage":"pt-BR"},{"@type":"Person","@id":"https:\/\/verdadeon.com.br\/portal\/#\/schema\/person\/a5060ad1e9ea3df545188fc93ce43d2f","name":"Redacao VerdadeOn","image":{"@type":"ImageObject","inLanguage":"pt-BR","@id":"https:\/\/verdadeon.com.br\/portal\/#\/schema\/person\/image\/","url":"https:\/\/secure.gravatar.com\/avatar\/459a9613caaaf07f582c3d0841eea68bdd66f533e465e6ba8b9cb45619572cf4?s=96&d=mm&r=g","contentUrl":"https:\/\/secure.gravatar.com\/avatar\/459a9613caaaf07f582c3d0841eea68bdd66f533e465e6ba8b9cb45619572cf4?s=96&d=mm&r=g","caption":"Redacao VerdadeOn"},"url":"https:\/\/verdadeon.com.br\/portal\/author\/redacao\/"}]}},"jetpack_publicize_connections":[],"jetpack_featured_media_url":"https:\/\/i0.wp.com\/verdadeon.com.br\/portal\/wp-content\/uploads\/2020\/03\/bispo-dom-paulo-beleto-foto-guto-goncalves-12.jpg?fit=1000%2C667&ssl=1","jetpack_sharing_enabled":true,"_links":{"self":[{"href":"https:\/\/verdadeon.com.br\/portal\/wp-json\/wp\/v2\/posts\/5252","targetHints":{"allow":["GET"]}}],"collection":[{"href":"https:\/\/verdadeon.com.br\/portal\/wp-json\/wp\/v2\/posts"}],"about":[{"href":"https:\/\/verdadeon.com.br\/portal\/wp-json\/wp\/v2\/types\/post"}],"author":[{"embeddable":true,"href":"https:\/\/verdadeon.com.br\/portal\/wp-json\/wp\/v2\/users\/10"}],"replies":[{"embeddable":true,"href":"https:\/\/verdadeon.com.br\/portal\/wp-json\/wp\/v2\/comments?post=5252"}],"version-history":[{"count":0,"href":"https:\/\/verdadeon.com.br\/portal\/wp-json\/wp\/v2\/posts\/5252\/revisions"}],"wp:featuredmedia":[{"embeddable":true,"href":"https:\/\/verdadeon.com.br\/portal\/wp-json\/wp\/v2\/media\/5257"}],"wp:attachment":[{"href":"https:\/\/verdadeon.com.br\/portal\/wp-json\/wp\/v2\/media?parent=5252"}],"wp:term":[{"taxonomy":"category","embeddable":true,"href":"https:\/\/verdadeon.com.br\/portal\/wp-json\/wp\/v2\/categories?post=5252"},{"taxonomy":"post_tag","embeddable":true,"href":"https:\/\/verdadeon.com.br\/portal\/wp-json\/wp\/v2\/tags?post=5252"}],"curies":[{"name":"wp","href":"https:\/\/api.w.org\/{rel}","templated":true}]}}