{"id":5236,"date":"2020-03-18T19:18:52","date_gmt":"2020-03-18T22:18:52","guid":{"rendered":"http:\/\/verdadeon.com.br\/portal\/?p=5236"},"modified":"2020-03-18T19:18:52","modified_gmt":"2020-03-18T22:18:52","slug":"em-oficio-acif-sindicatos-e-unimed-pedem-fechamento-do-comercio-e-industria","status":"publish","type":"post","link":"https:\/\/verdadeon.com.br\/portal\/2020\/03\/18\/em-oficio-acif-sindicatos-e-unimed-pedem-fechamento-do-comercio-e-industria\/","title":{"rendered":"Em of\u00edcio Acif, sindicatos e Unimed pedem fechamento do com\u00e9rcio e ind\u00fastria"},"content":{"rendered":"<h2>Documento foi entregue para o prefeito Gilson de Souza. Pedido \u00e9 uma medida para conten\u00e7\u00e3o do cont\u00e1gio do Covid-19<\/h2>\n<p>&nbsp;<\/p>\n<p>A Acif (Associa\u00e7\u00e3o do Com\u00e9rcio e Ind\u00fastria de Franca), o Sindifranca (Sindicato da Ind\u00fastria Cal\u00e7adista de Franca), o Sindicato do Com\u00e9rcio Varejista de Franca, o Sindicato dos Empregados no Com\u00e9rcio e a Unimed Franca protocolaram, na tarde desta quarta-feira (18) um of\u00edcio pedindo a cria\u00e7\u00e3o de um decreto que determine a suspens\u00e3o das atividades econ\u00f4micas em Franca entre os dias 19 de mar\u00e7o e 3 de abril. O documento foi entregue nas m\u00e3os do prefeito Gilson de Souza, em seu gabinete, e tem o objetivo de intensificar o enfrentamento ao novo coronav\u00edrus (Covid-19) e proteger a popula\u00e7\u00e3o local do cont\u00e1gio.<br \/>\nO documento foi assinado por todas as entidades e pede o fechamento total dos estabelecimentos comerciais, clubes, etc. No caso de servi\u00e7os essenciais como farm\u00e1cias, supermercados, postos de combust\u00edveis, padarias e casa de carne, o funcionamento seria normal e em locais como bancos, cooperativas de cr\u00e9dito e financeiras o hor\u00e1rio seria reduzido.<br \/>\nDe acordo com o prefeito Gilson de Franca, o teor do of\u00edcio ser\u00e1 discutido pelo Comit\u00ea Municipal de Enfrentamento ao Coronav\u00edrus entre o in\u00edcio da noite de hoje e a manh\u00e3 desta quinta-feira e que uma resposta dever\u00e1 ser dada o mais rapidamente poss\u00edvel.<\/p>\n","protected":false},"excerpt":{"rendered":"<p>Documento foi entregue para o prefeito Gilson de Souza. Pedido \u00e9 uma medida para conten\u00e7\u00e3o do cont\u00e1gio do Covid-19 &nbsp; A Acif (Associa\u00e7\u00e3o do Com\u00e9rcio e<span class=\"excerpt-hellip\"> [\u2026]<\/span><\/p>\n","protected":false},"author":10,"featured_media":5237,"comment_status":"open","ping_status":"open","sticky":false,"template":"","format":"standard","meta":{"_jetpack_memberships_contains_paid_content":false,"footnotes":"","jetpack_publicize_message":"","jetpack_publicize_feature_enabled":true,"jetpack_social_post_already_shared":false,"jetpack_social_options":{"image_generator_settings":{"template":"highway","default_image_id":0,"enabled":false},"version":2}},"categories":[104,28,81],"tags":[],"class_list":["post-5236","post","type-post","status-publish","format-standard","has-post-thumbnail","hentry","category-coronavirus","category-cotidiano","category-manchete"],"yoast_head":"<!-- This site is optimized with the Yoast SEO plugin v25.6 - https:\/\/yoast.com\/wordpress\/plugins\/seo\/ -->\n<title>Em of\u00edcio Acif, sindicatos e Unimed pedem fechamento do com\u00e9rcio e ind\u00fastria - VerdadeOn<\/title>\n<meta name=\"robots\" content=\"index, follow, max-snippet:-1, max-image-preview:large, max-video-preview:-1\" \/>\n<link rel=\"canonical\" href=\"https:\/\/verdadeon.com.br\/portal\/2020\/03\/18\/em-oficio-acif-sindicatos-e-unimed-pedem-fechamento-do-comercio-e-industria\/\" \/>\n<meta property=\"og:locale\" content=\"pt_BR\" \/>\n<meta property=\"og:type\" content=\"article\" \/>\n<meta property=\"og:title\" content=\"Em of\u00edcio Acif, sindicatos e Unimed pedem fechamento do com\u00e9rcio e ind\u00fastria - VerdadeOn\" \/>\n<meta property=\"og:description\" content=\"Documento foi entregue para o prefeito Gilson de Souza. Pedido \u00e9 uma medida para conten\u00e7\u00e3o do cont\u00e1gio do Covid-19 &nbsp; A Acif (Associa\u00e7\u00e3o do Com\u00e9rcio e [\u2026]\" \/>\n<meta property=\"og:url\" content=\"https:\/\/verdadeon.com.br\/portal\/2020\/03\/18\/em-oficio-acif-sindicatos-e-unimed-pedem-fechamento-do-comercio-e-industria\/\" \/>\n<meta property=\"og:site_name\" content=\"VerdadeOn\" \/>\n<meta property=\"article:published_time\" content=\"2020-03-18T22:18:52+00:00\" \/>\n<meta name=\"author\" content=\"Redacao VerdadeOn\" \/>\n<meta name=\"twitter:card\" content=\"summary_large_image\" \/>\n<meta name=\"twitter:label1\" content=\"Escrito por\" \/>\n\t<meta name=\"twitter:data1\" content=\"Redacao VerdadeOn\" \/>\n\t<meta name=\"twitter:label2\" content=\"Est. tempo de leitura\" \/>\n\t<meta name=\"twitter:data2\" content=\"1 minuto\" \/>\n<script type=\"application\/ld+json\" class=\"yoast-schema-graph\">{\"@context\":\"https:\/\/schema.org\",\"@graph\":[{\"@type\":\"WebPage\",\"@id\":\"https:\/\/verdadeon.com.br\/portal\/2020\/03\/18\/em-oficio-acif-sindicatos-e-unimed-pedem-fechamento-do-comercio-e-industria\/\",\"url\":\"https:\/\/verdadeon.com.br\/portal\/2020\/03\/18\/em-oficio-acif-sindicatos-e-unimed-pedem-fechamento-do-comercio-e-industria\/\",\"name\":\"Em of\u00edcio Acif, sindicatos e Unimed pedem fechamento do com\u00e9rcio e ind\u00fastria - VerdadeOn\",\"isPartOf\":{\"@id\":\"https:\/\/verdadeon.com.br\/portal\/#website\"},\"primaryImageOfPage\":{\"@id\":\"https:\/\/verdadeon.com.br\/portal\/2020\/03\/18\/em-oficio-acif-sindicatos-e-unimed-pedem-fechamento-do-comercio-e-industria\/#primaryimage\"},\"image\":{\"@id\":\"https:\/\/verdadeon.com.br\/portal\/2020\/03\/18\/em-oficio-acif-sindicatos-e-unimed-pedem-fechamento-do-comercio-e-industria\/#primaryimage\"},\"thumbnailUrl\":\"https:\/\/i0.wp.com\/verdadeon.com.br\/portal\/wp-content\/uploads\/2020\/03\/Pouco-movimento-no-centro-coronav%C3%ADrus-foto-Lindomar-Cailton-5.jpg?fit=1000%2C668&ssl=1\",\"datePublished\":\"2020-03-18T22:18:52+00:00\",\"author\":{\"@id\":\"https:\/\/verdadeon.com.br\/portal\/#\/schema\/person\/a5060ad1e9ea3df545188fc93ce43d2f\"},\"breadcrumb\":{\"@id\":\"https:\/\/verdadeon.com.br\/portal\/2020\/03\/18\/em-oficio-acif-sindicatos-e-unimed-pedem-fechamento-do-comercio-e-industria\/#breadcrumb\"},\"inLanguage\":\"pt-BR\",\"potentialAction\":[{\"@type\":\"ReadAction\",\"target\":[\"https:\/\/verdadeon.com.br\/portal\/2020\/03\/18\/em-oficio-acif-sindicatos-e-unimed-pedem-fechamento-do-comercio-e-industria\/\"]}]},{\"@type\":\"ImageObject\",\"inLanguage\":\"pt-BR\",\"@id\":\"https:\/\/verdadeon.com.br\/portal\/2020\/03\/18\/em-oficio-acif-sindicatos-e-unimed-pedem-fechamento-do-comercio-e-industria\/#primaryimage\",\"url\":\"https:\/\/i0.wp.com\/verdadeon.com.br\/portal\/wp-content\/uploads\/2020\/03\/Pouco-movimento-no-centro-coronav%C3%ADrus-foto-Lindomar-Cailton-5.jpg?fit=1000%2C668&ssl=1\",\"contentUrl\":\"https:\/\/i0.wp.com\/verdadeon.com.br\/portal\/wp-content\/uploads\/2020\/03\/Pouco-movimento-no-centro-coronav%C3%ADrus-foto-Lindomar-Cailton-5.jpg?fit=1000%2C668&ssl=1\",\"width\":1000,\"height\":668,\"caption\":\"Legenda: Regi\u00e3o Central: cal\u00e7ad\u00e3o j\u00e1 apresenta menos movimento desde a semana passada\"},{\"@type\":\"BreadcrumbList\",\"@id\":\"https:\/\/verdadeon.com.br\/portal\/2020\/03\/18\/em-oficio-acif-sindicatos-e-unimed-pedem-fechamento-do-comercio-e-industria\/#breadcrumb\",\"itemListElement\":[{\"@type\":\"ListItem\",\"position\":1,\"name\":\"In\u00edcio\",\"item\":\"https:\/\/verdadeon.com.br\/portal\/\"},{\"@type\":\"ListItem\",\"position\":2,\"name\":\"Em of\u00edcio Acif, sindicatos e Unimed pedem fechamento do com\u00e9rcio e ind\u00fastria\"}]},{\"@type\":\"WebSite\",\"@id\":\"https:\/\/verdadeon.com.br\/portal\/#website\",\"url\":\"https:\/\/verdadeon.com.br\/portal\/\",\"name\":\"VerdadeOn\",\"description\":\"Not\u00edcias di\u00e1rias sobre Franca, Regi\u00e3o, Esporte, Cultura, Cotidiano, Colunas. Cobertura nos principais eventos da cidade \u00e9 aqui - Verdadeon Franca\",\"potentialAction\":[{\"@type\":\"SearchAction\",\"target\":{\"@type\":\"EntryPoint\",\"urlTemplate\":\"https:\/\/verdadeon.com.br\/portal\/?s={search_term_string}\"},\"query-input\":{\"@type\":\"PropertyValueSpecification\",\"valueRequired\":true,\"valueName\":\"search_term_string\"}}],\"inLanguage\":\"pt-BR\"},{\"@type\":\"Person\",\"@id\":\"https:\/\/verdadeon.com.br\/portal\/#\/schema\/person\/a5060ad1e9ea3df545188fc93ce43d2f\",\"name\":\"Redacao VerdadeOn\",\"image\":{\"@type\":\"ImageObject\",\"inLanguage\":\"pt-BR\",\"@id\":\"https:\/\/verdadeon.com.br\/portal\/#\/schema\/person\/image\/\",\"url\":\"https:\/\/secure.gravatar.com\/avatar\/459a9613caaaf07f582c3d0841eea68bdd66f533e465e6ba8b9cb45619572cf4?s=96&d=mm&r=g\",\"contentUrl\":\"https:\/\/secure.gravatar.com\/avatar\/459a9613caaaf07f582c3d0841eea68bdd66f533e465e6ba8b9cb45619572cf4?s=96&d=mm&r=g\",\"caption\":\"Redacao VerdadeOn\"},\"url\":\"https:\/\/verdadeon.com.br\/portal\/author\/redacao\/\"}]}<\/script>\n<!-- \/ Yoast SEO plugin. -->","yoast_head_json":{"title":"Em of\u00edcio Acif, sindicatos e Unimed pedem fechamento do com\u00e9rcio e ind\u00fastria - VerdadeOn","robots":{"index":"index","follow":"follow","max-snippet":"max-snippet:-1","max-image-preview":"max-image-preview:large","max-video-preview":"max-video-preview:-1"},"canonical":"https:\/\/verdadeon.com.br\/portal\/2020\/03\/18\/em-oficio-acif-sindicatos-e-unimed-pedem-fechamento-do-comercio-e-industria\/","og_locale":"pt_BR","og_type":"article","og_title":"Em of\u00edcio Acif, sindicatos e Unimed pedem fechamento do com\u00e9rcio e ind\u00fastria - VerdadeOn","og_description":"Documento foi entregue para o prefeito Gilson de Souza. Pedido \u00e9 uma medida para conten\u00e7\u00e3o do cont\u00e1gio do Covid-19 &nbsp; A Acif (Associa\u00e7\u00e3o do Com\u00e9rcio e [\u2026]","og_url":"https:\/\/verdadeon.com.br\/portal\/2020\/03\/18\/em-oficio-acif-sindicatos-e-unimed-pedem-fechamento-do-comercio-e-industria\/","og_site_name":"VerdadeOn","article_published_time":"2020-03-18T22:18:52+00:00","author":"Redacao VerdadeOn","twitter_card":"summary_large_image","twitter_misc":{"Escrito por":"Redacao VerdadeOn","Est. tempo de leitura":"1 minuto"},"schema":{"@context":"https:\/\/schema.org","@graph":[{"@type":"WebPage","@id":"https:\/\/verdadeon.com.br\/portal\/2020\/03\/18\/em-oficio-acif-sindicatos-e-unimed-pedem-fechamento-do-comercio-e-industria\/","url":"https:\/\/verdadeon.com.br\/portal\/2020\/03\/18\/em-oficio-acif-sindicatos-e-unimed-pedem-fechamento-do-comercio-e-industria\/","name":"Em of\u00edcio Acif, sindicatos e Unimed pedem fechamento do com\u00e9rcio e ind\u00fastria - VerdadeOn","isPartOf":{"@id":"https:\/\/verdadeon.com.br\/portal\/#website"},"primaryImageOfPage":{"@id":"https:\/\/verdadeon.com.br\/portal\/2020\/03\/18\/em-oficio-acif-sindicatos-e-unimed-pedem-fechamento-do-comercio-e-industria\/#primaryimage"},"image":{"@id":"https:\/\/verdadeon.com.br\/portal\/2020\/03\/18\/em-oficio-acif-sindicatos-e-unimed-pedem-fechamento-do-comercio-e-industria\/#primaryimage"},"thumbnailUrl":"https:\/\/i0.wp.com\/verdadeon.com.br\/portal\/wp-content\/uploads\/2020\/03\/Pouco-movimento-no-centro-coronav%C3%ADrus-foto-Lindomar-Cailton-5.jpg?fit=1000%2C668&ssl=1","datePublished":"2020-03-18T22:18:52+00:00","author":{"@id":"https:\/\/verdadeon.com.br\/portal\/#\/schema\/person\/a5060ad1e9ea3df545188fc93ce43d2f"},"breadcrumb":{"@id":"https:\/\/verdadeon.com.br\/portal\/2020\/03\/18\/em-oficio-acif-sindicatos-e-unimed-pedem-fechamento-do-comercio-e-industria\/#breadcrumb"},"inLanguage":"pt-BR","potentialAction":[{"@type":"ReadAction","target":["https:\/\/verdadeon.com.br\/portal\/2020\/03\/18\/em-oficio-acif-sindicatos-e-unimed-pedem-fechamento-do-comercio-e-industria\/"]}]},{"@type":"ImageObject","inLanguage":"pt-BR","@id":"https:\/\/verdadeon.com.br\/portal\/2020\/03\/18\/em-oficio-acif-sindicatos-e-unimed-pedem-fechamento-do-comercio-e-industria\/#primaryimage","url":"https:\/\/i0.wp.com\/verdadeon.com.br\/portal\/wp-content\/uploads\/2020\/03\/Pouco-movimento-no-centro-coronav%C3%ADrus-foto-Lindomar-Cailton-5.jpg?fit=1000%2C668&ssl=1","contentUrl":"https:\/\/i0.wp.com\/verdadeon.com.br\/portal\/wp-content\/uploads\/2020\/03\/Pouco-movimento-no-centro-coronav%C3%ADrus-foto-Lindomar-Cailton-5.jpg?fit=1000%2C668&ssl=1","width":1000,"height":668,"caption":"Legenda: Regi\u00e3o Central: cal\u00e7ad\u00e3o j\u00e1 apresenta menos movimento desde a semana passada"},{"@type":"BreadcrumbList","@id":"https:\/\/verdadeon.com.br\/portal\/2020\/03\/18\/em-oficio-acif-sindicatos-e-unimed-pedem-fechamento-do-comercio-e-industria\/#breadcrumb","itemListElement":[{"@type":"ListItem","position":1,"name":"In\u00edcio","item":"https:\/\/verdadeon.com.br\/portal\/"},{"@type":"ListItem","position":2,"name":"Em of\u00edcio Acif, sindicatos e Unimed pedem fechamento do com\u00e9rcio e ind\u00fastria"}]},{"@type":"WebSite","@id":"https:\/\/verdadeon.com.br\/portal\/#website","url":"https:\/\/verdadeon.com.br\/portal\/","name":"VerdadeOn","description":"Not\u00edcias di\u00e1rias sobre Franca, Regi\u00e3o, Esporte, Cultura, Cotidiano, Colunas. Cobertura nos principais eventos da cidade \u00e9 aqui - Verdadeon Franca","potentialAction":[{"@type":"SearchAction","target":{"@type":"EntryPoint","urlTemplate":"https:\/\/verdadeon.com.br\/portal\/?s={search_term_string}"},"query-input":{"@type":"PropertyValueSpecification","valueRequired":true,"valueName":"search_term_string"}}],"inLanguage":"pt-BR"},{"@type":"Person","@id":"https:\/\/verdadeon.com.br\/portal\/#\/schema\/person\/a5060ad1e9ea3df545188fc93ce43d2f","name":"Redacao VerdadeOn","image":{"@type":"ImageObject","inLanguage":"pt-BR","@id":"https:\/\/verdadeon.com.br\/portal\/#\/schema\/person\/image\/","url":"https:\/\/secure.gravatar.com\/avatar\/459a9613caaaf07f582c3d0841eea68bdd66f533e465e6ba8b9cb45619572cf4?s=96&d=mm&r=g","contentUrl":"https:\/\/secure.gravatar.com\/avatar\/459a9613caaaf07f582c3d0841eea68bdd66f533e465e6ba8b9cb45619572cf4?s=96&d=mm&r=g","caption":"Redacao VerdadeOn"},"url":"https:\/\/verdadeon.com.br\/portal\/author\/redacao\/"}]}},"jetpack_publicize_connections":[],"jetpack_featured_media_url":"https:\/\/i0.wp.com\/verdadeon.com.br\/portal\/wp-content\/uploads\/2020\/03\/Pouco-movimento-no-centro-coronav%C3%ADrus-foto-Lindomar-Cailton-5.jpg?fit=1000%2C668&ssl=1","jetpack_sharing_enabled":true,"_links":{"self":[{"href":"https:\/\/verdadeon.com.br\/portal\/wp-json\/wp\/v2\/posts\/5236","targetHints":{"allow":["GET"]}}],"collection":[{"href":"https:\/\/verdadeon.com.br\/portal\/wp-json\/wp\/v2\/posts"}],"about":[{"href":"https:\/\/verdadeon.com.br\/portal\/wp-json\/wp\/v2\/types\/post"}],"author":[{"embeddable":true,"href":"https:\/\/verdadeon.com.br\/portal\/wp-json\/wp\/v2\/users\/10"}],"replies":[{"embeddable":true,"href":"https:\/\/verdadeon.com.br\/portal\/wp-json\/wp\/v2\/comments?post=5236"}],"version-history":[{"count":0,"href":"https:\/\/verdadeon.com.br\/portal\/wp-json\/wp\/v2\/posts\/5236\/revisions"}],"wp:featuredmedia":[{"embeddable":true,"href":"https:\/\/verdadeon.com.br\/portal\/wp-json\/wp\/v2\/media\/5237"}],"wp:attachment":[{"href":"https:\/\/verdadeon.com.br\/portal\/wp-json\/wp\/v2\/media?parent=5236"}],"wp:term":[{"taxonomy":"category","embeddable":true,"href":"https:\/\/verdadeon.com.br\/portal\/wp-json\/wp\/v2\/categories?post=5236"},{"taxonomy":"post_tag","embeddable":true,"href":"https:\/\/verdadeon.com.br\/portal\/wp-json\/wp\/v2\/tags?post=5236"}],"curies":[{"name":"wp","href":"https:\/\/api.w.org\/{rel}","templated":true}]}}