{"id":52338,"date":"2024-12-17T15:00:13","date_gmt":"2024-12-17T18:00:13","guid":{"rendered":"https:\/\/verdadeon.com.br\/portal\/?p=52338"},"modified":"2024-12-17T15:00:13","modified_gmt":"2024-12-17T18:00:13","slug":"prefeito-eleito-ricardo-silva-convida-tarcisio-de-freitas-pedra-fundamental-do-novo-hc-em-ribeirao-preto","status":"publish","type":"post","link":"https:\/\/verdadeon.com.br\/portal\/2024\/12\/17\/prefeito-eleito-ricardo-silva-convida-tarcisio-de-freitas-pedra-fundamental-do-novo-hc-em-ribeirao-preto\/","title":{"rendered":"Prefeito eleito Ricardo Silva convida Tarc\u00edsio de Freitas: Pedra Fundamental do Novo HC em Ribeir\u00e3o Preto"},"content":{"rendered":"<h2>Como deputado federal, o futuro chefe do Executivo, destinou R$ 30 milh\u00f5es para a constru\u00e7\u00e3o da nova unidade<\/h2>\n<p align=\"center\"><i>Na manh\u00e3 de s\u00e1bado, dia 14, o prefeito eleito de Ribeir\u00e3o Preto, Ricardo Silva esteve com o Governado do Estado, Tarc\u00edsio de Freitas, durante agenda em Franca, para convid\u00e1-lo a participar da solenidade de lan\u00e7amento da pedra fundamental da nova Unidade de Emerg\u00eancia do Hospital das Cl\u00ednicas (HC-UE\/RP), que ser\u00e1 realizada no pr\u00f3ximo dia 20. A conquista \u00e9 resultado da atua\u00e7\u00e3o de Ricardo Silva durante seu mandato como deputado federal, por meio do qual destinou R$ 30 milh\u00f5es para a constru\u00e7\u00e3o da nova unidade.<\/i><i>\u00a0 \u00a0 \u00a0 \u00a0 \u00a0 \u00a0 \u00a0 \u00a0 \u00a0 \u00a0 \u00a0 \u00a0 \u00a0\u00a0<\/i><\/p>\n<p>Gra\u00e7as \u00e0 parceria entre o deputado federal e prefeito eleito Ricardo Silva e o governador Tarc\u00edsio de Freitas (Republicanos), Ribeir\u00e3o Preto receber\u00e1 uma nova Unidade de Emerg\u00eancia, que ser\u00e1 erguida ao lado do Hospital Estadual, na zona sul da cidade, entre as avenidas Independ\u00eancia e Adelmo Perdiza, nas proximidades da Dire\u00e7\u00e3o Regional de Sa\u00fade (DRS-XIII).<\/p>\n<p><b>Mais leitos e melhor estrutura \u2013<\/b><i>\u00a0<\/i>A nova unidade ter\u00e1 capacidade para dobrar o n\u00famero de leitos, passando de 200 para 400, resolvendo um problema cr\u00f4nico de superlota\u00e7\u00e3o que afeta a atual Unidade de Emerg\u00eancia, localizada na rua Bernardino de Campos. Hoje, muitos pacientes aguardam por horas dentro das ambul\u00e2ncias at\u00e9 que um leito esteja dispon\u00edvel. A atual unidade, inaugurada em 1956 e especializada em urg\u00eancias desde 1970, enfrenta limita\u00e7\u00f5es de espa\u00e7o e acessibilidade, dificultando a expans\u00e3o e o atendimento r\u00e1pido. Com um investimento inicial de R$ 80 milh\u00f5es, o projeto executivo da nova unidade j\u00e1 est\u00e1 em fase de licita\u00e7\u00e3o pelo governo estadual, prometendo ser uma solu\u00e7\u00e3o significativa para os desafios de sa\u00fade p\u00fablica enfrentados pela cidade.<\/p>\n<p><b>Acessibilidade e Melhor Atendimento\u00a0<\/b><i>\u2013\u00a0<\/i>A nova localiza\u00e7\u00e3o permitir\u00e1 um acesso facilitado para ambul\u00e2ncias de Ribeir\u00e3o Preto e cidades vizinhas, gra\u00e7as \u00e0 proximidade com o Anel Vi\u00e1rio Sul. Essa estrutura interliga as principais rodovias da regi\u00e3o, garantindo um fluxo mais r\u00e1pido e eficiente para emerg\u00eancias m\u00e9dicas. A Unidade de Emerg\u00eancia atual conta com cerca de 960 funcion\u00e1rios e tem enfrentado crescentes desafios devido \u00e0 demanda por servi\u00e7os de sa\u00fade, tornando a constru\u00e7\u00e3o da nova unidade uma prioridade para melhorar a qualidade do atendimento \u00e0 popula\u00e7\u00e3o. (PFDG)<\/p>\n","protected":false},"excerpt":{"rendered":"<p>Como deputado federal, o futuro chefe do Executivo, destinou R$ 30 milh\u00f5es para a constru\u00e7\u00e3o da nova unidade Na manh\u00e3 de s\u00e1bado, dia 14, o prefeito<span class=\"excerpt-hellip\"> [\u2026]<\/span><\/p>\n","protected":false},"author":10,"featured_media":52339,"comment_status":"open","ping_status":"open","sticky":false,"template":"","format":"standard","meta":{"_jetpack_memberships_contains_paid_content":false,"footnotes":"","jetpack_publicize_message":"","jetpack_publicize_feature_enabled":true,"jetpack_social_post_already_shared":true,"jetpack_social_options":{"image_generator_settings":{"template":"highway","default_image_id":0,"enabled":false},"version":2}},"categories":[28,44],"tags":[],"class_list":["post-52338","post","type-post","status-publish","format-standard","has-post-thumbnail","hentry","category-cotidiano","category-noticias"],"yoast_head":"<!-- This site is optimized with the Yoast SEO plugin v25.6 - https:\/\/yoast.com\/wordpress\/plugins\/seo\/ -->\n<title>Prefeito eleito Ricardo Silva convida Tarc\u00edsio de Freitas: Pedra Fundamental do Novo HC em Ribeir\u00e3o Preto - VerdadeOn<\/title>\n<meta name=\"robots\" content=\"index, follow, max-snippet:-1, max-image-preview:large, max-video-preview:-1\" \/>\n<link rel=\"canonical\" href=\"https:\/\/verdadeon.com.br\/portal\/2024\/12\/17\/prefeito-eleito-ricardo-silva-convida-tarcisio-de-freitas-pedra-fundamental-do-novo-hc-em-ribeirao-preto\/\" \/>\n<meta property=\"og:locale\" content=\"pt_BR\" \/>\n<meta property=\"og:type\" content=\"article\" \/>\n<meta property=\"og:title\" content=\"Prefeito eleito Ricardo Silva convida Tarc\u00edsio de Freitas: Pedra Fundamental do Novo HC em Ribeir\u00e3o Preto - VerdadeOn\" \/>\n<meta property=\"og:description\" content=\"Como deputado federal, o futuro chefe do Executivo, destinou R$ 30 milh\u00f5es para a constru\u00e7\u00e3o da nova unidade Na manh\u00e3 de s\u00e1bado, dia 14, o prefeito [\u2026]\" \/>\n<meta property=\"og:url\" content=\"https:\/\/verdadeon.com.br\/portal\/2024\/12\/17\/prefeito-eleito-ricardo-silva-convida-tarcisio-de-freitas-pedra-fundamental-do-novo-hc-em-ribeirao-preto\/\" \/>\n<meta property=\"og:site_name\" content=\"VerdadeOn\" \/>\n<meta property=\"article:published_time\" content=\"2024-12-17T18:00:13+00:00\" \/>\n<meta property=\"og:image\" content=\"https:\/\/verdadeon.com.br\/portal\/wp-content\/uploads\/2024\/12\/image-3.png\" \/>\n\t<meta property=\"og:image:width\" content=\"412\" \/>\n\t<meta property=\"og:image:height\" content=\"277\" \/>\n\t<meta property=\"og:image:type\" content=\"image\/png\" \/>\n<meta name=\"author\" content=\"Redacao VerdadeOn\" \/>\n<meta name=\"twitter:card\" content=\"summary_large_image\" \/>\n<meta name=\"twitter:label1\" content=\"Escrito por\" \/>\n\t<meta name=\"twitter:data1\" content=\"Redacao VerdadeOn\" \/>\n\t<meta name=\"twitter:label2\" content=\"Est. tempo de leitura\" \/>\n\t<meta name=\"twitter:data2\" content=\"2 minutos\" \/>\n<script type=\"application\/ld+json\" class=\"yoast-schema-graph\">{\"@context\":\"https:\/\/schema.org\",\"@graph\":[{\"@type\":\"WebPage\",\"@id\":\"https:\/\/verdadeon.com.br\/portal\/2024\/12\/17\/prefeito-eleito-ricardo-silva-convida-tarcisio-de-freitas-pedra-fundamental-do-novo-hc-em-ribeirao-preto\/\",\"url\":\"https:\/\/verdadeon.com.br\/portal\/2024\/12\/17\/prefeito-eleito-ricardo-silva-convida-tarcisio-de-freitas-pedra-fundamental-do-novo-hc-em-ribeirao-preto\/\",\"name\":\"Prefeito eleito Ricardo Silva convida Tarc\u00edsio de Freitas: Pedra Fundamental do Novo HC em Ribeir\u00e3o Preto - VerdadeOn\",\"isPartOf\":{\"@id\":\"https:\/\/verdadeon.com.br\/portal\/#website\"},\"primaryImageOfPage\":{\"@id\":\"https:\/\/verdadeon.com.br\/portal\/2024\/12\/17\/prefeito-eleito-ricardo-silva-convida-tarcisio-de-freitas-pedra-fundamental-do-novo-hc-em-ribeirao-preto\/#primaryimage\"},\"image\":{\"@id\":\"https:\/\/verdadeon.com.br\/portal\/2024\/12\/17\/prefeito-eleito-ricardo-silva-convida-tarcisio-de-freitas-pedra-fundamental-do-novo-hc-em-ribeirao-preto\/#primaryimage\"},\"thumbnailUrl\":\"https:\/\/i0.wp.com\/verdadeon.com.br\/portal\/wp-content\/uploads\/2024\/12\/image-3.png?fit=412%2C277&ssl=1\",\"datePublished\":\"2024-12-17T18:00:13+00:00\",\"author\":{\"@id\":\"https:\/\/verdadeon.com.br\/portal\/#\/schema\/person\/a5060ad1e9ea3df545188fc93ce43d2f\"},\"breadcrumb\":{\"@id\":\"https:\/\/verdadeon.com.br\/portal\/2024\/12\/17\/prefeito-eleito-ricardo-silva-convida-tarcisio-de-freitas-pedra-fundamental-do-novo-hc-em-ribeirao-preto\/#breadcrumb\"},\"inLanguage\":\"pt-BR\",\"potentialAction\":[{\"@type\":\"ReadAction\",\"target\":[\"https:\/\/verdadeon.com.br\/portal\/2024\/12\/17\/prefeito-eleito-ricardo-silva-convida-tarcisio-de-freitas-pedra-fundamental-do-novo-hc-em-ribeirao-preto\/\"]}]},{\"@type\":\"ImageObject\",\"inLanguage\":\"pt-BR\",\"@id\":\"https:\/\/verdadeon.com.br\/portal\/2024\/12\/17\/prefeito-eleito-ricardo-silva-convida-tarcisio-de-freitas-pedra-fundamental-do-novo-hc-em-ribeirao-preto\/#primaryimage\",\"url\":\"https:\/\/i0.wp.com\/verdadeon.com.br\/portal\/wp-content\/uploads\/2024\/12\/image-3.png?fit=412%2C277&ssl=1\",\"contentUrl\":\"https:\/\/i0.wp.com\/verdadeon.com.br\/portal\/wp-content\/uploads\/2024\/12\/image-3.png?fit=412%2C277&ssl=1\",\"width\":412,\"height\":277,\"caption\":\"Prefeito Ricardo Silva e o Governador Tarc\u00edsio se encontram em Franca (\u00a9Divulga\u00e7\u00e3o)\"},{\"@type\":\"BreadcrumbList\",\"@id\":\"https:\/\/verdadeon.com.br\/portal\/2024\/12\/17\/prefeito-eleito-ricardo-silva-convida-tarcisio-de-freitas-pedra-fundamental-do-novo-hc-em-ribeirao-preto\/#breadcrumb\",\"itemListElement\":[{\"@type\":\"ListItem\",\"position\":1,\"name\":\"In\u00edcio\",\"item\":\"https:\/\/verdadeon.com.br\/portal\/\"},{\"@type\":\"ListItem\",\"position\":2,\"name\":\"Prefeito eleito Ricardo Silva convida Tarc\u00edsio de Freitas: Pedra Fundamental do Novo HC em Ribeir\u00e3o Preto\"}]},{\"@type\":\"WebSite\",\"@id\":\"https:\/\/verdadeon.com.br\/portal\/#website\",\"url\":\"https:\/\/verdadeon.com.br\/portal\/\",\"name\":\"VerdadeOn\",\"description\":\"Not\u00edcias di\u00e1rias sobre Franca, Regi\u00e3o, Esporte, Cultura, Cotidiano, Colunas. Cobertura nos principais eventos da cidade \u00e9 aqui - Verdadeon Franca\",\"potentialAction\":[{\"@type\":\"SearchAction\",\"target\":{\"@type\":\"EntryPoint\",\"urlTemplate\":\"https:\/\/verdadeon.com.br\/portal\/?s={search_term_string}\"},\"query-input\":{\"@type\":\"PropertyValueSpecification\",\"valueRequired\":true,\"valueName\":\"search_term_string\"}}],\"inLanguage\":\"pt-BR\"},{\"@type\":\"Person\",\"@id\":\"https:\/\/verdadeon.com.br\/portal\/#\/schema\/person\/a5060ad1e9ea3df545188fc93ce43d2f\",\"name\":\"Redacao VerdadeOn\",\"image\":{\"@type\":\"ImageObject\",\"inLanguage\":\"pt-BR\",\"@id\":\"https:\/\/verdadeon.com.br\/portal\/#\/schema\/person\/image\/\",\"url\":\"https:\/\/secure.gravatar.com\/avatar\/459a9613caaaf07f582c3d0841eea68bdd66f533e465e6ba8b9cb45619572cf4?s=96&d=mm&r=g\",\"contentUrl\":\"https:\/\/secure.gravatar.com\/avatar\/459a9613caaaf07f582c3d0841eea68bdd66f533e465e6ba8b9cb45619572cf4?s=96&d=mm&r=g\",\"caption\":\"Redacao VerdadeOn\"},\"url\":\"https:\/\/verdadeon.com.br\/portal\/author\/redacao\/\"}]}<\/script>\n<!-- \/ Yoast SEO plugin. -->","yoast_head_json":{"title":"Prefeito eleito Ricardo Silva convida Tarc\u00edsio de Freitas: Pedra Fundamental do Novo HC em Ribeir\u00e3o Preto - VerdadeOn","robots":{"index":"index","follow":"follow","max-snippet":"max-snippet:-1","max-image-preview":"max-image-preview:large","max-video-preview":"max-video-preview:-1"},"canonical":"https:\/\/verdadeon.com.br\/portal\/2024\/12\/17\/prefeito-eleito-ricardo-silva-convida-tarcisio-de-freitas-pedra-fundamental-do-novo-hc-em-ribeirao-preto\/","og_locale":"pt_BR","og_type":"article","og_title":"Prefeito eleito Ricardo Silva convida Tarc\u00edsio de Freitas: Pedra Fundamental do Novo HC em Ribeir\u00e3o Preto - VerdadeOn","og_description":"Como deputado federal, o futuro chefe do Executivo, destinou R$ 30 milh\u00f5es para a constru\u00e7\u00e3o da nova unidade Na manh\u00e3 de s\u00e1bado, dia 14, o prefeito [\u2026]","og_url":"https:\/\/verdadeon.com.br\/portal\/2024\/12\/17\/prefeito-eleito-ricardo-silva-convida-tarcisio-de-freitas-pedra-fundamental-do-novo-hc-em-ribeirao-preto\/","og_site_name":"VerdadeOn","article_published_time":"2024-12-17T18:00:13+00:00","og_image":[{"width":412,"height":277,"url":"https:\/\/verdadeon.com.br\/portal\/wp-content\/uploads\/2024\/12\/image-3.png","type":"image\/png"}],"author":"Redacao VerdadeOn","twitter_card":"summary_large_image","twitter_misc":{"Escrito por":"Redacao VerdadeOn","Est. tempo de leitura":"2 minutos"},"schema":{"@context":"https:\/\/schema.org","@graph":[{"@type":"WebPage","@id":"https:\/\/verdadeon.com.br\/portal\/2024\/12\/17\/prefeito-eleito-ricardo-silva-convida-tarcisio-de-freitas-pedra-fundamental-do-novo-hc-em-ribeirao-preto\/","url":"https:\/\/verdadeon.com.br\/portal\/2024\/12\/17\/prefeito-eleito-ricardo-silva-convida-tarcisio-de-freitas-pedra-fundamental-do-novo-hc-em-ribeirao-preto\/","name":"Prefeito eleito Ricardo Silva convida Tarc\u00edsio de Freitas: Pedra Fundamental do Novo HC em Ribeir\u00e3o Preto - VerdadeOn","isPartOf":{"@id":"https:\/\/verdadeon.com.br\/portal\/#website"},"primaryImageOfPage":{"@id":"https:\/\/verdadeon.com.br\/portal\/2024\/12\/17\/prefeito-eleito-ricardo-silva-convida-tarcisio-de-freitas-pedra-fundamental-do-novo-hc-em-ribeirao-preto\/#primaryimage"},"image":{"@id":"https:\/\/verdadeon.com.br\/portal\/2024\/12\/17\/prefeito-eleito-ricardo-silva-convida-tarcisio-de-freitas-pedra-fundamental-do-novo-hc-em-ribeirao-preto\/#primaryimage"},"thumbnailUrl":"https:\/\/i0.wp.com\/verdadeon.com.br\/portal\/wp-content\/uploads\/2024\/12\/image-3.png?fit=412%2C277&ssl=1","datePublished":"2024-12-17T18:00:13+00:00","author":{"@id":"https:\/\/verdadeon.com.br\/portal\/#\/schema\/person\/a5060ad1e9ea3df545188fc93ce43d2f"},"breadcrumb":{"@id":"https:\/\/verdadeon.com.br\/portal\/2024\/12\/17\/prefeito-eleito-ricardo-silva-convida-tarcisio-de-freitas-pedra-fundamental-do-novo-hc-em-ribeirao-preto\/#breadcrumb"},"inLanguage":"pt-BR","potentialAction":[{"@type":"ReadAction","target":["https:\/\/verdadeon.com.br\/portal\/2024\/12\/17\/prefeito-eleito-ricardo-silva-convida-tarcisio-de-freitas-pedra-fundamental-do-novo-hc-em-ribeirao-preto\/"]}]},{"@type":"ImageObject","inLanguage":"pt-BR","@id":"https:\/\/verdadeon.com.br\/portal\/2024\/12\/17\/prefeito-eleito-ricardo-silva-convida-tarcisio-de-freitas-pedra-fundamental-do-novo-hc-em-ribeirao-preto\/#primaryimage","url":"https:\/\/i0.wp.com\/verdadeon.com.br\/portal\/wp-content\/uploads\/2024\/12\/image-3.png?fit=412%2C277&ssl=1","contentUrl":"https:\/\/i0.wp.com\/verdadeon.com.br\/portal\/wp-content\/uploads\/2024\/12\/image-3.png?fit=412%2C277&ssl=1","width":412,"height":277,"caption":"Prefeito Ricardo Silva e o Governador Tarc\u00edsio se encontram em Franca (\u00a9Divulga\u00e7\u00e3o)"},{"@type":"BreadcrumbList","@id":"https:\/\/verdadeon.com.br\/portal\/2024\/12\/17\/prefeito-eleito-ricardo-silva-convida-tarcisio-de-freitas-pedra-fundamental-do-novo-hc-em-ribeirao-preto\/#breadcrumb","itemListElement":[{"@type":"ListItem","position":1,"name":"In\u00edcio","item":"https:\/\/verdadeon.com.br\/portal\/"},{"@type":"ListItem","position":2,"name":"Prefeito eleito Ricardo Silva convida Tarc\u00edsio de Freitas: Pedra Fundamental do Novo HC em Ribeir\u00e3o Preto"}]},{"@type":"WebSite","@id":"https:\/\/verdadeon.com.br\/portal\/#website","url":"https:\/\/verdadeon.com.br\/portal\/","name":"VerdadeOn","description":"Not\u00edcias di\u00e1rias sobre Franca, Regi\u00e3o, Esporte, Cultura, Cotidiano, Colunas. Cobertura nos principais eventos da cidade \u00e9 aqui - Verdadeon Franca","potentialAction":[{"@type":"SearchAction","target":{"@type":"EntryPoint","urlTemplate":"https:\/\/verdadeon.com.br\/portal\/?s={search_term_string}"},"query-input":{"@type":"PropertyValueSpecification","valueRequired":true,"valueName":"search_term_string"}}],"inLanguage":"pt-BR"},{"@type":"Person","@id":"https:\/\/verdadeon.com.br\/portal\/#\/schema\/person\/a5060ad1e9ea3df545188fc93ce43d2f","name":"Redacao VerdadeOn","image":{"@type":"ImageObject","inLanguage":"pt-BR","@id":"https:\/\/verdadeon.com.br\/portal\/#\/schema\/person\/image\/","url":"https:\/\/secure.gravatar.com\/avatar\/459a9613caaaf07f582c3d0841eea68bdd66f533e465e6ba8b9cb45619572cf4?s=96&d=mm&r=g","contentUrl":"https:\/\/secure.gravatar.com\/avatar\/459a9613caaaf07f582c3d0841eea68bdd66f533e465e6ba8b9cb45619572cf4?s=96&d=mm&r=g","caption":"Redacao VerdadeOn"},"url":"https:\/\/verdadeon.com.br\/portal\/author\/redacao\/"}]}},"jetpack_publicize_connections":[],"jetpack_featured_media_url":"https:\/\/i0.wp.com\/verdadeon.com.br\/portal\/wp-content\/uploads\/2024\/12\/image-3.png?fit=412%2C277&ssl=1","jetpack_sharing_enabled":true,"_links":{"self":[{"href":"https:\/\/verdadeon.com.br\/portal\/wp-json\/wp\/v2\/posts\/52338","targetHints":{"allow":["GET"]}}],"collection":[{"href":"https:\/\/verdadeon.com.br\/portal\/wp-json\/wp\/v2\/posts"}],"about":[{"href":"https:\/\/verdadeon.com.br\/portal\/wp-json\/wp\/v2\/types\/post"}],"author":[{"embeddable":true,"href":"https:\/\/verdadeon.com.br\/portal\/wp-json\/wp\/v2\/users\/10"}],"replies":[{"embeddable":true,"href":"https:\/\/verdadeon.com.br\/portal\/wp-json\/wp\/v2\/comments?post=52338"}],"version-history":[{"count":1,"href":"https:\/\/verdadeon.com.br\/portal\/wp-json\/wp\/v2\/posts\/52338\/revisions"}],"predecessor-version":[{"id":52340,"href":"https:\/\/verdadeon.com.br\/portal\/wp-json\/wp\/v2\/posts\/52338\/revisions\/52340"}],"wp:featuredmedia":[{"embeddable":true,"href":"https:\/\/verdadeon.com.br\/portal\/wp-json\/wp\/v2\/media\/52339"}],"wp:attachment":[{"href":"https:\/\/verdadeon.com.br\/portal\/wp-json\/wp\/v2\/media?parent=52338"}],"wp:term":[{"taxonomy":"category","embeddable":true,"href":"https:\/\/verdadeon.com.br\/portal\/wp-json\/wp\/v2\/categories?post=52338"},{"taxonomy":"post_tag","embeddable":true,"href":"https:\/\/verdadeon.com.br\/portal\/wp-json\/wp\/v2\/tags?post=52338"}],"curies":[{"name":"wp","href":"https:\/\/api.w.org\/{rel}","templated":true}]}}