{"id":52335,"date":"2024-12-17T14:53:26","date_gmt":"2024-12-17T17:53:26","guid":{"rendered":"https:\/\/verdadeon.com.br\/portal\/?p=52335"},"modified":"2024-12-17T14:53:26","modified_gmt":"2024-12-17T17:53:26","slug":"franca-conquista-duas-medalhas-nos-jogos-abertos-do-interior","status":"publish","type":"post","link":"https:\/\/verdadeon.com.br\/portal\/2024\/12\/17\/franca-conquista-duas-medalhas-nos-jogos-abertos-do-interior\/","title":{"rendered":"Franca conquista duas medalhas nos Jogos Abertos do Interior"},"content":{"rendered":"<h2>Competi\u00e7\u00e3o termina no pr\u00f3ximo dia 21<\/h2>\n<p style=\"text-align: right;\"><strong><em>Por Pedro Maia<\/em><\/strong><br \/>\n<strong><em>Jornal Verdade<\/em><\/strong><\/p>\n<p>A cidade de Franca conquistou duas medalhas na 86\u00aa edi\u00e7\u00e3o dos Jogos Abertos do Interior, que acontecem em S\u00e3o Jos\u00e9 do Rio Preto desde o dia 9 de dezembro. A Gin\u00e1stica Art\u00edstica Masculina e a equipe de Malha trouxeram, respectivamente, prata e bronze.<\/p>\n<p>A Gin\u00e1stica &#8211; at\u00e9 16 anos &#8211; somou sete pontos enquanto que, a Praia Grande, ficou em primeiro, com nove. Na Gin\u00e1stica Feminina, Franca terminou em quinto lugar no Estado. J\u00e1 a equipe de Malha derrotou os anfitri\u00f5es: os rio-pretanos perderam num placar de 96 a 72. A Capital do Basquete garantiu o terceiro lugar.<\/p>\n<p>As provas de Atletismo seguem sendo disputadas. A equipe de nata\u00e7\u00e3o viajou nessa ter\u00e7a-feira e inicia as competi\u00e7\u00f5es nesta quarta. Al\u00e9m da malha, gin\u00e1stica art\u00edstica, v\u00f4lei de praia feminino, atletismo e nata\u00e7\u00e3o, Franca participa da competi\u00e7\u00e3o com o ciclismo masculino, biribol e tiro ao alvo. As modalidades, que participam deste evento com mais de tr\u00eas mil competidores de todo o Estado, s\u00e3o aquelas que obtiveram \u00edndices numa das oito fases regionais dos jogos.<\/p>\n<p>O campeonato se encerra no pr\u00f3ximo dia 21.<\/p>\n","protected":false},"excerpt":{"rendered":"<p>Competi\u00e7\u00e3o termina no pr\u00f3ximo dia 21 Por Pedro Maia Jornal Verdade A cidade de Franca conquistou duas medalhas na 86\u00aa edi\u00e7\u00e3o dos Jogos Abertos do Interior,<span class=\"excerpt-hellip\"> [\u2026]<\/span><\/p>\n","protected":false},"author":10,"featured_media":52336,"comment_status":"open","ping_status":"open","sticky":false,"template":"","format":"standard","meta":{"_jetpack_memberships_contains_paid_content":false,"footnotes":"","jetpack_publicize_message":"","jetpack_publicize_feature_enabled":true,"jetpack_social_post_already_shared":true,"jetpack_social_options":{"image_generator_settings":{"template":"highway","default_image_id":0,"enabled":false},"version":2}},"categories":[28,44],"tags":[],"class_list":["post-52335","post","type-post","status-publish","format-standard","has-post-thumbnail","hentry","category-cotidiano","category-noticias"],"yoast_head":"<!-- This site is optimized with the Yoast SEO plugin v25.6 - https:\/\/yoast.com\/wordpress\/plugins\/seo\/ -->\n<title>Franca conquista duas medalhas nos Jogos Abertos do Interior - VerdadeOn<\/title>\n<meta name=\"robots\" content=\"index, follow, max-snippet:-1, max-image-preview:large, max-video-preview:-1\" \/>\n<link rel=\"canonical\" href=\"https:\/\/verdadeon.com.br\/portal\/2024\/12\/17\/franca-conquista-duas-medalhas-nos-jogos-abertos-do-interior\/\" \/>\n<meta property=\"og:locale\" content=\"pt_BR\" \/>\n<meta property=\"og:type\" content=\"article\" \/>\n<meta property=\"og:title\" content=\"Franca conquista duas medalhas nos Jogos Abertos do Interior - VerdadeOn\" \/>\n<meta property=\"og:description\" content=\"Competi\u00e7\u00e3o termina no pr\u00f3ximo dia 21 Por Pedro Maia Jornal Verdade A cidade de Franca conquistou duas medalhas na 86\u00aa edi\u00e7\u00e3o dos Jogos Abertos do Interior, [\u2026]\" \/>\n<meta property=\"og:url\" content=\"https:\/\/verdadeon.com.br\/portal\/2024\/12\/17\/franca-conquista-duas-medalhas-nos-jogos-abertos-do-interior\/\" \/>\n<meta property=\"og:site_name\" content=\"VerdadeOn\" \/>\n<meta property=\"article:published_time\" content=\"2024-12-17T17:53:26+00:00\" \/>\n<meta property=\"og:image\" content=\"https:\/\/verdadeon.com.br\/portal\/wp-content\/uploads\/2024\/12\/ginastica-artistica-masculina.jpeg\" \/>\n\t<meta property=\"og:image:width\" content=\"960\" \/>\n\t<meta property=\"og:image:height\" content=\"643\" \/>\n\t<meta property=\"og:image:type\" content=\"image\/jpeg\" \/>\n<meta name=\"author\" content=\"Redacao VerdadeOn\" \/>\n<meta name=\"twitter:card\" content=\"summary_large_image\" \/>\n<meta name=\"twitter:label1\" content=\"Escrito por\" \/>\n\t<meta name=\"twitter:data1\" content=\"Redacao VerdadeOn\" \/>\n\t<meta name=\"twitter:label2\" content=\"Est. tempo de leitura\" \/>\n\t<meta name=\"twitter:data2\" content=\"1 minuto\" \/>\n<script type=\"application\/ld+json\" class=\"yoast-schema-graph\">{\"@context\":\"https:\/\/schema.org\",\"@graph\":[{\"@type\":\"WebPage\",\"@id\":\"https:\/\/verdadeon.com.br\/portal\/2024\/12\/17\/franca-conquista-duas-medalhas-nos-jogos-abertos-do-interior\/\",\"url\":\"https:\/\/verdadeon.com.br\/portal\/2024\/12\/17\/franca-conquista-duas-medalhas-nos-jogos-abertos-do-interior\/\",\"name\":\"Franca conquista duas medalhas nos Jogos Abertos do Interior - VerdadeOn\",\"isPartOf\":{\"@id\":\"https:\/\/verdadeon.com.br\/portal\/#website\"},\"primaryImageOfPage\":{\"@id\":\"https:\/\/verdadeon.com.br\/portal\/2024\/12\/17\/franca-conquista-duas-medalhas-nos-jogos-abertos-do-interior\/#primaryimage\"},\"image\":{\"@id\":\"https:\/\/verdadeon.com.br\/portal\/2024\/12\/17\/franca-conquista-duas-medalhas-nos-jogos-abertos-do-interior\/#primaryimage\"},\"thumbnailUrl\":\"https:\/\/i0.wp.com\/verdadeon.com.br\/portal\/wp-content\/uploads\/2024\/12\/ginastica-artistica-masculina.jpeg?fit=960%2C643&ssl=1\",\"datePublished\":\"2024-12-17T17:53:26+00:00\",\"author\":{\"@id\":\"https:\/\/verdadeon.com.br\/portal\/#\/schema\/person\/a5060ad1e9ea3df545188fc93ce43d2f\"},\"breadcrumb\":{\"@id\":\"https:\/\/verdadeon.com.br\/portal\/2024\/12\/17\/franca-conquista-duas-medalhas-nos-jogos-abertos-do-interior\/#breadcrumb\"},\"inLanguage\":\"pt-BR\",\"potentialAction\":[{\"@type\":\"ReadAction\",\"target\":[\"https:\/\/verdadeon.com.br\/portal\/2024\/12\/17\/franca-conquista-duas-medalhas-nos-jogos-abertos-do-interior\/\"]}]},{\"@type\":\"ImageObject\",\"inLanguage\":\"pt-BR\",\"@id\":\"https:\/\/verdadeon.com.br\/portal\/2024\/12\/17\/franca-conquista-duas-medalhas-nos-jogos-abertos-do-interior\/#primaryimage\",\"url\":\"https:\/\/i0.wp.com\/verdadeon.com.br\/portal\/wp-content\/uploads\/2024\/12\/ginastica-artistica-masculina.jpeg?fit=960%2C643&ssl=1\",\"contentUrl\":\"https:\/\/i0.wp.com\/verdadeon.com.br\/portal\/wp-content\/uploads\/2024\/12\/ginastica-artistica-masculina.jpeg?fit=960%2C643&ssl=1\",\"width\":960,\"height\":643,\"caption\":\"Gin\u00e1stica e Malha conquistam duas medalhas nos Jogos Abertos (\u00a9Divulga\u00e7\u00e3o)\"},{\"@type\":\"BreadcrumbList\",\"@id\":\"https:\/\/verdadeon.com.br\/portal\/2024\/12\/17\/franca-conquista-duas-medalhas-nos-jogos-abertos-do-interior\/#breadcrumb\",\"itemListElement\":[{\"@type\":\"ListItem\",\"position\":1,\"name\":\"In\u00edcio\",\"item\":\"https:\/\/verdadeon.com.br\/portal\/\"},{\"@type\":\"ListItem\",\"position\":2,\"name\":\"Franca conquista duas medalhas nos Jogos Abertos do Interior\"}]},{\"@type\":\"WebSite\",\"@id\":\"https:\/\/verdadeon.com.br\/portal\/#website\",\"url\":\"https:\/\/verdadeon.com.br\/portal\/\",\"name\":\"VerdadeOn\",\"description\":\"Not\u00edcias di\u00e1rias sobre Franca, Regi\u00e3o, Esporte, Cultura, Cotidiano, Colunas. Cobertura nos principais eventos da cidade \u00e9 aqui - Verdadeon Franca\",\"potentialAction\":[{\"@type\":\"SearchAction\",\"target\":{\"@type\":\"EntryPoint\",\"urlTemplate\":\"https:\/\/verdadeon.com.br\/portal\/?s={search_term_string}\"},\"query-input\":{\"@type\":\"PropertyValueSpecification\",\"valueRequired\":true,\"valueName\":\"search_term_string\"}}],\"inLanguage\":\"pt-BR\"},{\"@type\":\"Person\",\"@id\":\"https:\/\/verdadeon.com.br\/portal\/#\/schema\/person\/a5060ad1e9ea3df545188fc93ce43d2f\",\"name\":\"Redacao VerdadeOn\",\"image\":{\"@type\":\"ImageObject\",\"inLanguage\":\"pt-BR\",\"@id\":\"https:\/\/verdadeon.com.br\/portal\/#\/schema\/person\/image\/\",\"url\":\"https:\/\/secure.gravatar.com\/avatar\/459a9613caaaf07f582c3d0841eea68bdd66f533e465e6ba8b9cb45619572cf4?s=96&d=mm&r=g\",\"contentUrl\":\"https:\/\/secure.gravatar.com\/avatar\/459a9613caaaf07f582c3d0841eea68bdd66f533e465e6ba8b9cb45619572cf4?s=96&d=mm&r=g\",\"caption\":\"Redacao VerdadeOn\"},\"url\":\"https:\/\/verdadeon.com.br\/portal\/author\/redacao\/\"}]}<\/script>\n<!-- \/ Yoast SEO plugin. -->","yoast_head_json":{"title":"Franca conquista duas medalhas nos Jogos Abertos do Interior - VerdadeOn","robots":{"index":"index","follow":"follow","max-snippet":"max-snippet:-1","max-image-preview":"max-image-preview:large","max-video-preview":"max-video-preview:-1"},"canonical":"https:\/\/verdadeon.com.br\/portal\/2024\/12\/17\/franca-conquista-duas-medalhas-nos-jogos-abertos-do-interior\/","og_locale":"pt_BR","og_type":"article","og_title":"Franca conquista duas medalhas nos Jogos Abertos do Interior - VerdadeOn","og_description":"Competi\u00e7\u00e3o termina no pr\u00f3ximo dia 21 Por Pedro Maia Jornal Verdade A cidade de Franca conquistou duas medalhas na 86\u00aa edi\u00e7\u00e3o dos Jogos Abertos do Interior, [\u2026]","og_url":"https:\/\/verdadeon.com.br\/portal\/2024\/12\/17\/franca-conquista-duas-medalhas-nos-jogos-abertos-do-interior\/","og_site_name":"VerdadeOn","article_published_time":"2024-12-17T17:53:26+00:00","og_image":[{"width":960,"height":643,"url":"https:\/\/verdadeon.com.br\/portal\/wp-content\/uploads\/2024\/12\/ginastica-artistica-masculina.jpeg","type":"image\/jpeg"}],"author":"Redacao VerdadeOn","twitter_card":"summary_large_image","twitter_misc":{"Escrito por":"Redacao VerdadeOn","Est. tempo de leitura":"1 minuto"},"schema":{"@context":"https:\/\/schema.org","@graph":[{"@type":"WebPage","@id":"https:\/\/verdadeon.com.br\/portal\/2024\/12\/17\/franca-conquista-duas-medalhas-nos-jogos-abertos-do-interior\/","url":"https:\/\/verdadeon.com.br\/portal\/2024\/12\/17\/franca-conquista-duas-medalhas-nos-jogos-abertos-do-interior\/","name":"Franca conquista duas medalhas nos Jogos Abertos do Interior - VerdadeOn","isPartOf":{"@id":"https:\/\/verdadeon.com.br\/portal\/#website"},"primaryImageOfPage":{"@id":"https:\/\/verdadeon.com.br\/portal\/2024\/12\/17\/franca-conquista-duas-medalhas-nos-jogos-abertos-do-interior\/#primaryimage"},"image":{"@id":"https:\/\/verdadeon.com.br\/portal\/2024\/12\/17\/franca-conquista-duas-medalhas-nos-jogos-abertos-do-interior\/#primaryimage"},"thumbnailUrl":"https:\/\/i0.wp.com\/verdadeon.com.br\/portal\/wp-content\/uploads\/2024\/12\/ginastica-artistica-masculina.jpeg?fit=960%2C643&ssl=1","datePublished":"2024-12-17T17:53:26+00:00","author":{"@id":"https:\/\/verdadeon.com.br\/portal\/#\/schema\/person\/a5060ad1e9ea3df545188fc93ce43d2f"},"breadcrumb":{"@id":"https:\/\/verdadeon.com.br\/portal\/2024\/12\/17\/franca-conquista-duas-medalhas-nos-jogos-abertos-do-interior\/#breadcrumb"},"inLanguage":"pt-BR","potentialAction":[{"@type":"ReadAction","target":["https:\/\/verdadeon.com.br\/portal\/2024\/12\/17\/franca-conquista-duas-medalhas-nos-jogos-abertos-do-interior\/"]}]},{"@type":"ImageObject","inLanguage":"pt-BR","@id":"https:\/\/verdadeon.com.br\/portal\/2024\/12\/17\/franca-conquista-duas-medalhas-nos-jogos-abertos-do-interior\/#primaryimage","url":"https:\/\/i0.wp.com\/verdadeon.com.br\/portal\/wp-content\/uploads\/2024\/12\/ginastica-artistica-masculina.jpeg?fit=960%2C643&ssl=1","contentUrl":"https:\/\/i0.wp.com\/verdadeon.com.br\/portal\/wp-content\/uploads\/2024\/12\/ginastica-artistica-masculina.jpeg?fit=960%2C643&ssl=1","width":960,"height":643,"caption":"Gin\u00e1stica e Malha conquistam duas medalhas nos Jogos Abertos (\u00a9Divulga\u00e7\u00e3o)"},{"@type":"BreadcrumbList","@id":"https:\/\/verdadeon.com.br\/portal\/2024\/12\/17\/franca-conquista-duas-medalhas-nos-jogos-abertos-do-interior\/#breadcrumb","itemListElement":[{"@type":"ListItem","position":1,"name":"In\u00edcio","item":"https:\/\/verdadeon.com.br\/portal\/"},{"@type":"ListItem","position":2,"name":"Franca conquista duas medalhas nos Jogos Abertos do Interior"}]},{"@type":"WebSite","@id":"https:\/\/verdadeon.com.br\/portal\/#website","url":"https:\/\/verdadeon.com.br\/portal\/","name":"VerdadeOn","description":"Not\u00edcias di\u00e1rias sobre Franca, Regi\u00e3o, Esporte, Cultura, Cotidiano, Colunas. Cobertura nos principais eventos da cidade \u00e9 aqui - Verdadeon Franca","potentialAction":[{"@type":"SearchAction","target":{"@type":"EntryPoint","urlTemplate":"https:\/\/verdadeon.com.br\/portal\/?s={search_term_string}"},"query-input":{"@type":"PropertyValueSpecification","valueRequired":true,"valueName":"search_term_string"}}],"inLanguage":"pt-BR"},{"@type":"Person","@id":"https:\/\/verdadeon.com.br\/portal\/#\/schema\/person\/a5060ad1e9ea3df545188fc93ce43d2f","name":"Redacao VerdadeOn","image":{"@type":"ImageObject","inLanguage":"pt-BR","@id":"https:\/\/verdadeon.com.br\/portal\/#\/schema\/person\/image\/","url":"https:\/\/secure.gravatar.com\/avatar\/459a9613caaaf07f582c3d0841eea68bdd66f533e465e6ba8b9cb45619572cf4?s=96&d=mm&r=g","contentUrl":"https:\/\/secure.gravatar.com\/avatar\/459a9613caaaf07f582c3d0841eea68bdd66f533e465e6ba8b9cb45619572cf4?s=96&d=mm&r=g","caption":"Redacao VerdadeOn"},"url":"https:\/\/verdadeon.com.br\/portal\/author\/redacao\/"}]}},"jetpack_publicize_connections":[],"jetpack_featured_media_url":"https:\/\/i0.wp.com\/verdadeon.com.br\/portal\/wp-content\/uploads\/2024\/12\/ginastica-artistica-masculina.jpeg?fit=960%2C643&ssl=1","jetpack_sharing_enabled":true,"_links":{"self":[{"href":"https:\/\/verdadeon.com.br\/portal\/wp-json\/wp\/v2\/posts\/52335","targetHints":{"allow":["GET"]}}],"collection":[{"href":"https:\/\/verdadeon.com.br\/portal\/wp-json\/wp\/v2\/posts"}],"about":[{"href":"https:\/\/verdadeon.com.br\/portal\/wp-json\/wp\/v2\/types\/post"}],"author":[{"embeddable":true,"href":"https:\/\/verdadeon.com.br\/portal\/wp-json\/wp\/v2\/users\/10"}],"replies":[{"embeddable":true,"href":"https:\/\/verdadeon.com.br\/portal\/wp-json\/wp\/v2\/comments?post=52335"}],"version-history":[{"count":1,"href":"https:\/\/verdadeon.com.br\/portal\/wp-json\/wp\/v2\/posts\/52335\/revisions"}],"predecessor-version":[{"id":52337,"href":"https:\/\/verdadeon.com.br\/portal\/wp-json\/wp\/v2\/posts\/52335\/revisions\/52337"}],"wp:featuredmedia":[{"embeddable":true,"href":"https:\/\/verdadeon.com.br\/portal\/wp-json\/wp\/v2\/media\/52336"}],"wp:attachment":[{"href":"https:\/\/verdadeon.com.br\/portal\/wp-json\/wp\/v2\/media?parent=52335"}],"wp:term":[{"taxonomy":"category","embeddable":true,"href":"https:\/\/verdadeon.com.br\/portal\/wp-json\/wp\/v2\/categories?post=52335"},{"taxonomy":"post_tag","embeddable":true,"href":"https:\/\/verdadeon.com.br\/portal\/wp-json\/wp\/v2\/tags?post=52335"}],"curies":[{"name":"wp","href":"https:\/\/api.w.org\/{rel}","templated":true}]}}