{"id":52328,"date":"2024-12-17T12:08:33","date_gmt":"2024-12-17T15:08:33","guid":{"rendered":"https:\/\/verdadeon.com.br\/portal\/?p=52328"},"modified":"2024-12-17T12:12:16","modified_gmt":"2024-12-17T15:12:16","slug":"sesc-franca-divulga-programacao-da-segunda-quinzena-de-dezembro","status":"publish","type":"post","link":"https:\/\/verdadeon.com.br\/portal\/2024\/12\/17\/sesc-franca-divulga-programacao-da-segunda-quinzena-de-dezembro\/","title":{"rendered":"Sesc Franca divulga programa\u00e7\u00e3o da segunda quinzena de dezembro"},"content":{"rendered":"<h2><span style=\"font-weight: 400;\">Programa\u00e7\u00e3o da <\/span><b>segunda quinzena do m\u00eas <\/b><span style=\"font-weight: 400;\">engloba concerto natalino, <\/span><span style=\"font-weight: 400;\">exibi\u00e7\u00e3o de filme, show e a<\/span><span style=\"font-weight: 400;\">tividades para <\/span><b>crian\u00e7as e fam\u00edlias<\/b><\/h2>\n<p><span style=\"font-weight: 400;\">Entre os dias <\/span><b>17 e 29 de dezembro<\/b><span style=\"font-weight: 400;\">, o Sesc Franca promover\u00e1 cerca de <\/span><b>50 atividades <\/b><span style=\"font-weight: 400;\">entre concerto natalino com orquestra e coral, exposi\u00e7\u00e3o de artes visuais, e diversas atra\u00e7\u00f5es para crian\u00e7as e seus acompanhantes aproveitarem as f\u00e9rias! <\/span>Quase toda a programa\u00e7\u00e3o do per\u00edodo <b>\u00e9 gratuita<\/b>, exceto o concerto com a Orquestra Sinf\u00f4nica de Franca e o Coro L\u00edrico OSF, cujos ingressos variam entre R$ 30,00 (Inteira), R$ 15,00\u00a0 (Meia-entrada) e R$ 10,00 (Credencial Plena) e podem ser adquiridos nas bilheterias das unidades do Sesc, pelo Aplicativo Credencial Sesc SP ou pelo portal Sesc SP.<\/p>\n<p><span style=\"font-weight: 400;\">Para os adeptos do esporte e da atividade f\u00edsica, h\u00e1 op\u00e7\u00f5es para diferentes faixas et\u00e1rias, que incluem aulas abertas de gin\u00e1stica e yoga e viv\u00eancias em modalidades como basquete, beach t\u00eanis, corrida, v\u00f4lei, v\u00f4lei de praia, futsal feminino, futebol so\u00e7aite feminino, rugby, entre outras. Confira os destaques:<\/span><\/p>\n<p><b>DESTAQUES DA PROGRAMA\u00c7\u00c3O\u00a0<\/b><\/p>\n<p><span style=\"font-weight: 400;\">No dia <\/span><b>17\/12, com o<\/b><span style=\"font-weight: 400;\">\u00a0<\/span><b>FestERE<\/b><span style=\"font-weight: 400;\">, o p\u00fablico poder\u00e1 fazer uma imers\u00e3o em livros infantojuvenis afrorreferenciados e afro-ind\u00edgenas. A atividade acontece das 14h \u00e0s 18h e se estende at\u00e9 20 de dezembro.\u00a0<\/span><\/p>\n<p><span style=\"font-weight: 400;\">\u00c0s 19h30, tem a exibi\u00e7\u00e3o do filme <\/span><b>O Iluminado<\/b><span style=\"font-weight: 400;\">. A entrada \u00e9 gratuita, mediante retirada de ingresso uma hora antes da sess\u00e3o.<\/span><\/p>\n<p><span style=\"font-weight: 400;\">Em <\/span><b>artes visuais<\/b><span style=\"font-weight: 400;\">, a exposi\u00e7\u00e3o <\/span><b><i>Abdias Nascimento \u2013 O Quilombismo: Documentos de uma Milit\u00e2ncia\u00a0 Pan-Africanista <\/i><\/b><span style=\"font-weight: 400;\">segue aberta ao p\u00fablico e fica <\/span><b>em cartaz at\u00e9 junho de 2025<\/b><span style=\"font-weight: 400;\">.<\/span><\/p>\n<p><span style=\"font-weight: 400;\">No dia <\/span><b>21\/12<\/b><span style=\"font-weight: 400;\">, tem concerto da <\/span><b>Orquestra Sinf\u00f4nica de Franca <\/b><span style=\"font-weight: 400;\">com o <\/span><b>Coro L\u00edrico OSF<\/b><span style=\"font-weight: 400;\">, \u00e0s 18h, no Teatro. O ingresso custa at\u00e9 R$ 30,00 (Inteira). No <\/span><b>dia 22\/12, <\/b><span style=\"font-weight: 400;\">domingo, o grupo <\/span><b>P\u00e9 de Manac\u00e1 <\/b><span style=\"font-weight: 400;\">faz show gratuito na \u00c1rea de Conviv\u00eancia da unidade. J\u00e1 no <\/span><b>dia 29\/12<\/b><span style=\"font-weight: 400;\">, domingo, as <\/span><b>Soberanas do Samba<\/b><span style=\"font-weight: 400;\">, grupo ribeir\u00e3o-pretano formado por mulheres, conduz uma roda de Samba na Comedoria do Sesc Franca. A entrada \u00e9 gratuita.\u00a0<\/span><\/p>\n<p><span style=\"font-weight: 400;\">Ainda, as oficinas de <\/span><b>Ateli\u00ea Aberto Tinta de Terra<\/b><span style=\"font-weight: 400;\">, pintando com m\u00e3os e pinc\u00e9is, que acontece de <\/span><b>17 <\/b><span style=\"font-weight: 400;\">a <\/span><b>22\/12<\/b><span style=\"font-weight: 400;\">, de ter\u00e7a a domingo, e a <\/span><b>Ciranda das\u00a0 Brincadeiras<\/b><span style=\"font-weight: 400;\">, para crian\u00e7as de 7 a 12 anos, voltada \u00e0s experimenta\u00e7\u00f5es art\u00edsticas com materiais diversos at\u00e9 brincadeiras e jogos, marcada para ocorrer de <\/span><b>26 <\/b><span style=\"font-weight: 400;\">a <\/span><b>29\/12<\/b><span style=\"font-weight: 400;\">, de quinta a domingo. Ambas na Sala de M\u00faltiplo Uso 5, das 14h30 \u00e0s 17h30.\u00a0<\/span><\/p>\n<p><span style=\"font-weight: 400;\">No <\/span><b>dia 19 de dezembro, quinta-feira<\/b><span style=\"font-weight: 400;\">, ser\u00e1 realizada a oficina <\/span><b>Culturas Alimentares da Regi\u00e3o de Franca<\/b><span style=\"font-weight: 400;\">, com a participa\u00e7\u00e3o <\/span><b>de Isa do Ros\u00e1rio <\/b><span style=\"font-weight: 400;\">e da chef <\/span><b>Aline Guedes<\/b><span style=\"font-weight: 400;\">. Com in\u00edcio \u00e0s 19h, no espa\u00e7o da Sala de M\u00faltiplo Uso 2, a atividade \u00e9 aberta ao p\u00fablico, com entrada gratuita.\u00a0<\/span><\/p>\n<p><span style=\"font-weight: 400;\">Tamb\u00e9m tem teatro para beb\u00eas de at\u00e9 3 anos. Nos dias <\/span><b>20 <\/b><span style=\"font-weight: 400;\">e <\/span><b>21\/12<\/b><span style=\"font-weight: 400;\">, o espet\u00e1culo <\/span><b>Scaratuja <\/b><span style=\"font-weight: 400;\">conduz sua narrativa por linhas que se expandem em m\u00faltiplas dire\u00e7\u00f5es, propondo descobertas e cria\u00e7\u00f5es livres de forma l\u00fadica e interativa. Na sexta, \u00fanica sess\u00e3o \u00e0s 15h, e no s\u00e1bado, \u00e0s 10h30 e 15h. No dia <\/span><b>22\/12<\/b><span style=\"font-weight: 400;\">, palha, gravetos, bambus e penas s\u00e3o apresentados aos beb\u00eas, despertando a curiosidade por aquilo que temos em nossos quintais. <\/span><b>Brun Bla\u00e0 &#8211; Espet\u00e1culo para Beb\u00eas <\/b><span style=\"font-weight: 400;\">acontece no domingo, \u00e0s 10h30 e 16h15. Tudo na Sala de M\u00faltiplo Uso 4, com entrada gratuita mediante a retirada de senhas na Central de\u00a0 Atendimento com 30 minutos de anteced\u00eancia.\u00a0<\/span><\/p>\n<p><span style=\"font-weight: 400;\">No dia <\/span><b>28\/12<\/b><span style=\"font-weight: 400;\">, s\u00e1bado, os palha\u00e7os Tico e Polenta apresentam o <\/span><b>Riso Show <\/b><span style=\"font-weight: 400;\">na \u00c1rea de Conviv\u00eancia\u00a0 do Sesc Franca. A apresenta\u00e7\u00e3o \u00e9 gratuita e n\u00e3o \u00e9\u00a0 necess\u00e1ria a retirada de ingressos.\u00a0\u00a0<\/span><\/p>\n<p><span style=\"font-weight: 400;\">Nos dias <\/span><b>21 <\/b><span style=\"font-weight: 400;\">e <\/span><b>22\/12<\/b><span style=\"font-weight: 400;\">, a \u00c1rea de Conviv\u00eancia recebe o tradicional grupo <\/span><b>Terno de Congo S\u00e3o Domingos Marinheiro, que<\/b><b>\u00a0<\/b><span style=\"font-weight: 400;\">acontece no s\u00e1bado, \u00e0s 13h, e no\u00a0 domingo, \u00e0s 11h30.<\/span><\/p>\n<p><b>ESPORTE E ATIVIDADE F\u00cdSICA\u00a0<\/b><\/p>\n<p><span style=\"font-weight: 400;\">A lista \u00e9 extensa e engloba diversas modalidades, individuais e coletivas. Destaque para a <\/span><b>Viv\u00eancia de Rugby<\/b><span style=\"font-weight: 400;\">, em que os participantes t\u00eam contato com os fundamentos do esporte, as caracter\u00edsticas como o jogo coletivo, o uso t\u00e1tico da bola e a intensidade das disputas. A atividade ocorre no Campo\u00a0 da unidade, nos dias <\/span><b>21 <\/b><span style=\"font-weight: 400;\">e <\/span><b>22\/12<\/b><span style=\"font-weight: 400;\">, s\u00e1bado, \u00e0s 10h e 13h, e domingo, \u00e0s 14h e 17h.\u00a0<\/span><\/p>\n<p><span style=\"font-weight: 400;\">Na viv\u00eancia <\/span><b>Capoeira para Fam\u00edlias<\/b><span style=\"font-weight: 400;\">, os participantes aprender\u00e3o os fundamentos da capoeira,\u00a0 investigando suas particularidades, como os movimentos fluidos, a import\u00e2ncia da musicalidade e\u00a0 a intera\u00e7\u00e3o. Nos dias <\/span><b>21 <\/b><span style=\"font-weight: 400;\">e <\/span><b>22\/12<\/b><span style=\"font-weight: 400;\">, s\u00e1bado e domingo, das 14h \u00e0s 16h, na Sala de M\u00faltiplo Uso 1.\u00a0<\/span><\/p>\n<p><b>Exame Dermatol\u00f3gico <\/b><\/p>\n<p><span style=\"font-weight: 400;\">Para as atividades realizadas na piscina, como condicionamento f\u00edsico aqu\u00e1tico e pr\u00e1ticas aqu\u00e1ticas, \u00e9 necess\u00e1rio ter o exame dermatol\u00f3gico e a Credencial v\u00e1lidos. No\u00a0 Sesc Franca j\u00e1 \u00e9 poss\u00edvel realizar o exame e os valores variam de R$ 11,00 (Credencial Plena) a R$\u00a0 22,00 (N\u00e3o Credenciado) e crian\u00e7as e jovens de at\u00e9 16 anos n\u00e3o pagam. O atestado dermatol\u00f3gico emitido pelo m\u00e9dico de confian\u00e7a tamb\u00e9m \u00e9 aceito, basta valid\u00e1-lo na Central de Atendimento da\u00a0 unidade.\u00a0\u00a0<\/span><\/p>\n<p><b>Inscri\u00e7\u00f5es Cursos Esportivos<\/b><\/p>\n<p><span style=\"font-weight: 400;\">Durante o m\u00eas de dezembro, qualquer pessoa pode frequentar gratuitamente a Sala de Gin\u00e1stica Multifuncional (GMF). Para 2025, <\/span><b>est\u00e3o abertas as inscri\u00e7\u00f5es <\/b><span style=\"font-weight: 400;\">para os cursos do <\/span><b>Programa de Gin\u00e1stica Multifuncional <\/b><span style=\"font-weight: 400;\">e os interessados devem acessar o site\u00a0 <\/span><span style=\"font-weight: 400;\">centralrelacionamento.sescsp.org.br<\/span><span style=\"font-weight: 400;\">. Os valores mensais variam de R$ 48,00 (Credencial Plena) a\u00a0 R$ 105,00 (N\u00e3o Credenciado) e matriculados com at\u00e9 16 anos de idade n\u00e3o pagam. Pessoas idosas portadoras de Credencial Plena t\u00eam desconto de 50% no valor da mensalidade.\u00a0<\/span><\/p>\n<p><span style=\"font-weight: 400;\">Desenvolvido nas salas de gin\u00e1stica do Sesc SP, o Programa de GMF oferece treinos individuais, aulas em grupo e treinos coletivos.<\/span><\/p>\n<p><b>Avalia\u00e7\u00e3o Cl\u00ednica<\/b><\/p>\n<p><span style=\"font-weight: 400;\">Para a frequ\u00eancia em pr\u00e1ticas f\u00edsico-esportivas \u00e9 necess\u00e1rio apresentar uma\u00a0 avalia\u00e7\u00e3o cl\u00ednica v\u00e1lida. No Sesc Franca tamb\u00e9m \u00e9 poss\u00edvel realizar a avalia\u00e7\u00e3o cl\u00ednica de ter\u00e7a a\u00a0 sexta, das 9h \u00e0s 20h30. Os valores variam de R$ 24,00 (Credencial Plena) a R$ 55,00 (N\u00e3o Credenciado).\u00a0<\/span><\/p>\n<p><b>Unidade fechada no Natal e Ano Novo\u00a0<\/b><\/p>\n<p><span style=\"font-weight: 400;\">Por conta das festividades de fim de ano, o Sesc Franca estar\u00e1 fechado nos dias 24, 25 e 31 de\u00a0 dezembro e 1 de janeiro de 2025. Reabre no dia 2 de janeiro. A unidade funciona de ter\u00e7a a sexta, das 9h \u00e0s 21h30, e aos s\u00e1bados, domingos e feriados, das 10h \u00e0s 18h30.\u00a0<\/span><\/p>\n<p><span style=\"font-weight: 400;\">A programa\u00e7\u00e3o completa com os hor\u00e1rios e locais das atividades, est\u00e1 dispon\u00edvel no Portal do Sesc\u00a0 S\u00e3o Paulo: <\/span><span style=\"font-weight: 400;\">sescsp.org.br\/franca<\/span><span style=\"font-weight: 400;\">\u00a0<\/span><\/p>\n","protected":false},"excerpt":{"rendered":"<p>Programa\u00e7\u00e3o da segunda quinzena do m\u00eas engloba concerto natalino, exibi\u00e7\u00e3o de filme, show e atividades para crian\u00e7as e fam\u00edlias Entre os dias 17 e 29 de<span class=\"excerpt-hellip\"> [\u2026]<\/span><\/p>\n","protected":false},"author":10,"featured_media":52329,"comment_status":"open","ping_status":"open","sticky":false,"template":"","format":"standard","meta":{"_jetpack_memberships_contains_paid_content":false,"footnotes":"","jetpack_publicize_message":"","jetpack_publicize_feature_enabled":true,"jetpack_social_post_already_shared":true,"jetpack_social_options":{"image_generator_settings":{"template":"highway","default_image_id":0,"enabled":false},"version":2}},"categories":[28,44],"tags":[],"class_list":["post-52328","post","type-post","status-publish","format-standard","has-post-thumbnail","hentry","category-cotidiano","category-noticias"],"yoast_head":"<!-- This site is optimized with the Yoast SEO plugin v25.6 - https:\/\/yoast.com\/wordpress\/plugins\/seo\/ -->\n<title>Sesc Franca divulga programa\u00e7\u00e3o da segunda quinzena de dezembro - VerdadeOn<\/title>\n<meta name=\"robots\" content=\"index, follow, max-snippet:-1, max-image-preview:large, max-video-preview:-1\" \/>\n<link rel=\"canonical\" href=\"https:\/\/verdadeon.com.br\/portal\/2024\/12\/17\/sesc-franca-divulga-programacao-da-segunda-quinzena-de-dezembro\/\" \/>\n<meta property=\"og:locale\" content=\"pt_BR\" \/>\n<meta property=\"og:type\" content=\"article\" \/>\n<meta property=\"og:title\" content=\"Sesc Franca divulga programa\u00e7\u00e3o da segunda quinzena de dezembro - VerdadeOn\" \/>\n<meta property=\"og:description\" content=\"Programa\u00e7\u00e3o da segunda quinzena do m\u00eas engloba concerto natalino, exibi\u00e7\u00e3o de filme, show e atividades para crian\u00e7as e fam\u00edlias Entre os dias 17 e 29 de [\u2026]\" \/>\n<meta property=\"og:url\" content=\"https:\/\/verdadeon.com.br\/portal\/2024\/12\/17\/sesc-franca-divulga-programacao-da-segunda-quinzena-de-dezembro\/\" \/>\n<meta property=\"og:site_name\" content=\"VerdadeOn\" \/>\n<meta property=\"article:published_time\" content=\"2024-12-17T15:08:33+00:00\" \/>\n<meta property=\"article:modified_time\" content=\"2024-12-17T15:12:16+00:00\" \/>\n<meta property=\"og:image\" content=\"https:\/\/verdadeon.com.br\/portal\/wp-content\/uploads\/2024\/12\/Orquestra-Sinfonica-de-Franca-Coro-Lirico-OSF-scaled.jpg\" \/>\n\t<meta property=\"og:image:width\" content=\"2560\" \/>\n\t<meta property=\"og:image:height\" content=\"1715\" \/>\n\t<meta property=\"og:image:type\" content=\"image\/jpeg\" \/>\n<meta name=\"author\" content=\"Redacao VerdadeOn\" \/>\n<meta name=\"twitter:card\" content=\"summary_large_image\" \/>\n<meta name=\"twitter:label1\" content=\"Escrito por\" \/>\n\t<meta name=\"twitter:data1\" content=\"Redacao VerdadeOn\" \/>\n\t<meta name=\"twitter:label2\" content=\"Est. tempo de leitura\" \/>\n\t<meta name=\"twitter:data2\" content=\"6 minutos\" \/>\n<script type=\"application\/ld+json\" class=\"yoast-schema-graph\">{\"@context\":\"https:\/\/schema.org\",\"@graph\":[{\"@type\":\"WebPage\",\"@id\":\"https:\/\/verdadeon.com.br\/portal\/2024\/12\/17\/sesc-franca-divulga-programacao-da-segunda-quinzena-de-dezembro\/\",\"url\":\"https:\/\/verdadeon.com.br\/portal\/2024\/12\/17\/sesc-franca-divulga-programacao-da-segunda-quinzena-de-dezembro\/\",\"name\":\"Sesc Franca divulga programa\u00e7\u00e3o da segunda quinzena de dezembro - VerdadeOn\",\"isPartOf\":{\"@id\":\"https:\/\/verdadeon.com.br\/portal\/#website\"},\"primaryImageOfPage\":{\"@id\":\"https:\/\/verdadeon.com.br\/portal\/2024\/12\/17\/sesc-franca-divulga-programacao-da-segunda-quinzena-de-dezembro\/#primaryimage\"},\"image\":{\"@id\":\"https:\/\/verdadeon.com.br\/portal\/2024\/12\/17\/sesc-franca-divulga-programacao-da-segunda-quinzena-de-dezembro\/#primaryimage\"},\"thumbnailUrl\":\"https:\/\/i0.wp.com\/verdadeon.com.br\/portal\/wp-content\/uploads\/2024\/12\/Orquestra-Sinfonica-de-Franca-Coro-Lirico-OSF-scaled.jpg?fit=2560%2C1715&ssl=1\",\"datePublished\":\"2024-12-17T15:08:33+00:00\",\"dateModified\":\"2024-12-17T15:12:16+00:00\",\"author\":{\"@id\":\"https:\/\/verdadeon.com.br\/portal\/#\/schema\/person\/a5060ad1e9ea3df545188fc93ce43d2f\"},\"breadcrumb\":{\"@id\":\"https:\/\/verdadeon.com.br\/portal\/2024\/12\/17\/sesc-franca-divulga-programacao-da-segunda-quinzena-de-dezembro\/#breadcrumb\"},\"inLanguage\":\"pt-BR\",\"potentialAction\":[{\"@type\":\"ReadAction\",\"target\":[\"https:\/\/verdadeon.com.br\/portal\/2024\/12\/17\/sesc-franca-divulga-programacao-da-segunda-quinzena-de-dezembro\/\"]}]},{\"@type\":\"ImageObject\",\"inLanguage\":\"pt-BR\",\"@id\":\"https:\/\/verdadeon.com.br\/portal\/2024\/12\/17\/sesc-franca-divulga-programacao-da-segunda-quinzena-de-dezembro\/#primaryimage\",\"url\":\"https:\/\/i0.wp.com\/verdadeon.com.br\/portal\/wp-content\/uploads\/2024\/12\/Orquestra-Sinfonica-de-Franca-Coro-Lirico-OSF-scaled.jpg?fit=2560%2C1715&ssl=1\",\"contentUrl\":\"https:\/\/i0.wp.com\/verdadeon.com.br\/portal\/wp-content\/uploads\/2024\/12\/Orquestra-Sinfonica-de-Franca-Coro-Lirico-OSF-scaled.jpg?fit=2560%2C1715&ssl=1\",\"width\":2560,\"height\":1715,\"caption\":\"Orquestra Sinf\u00f4nica de Franca (\u00a9Alexandre Milito)\"},{\"@type\":\"BreadcrumbList\",\"@id\":\"https:\/\/verdadeon.com.br\/portal\/2024\/12\/17\/sesc-franca-divulga-programacao-da-segunda-quinzena-de-dezembro\/#breadcrumb\",\"itemListElement\":[{\"@type\":\"ListItem\",\"position\":1,\"name\":\"In\u00edcio\",\"item\":\"https:\/\/verdadeon.com.br\/portal\/\"},{\"@type\":\"ListItem\",\"position\":2,\"name\":\"Sesc Franca divulga programa\u00e7\u00e3o da segunda quinzena de dezembro\"}]},{\"@type\":\"WebSite\",\"@id\":\"https:\/\/verdadeon.com.br\/portal\/#website\",\"url\":\"https:\/\/verdadeon.com.br\/portal\/\",\"name\":\"VerdadeOn\",\"description\":\"Not\u00edcias di\u00e1rias sobre Franca, Regi\u00e3o, Esporte, Cultura, Cotidiano, Colunas. Cobertura nos principais eventos da cidade \u00e9 aqui - Verdadeon Franca\",\"potentialAction\":[{\"@type\":\"SearchAction\",\"target\":{\"@type\":\"EntryPoint\",\"urlTemplate\":\"https:\/\/verdadeon.com.br\/portal\/?s={search_term_string}\"},\"query-input\":{\"@type\":\"PropertyValueSpecification\",\"valueRequired\":true,\"valueName\":\"search_term_string\"}}],\"inLanguage\":\"pt-BR\"},{\"@type\":\"Person\",\"@id\":\"https:\/\/verdadeon.com.br\/portal\/#\/schema\/person\/a5060ad1e9ea3df545188fc93ce43d2f\",\"name\":\"Redacao VerdadeOn\",\"image\":{\"@type\":\"ImageObject\",\"inLanguage\":\"pt-BR\",\"@id\":\"https:\/\/verdadeon.com.br\/portal\/#\/schema\/person\/image\/\",\"url\":\"https:\/\/secure.gravatar.com\/avatar\/459a9613caaaf07f582c3d0841eea68bdd66f533e465e6ba8b9cb45619572cf4?s=96&d=mm&r=g\",\"contentUrl\":\"https:\/\/secure.gravatar.com\/avatar\/459a9613caaaf07f582c3d0841eea68bdd66f533e465e6ba8b9cb45619572cf4?s=96&d=mm&r=g\",\"caption\":\"Redacao VerdadeOn\"},\"url\":\"https:\/\/verdadeon.com.br\/portal\/author\/redacao\/\"}]}<\/script>\n<!-- \/ Yoast SEO plugin. -->","yoast_head_json":{"title":"Sesc Franca divulga programa\u00e7\u00e3o da segunda quinzena de dezembro - VerdadeOn","robots":{"index":"index","follow":"follow","max-snippet":"max-snippet:-1","max-image-preview":"max-image-preview:large","max-video-preview":"max-video-preview:-1"},"canonical":"https:\/\/verdadeon.com.br\/portal\/2024\/12\/17\/sesc-franca-divulga-programacao-da-segunda-quinzena-de-dezembro\/","og_locale":"pt_BR","og_type":"article","og_title":"Sesc Franca divulga programa\u00e7\u00e3o da segunda quinzena de dezembro - VerdadeOn","og_description":"Programa\u00e7\u00e3o da segunda quinzena do m\u00eas engloba concerto natalino, exibi\u00e7\u00e3o de filme, show e atividades para crian\u00e7as e fam\u00edlias Entre os dias 17 e 29 de [\u2026]","og_url":"https:\/\/verdadeon.com.br\/portal\/2024\/12\/17\/sesc-franca-divulga-programacao-da-segunda-quinzena-de-dezembro\/","og_site_name":"VerdadeOn","article_published_time":"2024-12-17T15:08:33+00:00","article_modified_time":"2024-12-17T15:12:16+00:00","og_image":[{"width":2560,"height":1715,"url":"https:\/\/verdadeon.com.br\/portal\/wp-content\/uploads\/2024\/12\/Orquestra-Sinfonica-de-Franca-Coro-Lirico-OSF-scaled.jpg","type":"image\/jpeg"}],"author":"Redacao VerdadeOn","twitter_card":"summary_large_image","twitter_misc":{"Escrito por":"Redacao VerdadeOn","Est. tempo de leitura":"6 minutos"},"schema":{"@context":"https:\/\/schema.org","@graph":[{"@type":"WebPage","@id":"https:\/\/verdadeon.com.br\/portal\/2024\/12\/17\/sesc-franca-divulga-programacao-da-segunda-quinzena-de-dezembro\/","url":"https:\/\/verdadeon.com.br\/portal\/2024\/12\/17\/sesc-franca-divulga-programacao-da-segunda-quinzena-de-dezembro\/","name":"Sesc Franca divulga programa\u00e7\u00e3o da segunda quinzena de dezembro - VerdadeOn","isPartOf":{"@id":"https:\/\/verdadeon.com.br\/portal\/#website"},"primaryImageOfPage":{"@id":"https:\/\/verdadeon.com.br\/portal\/2024\/12\/17\/sesc-franca-divulga-programacao-da-segunda-quinzena-de-dezembro\/#primaryimage"},"image":{"@id":"https:\/\/verdadeon.com.br\/portal\/2024\/12\/17\/sesc-franca-divulga-programacao-da-segunda-quinzena-de-dezembro\/#primaryimage"},"thumbnailUrl":"https:\/\/i0.wp.com\/verdadeon.com.br\/portal\/wp-content\/uploads\/2024\/12\/Orquestra-Sinfonica-de-Franca-Coro-Lirico-OSF-scaled.jpg?fit=2560%2C1715&ssl=1","datePublished":"2024-12-17T15:08:33+00:00","dateModified":"2024-12-17T15:12:16+00:00","author":{"@id":"https:\/\/verdadeon.com.br\/portal\/#\/schema\/person\/a5060ad1e9ea3df545188fc93ce43d2f"},"breadcrumb":{"@id":"https:\/\/verdadeon.com.br\/portal\/2024\/12\/17\/sesc-franca-divulga-programacao-da-segunda-quinzena-de-dezembro\/#breadcrumb"},"inLanguage":"pt-BR","potentialAction":[{"@type":"ReadAction","target":["https:\/\/verdadeon.com.br\/portal\/2024\/12\/17\/sesc-franca-divulga-programacao-da-segunda-quinzena-de-dezembro\/"]}]},{"@type":"ImageObject","inLanguage":"pt-BR","@id":"https:\/\/verdadeon.com.br\/portal\/2024\/12\/17\/sesc-franca-divulga-programacao-da-segunda-quinzena-de-dezembro\/#primaryimage","url":"https:\/\/i0.wp.com\/verdadeon.com.br\/portal\/wp-content\/uploads\/2024\/12\/Orquestra-Sinfonica-de-Franca-Coro-Lirico-OSF-scaled.jpg?fit=2560%2C1715&ssl=1","contentUrl":"https:\/\/i0.wp.com\/verdadeon.com.br\/portal\/wp-content\/uploads\/2024\/12\/Orquestra-Sinfonica-de-Franca-Coro-Lirico-OSF-scaled.jpg?fit=2560%2C1715&ssl=1","width":2560,"height":1715,"caption":"Orquestra Sinf\u00f4nica de Franca (\u00a9Alexandre Milito)"},{"@type":"BreadcrumbList","@id":"https:\/\/verdadeon.com.br\/portal\/2024\/12\/17\/sesc-franca-divulga-programacao-da-segunda-quinzena-de-dezembro\/#breadcrumb","itemListElement":[{"@type":"ListItem","position":1,"name":"In\u00edcio","item":"https:\/\/verdadeon.com.br\/portal\/"},{"@type":"ListItem","position":2,"name":"Sesc Franca divulga programa\u00e7\u00e3o da segunda quinzena de dezembro"}]},{"@type":"WebSite","@id":"https:\/\/verdadeon.com.br\/portal\/#website","url":"https:\/\/verdadeon.com.br\/portal\/","name":"VerdadeOn","description":"Not\u00edcias di\u00e1rias sobre Franca, Regi\u00e3o, Esporte, Cultura, Cotidiano, Colunas. Cobertura nos principais eventos da cidade \u00e9 aqui - Verdadeon Franca","potentialAction":[{"@type":"SearchAction","target":{"@type":"EntryPoint","urlTemplate":"https:\/\/verdadeon.com.br\/portal\/?s={search_term_string}"},"query-input":{"@type":"PropertyValueSpecification","valueRequired":true,"valueName":"search_term_string"}}],"inLanguage":"pt-BR"},{"@type":"Person","@id":"https:\/\/verdadeon.com.br\/portal\/#\/schema\/person\/a5060ad1e9ea3df545188fc93ce43d2f","name":"Redacao VerdadeOn","image":{"@type":"ImageObject","inLanguage":"pt-BR","@id":"https:\/\/verdadeon.com.br\/portal\/#\/schema\/person\/image\/","url":"https:\/\/secure.gravatar.com\/avatar\/459a9613caaaf07f582c3d0841eea68bdd66f533e465e6ba8b9cb45619572cf4?s=96&d=mm&r=g","contentUrl":"https:\/\/secure.gravatar.com\/avatar\/459a9613caaaf07f582c3d0841eea68bdd66f533e465e6ba8b9cb45619572cf4?s=96&d=mm&r=g","caption":"Redacao VerdadeOn"},"url":"https:\/\/verdadeon.com.br\/portal\/author\/redacao\/"}]}},"jetpack_publicize_connections":[],"jetpack_featured_media_url":"https:\/\/i0.wp.com\/verdadeon.com.br\/portal\/wp-content\/uploads\/2024\/12\/Orquestra-Sinfonica-de-Franca-Coro-Lirico-OSF-scaled.jpg?fit=2560%2C1715&ssl=1","jetpack_sharing_enabled":true,"_links":{"self":[{"href":"https:\/\/verdadeon.com.br\/portal\/wp-json\/wp\/v2\/posts\/52328","targetHints":{"allow":["GET"]}}],"collection":[{"href":"https:\/\/verdadeon.com.br\/portal\/wp-json\/wp\/v2\/posts"}],"about":[{"href":"https:\/\/verdadeon.com.br\/portal\/wp-json\/wp\/v2\/types\/post"}],"author":[{"embeddable":true,"href":"https:\/\/verdadeon.com.br\/portal\/wp-json\/wp\/v2\/users\/10"}],"replies":[{"embeddable":true,"href":"https:\/\/verdadeon.com.br\/portal\/wp-json\/wp\/v2\/comments?post=52328"}],"version-history":[{"count":2,"href":"https:\/\/verdadeon.com.br\/portal\/wp-json\/wp\/v2\/posts\/52328\/revisions"}],"predecessor-version":[{"id":52331,"href":"https:\/\/verdadeon.com.br\/portal\/wp-json\/wp\/v2\/posts\/52328\/revisions\/52331"}],"wp:featuredmedia":[{"embeddable":true,"href":"https:\/\/verdadeon.com.br\/portal\/wp-json\/wp\/v2\/media\/52329"}],"wp:attachment":[{"href":"https:\/\/verdadeon.com.br\/portal\/wp-json\/wp\/v2\/media?parent=52328"}],"wp:term":[{"taxonomy":"category","embeddable":true,"href":"https:\/\/verdadeon.com.br\/portal\/wp-json\/wp\/v2\/categories?post=52328"},{"taxonomy":"post_tag","embeddable":true,"href":"https:\/\/verdadeon.com.br\/portal\/wp-json\/wp\/v2\/tags?post=52328"}],"curies":[{"name":"wp","href":"https:\/\/api.w.org\/{rel}","templated":true}]}}