{"id":52325,"date":"2024-12-17T11:21:06","date_gmt":"2024-12-17T14:21:06","guid":{"rendered":"https:\/\/verdadeon.com.br\/portal\/?p=52325"},"modified":"2024-12-17T11:21:06","modified_gmt":"2024-12-17T14:21:06","slug":"empresas-de-franca-e-patrocinio-paulista-recebem-curso-de-educacao-financeira","status":"publish","type":"post","link":"https:\/\/verdadeon.com.br\/portal\/2024\/12\/17\/empresas-de-franca-e-patrocinio-paulista-recebem-curso-de-educacao-financeira\/","title":{"rendered":"Empresas de Franca e Patroc\u00ednio Paulista recebem curso de educa\u00e7\u00e3o financeira"},"content":{"rendered":"<h2>Iniciativa do Sicredi Valor Sustent\u00e1vel PR\/SP capacita 76 colaboradores para melhorar gest\u00e3o financeira pessoal e reduzir impactos negativos no ambiente de trabalho<\/h2>\n<p>Nos dias 3 e 5 de dezembro, foram realizados treinamentos em educa\u00e7\u00e3o financeira para colaboradores das empresas Fors, em Franca, e o Curtume RF, em Patroc\u00ednio Paulista. A iniciativa impactou diretamente 76 colaboradores \u2014 50 da Fors e 26 do Curtume RF \u2014, promovendo conhecimentos essenciais para a gest\u00e3o respons\u00e1vel dos recursos financeiros pessoais.<\/p>\n<p>Esses treinamentos surgiram a partir da percep\u00e7\u00e3o das empresas sobre a import\u00e2ncia de seus funcion\u00e1rios adquirirem habilidades para administrar seus pr\u00f3prios gastos. Entre os benef\u00edcios esperados, destacam-se a redu\u00e7\u00e3o da inadimpl\u00eancia e da necessidade de adiantamentos salariais, problemas que podem prejudicar tanto os colaboradores quanto as empresas.<\/p>\n<p>Durante os encontros, os participantes receberam orienta\u00e7\u00f5es sobre como avaliar suas finan\u00e7as de forma integral, abordando temas como: Identifica\u00e7\u00e3o e an\u00e1lise de receitas e despesas; Organiza\u00e7\u00e3o de gastos fixos e vari\u00e1veis; Gest\u00e3o de financiamentos e d\u00edvidas e Import\u00e2ncia da cria\u00e7\u00e3o de uma reserva financeira.<\/p>\n<p>Al\u00e9m disso, foi apresentada a funcionalidade de poupan\u00e7a programada, dispon\u00edvel no aplicativo utilizado, que incentiva os colaboradores a pouparem antes de gastar. A metodologia ensina que reservar um valor, por menor que seja, logo ao receber o sal\u00e1rio, \u00e9 mais eficaz do que tentar poupar o que sobra no final do m\u00eas.<\/p>\n<p>Os treinamentos refor\u00e7am o compromisso das empresas com o bem-estar financeiro de seus colaboradores, promovendo um ambiente de trabalho mais saud\u00e1vel e sustent\u00e1vel. As a\u00e7\u00f5es tamb\u00e9m contribuem para uma cultura de educa\u00e7\u00e3o financeira que impacta positivamente n\u00e3o apenas os funcion\u00e1rios, mas tamb\u00e9m suas fam\u00edlias e a comunidade ao redor.<\/p>\n<p>\u201cA realiza\u00e7\u00e3o dos treinamentos reflete a crescente demanda por solu\u00e7\u00f5es pr\u00e1ticas para melhorar a sa\u00fade financeira dos trabalhadores e otimizar os recursos dentro das organiza\u00e7\u00f5es. A parceria entre as empresas e os especialistas em educa\u00e7\u00e3o financeira \u00e9 uma estrat\u00e9gia que une benef\u00edcios corporativos e impacto social\u201d, afirma Naina Correia, assessora de desenvolvimento de cooperativismo.<\/p>\n<p><strong>Sobre o Sicredi<\/strong><\/p>\n<p>O Sicredi \u00e9 uma institui\u00e7\u00e3o financeira cooperativa comprometida com o crescimento de seus associados e com o desenvolvimento das regi\u00f5es onde atua. Possui um modelo de gest\u00e3o que valoriza a participa\u00e7\u00e3o dos mais de 8 milh\u00f5es de associados, que exercem o papel de donos do neg\u00f3cio. Com mais de 2.700 ag\u00eancias, o Sicredi est\u00e1 presente fisicamente em todos os estados brasileiros e no Distrito Federal, disponibilizando uma gama completa de solu\u00e7\u00f5es financeiras e n\u00e3o financeiras.<\/p>\n<p>O Sicredi possui quatro ag\u00eancias em Franca, uma em Pedregulho e uma em Patroc\u00ednio Paulista.<\/p>\n","protected":false},"excerpt":{"rendered":"<p>Iniciativa do Sicredi Valor Sustent\u00e1vel PR\/SP capacita 76 colaboradores para melhorar gest\u00e3o financeira pessoal e reduzir impactos negativos no ambiente de trabalho Nos dias 3 e<span class=\"excerpt-hellip\"> [\u2026]<\/span><\/p>\n","protected":false},"author":10,"featured_media":52326,"comment_status":"open","ping_status":"open","sticky":false,"template":"","format":"standard","meta":{"_jetpack_memberships_contains_paid_content":false,"footnotes":"","jetpack_publicize_message":"","jetpack_publicize_feature_enabled":true,"jetpack_social_post_already_shared":true,"jetpack_social_options":{"image_generator_settings":{"template":"highway","default_image_id":0,"enabled":false},"version":2}},"categories":[28,44],"tags":[],"class_list":["post-52325","post","type-post","status-publish","format-standard","has-post-thumbnail","hentry","category-cotidiano","category-noticias"],"yoast_head":"<!-- This site is optimized with the Yoast SEO plugin v25.6 - https:\/\/yoast.com\/wordpress\/plugins\/seo\/ -->\n<title>Empresas de Franca e Patroc\u00ednio Paulista recebem curso de educa\u00e7\u00e3o financeira - VerdadeOn<\/title>\n<meta name=\"robots\" content=\"index, follow, max-snippet:-1, max-image-preview:large, max-video-preview:-1\" \/>\n<link rel=\"canonical\" href=\"https:\/\/verdadeon.com.br\/portal\/2024\/12\/17\/empresas-de-franca-e-patrocinio-paulista-recebem-curso-de-educacao-financeira\/\" \/>\n<meta property=\"og:locale\" content=\"pt_BR\" \/>\n<meta property=\"og:type\" content=\"article\" \/>\n<meta property=\"og:title\" content=\"Empresas de Franca e Patroc\u00ednio Paulista recebem curso de educa\u00e7\u00e3o financeira - VerdadeOn\" \/>\n<meta property=\"og:description\" content=\"Iniciativa do Sicredi Valor Sustent\u00e1vel PR\/SP capacita 76 colaboradores para melhorar gest\u00e3o financeira pessoal e reduzir impactos negativos no ambiente de trabalho Nos dias 3 e [\u2026]\" \/>\n<meta property=\"og:url\" content=\"https:\/\/verdadeon.com.br\/portal\/2024\/12\/17\/empresas-de-franca-e-patrocinio-paulista-recebem-curso-de-educacao-financeira\/\" \/>\n<meta property=\"og:site_name\" content=\"VerdadeOn\" \/>\n<meta property=\"article:published_time\" content=\"2024-12-17T14:21:06+00:00\" \/>\n<meta property=\"og:image\" content=\"https:\/\/verdadeon.com.br\/portal\/wp-content\/uploads\/2024\/12\/WhatsApp-Image-2024-12-16-at-16.01.24.jpeg\" \/>\n\t<meta property=\"og:image:width\" content=\"827\" \/>\n\t<meta property=\"og:image:height\" content=\"554\" \/>\n\t<meta property=\"og:image:type\" content=\"image\/jpeg\" \/>\n<meta name=\"author\" content=\"Redacao VerdadeOn\" \/>\n<meta name=\"twitter:card\" content=\"summary_large_image\" \/>\n<meta name=\"twitter:label1\" content=\"Escrito por\" \/>\n\t<meta name=\"twitter:data1\" content=\"Redacao VerdadeOn\" \/>\n\t<meta name=\"twitter:label2\" content=\"Est. tempo de leitura\" \/>\n\t<meta name=\"twitter:data2\" content=\"2 minutos\" \/>\n<script type=\"application\/ld+json\" class=\"yoast-schema-graph\">{\"@context\":\"https:\/\/schema.org\",\"@graph\":[{\"@type\":\"WebPage\",\"@id\":\"https:\/\/verdadeon.com.br\/portal\/2024\/12\/17\/empresas-de-franca-e-patrocinio-paulista-recebem-curso-de-educacao-financeira\/\",\"url\":\"https:\/\/verdadeon.com.br\/portal\/2024\/12\/17\/empresas-de-franca-e-patrocinio-paulista-recebem-curso-de-educacao-financeira\/\",\"name\":\"Empresas de Franca e Patroc\u00ednio Paulista recebem curso de educa\u00e7\u00e3o financeira - VerdadeOn\",\"isPartOf\":{\"@id\":\"https:\/\/verdadeon.com.br\/portal\/#website\"},\"primaryImageOfPage\":{\"@id\":\"https:\/\/verdadeon.com.br\/portal\/2024\/12\/17\/empresas-de-franca-e-patrocinio-paulista-recebem-curso-de-educacao-financeira\/#primaryimage\"},\"image\":{\"@id\":\"https:\/\/verdadeon.com.br\/portal\/2024\/12\/17\/empresas-de-franca-e-patrocinio-paulista-recebem-curso-de-educacao-financeira\/#primaryimage\"},\"thumbnailUrl\":\"https:\/\/i0.wp.com\/verdadeon.com.br\/portal\/wp-content\/uploads\/2024\/12\/WhatsApp-Image-2024-12-16-at-16.01.24.jpeg?fit=827%2C554&ssl=1\",\"datePublished\":\"2024-12-17T14:21:06+00:00\",\"author\":{\"@id\":\"https:\/\/verdadeon.com.br\/portal\/#\/schema\/person\/a5060ad1e9ea3df545188fc93ce43d2f\"},\"breadcrumb\":{\"@id\":\"https:\/\/verdadeon.com.br\/portal\/2024\/12\/17\/empresas-de-franca-e-patrocinio-paulista-recebem-curso-de-educacao-financeira\/#breadcrumb\"},\"inLanguage\":\"pt-BR\",\"potentialAction\":[{\"@type\":\"ReadAction\",\"target\":[\"https:\/\/verdadeon.com.br\/portal\/2024\/12\/17\/empresas-de-franca-e-patrocinio-paulista-recebem-curso-de-educacao-financeira\/\"]}]},{\"@type\":\"ImageObject\",\"inLanguage\":\"pt-BR\",\"@id\":\"https:\/\/verdadeon.com.br\/portal\/2024\/12\/17\/empresas-de-franca-e-patrocinio-paulista-recebem-curso-de-educacao-financeira\/#primaryimage\",\"url\":\"https:\/\/i0.wp.com\/verdadeon.com.br\/portal\/wp-content\/uploads\/2024\/12\/WhatsApp-Image-2024-12-16-at-16.01.24.jpeg?fit=827%2C554&ssl=1\",\"contentUrl\":\"https:\/\/i0.wp.com\/verdadeon.com.br\/portal\/wp-content\/uploads\/2024\/12\/WhatsApp-Image-2024-12-16-at-16.01.24.jpeg?fit=827%2C554&ssl=1\",\"width\":827,\"height\":554,\"caption\":\"Os treinamentos surgiram a partir da percep\u00e7\u00e3o das empresas sobre a import\u00e2ncia de seus funcion\u00e1rios adquirirem habilidades para administrar seus pr\u00f3prios gastos (\u00a9Divulga\u00e7\u00e3o)\"},{\"@type\":\"BreadcrumbList\",\"@id\":\"https:\/\/verdadeon.com.br\/portal\/2024\/12\/17\/empresas-de-franca-e-patrocinio-paulista-recebem-curso-de-educacao-financeira\/#breadcrumb\",\"itemListElement\":[{\"@type\":\"ListItem\",\"position\":1,\"name\":\"In\u00edcio\",\"item\":\"https:\/\/verdadeon.com.br\/portal\/\"},{\"@type\":\"ListItem\",\"position\":2,\"name\":\"Empresas de Franca e Patroc\u00ednio Paulista recebem curso de educa\u00e7\u00e3o financeira\"}]},{\"@type\":\"WebSite\",\"@id\":\"https:\/\/verdadeon.com.br\/portal\/#website\",\"url\":\"https:\/\/verdadeon.com.br\/portal\/\",\"name\":\"VerdadeOn\",\"description\":\"Not\u00edcias di\u00e1rias sobre Franca, Regi\u00e3o, Esporte, Cultura, Cotidiano, Colunas. Cobertura nos principais eventos da cidade \u00e9 aqui - Verdadeon Franca\",\"potentialAction\":[{\"@type\":\"SearchAction\",\"target\":{\"@type\":\"EntryPoint\",\"urlTemplate\":\"https:\/\/verdadeon.com.br\/portal\/?s={search_term_string}\"},\"query-input\":{\"@type\":\"PropertyValueSpecification\",\"valueRequired\":true,\"valueName\":\"search_term_string\"}}],\"inLanguage\":\"pt-BR\"},{\"@type\":\"Person\",\"@id\":\"https:\/\/verdadeon.com.br\/portal\/#\/schema\/person\/a5060ad1e9ea3df545188fc93ce43d2f\",\"name\":\"Redacao VerdadeOn\",\"image\":{\"@type\":\"ImageObject\",\"inLanguage\":\"pt-BR\",\"@id\":\"https:\/\/verdadeon.com.br\/portal\/#\/schema\/person\/image\/\",\"url\":\"https:\/\/secure.gravatar.com\/avatar\/459a9613caaaf07f582c3d0841eea68bdd66f533e465e6ba8b9cb45619572cf4?s=96&d=mm&r=g\",\"contentUrl\":\"https:\/\/secure.gravatar.com\/avatar\/459a9613caaaf07f582c3d0841eea68bdd66f533e465e6ba8b9cb45619572cf4?s=96&d=mm&r=g\",\"caption\":\"Redacao VerdadeOn\"},\"url\":\"https:\/\/verdadeon.com.br\/portal\/author\/redacao\/\"}]}<\/script>\n<!-- \/ Yoast SEO plugin. -->","yoast_head_json":{"title":"Empresas de Franca e Patroc\u00ednio Paulista recebem curso de educa\u00e7\u00e3o financeira - VerdadeOn","robots":{"index":"index","follow":"follow","max-snippet":"max-snippet:-1","max-image-preview":"max-image-preview:large","max-video-preview":"max-video-preview:-1"},"canonical":"https:\/\/verdadeon.com.br\/portal\/2024\/12\/17\/empresas-de-franca-e-patrocinio-paulista-recebem-curso-de-educacao-financeira\/","og_locale":"pt_BR","og_type":"article","og_title":"Empresas de Franca e Patroc\u00ednio Paulista recebem curso de educa\u00e7\u00e3o financeira - VerdadeOn","og_description":"Iniciativa do Sicredi Valor Sustent\u00e1vel PR\/SP capacita 76 colaboradores para melhorar gest\u00e3o financeira pessoal e reduzir impactos negativos no ambiente de trabalho Nos dias 3 e [\u2026]","og_url":"https:\/\/verdadeon.com.br\/portal\/2024\/12\/17\/empresas-de-franca-e-patrocinio-paulista-recebem-curso-de-educacao-financeira\/","og_site_name":"VerdadeOn","article_published_time":"2024-12-17T14:21:06+00:00","og_image":[{"width":827,"height":554,"url":"https:\/\/verdadeon.com.br\/portal\/wp-content\/uploads\/2024\/12\/WhatsApp-Image-2024-12-16-at-16.01.24.jpeg","type":"image\/jpeg"}],"author":"Redacao VerdadeOn","twitter_card":"summary_large_image","twitter_misc":{"Escrito por":"Redacao VerdadeOn","Est. tempo de leitura":"2 minutos"},"schema":{"@context":"https:\/\/schema.org","@graph":[{"@type":"WebPage","@id":"https:\/\/verdadeon.com.br\/portal\/2024\/12\/17\/empresas-de-franca-e-patrocinio-paulista-recebem-curso-de-educacao-financeira\/","url":"https:\/\/verdadeon.com.br\/portal\/2024\/12\/17\/empresas-de-franca-e-patrocinio-paulista-recebem-curso-de-educacao-financeira\/","name":"Empresas de Franca e Patroc\u00ednio Paulista recebem curso de educa\u00e7\u00e3o financeira - VerdadeOn","isPartOf":{"@id":"https:\/\/verdadeon.com.br\/portal\/#website"},"primaryImageOfPage":{"@id":"https:\/\/verdadeon.com.br\/portal\/2024\/12\/17\/empresas-de-franca-e-patrocinio-paulista-recebem-curso-de-educacao-financeira\/#primaryimage"},"image":{"@id":"https:\/\/verdadeon.com.br\/portal\/2024\/12\/17\/empresas-de-franca-e-patrocinio-paulista-recebem-curso-de-educacao-financeira\/#primaryimage"},"thumbnailUrl":"https:\/\/i0.wp.com\/verdadeon.com.br\/portal\/wp-content\/uploads\/2024\/12\/WhatsApp-Image-2024-12-16-at-16.01.24.jpeg?fit=827%2C554&ssl=1","datePublished":"2024-12-17T14:21:06+00:00","author":{"@id":"https:\/\/verdadeon.com.br\/portal\/#\/schema\/person\/a5060ad1e9ea3df545188fc93ce43d2f"},"breadcrumb":{"@id":"https:\/\/verdadeon.com.br\/portal\/2024\/12\/17\/empresas-de-franca-e-patrocinio-paulista-recebem-curso-de-educacao-financeira\/#breadcrumb"},"inLanguage":"pt-BR","potentialAction":[{"@type":"ReadAction","target":["https:\/\/verdadeon.com.br\/portal\/2024\/12\/17\/empresas-de-franca-e-patrocinio-paulista-recebem-curso-de-educacao-financeira\/"]}]},{"@type":"ImageObject","inLanguage":"pt-BR","@id":"https:\/\/verdadeon.com.br\/portal\/2024\/12\/17\/empresas-de-franca-e-patrocinio-paulista-recebem-curso-de-educacao-financeira\/#primaryimage","url":"https:\/\/i0.wp.com\/verdadeon.com.br\/portal\/wp-content\/uploads\/2024\/12\/WhatsApp-Image-2024-12-16-at-16.01.24.jpeg?fit=827%2C554&ssl=1","contentUrl":"https:\/\/i0.wp.com\/verdadeon.com.br\/portal\/wp-content\/uploads\/2024\/12\/WhatsApp-Image-2024-12-16-at-16.01.24.jpeg?fit=827%2C554&ssl=1","width":827,"height":554,"caption":"Os treinamentos surgiram a partir da percep\u00e7\u00e3o das empresas sobre a import\u00e2ncia de seus funcion\u00e1rios adquirirem habilidades para administrar seus pr\u00f3prios gastos (\u00a9Divulga\u00e7\u00e3o)"},{"@type":"BreadcrumbList","@id":"https:\/\/verdadeon.com.br\/portal\/2024\/12\/17\/empresas-de-franca-e-patrocinio-paulista-recebem-curso-de-educacao-financeira\/#breadcrumb","itemListElement":[{"@type":"ListItem","position":1,"name":"In\u00edcio","item":"https:\/\/verdadeon.com.br\/portal\/"},{"@type":"ListItem","position":2,"name":"Empresas de Franca e Patroc\u00ednio Paulista recebem curso de educa\u00e7\u00e3o financeira"}]},{"@type":"WebSite","@id":"https:\/\/verdadeon.com.br\/portal\/#website","url":"https:\/\/verdadeon.com.br\/portal\/","name":"VerdadeOn","description":"Not\u00edcias di\u00e1rias sobre Franca, Regi\u00e3o, Esporte, Cultura, Cotidiano, Colunas. Cobertura nos principais eventos da cidade \u00e9 aqui - Verdadeon Franca","potentialAction":[{"@type":"SearchAction","target":{"@type":"EntryPoint","urlTemplate":"https:\/\/verdadeon.com.br\/portal\/?s={search_term_string}"},"query-input":{"@type":"PropertyValueSpecification","valueRequired":true,"valueName":"search_term_string"}}],"inLanguage":"pt-BR"},{"@type":"Person","@id":"https:\/\/verdadeon.com.br\/portal\/#\/schema\/person\/a5060ad1e9ea3df545188fc93ce43d2f","name":"Redacao VerdadeOn","image":{"@type":"ImageObject","inLanguage":"pt-BR","@id":"https:\/\/verdadeon.com.br\/portal\/#\/schema\/person\/image\/","url":"https:\/\/secure.gravatar.com\/avatar\/459a9613caaaf07f582c3d0841eea68bdd66f533e465e6ba8b9cb45619572cf4?s=96&d=mm&r=g","contentUrl":"https:\/\/secure.gravatar.com\/avatar\/459a9613caaaf07f582c3d0841eea68bdd66f533e465e6ba8b9cb45619572cf4?s=96&d=mm&r=g","caption":"Redacao VerdadeOn"},"url":"https:\/\/verdadeon.com.br\/portal\/author\/redacao\/"}]}},"jetpack_publicize_connections":[],"jetpack_featured_media_url":"https:\/\/i0.wp.com\/verdadeon.com.br\/portal\/wp-content\/uploads\/2024\/12\/WhatsApp-Image-2024-12-16-at-16.01.24.jpeg?fit=827%2C554&ssl=1","jetpack_sharing_enabled":true,"_links":{"self":[{"href":"https:\/\/verdadeon.com.br\/portal\/wp-json\/wp\/v2\/posts\/52325","targetHints":{"allow":["GET"]}}],"collection":[{"href":"https:\/\/verdadeon.com.br\/portal\/wp-json\/wp\/v2\/posts"}],"about":[{"href":"https:\/\/verdadeon.com.br\/portal\/wp-json\/wp\/v2\/types\/post"}],"author":[{"embeddable":true,"href":"https:\/\/verdadeon.com.br\/portal\/wp-json\/wp\/v2\/users\/10"}],"replies":[{"embeddable":true,"href":"https:\/\/verdadeon.com.br\/portal\/wp-json\/wp\/v2\/comments?post=52325"}],"version-history":[{"count":1,"href":"https:\/\/verdadeon.com.br\/portal\/wp-json\/wp\/v2\/posts\/52325\/revisions"}],"predecessor-version":[{"id":52327,"href":"https:\/\/verdadeon.com.br\/portal\/wp-json\/wp\/v2\/posts\/52325\/revisions\/52327"}],"wp:featuredmedia":[{"embeddable":true,"href":"https:\/\/verdadeon.com.br\/portal\/wp-json\/wp\/v2\/media\/52326"}],"wp:attachment":[{"href":"https:\/\/verdadeon.com.br\/portal\/wp-json\/wp\/v2\/media?parent=52325"}],"wp:term":[{"taxonomy":"category","embeddable":true,"href":"https:\/\/verdadeon.com.br\/portal\/wp-json\/wp\/v2\/categories?post=52325"},{"taxonomy":"post_tag","embeddable":true,"href":"https:\/\/verdadeon.com.br\/portal\/wp-json\/wp\/v2\/tags?post=52325"}],"curies":[{"name":"wp","href":"https:\/\/api.w.org\/{rel}","templated":true}]}}