{"id":5232,"date":"2020-03-18T17:14:52","date_gmt":"2020-03-18T20:14:52","guid":{"rendered":"http:\/\/verdadeon.com.br\/portal\/?p=5232"},"modified":"2020-03-18T17:19:31","modified_gmt":"2020-03-18T20:19:31","slug":"cristina-vitorino-afirma-que-suspeita-de-coronavirus-foi-descartada","status":"publish","type":"post","link":"https:\/\/verdadeon.com.br\/portal\/2020\/03\/18\/cristina-vitorino-afirma-que-suspeita-de-coronavirus-foi-descartada\/","title":{"rendered":"Cristina Vitorino afirma que suspeita de coronav\u00edrus foi descartada"},"content":{"rendered":"<h2>Segundo vereadora, Vigil\u00e2ncia Epidemiol\u00f3gica descartou suspeita por ela n\u00e3o atender crit\u00e9rios de risco do Minist\u00e9rio da Sa\u00fade<\/h2>\n<p>A vereadora Cristina Vitorino (Republicanos) afirmou que a suspeita de que ela teria contra\u00eddo o novo coronav\u00edrus foi descartada pela Vigil\u00e2ncia Epidemiol\u00f3gica no fim da tarde desta quarta-feira (18).<br \/>\n\u201cAcabei de receber uma liga\u00e7\u00e3o da Vigil\u00e2ncia Epidemiol\u00f3gica descartando a suspeita. Eu n\u00e3o atendo os crit\u00e9rios do Minist\u00e9rio da Sa\u00fade por n\u00e3o ter viajado para o exterior ou tido contato com algu\u00e9m doente\u201d, explicou.<br \/>\nCristina Vitorino come\u00e7ou a sentir alguns sintomas ontem (17). Logo depois da sess\u00e3o ordin\u00e1ria, que teve acesso restrito, ela procurou atendimento m\u00e9dico. \u201cEstava com alguns sintomas, principalmente falta de ar, febre, diarreia e dores no corpo, na cabe\u00e7a e nos olhos. Me deram atestado e me encaminharam para a quarentena de 14 dias\u201d, disse.<br \/>\nImediatamente a vereadora se isolou, juntamente com a filha de 19 anos que tamb\u00e9m apresentou alguns sintomas.<br \/>\n\u201cTinha tido contato com uma pessoa de Monte Alto que tamb\u00e9m fez exames com suspeita de coronav\u00edrus. Hoje, por\u00e9m, o caso dele deu negativo\u201d, disse.<br \/>\nMesmo tendo a suspeita descartada, a vereadora refor\u00e7ou a import\u00e2ncia do isolamento e garantiu que deve permanecer sem contato com outras pessoas pelo menos pela pr\u00f3xima semana. \u201cAs pessoas precisam se conscientizar quanto a import\u00e2ncia de evitar as aglomera\u00e7\u00f5es, proteger quem est\u00e1 no grupo de risco e evitar mortes na nossa cidade\u201d, finalizou.<\/p>\n","protected":false},"excerpt":{"rendered":"<p>Segundo vereadora, Vigil\u00e2ncia Epidemiol\u00f3gica descartou suspeita por ela n\u00e3o atender crit\u00e9rios de risco do Minist\u00e9rio da Sa\u00fade A vereadora Cristina Vitorino (Republicanos) afirmou que a suspeita<span class=\"excerpt-hellip\"> [\u2026]<\/span><\/p>\n","protected":false},"author":10,"featured_media":4894,"comment_status":"open","ping_status":"open","sticky":false,"template":"","format":"standard","meta":{"_jetpack_memberships_contains_paid_content":false,"footnotes":"","jetpack_publicize_message":"","jetpack_publicize_feature_enabled":true,"jetpack_social_post_already_shared":false,"jetpack_social_options":{"image_generator_settings":{"template":"highway","default_image_id":0,"enabled":false},"version":2}},"categories":[104,28,81],"tags":[105],"class_list":["post-5232","post","type-post","status-publish","format-standard","has-post-thumbnail","hentry","category-coronavirus","category-cotidiano","category-manchete","tag-coronavirus"],"yoast_head":"<!-- This site is optimized with the Yoast SEO plugin v25.6 - https:\/\/yoast.com\/wordpress\/plugins\/seo\/ -->\n<title>Cristina Vitorino afirma que suspeita de coronav\u00edrus foi descartada - VerdadeOn<\/title>\n<meta name=\"robots\" content=\"index, follow, max-snippet:-1, max-image-preview:large, max-video-preview:-1\" \/>\n<link rel=\"canonical\" href=\"https:\/\/verdadeon.com.br\/portal\/2020\/03\/18\/cristina-vitorino-afirma-que-suspeita-de-coronavirus-foi-descartada\/\" \/>\n<meta property=\"og:locale\" content=\"pt_BR\" \/>\n<meta property=\"og:type\" content=\"article\" \/>\n<meta property=\"og:title\" content=\"Cristina Vitorino afirma que suspeita de coronav\u00edrus foi descartada - VerdadeOn\" \/>\n<meta property=\"og:description\" content=\"Segundo vereadora, Vigil\u00e2ncia Epidemiol\u00f3gica descartou suspeita por ela n\u00e3o atender crit\u00e9rios de risco do Minist\u00e9rio da Sa\u00fade A vereadora Cristina Vitorino (Republicanos) afirmou que a suspeita [\u2026]\" \/>\n<meta property=\"og:url\" content=\"https:\/\/verdadeon.com.br\/portal\/2020\/03\/18\/cristina-vitorino-afirma-que-suspeita-de-coronavirus-foi-descartada\/\" \/>\n<meta property=\"og:site_name\" content=\"VerdadeOn\" \/>\n<meta property=\"article:published_time\" content=\"2020-03-18T20:14:52+00:00\" \/>\n<meta property=\"article:modified_time\" content=\"2020-03-18T20:19:31+00:00\" \/>\n<meta property=\"og:image\" content=\"https:\/\/verdadeon.com.br\/portal\/wp-content\/uploads\/2020\/03\/Cristina-Vitorino-foto-Lindomar-Cailton-43.jpg\" \/>\n\t<meta property=\"og:image:width\" content=\"1000\" \/>\n\t<meta property=\"og:image:height\" content=\"668\" \/>\n\t<meta property=\"og:image:type\" content=\"image\/jpeg\" \/>\n<meta name=\"author\" content=\"Redacao VerdadeOn\" \/>\n<meta name=\"twitter:card\" content=\"summary_large_image\" \/>\n<meta name=\"twitter:label1\" content=\"Escrito por\" \/>\n\t<meta name=\"twitter:data1\" content=\"Redacao VerdadeOn\" \/>\n\t<meta name=\"twitter:label2\" content=\"Est. tempo de leitura\" \/>\n\t<meta name=\"twitter:data2\" content=\"1 minuto\" \/>\n<script type=\"application\/ld+json\" class=\"yoast-schema-graph\">{\"@context\":\"https:\/\/schema.org\",\"@graph\":[{\"@type\":\"WebPage\",\"@id\":\"https:\/\/verdadeon.com.br\/portal\/2020\/03\/18\/cristina-vitorino-afirma-que-suspeita-de-coronavirus-foi-descartada\/\",\"url\":\"https:\/\/verdadeon.com.br\/portal\/2020\/03\/18\/cristina-vitorino-afirma-que-suspeita-de-coronavirus-foi-descartada\/\",\"name\":\"Cristina Vitorino afirma que suspeita de coronav\u00edrus foi descartada - VerdadeOn\",\"isPartOf\":{\"@id\":\"https:\/\/verdadeon.com.br\/portal\/#website\"},\"primaryImageOfPage\":{\"@id\":\"https:\/\/verdadeon.com.br\/portal\/2020\/03\/18\/cristina-vitorino-afirma-que-suspeita-de-coronavirus-foi-descartada\/#primaryimage\"},\"image\":{\"@id\":\"https:\/\/verdadeon.com.br\/portal\/2020\/03\/18\/cristina-vitorino-afirma-que-suspeita-de-coronavirus-foi-descartada\/#primaryimage\"},\"thumbnailUrl\":\"https:\/\/i0.wp.com\/verdadeon.com.br\/portal\/wp-content\/uploads\/2020\/03\/Cristina-Vitorino-foto-Lindomar-Cailton-43.jpg?fit=1000%2C668&ssl=1\",\"datePublished\":\"2020-03-18T20:14:52+00:00\",\"dateModified\":\"2020-03-18T20:19:31+00:00\",\"author\":{\"@id\":\"https:\/\/verdadeon.com.br\/portal\/#\/schema\/person\/a5060ad1e9ea3df545188fc93ce43d2f\"},\"breadcrumb\":{\"@id\":\"https:\/\/verdadeon.com.br\/portal\/2020\/03\/18\/cristina-vitorino-afirma-que-suspeita-de-coronavirus-foi-descartada\/#breadcrumb\"},\"inLanguage\":\"pt-BR\",\"potentialAction\":[{\"@type\":\"ReadAction\",\"target\":[\"https:\/\/verdadeon.com.br\/portal\/2020\/03\/18\/cristina-vitorino-afirma-que-suspeita-de-coronavirus-foi-descartada\/\"]}]},{\"@type\":\"ImageObject\",\"inLanguage\":\"pt-BR\",\"@id\":\"https:\/\/verdadeon.com.br\/portal\/2020\/03\/18\/cristina-vitorino-afirma-que-suspeita-de-coronavirus-foi-descartada\/#primaryimage\",\"url\":\"https:\/\/i0.wp.com\/verdadeon.com.br\/portal\/wp-content\/uploads\/2020\/03\/Cristina-Vitorino-foto-Lindomar-Cailton-43.jpg?fit=1000%2C668&ssl=1\",\"contentUrl\":\"https:\/\/i0.wp.com\/verdadeon.com.br\/portal\/wp-content\/uploads\/2020\/03\/Cristina-Vitorino-foto-Lindomar-Cailton-43.jpg?fit=1000%2C668&ssl=1\",\"width\":1000,\"height\":668,\"caption\":\"Legenda: Vereadora Cristina Vitorino apresentou suspeitas do novo coronav\u00edrus; segundo ela caso foi descartado pela Vigil\u00e2ncia Epidemiol\u00f3gica por n\u00e3o atender crit\u00e9rios do Minist\u00e9rio da Sa\u00fade\"},{\"@type\":\"BreadcrumbList\",\"@id\":\"https:\/\/verdadeon.com.br\/portal\/2020\/03\/18\/cristina-vitorino-afirma-que-suspeita-de-coronavirus-foi-descartada\/#breadcrumb\",\"itemListElement\":[{\"@type\":\"ListItem\",\"position\":1,\"name\":\"In\u00edcio\",\"item\":\"https:\/\/verdadeon.com.br\/portal\/\"},{\"@type\":\"ListItem\",\"position\":2,\"name\":\"Cristina Vitorino afirma que suspeita de coronav\u00edrus foi descartada\"}]},{\"@type\":\"WebSite\",\"@id\":\"https:\/\/verdadeon.com.br\/portal\/#website\",\"url\":\"https:\/\/verdadeon.com.br\/portal\/\",\"name\":\"VerdadeOn\",\"description\":\"Not\u00edcias di\u00e1rias sobre Franca, Regi\u00e3o, Esporte, Cultura, Cotidiano, Colunas. Cobertura nos principais eventos da cidade \u00e9 aqui - Verdadeon Franca\",\"potentialAction\":[{\"@type\":\"SearchAction\",\"target\":{\"@type\":\"EntryPoint\",\"urlTemplate\":\"https:\/\/verdadeon.com.br\/portal\/?s={search_term_string}\"},\"query-input\":{\"@type\":\"PropertyValueSpecification\",\"valueRequired\":true,\"valueName\":\"search_term_string\"}}],\"inLanguage\":\"pt-BR\"},{\"@type\":\"Person\",\"@id\":\"https:\/\/verdadeon.com.br\/portal\/#\/schema\/person\/a5060ad1e9ea3df545188fc93ce43d2f\",\"name\":\"Redacao VerdadeOn\",\"image\":{\"@type\":\"ImageObject\",\"inLanguage\":\"pt-BR\",\"@id\":\"https:\/\/verdadeon.com.br\/portal\/#\/schema\/person\/image\/\",\"url\":\"https:\/\/secure.gravatar.com\/avatar\/459a9613caaaf07f582c3d0841eea68bdd66f533e465e6ba8b9cb45619572cf4?s=96&d=mm&r=g\",\"contentUrl\":\"https:\/\/secure.gravatar.com\/avatar\/459a9613caaaf07f582c3d0841eea68bdd66f533e465e6ba8b9cb45619572cf4?s=96&d=mm&r=g\",\"caption\":\"Redacao VerdadeOn\"},\"url\":\"https:\/\/verdadeon.com.br\/portal\/author\/redacao\/\"}]}<\/script>\n<!-- \/ Yoast SEO plugin. -->","yoast_head_json":{"title":"Cristina Vitorino afirma que suspeita de coronav\u00edrus foi descartada - VerdadeOn","robots":{"index":"index","follow":"follow","max-snippet":"max-snippet:-1","max-image-preview":"max-image-preview:large","max-video-preview":"max-video-preview:-1"},"canonical":"https:\/\/verdadeon.com.br\/portal\/2020\/03\/18\/cristina-vitorino-afirma-que-suspeita-de-coronavirus-foi-descartada\/","og_locale":"pt_BR","og_type":"article","og_title":"Cristina Vitorino afirma que suspeita de coronav\u00edrus foi descartada - VerdadeOn","og_description":"Segundo vereadora, Vigil\u00e2ncia Epidemiol\u00f3gica descartou suspeita por ela n\u00e3o atender crit\u00e9rios de risco do Minist\u00e9rio da Sa\u00fade A vereadora Cristina Vitorino (Republicanos) afirmou que a suspeita [\u2026]","og_url":"https:\/\/verdadeon.com.br\/portal\/2020\/03\/18\/cristina-vitorino-afirma-que-suspeita-de-coronavirus-foi-descartada\/","og_site_name":"VerdadeOn","article_published_time":"2020-03-18T20:14:52+00:00","article_modified_time":"2020-03-18T20:19:31+00:00","og_image":[{"width":1000,"height":668,"url":"https:\/\/verdadeon.com.br\/portal\/wp-content\/uploads\/2020\/03\/Cristina-Vitorino-foto-Lindomar-Cailton-43.jpg","type":"image\/jpeg"}],"author":"Redacao VerdadeOn","twitter_card":"summary_large_image","twitter_misc":{"Escrito por":"Redacao VerdadeOn","Est. tempo de leitura":"1 minuto"},"schema":{"@context":"https:\/\/schema.org","@graph":[{"@type":"WebPage","@id":"https:\/\/verdadeon.com.br\/portal\/2020\/03\/18\/cristina-vitorino-afirma-que-suspeita-de-coronavirus-foi-descartada\/","url":"https:\/\/verdadeon.com.br\/portal\/2020\/03\/18\/cristina-vitorino-afirma-que-suspeita-de-coronavirus-foi-descartada\/","name":"Cristina Vitorino afirma que suspeita de coronav\u00edrus foi descartada - VerdadeOn","isPartOf":{"@id":"https:\/\/verdadeon.com.br\/portal\/#website"},"primaryImageOfPage":{"@id":"https:\/\/verdadeon.com.br\/portal\/2020\/03\/18\/cristina-vitorino-afirma-que-suspeita-de-coronavirus-foi-descartada\/#primaryimage"},"image":{"@id":"https:\/\/verdadeon.com.br\/portal\/2020\/03\/18\/cristina-vitorino-afirma-que-suspeita-de-coronavirus-foi-descartada\/#primaryimage"},"thumbnailUrl":"https:\/\/i0.wp.com\/verdadeon.com.br\/portal\/wp-content\/uploads\/2020\/03\/Cristina-Vitorino-foto-Lindomar-Cailton-43.jpg?fit=1000%2C668&ssl=1","datePublished":"2020-03-18T20:14:52+00:00","dateModified":"2020-03-18T20:19:31+00:00","author":{"@id":"https:\/\/verdadeon.com.br\/portal\/#\/schema\/person\/a5060ad1e9ea3df545188fc93ce43d2f"},"breadcrumb":{"@id":"https:\/\/verdadeon.com.br\/portal\/2020\/03\/18\/cristina-vitorino-afirma-que-suspeita-de-coronavirus-foi-descartada\/#breadcrumb"},"inLanguage":"pt-BR","potentialAction":[{"@type":"ReadAction","target":["https:\/\/verdadeon.com.br\/portal\/2020\/03\/18\/cristina-vitorino-afirma-que-suspeita-de-coronavirus-foi-descartada\/"]}]},{"@type":"ImageObject","inLanguage":"pt-BR","@id":"https:\/\/verdadeon.com.br\/portal\/2020\/03\/18\/cristina-vitorino-afirma-que-suspeita-de-coronavirus-foi-descartada\/#primaryimage","url":"https:\/\/i0.wp.com\/verdadeon.com.br\/portal\/wp-content\/uploads\/2020\/03\/Cristina-Vitorino-foto-Lindomar-Cailton-43.jpg?fit=1000%2C668&ssl=1","contentUrl":"https:\/\/i0.wp.com\/verdadeon.com.br\/portal\/wp-content\/uploads\/2020\/03\/Cristina-Vitorino-foto-Lindomar-Cailton-43.jpg?fit=1000%2C668&ssl=1","width":1000,"height":668,"caption":"Legenda: Vereadora Cristina Vitorino apresentou suspeitas do novo coronav\u00edrus; segundo ela caso foi descartado pela Vigil\u00e2ncia Epidemiol\u00f3gica por n\u00e3o atender crit\u00e9rios do Minist\u00e9rio da Sa\u00fade"},{"@type":"BreadcrumbList","@id":"https:\/\/verdadeon.com.br\/portal\/2020\/03\/18\/cristina-vitorino-afirma-que-suspeita-de-coronavirus-foi-descartada\/#breadcrumb","itemListElement":[{"@type":"ListItem","position":1,"name":"In\u00edcio","item":"https:\/\/verdadeon.com.br\/portal\/"},{"@type":"ListItem","position":2,"name":"Cristina Vitorino afirma que suspeita de coronav\u00edrus foi descartada"}]},{"@type":"WebSite","@id":"https:\/\/verdadeon.com.br\/portal\/#website","url":"https:\/\/verdadeon.com.br\/portal\/","name":"VerdadeOn","description":"Not\u00edcias di\u00e1rias sobre Franca, Regi\u00e3o, Esporte, Cultura, Cotidiano, Colunas. Cobertura nos principais eventos da cidade \u00e9 aqui - Verdadeon Franca","potentialAction":[{"@type":"SearchAction","target":{"@type":"EntryPoint","urlTemplate":"https:\/\/verdadeon.com.br\/portal\/?s={search_term_string}"},"query-input":{"@type":"PropertyValueSpecification","valueRequired":true,"valueName":"search_term_string"}}],"inLanguage":"pt-BR"},{"@type":"Person","@id":"https:\/\/verdadeon.com.br\/portal\/#\/schema\/person\/a5060ad1e9ea3df545188fc93ce43d2f","name":"Redacao VerdadeOn","image":{"@type":"ImageObject","inLanguage":"pt-BR","@id":"https:\/\/verdadeon.com.br\/portal\/#\/schema\/person\/image\/","url":"https:\/\/secure.gravatar.com\/avatar\/459a9613caaaf07f582c3d0841eea68bdd66f533e465e6ba8b9cb45619572cf4?s=96&d=mm&r=g","contentUrl":"https:\/\/secure.gravatar.com\/avatar\/459a9613caaaf07f582c3d0841eea68bdd66f533e465e6ba8b9cb45619572cf4?s=96&d=mm&r=g","caption":"Redacao VerdadeOn"},"url":"https:\/\/verdadeon.com.br\/portal\/author\/redacao\/"}]}},"jetpack_publicize_connections":[],"jetpack_featured_media_url":"https:\/\/i0.wp.com\/verdadeon.com.br\/portal\/wp-content\/uploads\/2020\/03\/Cristina-Vitorino-foto-Lindomar-Cailton-43.jpg?fit=1000%2C668&ssl=1","jetpack_sharing_enabled":true,"_links":{"self":[{"href":"https:\/\/verdadeon.com.br\/portal\/wp-json\/wp\/v2\/posts\/5232","targetHints":{"allow":["GET"]}}],"collection":[{"href":"https:\/\/verdadeon.com.br\/portal\/wp-json\/wp\/v2\/posts"}],"about":[{"href":"https:\/\/verdadeon.com.br\/portal\/wp-json\/wp\/v2\/types\/post"}],"author":[{"embeddable":true,"href":"https:\/\/verdadeon.com.br\/portal\/wp-json\/wp\/v2\/users\/10"}],"replies":[{"embeddable":true,"href":"https:\/\/verdadeon.com.br\/portal\/wp-json\/wp\/v2\/comments?post=5232"}],"version-history":[{"count":0,"href":"https:\/\/verdadeon.com.br\/portal\/wp-json\/wp\/v2\/posts\/5232\/revisions"}],"wp:featuredmedia":[{"embeddable":true,"href":"https:\/\/verdadeon.com.br\/portal\/wp-json\/wp\/v2\/media\/4894"}],"wp:attachment":[{"href":"https:\/\/verdadeon.com.br\/portal\/wp-json\/wp\/v2\/media?parent=5232"}],"wp:term":[{"taxonomy":"category","embeddable":true,"href":"https:\/\/verdadeon.com.br\/portal\/wp-json\/wp\/v2\/categories?post=5232"},{"taxonomy":"post_tag","embeddable":true,"href":"https:\/\/verdadeon.com.br\/portal\/wp-json\/wp\/v2\/tags?post=5232"}],"curies":[{"name":"wp","href":"https:\/\/api.w.org\/{rel}","templated":true}]}}