{"id":52306,"date":"2024-12-16T15:18:32","date_gmt":"2024-12-16T18:18:32","guid":{"rendered":"https:\/\/verdadeon.com.br\/portal\/?p=52306"},"modified":"2024-12-16T15:18:32","modified_gmt":"2024-12-16T18:18:32","slug":"santuario-santa-rita-de-cassia-divulga-programacao-especial-de-fim-de-ano","status":"publish","type":"post","link":"https:\/\/verdadeon.com.br\/portal\/2024\/12\/16\/santuario-santa-rita-de-cassia-divulga-programacao-especial-de-fim-de-ano\/","title":{"rendered":"Santu\u00e1rio Santa Rita de C\u00e1ssia divulga programa\u00e7\u00e3o especial de fim de ano"},"content":{"rendered":"<h2>No pr\u00f3ximo s\u00e1bado, 21 de dezembro, o Santu\u00e1rio recebe a &#8220;Cantata de Natal&#8221;, com mais de 200 cantores<\/h2>\n<p>Com o per\u00edodo das f\u00e9rias escolares e trabalhistas, muitas fam\u00edlias aproveitam o tempo livre para passeios culturais e momentos de lazer. Tamb\u00e9m o Santu\u00e1rio de Santa Rita de C\u00e1ssia, em C\u00e1ssia \u2013 MG, o maior do mundo dedicado \u00e0 Santa dos Imposs\u00edveis, unindo f\u00e9, devo\u00e7\u00e3o e cultura, preparou uma programa\u00e7\u00e3o especial.<br \/>\nAl\u00e9m das missas di\u00e1rias (2\u00aa a 6\u00aa feira: 12h e 19h; s\u00e1bados e domingos: 10h, 15h e 18h), os peregrinos poder\u00e3o aproveitar as seguintes programa\u00e7\u00f5es especiais:<\/p>\n<p><strong>Cantata de Natal<\/strong><\/p>\n<p>Pela terceira vez, o Santu\u00e1rio acolher\u00e1 a \u201cCantata de Natal\u201d, um projeto religioso e cultural que reunir\u00e1 cerca de 200 cantores que comp\u00f5em os corais infanto-juvenis das cidades de C\u00e1ssia, Passos e Itabirito, que executar\u00e3o can\u00e7\u00f5es natalinas e populares.<\/p>\n<p>Local: Santu\u00e1rio de Santa Rita, C\u00e1ssia-MG<br \/>\nData: 21 de dezembro, s\u00e1bado<br \/>\nHor\u00e1rio: 20h<br \/>\nEntrada gratuita<\/p>\n<p><strong>Dia Votivo em louvor a Santa Rita<\/strong><\/p>\n<p>A cada dia 22 de todo m\u00eas, os devotos de Santa Rita celebram um dia especial em honra de sua padroeira. No Santu\u00e1rio, este dia j\u00e1 se tornou uma tradi\u00e7\u00e3o, inclusive com o prop\u00f3sito chamado \u201c12\/22\u201d, ou seja: ir ao Santu\u00e1rio doze dias 22, para pedir ou agradecer \u00e0 Santa dos Imposs\u00edveis. Em dezembro, o Santu\u00e1rio celebra o \u00faltimo dia votivo de 2024, um dia prop\u00edcio para agradecer a intercess\u00e3o de Santa Rita pelas b\u00ean\u00e7\u00e3os deste ano e j\u00e1 rogar pelo novo ano que se avizinha.<\/p>\n<p>Local: Santu\u00e1rio de Santa Rita, C\u00e1ssia-MG<br \/>\nData: 22 de dezembro, domingo<br \/>\nSantas Missas: 10h, 15h e 18h.<\/p>\n<p><strong>Santas Missas de Natal<\/strong><\/p>\n<p>A tradi\u00e7\u00e3o e a doutrina cat\u00f3lica marcam como obrigat\u00f3ria a participa\u00e7\u00e3o de todos os fi\u00e9is nas Missas que celebram o nascimento do Salvador. S\u00e3o tradicionais as Missas da v\u00e9spera (noite) e do dia de Natal. Para bem acolher os devotos, o Santu\u00e1rio programou quatro missas, e espera receber muitos fi\u00e9is para bem celebrar o nascimento do Menino Deus.<\/p>\n<p>Local: Santu\u00e1rio de Santa Rita, C\u00e1ssia-MG<br \/>\nData: 24 de dezembro, ter\u00e7a-feira<br \/>\nSanta Missa da Noite de Natal: 19h<\/p>\n<p>Data: 25 de dezembro, quarta-feira<br \/>\nSantas Missas do dia de Natal: 10h, 15h e 19h<\/p>\n<p><strong>Santas Missas de Ano Novo<\/strong><\/p>\n<p>Na tradi\u00e7\u00e3o cat\u00f3lica, n\u00e3o existe Missa de Ano Novo, tendo em vista que o novo ciclo lit\u00fargico come\u00e7a com o primeiro domingo do Advento, quatro domingos antes do Natal, e n\u00e3o no dia 01\/01. Mas, nessa ocasi\u00e3o, a Igreja celebra a Solenidade de Santa Maria, M\u00e3e de Deus: no oitavo dia ap\u00f3s o Natal, dia em que os judeus d\u00e3o nome a um rec\u00e9m-nascido, esse menino \u00e9 o primog\u00eanito, realizam o ritual do Pidyon haben, \u201csomos convidados a aprender da Virgem M\u00e3e a \u2018conservar\u2019 a Palavra e a nos questionar o que o Senhor Jesus vai nos dizer ao longo desses dias, sabendo que estamos sob o \u201csinal\u201d das b\u00ean\u00e7\u00e3os de Deus\u201d (vatican.va).<\/p>\n<p>Local: Santu\u00e1rio de Santa Rita, C\u00e1ssia-MG<br \/>\nData: 31 de dezembro, ter\u00e7a-feira<br \/>\nSanta Missa da Noite: 19h<\/p>\n<p>Data: 1\u2070 de janeiro de 2025, quarta-feira<br \/>\nSantas Missas: 10h, 15h e 19h<\/p>\n<p><strong>Luau Jovem <\/strong><br \/>\nA juventude \u00e9 um distintivo do Santu\u00e1rio de Santa Rita de C\u00e1ssia: nossa padroeira \u00e9 tamb\u00e9m a padroeira das fam\u00edlias, e uma das maiores preocupa\u00e7\u00f5es das fam\u00edlias atuais, que tamb\u00e9m foi a de Santa Rita, s\u00e3o os jovens. Somado a isso, o Santu\u00e1rio \u00e9 detentor de uma rel\u00edquia do Beato Carlo Acutis, adolescente italiano nascido em 1992 e falecido em 2006, com 15 anos, que, em breve, ser\u00e1 proclamado santo. Tudo isso motivou o Santu\u00e1rio a pensar um evento exclusivo para os jovens. A proposta \u00e9 uma madrugada inteira de ora\u00e7\u00e3o, louvor e evangeliza\u00e7\u00e3o.<\/p>\n<p>Local: Santu\u00e1rio de Santa Rita, C\u00e1ssia-MG<br \/>\nData: 18 de janeiro de 2025, s\u00e1bado<\/p>\n<p>Programa\u00e7\u00e3o:<br \/>\n18h: Santa Missa de abertura<br \/>\n19h30: Atividade Paralela<br \/>\n21h: Momento \u201cCarlo Acutis\u201d<br \/>\n22h: Momento Mariano<br \/>\n23h: Prega\u00e7\u00e3o<br \/>\n00h: Show Gerados pela Imaculada<br \/>\n02h: Atividade Paralela<br \/>\n04h: Ros\u00e1rio da madrugada<br \/>\n07h: Adora\u00e7\u00e3o ao Sant\u00edssimo Sacramento<br \/>\n08h30: Atividade Paralela<br \/>\n10h: Santa Missa<\/p>\n<p><strong>E mais<\/strong><br \/>\nAl\u00e9m das missas di\u00e1rias e destes eventos, o santu\u00e1rio conta com um espa\u00e7o de 7 mil metros quadrados, com capacidade para acolher mais de 5 mil pessoas, em um complexo de 180 mil metros quadrados, com a r\u00e9plica da casa onde nasceu Santa Rita, vel\u00e1rio, centro comercial com 45 lojas, incluindo lanchonetes e restaurante, sanit\u00e1rios, heliponto e estacionamento para duzentos \u00f4nibus e mil carros.<\/p>\n<p>A agenda de eventos evangelizadores de 2025 j\u00e1 est\u00e1 divulgada, com eventos mensais, al\u00e9m da programa\u00e7\u00e3o da Semana Santa e da Novena e Festa de Santa Rita de C\u00e1ssia no site santuariocassia.com.br e nas redes sociais do santu\u00e1rio (@santuariosritadecassia).<\/p>\n","protected":false},"excerpt":{"rendered":"<p>No pr\u00f3ximo s\u00e1bado, 21 de dezembro, o Santu\u00e1rio recebe a &#8220;Cantata de Natal&#8221;, com mais de 200 cantores Com o per\u00edodo das f\u00e9rias escolares e trabalhistas,<span class=\"excerpt-hellip\"> [\u2026]<\/span><\/p>\n","protected":false},"author":10,"featured_media":25264,"comment_status":"open","ping_status":"open","sticky":false,"template":"","format":"standard","meta":{"_jetpack_memberships_contains_paid_content":false,"footnotes":"","jetpack_publicize_message":"","jetpack_publicize_feature_enabled":true,"jetpack_social_post_already_shared":true,"jetpack_social_options":{"image_generator_settings":{"template":"highway","default_image_id":0,"enabled":false},"version":2}},"categories":[28,44],"tags":[],"class_list":["post-52306","post","type-post","status-publish","format-standard","has-post-thumbnail","hentry","category-cotidiano","category-noticias"],"yoast_head":"<!-- This site is optimized with the Yoast SEO plugin v25.6 - https:\/\/yoast.com\/wordpress\/plugins\/seo\/ -->\n<title>Santu\u00e1rio Santa Rita de C\u00e1ssia divulga programa\u00e7\u00e3o especial de fim de ano - VerdadeOn<\/title>\n<meta name=\"robots\" content=\"index, follow, max-snippet:-1, max-image-preview:large, max-video-preview:-1\" \/>\n<link rel=\"canonical\" href=\"https:\/\/verdadeon.com.br\/portal\/2024\/12\/16\/santuario-santa-rita-de-cassia-divulga-programacao-especial-de-fim-de-ano\/\" \/>\n<meta property=\"og:locale\" content=\"pt_BR\" \/>\n<meta property=\"og:type\" content=\"article\" \/>\n<meta property=\"og:title\" content=\"Santu\u00e1rio Santa Rita de C\u00e1ssia divulga programa\u00e7\u00e3o especial de fim de ano - VerdadeOn\" \/>\n<meta property=\"og:description\" content=\"No pr\u00f3ximo s\u00e1bado, 21 de dezembro, o Santu\u00e1rio recebe a &#8220;Cantata de Natal&#8221;, com mais de 200 cantores Com o per\u00edodo das f\u00e9rias escolares e trabalhistas, [\u2026]\" \/>\n<meta property=\"og:url\" content=\"https:\/\/verdadeon.com.br\/portal\/2024\/12\/16\/santuario-santa-rita-de-cassia-divulga-programacao-especial-de-fim-de-ano\/\" \/>\n<meta property=\"og:site_name\" content=\"VerdadeOn\" \/>\n<meta property=\"article:published_time\" content=\"2024-12-16T18:18:32+00:00\" \/>\n<meta property=\"og:image\" content=\"https:\/\/verdadeon.com.br\/portal\/wp-content\/uploads\/2022\/05\/WhatsApp-Image-2022-05-23-at-17.47.29.jpeg\" \/>\n\t<meta property=\"og:image:width\" content=\"1080\" \/>\n\t<meta property=\"og:image:height\" content=\"739\" \/>\n\t<meta property=\"og:image:type\" content=\"image\/jpeg\" \/>\n<meta name=\"author\" content=\"Redacao VerdadeOn\" \/>\n<meta name=\"twitter:card\" content=\"summary_large_image\" \/>\n<meta name=\"twitter:label1\" content=\"Escrito por\" \/>\n\t<meta name=\"twitter:data1\" content=\"Redacao VerdadeOn\" \/>\n\t<meta name=\"twitter:label2\" content=\"Est. tempo de leitura\" \/>\n\t<meta name=\"twitter:data2\" content=\"4 minutos\" \/>\n<script type=\"application\/ld+json\" class=\"yoast-schema-graph\">{\"@context\":\"https:\/\/schema.org\",\"@graph\":[{\"@type\":\"WebPage\",\"@id\":\"https:\/\/verdadeon.com.br\/portal\/2024\/12\/16\/santuario-santa-rita-de-cassia-divulga-programacao-especial-de-fim-de-ano\/\",\"url\":\"https:\/\/verdadeon.com.br\/portal\/2024\/12\/16\/santuario-santa-rita-de-cassia-divulga-programacao-especial-de-fim-de-ano\/\",\"name\":\"Santu\u00e1rio Santa Rita de C\u00e1ssia divulga programa\u00e7\u00e3o especial de fim de ano - VerdadeOn\",\"isPartOf\":{\"@id\":\"https:\/\/verdadeon.com.br\/portal\/#website\"},\"primaryImageOfPage\":{\"@id\":\"https:\/\/verdadeon.com.br\/portal\/2024\/12\/16\/santuario-santa-rita-de-cassia-divulga-programacao-especial-de-fim-de-ano\/#primaryimage\"},\"image\":{\"@id\":\"https:\/\/verdadeon.com.br\/portal\/2024\/12\/16\/santuario-santa-rita-de-cassia-divulga-programacao-especial-de-fim-de-ano\/#primaryimage\"},\"thumbnailUrl\":\"https:\/\/i0.wp.com\/verdadeon.com.br\/portal\/wp-content\/uploads\/2022\/05\/WhatsApp-Image-2022-05-23-at-17.47.29.jpeg?fit=1080%2C739&ssl=1\",\"datePublished\":\"2024-12-16T18:18:32+00:00\",\"author\":{\"@id\":\"https:\/\/verdadeon.com.br\/portal\/#\/schema\/person\/a5060ad1e9ea3df545188fc93ce43d2f\"},\"breadcrumb\":{\"@id\":\"https:\/\/verdadeon.com.br\/portal\/2024\/12\/16\/santuario-santa-rita-de-cassia-divulga-programacao-especial-de-fim-de-ano\/#breadcrumb\"},\"inLanguage\":\"pt-BR\",\"potentialAction\":[{\"@type\":\"ReadAction\",\"target\":[\"https:\/\/verdadeon.com.br\/portal\/2024\/12\/16\/santuario-santa-rita-de-cassia-divulga-programacao-especial-de-fim-de-ano\/\"]}]},{\"@type\":\"ImageObject\",\"inLanguage\":\"pt-BR\",\"@id\":\"https:\/\/verdadeon.com.br\/portal\/2024\/12\/16\/santuario-santa-rita-de-cassia-divulga-programacao-especial-de-fim-de-ano\/#primaryimage\",\"url\":\"https:\/\/i0.wp.com\/verdadeon.com.br\/portal\/wp-content\/uploads\/2022\/05\/WhatsApp-Image-2022-05-23-at-17.47.29.jpeg?fit=1080%2C739&ssl=1\",\"contentUrl\":\"https:\/\/i0.wp.com\/verdadeon.com.br\/portal\/wp-content\/uploads\/2022\/05\/WhatsApp-Image-2022-05-23-at-17.47.29.jpeg?fit=1080%2C739&ssl=1\",\"width\":1080,\"height\":739,\"caption\":\"Santu\u00e1rio Santa Rita de C\u00e1ssia (\u00a9Divulga\u00e7\u00e3o)\"},{\"@type\":\"BreadcrumbList\",\"@id\":\"https:\/\/verdadeon.com.br\/portal\/2024\/12\/16\/santuario-santa-rita-de-cassia-divulga-programacao-especial-de-fim-de-ano\/#breadcrumb\",\"itemListElement\":[{\"@type\":\"ListItem\",\"position\":1,\"name\":\"In\u00edcio\",\"item\":\"https:\/\/verdadeon.com.br\/portal\/\"},{\"@type\":\"ListItem\",\"position\":2,\"name\":\"Santu\u00e1rio Santa Rita de C\u00e1ssia divulga programa\u00e7\u00e3o especial de fim de ano\"}]},{\"@type\":\"WebSite\",\"@id\":\"https:\/\/verdadeon.com.br\/portal\/#website\",\"url\":\"https:\/\/verdadeon.com.br\/portal\/\",\"name\":\"VerdadeOn\",\"description\":\"Not\u00edcias di\u00e1rias sobre Franca, Regi\u00e3o, Esporte, Cultura, Cotidiano, Colunas. Cobertura nos principais eventos da cidade \u00e9 aqui - Verdadeon Franca\",\"potentialAction\":[{\"@type\":\"SearchAction\",\"target\":{\"@type\":\"EntryPoint\",\"urlTemplate\":\"https:\/\/verdadeon.com.br\/portal\/?s={search_term_string}\"},\"query-input\":{\"@type\":\"PropertyValueSpecification\",\"valueRequired\":true,\"valueName\":\"search_term_string\"}}],\"inLanguage\":\"pt-BR\"},{\"@type\":\"Person\",\"@id\":\"https:\/\/verdadeon.com.br\/portal\/#\/schema\/person\/a5060ad1e9ea3df545188fc93ce43d2f\",\"name\":\"Redacao VerdadeOn\",\"image\":{\"@type\":\"ImageObject\",\"inLanguage\":\"pt-BR\",\"@id\":\"https:\/\/verdadeon.com.br\/portal\/#\/schema\/person\/image\/\",\"url\":\"https:\/\/secure.gravatar.com\/avatar\/459a9613caaaf07f582c3d0841eea68bdd66f533e465e6ba8b9cb45619572cf4?s=96&d=mm&r=g\",\"contentUrl\":\"https:\/\/secure.gravatar.com\/avatar\/459a9613caaaf07f582c3d0841eea68bdd66f533e465e6ba8b9cb45619572cf4?s=96&d=mm&r=g\",\"caption\":\"Redacao VerdadeOn\"},\"url\":\"https:\/\/verdadeon.com.br\/portal\/author\/redacao\/\"}]}<\/script>\n<!-- \/ Yoast SEO plugin. -->","yoast_head_json":{"title":"Santu\u00e1rio Santa Rita de C\u00e1ssia divulga programa\u00e7\u00e3o especial de fim de ano - VerdadeOn","robots":{"index":"index","follow":"follow","max-snippet":"max-snippet:-1","max-image-preview":"max-image-preview:large","max-video-preview":"max-video-preview:-1"},"canonical":"https:\/\/verdadeon.com.br\/portal\/2024\/12\/16\/santuario-santa-rita-de-cassia-divulga-programacao-especial-de-fim-de-ano\/","og_locale":"pt_BR","og_type":"article","og_title":"Santu\u00e1rio Santa Rita de C\u00e1ssia divulga programa\u00e7\u00e3o especial de fim de ano - VerdadeOn","og_description":"No pr\u00f3ximo s\u00e1bado, 21 de dezembro, o Santu\u00e1rio recebe a &#8220;Cantata de Natal&#8221;, com mais de 200 cantores Com o per\u00edodo das f\u00e9rias escolares e trabalhistas, [\u2026]","og_url":"https:\/\/verdadeon.com.br\/portal\/2024\/12\/16\/santuario-santa-rita-de-cassia-divulga-programacao-especial-de-fim-de-ano\/","og_site_name":"VerdadeOn","article_published_time":"2024-12-16T18:18:32+00:00","og_image":[{"width":1080,"height":739,"url":"https:\/\/verdadeon.com.br\/portal\/wp-content\/uploads\/2022\/05\/WhatsApp-Image-2022-05-23-at-17.47.29.jpeg","type":"image\/jpeg"}],"author":"Redacao VerdadeOn","twitter_card":"summary_large_image","twitter_misc":{"Escrito por":"Redacao VerdadeOn","Est. tempo de leitura":"4 minutos"},"schema":{"@context":"https:\/\/schema.org","@graph":[{"@type":"WebPage","@id":"https:\/\/verdadeon.com.br\/portal\/2024\/12\/16\/santuario-santa-rita-de-cassia-divulga-programacao-especial-de-fim-de-ano\/","url":"https:\/\/verdadeon.com.br\/portal\/2024\/12\/16\/santuario-santa-rita-de-cassia-divulga-programacao-especial-de-fim-de-ano\/","name":"Santu\u00e1rio Santa Rita de C\u00e1ssia divulga programa\u00e7\u00e3o especial de fim de ano - VerdadeOn","isPartOf":{"@id":"https:\/\/verdadeon.com.br\/portal\/#website"},"primaryImageOfPage":{"@id":"https:\/\/verdadeon.com.br\/portal\/2024\/12\/16\/santuario-santa-rita-de-cassia-divulga-programacao-especial-de-fim-de-ano\/#primaryimage"},"image":{"@id":"https:\/\/verdadeon.com.br\/portal\/2024\/12\/16\/santuario-santa-rita-de-cassia-divulga-programacao-especial-de-fim-de-ano\/#primaryimage"},"thumbnailUrl":"https:\/\/i0.wp.com\/verdadeon.com.br\/portal\/wp-content\/uploads\/2022\/05\/WhatsApp-Image-2022-05-23-at-17.47.29.jpeg?fit=1080%2C739&ssl=1","datePublished":"2024-12-16T18:18:32+00:00","author":{"@id":"https:\/\/verdadeon.com.br\/portal\/#\/schema\/person\/a5060ad1e9ea3df545188fc93ce43d2f"},"breadcrumb":{"@id":"https:\/\/verdadeon.com.br\/portal\/2024\/12\/16\/santuario-santa-rita-de-cassia-divulga-programacao-especial-de-fim-de-ano\/#breadcrumb"},"inLanguage":"pt-BR","potentialAction":[{"@type":"ReadAction","target":["https:\/\/verdadeon.com.br\/portal\/2024\/12\/16\/santuario-santa-rita-de-cassia-divulga-programacao-especial-de-fim-de-ano\/"]}]},{"@type":"ImageObject","inLanguage":"pt-BR","@id":"https:\/\/verdadeon.com.br\/portal\/2024\/12\/16\/santuario-santa-rita-de-cassia-divulga-programacao-especial-de-fim-de-ano\/#primaryimage","url":"https:\/\/i0.wp.com\/verdadeon.com.br\/portal\/wp-content\/uploads\/2022\/05\/WhatsApp-Image-2022-05-23-at-17.47.29.jpeg?fit=1080%2C739&ssl=1","contentUrl":"https:\/\/i0.wp.com\/verdadeon.com.br\/portal\/wp-content\/uploads\/2022\/05\/WhatsApp-Image-2022-05-23-at-17.47.29.jpeg?fit=1080%2C739&ssl=1","width":1080,"height":739,"caption":"Santu\u00e1rio Santa Rita de C\u00e1ssia (\u00a9Divulga\u00e7\u00e3o)"},{"@type":"BreadcrumbList","@id":"https:\/\/verdadeon.com.br\/portal\/2024\/12\/16\/santuario-santa-rita-de-cassia-divulga-programacao-especial-de-fim-de-ano\/#breadcrumb","itemListElement":[{"@type":"ListItem","position":1,"name":"In\u00edcio","item":"https:\/\/verdadeon.com.br\/portal\/"},{"@type":"ListItem","position":2,"name":"Santu\u00e1rio Santa Rita de C\u00e1ssia divulga programa\u00e7\u00e3o especial de fim de ano"}]},{"@type":"WebSite","@id":"https:\/\/verdadeon.com.br\/portal\/#website","url":"https:\/\/verdadeon.com.br\/portal\/","name":"VerdadeOn","description":"Not\u00edcias di\u00e1rias sobre Franca, Regi\u00e3o, Esporte, Cultura, Cotidiano, Colunas. Cobertura nos principais eventos da cidade \u00e9 aqui - Verdadeon Franca","potentialAction":[{"@type":"SearchAction","target":{"@type":"EntryPoint","urlTemplate":"https:\/\/verdadeon.com.br\/portal\/?s={search_term_string}"},"query-input":{"@type":"PropertyValueSpecification","valueRequired":true,"valueName":"search_term_string"}}],"inLanguage":"pt-BR"},{"@type":"Person","@id":"https:\/\/verdadeon.com.br\/portal\/#\/schema\/person\/a5060ad1e9ea3df545188fc93ce43d2f","name":"Redacao VerdadeOn","image":{"@type":"ImageObject","inLanguage":"pt-BR","@id":"https:\/\/verdadeon.com.br\/portal\/#\/schema\/person\/image\/","url":"https:\/\/secure.gravatar.com\/avatar\/459a9613caaaf07f582c3d0841eea68bdd66f533e465e6ba8b9cb45619572cf4?s=96&d=mm&r=g","contentUrl":"https:\/\/secure.gravatar.com\/avatar\/459a9613caaaf07f582c3d0841eea68bdd66f533e465e6ba8b9cb45619572cf4?s=96&d=mm&r=g","caption":"Redacao VerdadeOn"},"url":"https:\/\/verdadeon.com.br\/portal\/author\/redacao\/"}]}},"jetpack_publicize_connections":[],"jetpack_featured_media_url":"https:\/\/i0.wp.com\/verdadeon.com.br\/portal\/wp-content\/uploads\/2022\/05\/WhatsApp-Image-2022-05-23-at-17.47.29.jpeg?fit=1080%2C739&ssl=1","jetpack_sharing_enabled":true,"_links":{"self":[{"href":"https:\/\/verdadeon.com.br\/portal\/wp-json\/wp\/v2\/posts\/52306","targetHints":{"allow":["GET"]}}],"collection":[{"href":"https:\/\/verdadeon.com.br\/portal\/wp-json\/wp\/v2\/posts"}],"about":[{"href":"https:\/\/verdadeon.com.br\/portal\/wp-json\/wp\/v2\/types\/post"}],"author":[{"embeddable":true,"href":"https:\/\/verdadeon.com.br\/portal\/wp-json\/wp\/v2\/users\/10"}],"replies":[{"embeddable":true,"href":"https:\/\/verdadeon.com.br\/portal\/wp-json\/wp\/v2\/comments?post=52306"}],"version-history":[{"count":1,"href":"https:\/\/verdadeon.com.br\/portal\/wp-json\/wp\/v2\/posts\/52306\/revisions"}],"predecessor-version":[{"id":52307,"href":"https:\/\/verdadeon.com.br\/portal\/wp-json\/wp\/v2\/posts\/52306\/revisions\/52307"}],"wp:featuredmedia":[{"embeddable":true,"href":"https:\/\/verdadeon.com.br\/portal\/wp-json\/wp\/v2\/media\/25264"}],"wp:attachment":[{"href":"https:\/\/verdadeon.com.br\/portal\/wp-json\/wp\/v2\/media?parent=52306"}],"wp:term":[{"taxonomy":"category","embeddable":true,"href":"https:\/\/verdadeon.com.br\/portal\/wp-json\/wp\/v2\/categories?post=52306"},{"taxonomy":"post_tag","embeddable":true,"href":"https:\/\/verdadeon.com.br\/portal\/wp-json\/wp\/v2\/tags?post=52306"}],"curies":[{"name":"wp","href":"https:\/\/api.w.org\/{rel}","templated":true}]}}