{"id":52276,"date":"2024-12-16T08:00:11","date_gmt":"2024-12-16T11:00:11","guid":{"rendered":"https:\/\/verdadeon.com.br\/portal\/?p=52276"},"modified":"2024-12-16T12:09:02","modified_gmt":"2024-12-16T15:09:02","slug":"o-mercado-de-trabalho-em-2025-oportunidades-e-novos-caminhos-profissionais","status":"publish","type":"post","link":"https:\/\/verdadeon.com.br\/portal\/2024\/12\/16\/o-mercado-de-trabalho-em-2025-oportunidades-e-novos-caminhos-profissionais\/","title":{"rendered":"O mercado de trabalho em 2025: oportunidades e novos caminhos profissionais"},"content":{"rendered":"<h2>Acompanhando as tend\u00eancias, confira as \u00e1reas em alta e o que esperar do cen\u00e1rio de carreiras no pr\u00f3ximo ano<\/h2>\n<p>O mercado de trabalho de 2025 promete ser marcado por mudan\u00e7as significativas. Em um cen\u00e1rio cada vez mais din\u00e2mico e digital, novas oportunidades surgem a cada dia, enquanto \u00e1reas tradicionais se transformam para atender \u00e0s demandas de um mundo mais tecnol\u00f3gico e sustent\u00e1vel. Profissionais que se adaptarem rapidamente a essas transforma\u00e7\u00f5es ter\u00e3o a chance de se destacar, com a oferta de vagas em setores que est\u00e3o em constante crescimento.<\/p>\n<p>Com isso, surgem in\u00fameras \u00e1reas em ascens\u00e3o, e 2025 pode ser um ano decisivo para quem deseja crescer profissionalmente. A seguir, destacamos as principais tend\u00eancias que est\u00e3o moldando o futuro do trabalho e as oportunidades que devem surgir nos pr\u00f3ximos anos.<\/p>\n<p><strong>\u00c1reas em alta para o futuro pr\u00f3ximo<\/strong><\/p>\n<ul>\n<li><strong>Tecnologia da informa\u00e7\u00e3o e an\u00e1lise de dados<\/strong>: Com o avan\u00e7o da digitaliza\u00e7\u00e3o, a demanda por especialistas em TI e an\u00e1lise de dados \u00e9 mais forte do que nunca. A automa\u00e7\u00e3o dos processos empresariais e a necessidade crescente de an\u00e1lise de grandes volumes de dados tornam esses profissionais essenciais para o sucesso de qualquer empresa. Aqueles com experi\u00eancia em programa\u00e7\u00e3o, machine learning e an\u00e1lise preditiva estar\u00e3o em alta no mercado.<\/li>\n<li><strong>Sustentabilidade e energias renov\u00e1veis<\/strong>: As quest\u00f5es ambientais e a transi\u00e7\u00e3o para fontes de energia mais limpas s\u00e3o desafios globais. A busca por profissionais especializados em gest\u00e3o ambiental, engenharia de energias renov\u00e1veis e sustentabilidade corporativa segue em alta. A press\u00e3o para que empresas adotem pr\u00e1ticas mais respons\u00e1veis cria uma enorme demanda por quem possui habilidades nessa \u00e1rea.<\/li>\n<li><strong>Sa\u00fade<\/strong>: O setor da sa\u00fade continua em crescimento, principalmente devido ao envelhecimento da popula\u00e7\u00e3o e \u00e0 maior conscientiza\u00e7\u00e3o sobre bem-estar. A procura por m\u00e9dicos, enfermeiros, terapeutas e outros profissionais de sa\u00fade mental tamb\u00e9m segue em alta. Al\u00e9m disso, com o avan\u00e7o da telemedicina, o atendimento remoto ganha cada vez mais import\u00e2ncia, proporcionando novas oportunidades de trabalho para m\u00e9dicos e especialistas. Profissionais com conhecimento em tecnologias de sa\u00fade, como aplicativos de sa\u00fade e plataformas de telemedicina, estar\u00e3o bem posicionados para aproveitar as oportunidades.<\/li>\n<li><strong>Educa\u00e7\u00e3o<\/strong>: O setor educacional tamb\u00e9m promete grandes mudan\u00e7as. A pandemia acelerou o uso de plataformas digitais, tornando o ensino a dist\u00e2ncia uma alternativa cada vez mais popular. Forma\u00e7\u00f5es como <a href=\"https:\/\/www.cruzeirodosulvirtual.com.br\/graduacao\/engenharia-civil-ead-semipresencial\/\"><strong>engenharia civil EAD<\/strong><\/a>, por exemplo, podem ser uma op\u00e7\u00e3o para quem se identifica com \u00e1reas de exatas e constru\u00e7\u00e3o, mas busca flexibilidade nos estudos. A educa\u00e7\u00e3o online tamb\u00e9m traz mais possibilidades de inclus\u00e3o e democratiza\u00e7\u00e3o do ensino, com cursos que abrangem desde o ensino b\u00e1sico at\u00e9 a forma\u00e7\u00e3o de profissionais altamente qualificados em diversas \u00e1reas.<\/li>\n<\/ul>\n<p><strong>Dicas para quem deseja ingressar no mercado de trabalho em 2025<\/strong><\/p>\n<ul>\n<li><strong>Investir em qualifica\u00e7\u00e3o cont\u00ednua<\/strong>: A busca por qualifica\u00e7\u00e3o nunca foi t\u00e3o importante. Cursos de atualiza\u00e7\u00e3o e especializa\u00e7\u00e3o s\u00e3o essenciais para se manter competitivo no mercado. Investir em novas habilidades, como programa\u00e7\u00e3o, gest\u00e3o de projetos e comunica\u00e7\u00e3o digital, pode fazer toda a diferen\u00e7a.<\/li>\n<li><strong>Construir uma rede de contatos profissional<\/strong>: Participar de eventos, workshops, feiras de carreira e estar ativo em plataformas como LinkedIn s\u00e3o \u00f3timas maneiras de expandir sua rede de contatos.<\/li>\n<\/ul>\n<p><strong>Prepare-se para o futuro<\/strong><\/p>\n<p>Em 2025, as \u00e1reas de tecnologia, sa\u00fade, educa\u00e7\u00e3o e sustentabilidade estar\u00e3o em alta. Profissionais que se adaptarem \u00e0s tend\u00eancias e investirem em qualifica\u00e7\u00e3o ter\u00e3o grandes chances de sucesso. Forma\u00e7\u00f5es EAD oferecem flexibilidade e permitem o desenvolvimento profissional, atendendo \u00e0s demandas do mercado. O segredo para aproveitar as oportunidades \u00e9 se qualificar e estar preparado para os desafios do futuro.<\/p>\n","protected":false},"excerpt":{"rendered":"<p>Acompanhando as tend\u00eancias, confira as \u00e1reas em alta e o que esperar do cen\u00e1rio de carreiras no pr\u00f3ximo ano O mercado de trabalho de 2025 promete<span class=\"excerpt-hellip\"> [\u2026]<\/span><\/p>\n","protected":false},"author":10,"featured_media":52277,"comment_status":"open","ping_status":"open","sticky":false,"template":"","format":"standard","meta":{"_jetpack_memberships_contains_paid_content":false,"footnotes":"","jetpack_publicize_message":"","jetpack_publicize_feature_enabled":true,"jetpack_social_post_already_shared":true,"jetpack_social_options":{"image_generator_settings":{"template":"highway","default_image_id":0,"enabled":false},"version":2}},"categories":[28,44],"tags":[],"class_list":["post-52276","post","type-post","status-publish","format-standard","has-post-thumbnail","hentry","category-cotidiano","category-noticias"],"yoast_head":"<!-- This site is optimized with the Yoast SEO plugin v25.6 - https:\/\/yoast.com\/wordpress\/plugins\/seo\/ -->\n<title>O mercado de trabalho em 2025: oportunidades e novos caminhos profissionais - VerdadeOn<\/title>\n<meta name=\"robots\" content=\"index, follow, max-snippet:-1, max-image-preview:large, max-video-preview:-1\" \/>\n<link rel=\"canonical\" href=\"https:\/\/verdadeon.com.br\/portal\/2024\/12\/16\/o-mercado-de-trabalho-em-2025-oportunidades-e-novos-caminhos-profissionais\/\" \/>\n<meta property=\"og:locale\" content=\"pt_BR\" \/>\n<meta property=\"og:type\" content=\"article\" \/>\n<meta property=\"og:title\" content=\"O mercado de trabalho em 2025: oportunidades e novos caminhos profissionais - VerdadeOn\" \/>\n<meta property=\"og:description\" content=\"Acompanhando as tend\u00eancias, confira as \u00e1reas em alta e o que esperar do cen\u00e1rio de carreiras no pr\u00f3ximo ano O mercado de trabalho de 2025 promete [\u2026]\" \/>\n<meta property=\"og:url\" content=\"https:\/\/verdadeon.com.br\/portal\/2024\/12\/16\/o-mercado-de-trabalho-em-2025-oportunidades-e-novos-caminhos-profissionais\/\" \/>\n<meta property=\"og:site_name\" content=\"VerdadeOn\" \/>\n<meta property=\"article:published_time\" content=\"2024-12-16T11:00:11+00:00\" \/>\n<meta property=\"article:modified_time\" content=\"2024-12-16T15:09:02+00:00\" \/>\n<meta property=\"og:image\" content=\"https:\/\/verdadeon.com.br\/portal\/wp-content\/uploads\/2024\/12\/iStock-1221837194.jpg\" \/>\n\t<meta property=\"og:image:width\" content=\"1248\" \/>\n\t<meta property=\"og:image:height\" content=\"836\" \/>\n\t<meta property=\"og:image:type\" content=\"image\/jpeg\" \/>\n<meta name=\"author\" content=\"Redacao VerdadeOn\" \/>\n<meta name=\"twitter:card\" content=\"summary_large_image\" \/>\n<meta name=\"twitter:label1\" content=\"Escrito por\" \/>\n\t<meta name=\"twitter:data1\" content=\"Redacao VerdadeOn\" \/>\n\t<meta name=\"twitter:label2\" content=\"Est. tempo de leitura\" \/>\n\t<meta name=\"twitter:data2\" content=\"3 minutos\" \/>\n<script type=\"application\/ld+json\" class=\"yoast-schema-graph\">{\"@context\":\"https:\/\/schema.org\",\"@graph\":[{\"@type\":\"WebPage\",\"@id\":\"https:\/\/verdadeon.com.br\/portal\/2024\/12\/16\/o-mercado-de-trabalho-em-2025-oportunidades-e-novos-caminhos-profissionais\/\",\"url\":\"https:\/\/verdadeon.com.br\/portal\/2024\/12\/16\/o-mercado-de-trabalho-em-2025-oportunidades-e-novos-caminhos-profissionais\/\",\"name\":\"O mercado de trabalho em 2025: oportunidades e novos caminhos profissionais - VerdadeOn\",\"isPartOf\":{\"@id\":\"https:\/\/verdadeon.com.br\/portal\/#website\"},\"primaryImageOfPage\":{\"@id\":\"https:\/\/verdadeon.com.br\/portal\/2024\/12\/16\/o-mercado-de-trabalho-em-2025-oportunidades-e-novos-caminhos-profissionais\/#primaryimage\"},\"image\":{\"@id\":\"https:\/\/verdadeon.com.br\/portal\/2024\/12\/16\/o-mercado-de-trabalho-em-2025-oportunidades-e-novos-caminhos-profissionais\/#primaryimage\"},\"thumbnailUrl\":\"https:\/\/i0.wp.com\/verdadeon.com.br\/portal\/wp-content\/uploads\/2024\/12\/iStock-1221837194.jpg?fit=1248%2C836&ssl=1\",\"datePublished\":\"2024-12-16T11:00:11+00:00\",\"dateModified\":\"2024-12-16T15:09:02+00:00\",\"author\":{\"@id\":\"https:\/\/verdadeon.com.br\/portal\/#\/schema\/person\/a5060ad1e9ea3df545188fc93ce43d2f\"},\"breadcrumb\":{\"@id\":\"https:\/\/verdadeon.com.br\/portal\/2024\/12\/16\/o-mercado-de-trabalho-em-2025-oportunidades-e-novos-caminhos-profissionais\/#breadcrumb\"},\"inLanguage\":\"pt-BR\",\"potentialAction\":[{\"@type\":\"ReadAction\",\"target\":[\"https:\/\/verdadeon.com.br\/portal\/2024\/12\/16\/o-mercado-de-trabalho-em-2025-oportunidades-e-novos-caminhos-profissionais\/\"]}]},{\"@type\":\"ImageObject\",\"inLanguage\":\"pt-BR\",\"@id\":\"https:\/\/verdadeon.com.br\/portal\/2024\/12\/16\/o-mercado-de-trabalho-em-2025-oportunidades-e-novos-caminhos-profissionais\/#primaryimage\",\"url\":\"https:\/\/i0.wp.com\/verdadeon.com.br\/portal\/wp-content\/uploads\/2024\/12\/iStock-1221837194.jpg?fit=1248%2C836&ssl=1\",\"contentUrl\":\"https:\/\/i0.wp.com\/verdadeon.com.br\/portal\/wp-content\/uploads\/2024\/12\/iStock-1221837194.jpg?fit=1248%2C836&ssl=1\",\"width\":1248,\"height\":836,\"caption\":\"Segundo o Cadastro Geral de Empregados e Desempregados (Caged), a gera\u00e7\u00e3o de empregos no primeiro semestre de 2024 na cidade cresceu cerca de 30% (\u00a9iStock)\"},{\"@type\":\"BreadcrumbList\",\"@id\":\"https:\/\/verdadeon.com.br\/portal\/2024\/12\/16\/o-mercado-de-trabalho-em-2025-oportunidades-e-novos-caminhos-profissionais\/#breadcrumb\",\"itemListElement\":[{\"@type\":\"ListItem\",\"position\":1,\"name\":\"In\u00edcio\",\"item\":\"https:\/\/verdadeon.com.br\/portal\/\"},{\"@type\":\"ListItem\",\"position\":2,\"name\":\"O mercado de trabalho em 2025: oportunidades e novos caminhos profissionais\"}]},{\"@type\":\"WebSite\",\"@id\":\"https:\/\/verdadeon.com.br\/portal\/#website\",\"url\":\"https:\/\/verdadeon.com.br\/portal\/\",\"name\":\"VerdadeOn\",\"description\":\"Not\u00edcias di\u00e1rias sobre Franca, Regi\u00e3o, Esporte, Cultura, Cotidiano, Colunas. Cobertura nos principais eventos da cidade \u00e9 aqui - Verdadeon Franca\",\"potentialAction\":[{\"@type\":\"SearchAction\",\"target\":{\"@type\":\"EntryPoint\",\"urlTemplate\":\"https:\/\/verdadeon.com.br\/portal\/?s={search_term_string}\"},\"query-input\":{\"@type\":\"PropertyValueSpecification\",\"valueRequired\":true,\"valueName\":\"search_term_string\"}}],\"inLanguage\":\"pt-BR\"},{\"@type\":\"Person\",\"@id\":\"https:\/\/verdadeon.com.br\/portal\/#\/schema\/person\/a5060ad1e9ea3df545188fc93ce43d2f\",\"name\":\"Redacao VerdadeOn\",\"image\":{\"@type\":\"ImageObject\",\"inLanguage\":\"pt-BR\",\"@id\":\"https:\/\/verdadeon.com.br\/portal\/#\/schema\/person\/image\/\",\"url\":\"https:\/\/secure.gravatar.com\/avatar\/459a9613caaaf07f582c3d0841eea68bdd66f533e465e6ba8b9cb45619572cf4?s=96&d=mm&r=g\",\"contentUrl\":\"https:\/\/secure.gravatar.com\/avatar\/459a9613caaaf07f582c3d0841eea68bdd66f533e465e6ba8b9cb45619572cf4?s=96&d=mm&r=g\",\"caption\":\"Redacao VerdadeOn\"},\"url\":\"https:\/\/verdadeon.com.br\/portal\/author\/redacao\/\"}]}<\/script>\n<!-- \/ Yoast SEO plugin. -->","yoast_head_json":{"title":"O mercado de trabalho em 2025: oportunidades e novos caminhos profissionais - VerdadeOn","robots":{"index":"index","follow":"follow","max-snippet":"max-snippet:-1","max-image-preview":"max-image-preview:large","max-video-preview":"max-video-preview:-1"},"canonical":"https:\/\/verdadeon.com.br\/portal\/2024\/12\/16\/o-mercado-de-trabalho-em-2025-oportunidades-e-novos-caminhos-profissionais\/","og_locale":"pt_BR","og_type":"article","og_title":"O mercado de trabalho em 2025: oportunidades e novos caminhos profissionais - VerdadeOn","og_description":"Acompanhando as tend\u00eancias, confira as \u00e1reas em alta e o que esperar do cen\u00e1rio de carreiras no pr\u00f3ximo ano O mercado de trabalho de 2025 promete [\u2026]","og_url":"https:\/\/verdadeon.com.br\/portal\/2024\/12\/16\/o-mercado-de-trabalho-em-2025-oportunidades-e-novos-caminhos-profissionais\/","og_site_name":"VerdadeOn","article_published_time":"2024-12-16T11:00:11+00:00","article_modified_time":"2024-12-16T15:09:02+00:00","og_image":[{"width":1248,"height":836,"url":"https:\/\/verdadeon.com.br\/portal\/wp-content\/uploads\/2024\/12\/iStock-1221837194.jpg","type":"image\/jpeg"}],"author":"Redacao VerdadeOn","twitter_card":"summary_large_image","twitter_misc":{"Escrito por":"Redacao VerdadeOn","Est. tempo de leitura":"3 minutos"},"schema":{"@context":"https:\/\/schema.org","@graph":[{"@type":"WebPage","@id":"https:\/\/verdadeon.com.br\/portal\/2024\/12\/16\/o-mercado-de-trabalho-em-2025-oportunidades-e-novos-caminhos-profissionais\/","url":"https:\/\/verdadeon.com.br\/portal\/2024\/12\/16\/o-mercado-de-trabalho-em-2025-oportunidades-e-novos-caminhos-profissionais\/","name":"O mercado de trabalho em 2025: oportunidades e novos caminhos profissionais - VerdadeOn","isPartOf":{"@id":"https:\/\/verdadeon.com.br\/portal\/#website"},"primaryImageOfPage":{"@id":"https:\/\/verdadeon.com.br\/portal\/2024\/12\/16\/o-mercado-de-trabalho-em-2025-oportunidades-e-novos-caminhos-profissionais\/#primaryimage"},"image":{"@id":"https:\/\/verdadeon.com.br\/portal\/2024\/12\/16\/o-mercado-de-trabalho-em-2025-oportunidades-e-novos-caminhos-profissionais\/#primaryimage"},"thumbnailUrl":"https:\/\/i0.wp.com\/verdadeon.com.br\/portal\/wp-content\/uploads\/2024\/12\/iStock-1221837194.jpg?fit=1248%2C836&ssl=1","datePublished":"2024-12-16T11:00:11+00:00","dateModified":"2024-12-16T15:09:02+00:00","author":{"@id":"https:\/\/verdadeon.com.br\/portal\/#\/schema\/person\/a5060ad1e9ea3df545188fc93ce43d2f"},"breadcrumb":{"@id":"https:\/\/verdadeon.com.br\/portal\/2024\/12\/16\/o-mercado-de-trabalho-em-2025-oportunidades-e-novos-caminhos-profissionais\/#breadcrumb"},"inLanguage":"pt-BR","potentialAction":[{"@type":"ReadAction","target":["https:\/\/verdadeon.com.br\/portal\/2024\/12\/16\/o-mercado-de-trabalho-em-2025-oportunidades-e-novos-caminhos-profissionais\/"]}]},{"@type":"ImageObject","inLanguage":"pt-BR","@id":"https:\/\/verdadeon.com.br\/portal\/2024\/12\/16\/o-mercado-de-trabalho-em-2025-oportunidades-e-novos-caminhos-profissionais\/#primaryimage","url":"https:\/\/i0.wp.com\/verdadeon.com.br\/portal\/wp-content\/uploads\/2024\/12\/iStock-1221837194.jpg?fit=1248%2C836&ssl=1","contentUrl":"https:\/\/i0.wp.com\/verdadeon.com.br\/portal\/wp-content\/uploads\/2024\/12\/iStock-1221837194.jpg?fit=1248%2C836&ssl=1","width":1248,"height":836,"caption":"Segundo o Cadastro Geral de Empregados e Desempregados (Caged), a gera\u00e7\u00e3o de empregos no primeiro semestre de 2024 na cidade cresceu cerca de 30% (\u00a9iStock)"},{"@type":"BreadcrumbList","@id":"https:\/\/verdadeon.com.br\/portal\/2024\/12\/16\/o-mercado-de-trabalho-em-2025-oportunidades-e-novos-caminhos-profissionais\/#breadcrumb","itemListElement":[{"@type":"ListItem","position":1,"name":"In\u00edcio","item":"https:\/\/verdadeon.com.br\/portal\/"},{"@type":"ListItem","position":2,"name":"O mercado de trabalho em 2025: oportunidades e novos caminhos profissionais"}]},{"@type":"WebSite","@id":"https:\/\/verdadeon.com.br\/portal\/#website","url":"https:\/\/verdadeon.com.br\/portal\/","name":"VerdadeOn","description":"Not\u00edcias di\u00e1rias sobre Franca, Regi\u00e3o, Esporte, Cultura, Cotidiano, Colunas. Cobertura nos principais eventos da cidade \u00e9 aqui - Verdadeon Franca","potentialAction":[{"@type":"SearchAction","target":{"@type":"EntryPoint","urlTemplate":"https:\/\/verdadeon.com.br\/portal\/?s={search_term_string}"},"query-input":{"@type":"PropertyValueSpecification","valueRequired":true,"valueName":"search_term_string"}}],"inLanguage":"pt-BR"},{"@type":"Person","@id":"https:\/\/verdadeon.com.br\/portal\/#\/schema\/person\/a5060ad1e9ea3df545188fc93ce43d2f","name":"Redacao VerdadeOn","image":{"@type":"ImageObject","inLanguage":"pt-BR","@id":"https:\/\/verdadeon.com.br\/portal\/#\/schema\/person\/image\/","url":"https:\/\/secure.gravatar.com\/avatar\/459a9613caaaf07f582c3d0841eea68bdd66f533e465e6ba8b9cb45619572cf4?s=96&d=mm&r=g","contentUrl":"https:\/\/secure.gravatar.com\/avatar\/459a9613caaaf07f582c3d0841eea68bdd66f533e465e6ba8b9cb45619572cf4?s=96&d=mm&r=g","caption":"Redacao VerdadeOn"},"url":"https:\/\/verdadeon.com.br\/portal\/author\/redacao\/"}]}},"jetpack_publicize_connections":[],"jetpack_featured_media_url":"https:\/\/i0.wp.com\/verdadeon.com.br\/portal\/wp-content\/uploads\/2024\/12\/iStock-1221837194.jpg?fit=1248%2C836&ssl=1","jetpack_sharing_enabled":true,"_links":{"self":[{"href":"https:\/\/verdadeon.com.br\/portal\/wp-json\/wp\/v2\/posts\/52276","targetHints":{"allow":["GET"]}}],"collection":[{"href":"https:\/\/verdadeon.com.br\/portal\/wp-json\/wp\/v2\/posts"}],"about":[{"href":"https:\/\/verdadeon.com.br\/portal\/wp-json\/wp\/v2\/types\/post"}],"author":[{"embeddable":true,"href":"https:\/\/verdadeon.com.br\/portal\/wp-json\/wp\/v2\/users\/10"}],"replies":[{"embeddable":true,"href":"https:\/\/verdadeon.com.br\/portal\/wp-json\/wp\/v2\/comments?post=52276"}],"version-history":[{"count":1,"href":"https:\/\/verdadeon.com.br\/portal\/wp-json\/wp\/v2\/posts\/52276\/revisions"}],"predecessor-version":[{"id":52278,"href":"https:\/\/verdadeon.com.br\/portal\/wp-json\/wp\/v2\/posts\/52276\/revisions\/52278"}],"wp:featuredmedia":[{"embeddable":true,"href":"https:\/\/verdadeon.com.br\/portal\/wp-json\/wp\/v2\/media\/52277"}],"wp:attachment":[{"href":"https:\/\/verdadeon.com.br\/portal\/wp-json\/wp\/v2\/media?parent=52276"}],"wp:term":[{"taxonomy":"category","embeddable":true,"href":"https:\/\/verdadeon.com.br\/portal\/wp-json\/wp\/v2\/categories?post=52276"},{"taxonomy":"post_tag","embeddable":true,"href":"https:\/\/verdadeon.com.br\/portal\/wp-json\/wp\/v2\/tags?post=52276"}],"curies":[{"name":"wp","href":"https:\/\/api.w.org\/{rel}","templated":true}]}}