{"id":5202,"date":"2020-03-18T12:39:24","date_gmt":"2020-03-18T15:39:24","guid":{"rendered":"http:\/\/verdadeon.com.br\/portal\/?p=5202"},"modified":"2020-03-18T13:25:43","modified_gmt":"2020-03-18T16:25:43","slug":"anatel-pede-que-operadoras-aumentem-velocidade-de-banda-larga-em-meio-a-pandemia","status":"publish","type":"post","link":"https:\/\/verdadeon.com.br\/portal\/2020\/03\/18\/anatel-pede-que-operadoras-aumentem-velocidade-de-banda-larga-em-meio-a-pandemia\/","title":{"rendered":"Anatel pede que operadoras aumentem velocidade de banda larga em meio \u00e0 pandemia"},"content":{"rendered":"<h2>A\u00a0<a class=\"linkagem\" title=\"Ir para tudo sobre Anatel\" href=\"https:\/\/canaltech.com.br\/empresa\/anatel\/\">Ag\u00eancia Nacional de Telecomunica\u00e7\u00f5es<\/a>\u00a0(Anatel) est\u00e1 pedindo que as operadoras de telecomunica\u00e7\u00f5es tomem medidas para colaborar com a conten\u00e7\u00e3o da COVID-19<\/h2>\n<p>O \u00f3rg\u00e3o enviou of\u00edcio \u00e0s empresas com uma s\u00e9rie de a\u00e7\u00f5es como amplia\u00e7\u00e3o de banda e acesso gratuito a apps com informa\u00e7\u00f5es oficiais sobre a doen\u00e7a.<\/p>\n<div class=\"continua-apos-publicidade\"><\/div>\n<blockquote><p>\u201cA evolu\u00e7\u00e3o no n\u00famero de casos confirmados e suspeitos nos \u00faltimos dias imp\u00f5e, contudo, que novos avan\u00e7os sejam feitos. Com um cen\u00e1rio de maior distanciamento f\u00edsico entre as pessoas, requisi\u00e7\u00f5es de quarentena e de trabalho remoto, as conex\u00f5es de acesso \u00e0s redes se tornar\u00e3o ainda mais essenciais. A preserva\u00e7\u00e3o de fluxos de trabalho, de ensino, de acesso a informa\u00e7\u00f5es sobre sa\u00fade e tamb\u00e9m de lazer, depender\u00e1 em grande medida dos servi\u00e7os de telecomunica\u00e7\u00f5es\u201d, informa o of\u00edcio.<\/p><\/blockquote>\n<p>No total, s\u00e3o oito medidas que o \u00f3rg\u00e3o pede \u00e0s empresas prestadoras de servi\u00e7o m\u00f3vel. A primeira \u00e9 o chamado zero rating para o app Coronav\u00edrus-SUS. O programa foi\u00a0<a href=\"https:\/\/canaltech.com.br\/produtos\/ministerio-da-saude-aplicativo-oficial-coronavirus-161182\/\">lan\u00e7ado pelo Minist\u00e9rio da Sa\u00fade com informa\u00e7\u00f5es oficiais<\/a>\u00a0sobre casos da doen\u00e7a e preven\u00e7\u00e3o no Brasil. O zero rating significa acesso ao app sem que isso seja cobrado do pacote de dados do usu\u00e1rio.<\/p>\n<p>A Anatel tamb\u00e9m pede que as operadoras ampliem o acesso a pontos p\u00fablicos de Wi-Fi para n\u00e3o-assinantes e amplie a velocidade da banda larga fixa.<\/p>\n<div class=\"player_dynad_tv\"><\/div>\n<p>O \u00f3rg\u00e3o tamb\u00e9m se preocupa com a infraestrutura e pede que as empresas priorizem atendimentos em estabelecimentos de sa\u00fade e servi\u00e7os de urg\u00eancia, como hospitais, farm\u00e1cias e atendimento ao p\u00fablico, al\u00e9m de solicitar que as companhias definam um plano para garantir a estabilidade t\u00e9cnica em momentos de alta demanda, como deve acontecer agora.<\/p>\n<p>Outras medidas incluem flexibilizar prazos de pagamentos de inadimplentes em \u00e1reas de isolamento, divulgar pr\u00e1ticas de higiene internas e promover campanhas com informa\u00e7\u00f5es sobre a COVID-19.<\/p>\n<p>\u201cNo sentido de dar in\u00edcio \u00e0 consolida\u00e7\u00e3o das solu\u00e7\u00f5es, a Presid\u00eancia e as \u00e1reas t\u00e9cnicas est\u00e3o adotando preparativos para realiza\u00e7\u00e3o de reuni\u00f5es com solu\u00e7\u00e3o de acesso remoto de participa\u00e7\u00e3o, a ocorrer no in\u00edcio desta semana, sendo imprescind\u00edvel a participa\u00e7\u00e3o dos representantes acima mencionados\u201d, completa o of\u00edcio.<\/p>\n<p>Para facilitar a divulga\u00e7\u00e3o, a Anatel tamb\u00e9m vai disponibilizar uma p\u00e1gina que re\u00fane todas as movimenta\u00e7\u00f5es das operadoras pelo pa\u00eds.<\/p>\n<h6 class=\"source\"><em>Fonte:\u00a0<a class=\"MSI_ext_nofollow\" href=\"https:\/\/sei.anatel.gov.br\/sei\/controlador_externo.php?acao=documento_conferir&amp;codigo_verificador=5336607&amp;codigo_crc=6867FEBF&amp;hash_download=f573d2efb5911b2897897101c189a6af3f1f6557daaf8d5f8c09fe583b6fda74ed9b487ea8ae4ef551042074caf14f1e96df84b1556d962fbf1211be6c8d2db9&amp;visualizacao=1&amp;id_orgao_acesso_externo=0\" target=\"_blank\" rel=\"nofollow noopener noreferrer\">Anatel<\/a> | CanalTech<\/em><\/h6>\n","protected":false},"excerpt":{"rendered":"<p>A\u00a0Ag\u00eancia Nacional de Telecomunica\u00e7\u00f5es\u00a0(Anatel) est\u00e1 pedindo que as operadoras de telecomunica\u00e7\u00f5es tomem medidas para colaborar com a conten\u00e7\u00e3o da COVID-19 O \u00f3rg\u00e3o enviou of\u00edcio \u00e0s empresas<span class=\"excerpt-hellip\"> [\u2026]<\/span><\/p>\n","protected":false},"author":10,"featured_media":5205,"comment_status":"open","ping_status":"open","sticky":false,"template":"","format":"standard","meta":{"_jetpack_memberships_contains_paid_content":false,"footnotes":"","jetpack_publicize_message":"","jetpack_publicize_feature_enabled":true,"jetpack_social_post_already_shared":false,"jetpack_social_options":{"image_generator_settings":{"template":"highway","default_image_id":0,"enabled":false},"version":2}},"categories":[51,104,44,30],"tags":[52],"class_list":["post-5202","post","type-post","status-publish","format-standard","has-post-thumbnail","hentry","category-ciencia-e-tecnologia","category-coronavirus","category-noticias","category-variedades","tag-ciencia-tecnologia"],"yoast_head":"<!-- This site is optimized with the Yoast SEO plugin v25.6 - https:\/\/yoast.com\/wordpress\/plugins\/seo\/ -->\n<title>Anatel pede que operadoras aumentem velocidade de banda larga em meio \u00e0 pandemia - VerdadeOn<\/title>\n<meta name=\"robots\" content=\"index, follow, max-snippet:-1, max-image-preview:large, max-video-preview:-1\" \/>\n<link rel=\"canonical\" href=\"https:\/\/verdadeon.com.br\/portal\/2020\/03\/18\/anatel-pede-que-operadoras-aumentem-velocidade-de-banda-larga-em-meio-a-pandemia\/\" \/>\n<meta property=\"og:locale\" content=\"pt_BR\" \/>\n<meta property=\"og:type\" content=\"article\" \/>\n<meta property=\"og:title\" content=\"Anatel pede que operadoras aumentem velocidade de banda larga em meio \u00e0 pandemia - VerdadeOn\" \/>\n<meta property=\"og:description\" content=\"A\u00a0Ag\u00eancia Nacional de Telecomunica\u00e7\u00f5es\u00a0(Anatel) est\u00e1 pedindo que as operadoras de telecomunica\u00e7\u00f5es tomem medidas para colaborar com a conten\u00e7\u00e3o da COVID-19 O \u00f3rg\u00e3o enviou of\u00edcio \u00e0s empresas [\u2026]\" \/>\n<meta property=\"og:url\" content=\"https:\/\/verdadeon.com.br\/portal\/2020\/03\/18\/anatel-pede-que-operadoras-aumentem-velocidade-de-banda-larga-em-meio-a-pandemia\/\" \/>\n<meta property=\"og:site_name\" content=\"VerdadeOn\" \/>\n<meta property=\"article:published_time\" content=\"2020-03-18T15:39:24+00:00\" \/>\n<meta property=\"article:modified_time\" content=\"2020-03-18T16:25:43+00:00\" \/>\n<meta property=\"og:image\" content=\"https:\/\/verdadeon.com.br\/portal\/wp-content\/uploads\/2020\/03\/anatel-pede-que-operadoras-aumentem-velocidade-de-banda-larga-em-meio-a-pandemia-scaled.jpg\" \/>\n\t<meta property=\"og:image:width\" content=\"1000\" \/>\n\t<meta property=\"og:image:height\" content=\"563\" \/>\n\t<meta property=\"og:image:type\" content=\"image\/jpeg\" \/>\n<meta name=\"author\" content=\"Redacao VerdadeOn\" \/>\n<meta name=\"twitter:card\" content=\"summary_large_image\" \/>\n<meta name=\"twitter:label1\" content=\"Escrito por\" \/>\n\t<meta name=\"twitter:data1\" content=\"Redacao VerdadeOn\" \/>\n\t<meta name=\"twitter:label2\" content=\"Est. tempo de leitura\" \/>\n\t<meta name=\"twitter:data2\" content=\"2 minutos\" \/>\n<script type=\"application\/ld+json\" class=\"yoast-schema-graph\">{\"@context\":\"https:\/\/schema.org\",\"@graph\":[{\"@type\":\"WebPage\",\"@id\":\"https:\/\/verdadeon.com.br\/portal\/2020\/03\/18\/anatel-pede-que-operadoras-aumentem-velocidade-de-banda-larga-em-meio-a-pandemia\/\",\"url\":\"https:\/\/verdadeon.com.br\/portal\/2020\/03\/18\/anatel-pede-que-operadoras-aumentem-velocidade-de-banda-larga-em-meio-a-pandemia\/\",\"name\":\"Anatel pede que operadoras aumentem velocidade de banda larga em meio \u00e0 pandemia - VerdadeOn\",\"isPartOf\":{\"@id\":\"https:\/\/verdadeon.com.br\/portal\/#website\"},\"primaryImageOfPage\":{\"@id\":\"https:\/\/verdadeon.com.br\/portal\/2020\/03\/18\/anatel-pede-que-operadoras-aumentem-velocidade-de-banda-larga-em-meio-a-pandemia\/#primaryimage\"},\"image\":{\"@id\":\"https:\/\/verdadeon.com.br\/portal\/2020\/03\/18\/anatel-pede-que-operadoras-aumentem-velocidade-de-banda-larga-em-meio-a-pandemia\/#primaryimage\"},\"thumbnailUrl\":\"https:\/\/i0.wp.com\/verdadeon.com.br\/portal\/wp-content\/uploads\/2020\/03\/anatel-pede-que-operadoras-aumentem-velocidade-de-banda-larga-em-meio-a-pandemia-scaled.jpg?fit=1000%2C563&ssl=1\",\"datePublished\":\"2020-03-18T15:39:24+00:00\",\"dateModified\":\"2020-03-18T16:25:43+00:00\",\"author\":{\"@id\":\"https:\/\/verdadeon.com.br\/portal\/#\/schema\/person\/a5060ad1e9ea3df545188fc93ce43d2f\"},\"breadcrumb\":{\"@id\":\"https:\/\/verdadeon.com.br\/portal\/2020\/03\/18\/anatel-pede-que-operadoras-aumentem-velocidade-de-banda-larga-em-meio-a-pandemia\/#breadcrumb\"},\"inLanguage\":\"pt-BR\",\"potentialAction\":[{\"@type\":\"ReadAction\",\"target\":[\"https:\/\/verdadeon.com.br\/portal\/2020\/03\/18\/anatel-pede-que-operadoras-aumentem-velocidade-de-banda-larga-em-meio-a-pandemia\/\"]}]},{\"@type\":\"ImageObject\",\"inLanguage\":\"pt-BR\",\"@id\":\"https:\/\/verdadeon.com.br\/portal\/2020\/03\/18\/anatel-pede-que-operadoras-aumentem-velocidade-de-banda-larga-em-meio-a-pandemia\/#primaryimage\",\"url\":\"https:\/\/i0.wp.com\/verdadeon.com.br\/portal\/wp-content\/uploads\/2020\/03\/anatel-pede-que-operadoras-aumentem-velocidade-de-banda-larga-em-meio-a-pandemia-scaled.jpg?fit=1000%2C563&ssl=1\",\"contentUrl\":\"https:\/\/i0.wp.com\/verdadeon.com.br\/portal\/wp-content\/uploads\/2020\/03\/anatel-pede-que-operadoras-aumentem-velocidade-de-banda-larga-em-meio-a-pandemia-scaled.jpg?fit=1000%2C563&ssl=1\",\"width\":1000,\"height\":563,\"caption\":\"Imagem Divulga\u00e7\u00e3o\"},{\"@type\":\"BreadcrumbList\",\"@id\":\"https:\/\/verdadeon.com.br\/portal\/2020\/03\/18\/anatel-pede-que-operadoras-aumentem-velocidade-de-banda-larga-em-meio-a-pandemia\/#breadcrumb\",\"itemListElement\":[{\"@type\":\"ListItem\",\"position\":1,\"name\":\"In\u00edcio\",\"item\":\"https:\/\/verdadeon.com.br\/portal\/\"},{\"@type\":\"ListItem\",\"position\":2,\"name\":\"Anatel pede que operadoras aumentem velocidade de banda larga em meio \u00e0 pandemia\"}]},{\"@type\":\"WebSite\",\"@id\":\"https:\/\/verdadeon.com.br\/portal\/#website\",\"url\":\"https:\/\/verdadeon.com.br\/portal\/\",\"name\":\"VerdadeOn\",\"description\":\"Not\u00edcias di\u00e1rias sobre Franca, Regi\u00e3o, Esporte, Cultura, Cotidiano, Colunas. Cobertura nos principais eventos da cidade \u00e9 aqui - Verdadeon Franca\",\"potentialAction\":[{\"@type\":\"SearchAction\",\"target\":{\"@type\":\"EntryPoint\",\"urlTemplate\":\"https:\/\/verdadeon.com.br\/portal\/?s={search_term_string}\"},\"query-input\":{\"@type\":\"PropertyValueSpecification\",\"valueRequired\":true,\"valueName\":\"search_term_string\"}}],\"inLanguage\":\"pt-BR\"},{\"@type\":\"Person\",\"@id\":\"https:\/\/verdadeon.com.br\/portal\/#\/schema\/person\/a5060ad1e9ea3df545188fc93ce43d2f\",\"name\":\"Redacao VerdadeOn\",\"image\":{\"@type\":\"ImageObject\",\"inLanguage\":\"pt-BR\",\"@id\":\"https:\/\/verdadeon.com.br\/portal\/#\/schema\/person\/image\/\",\"url\":\"https:\/\/secure.gravatar.com\/avatar\/459a9613caaaf07f582c3d0841eea68bdd66f533e465e6ba8b9cb45619572cf4?s=96&d=mm&r=g\",\"contentUrl\":\"https:\/\/secure.gravatar.com\/avatar\/459a9613caaaf07f582c3d0841eea68bdd66f533e465e6ba8b9cb45619572cf4?s=96&d=mm&r=g\",\"caption\":\"Redacao VerdadeOn\"},\"url\":\"https:\/\/verdadeon.com.br\/portal\/author\/redacao\/\"}]}<\/script>\n<!-- \/ Yoast SEO plugin. -->","yoast_head_json":{"title":"Anatel pede que operadoras aumentem velocidade de banda larga em meio \u00e0 pandemia - VerdadeOn","robots":{"index":"index","follow":"follow","max-snippet":"max-snippet:-1","max-image-preview":"max-image-preview:large","max-video-preview":"max-video-preview:-1"},"canonical":"https:\/\/verdadeon.com.br\/portal\/2020\/03\/18\/anatel-pede-que-operadoras-aumentem-velocidade-de-banda-larga-em-meio-a-pandemia\/","og_locale":"pt_BR","og_type":"article","og_title":"Anatel pede que operadoras aumentem velocidade de banda larga em meio \u00e0 pandemia - VerdadeOn","og_description":"A\u00a0Ag\u00eancia Nacional de Telecomunica\u00e7\u00f5es\u00a0(Anatel) est\u00e1 pedindo que as operadoras de telecomunica\u00e7\u00f5es tomem medidas para colaborar com a conten\u00e7\u00e3o da COVID-19 O \u00f3rg\u00e3o enviou of\u00edcio \u00e0s empresas [\u2026]","og_url":"https:\/\/verdadeon.com.br\/portal\/2020\/03\/18\/anatel-pede-que-operadoras-aumentem-velocidade-de-banda-larga-em-meio-a-pandemia\/","og_site_name":"VerdadeOn","article_published_time":"2020-03-18T15:39:24+00:00","article_modified_time":"2020-03-18T16:25:43+00:00","og_image":[{"width":1000,"height":563,"url":"https:\/\/verdadeon.com.br\/portal\/wp-content\/uploads\/2020\/03\/anatel-pede-que-operadoras-aumentem-velocidade-de-banda-larga-em-meio-a-pandemia-scaled.jpg","type":"image\/jpeg"}],"author":"Redacao VerdadeOn","twitter_card":"summary_large_image","twitter_misc":{"Escrito por":"Redacao VerdadeOn","Est. tempo de leitura":"2 minutos"},"schema":{"@context":"https:\/\/schema.org","@graph":[{"@type":"WebPage","@id":"https:\/\/verdadeon.com.br\/portal\/2020\/03\/18\/anatel-pede-que-operadoras-aumentem-velocidade-de-banda-larga-em-meio-a-pandemia\/","url":"https:\/\/verdadeon.com.br\/portal\/2020\/03\/18\/anatel-pede-que-operadoras-aumentem-velocidade-de-banda-larga-em-meio-a-pandemia\/","name":"Anatel pede que operadoras aumentem velocidade de banda larga em meio \u00e0 pandemia - VerdadeOn","isPartOf":{"@id":"https:\/\/verdadeon.com.br\/portal\/#website"},"primaryImageOfPage":{"@id":"https:\/\/verdadeon.com.br\/portal\/2020\/03\/18\/anatel-pede-que-operadoras-aumentem-velocidade-de-banda-larga-em-meio-a-pandemia\/#primaryimage"},"image":{"@id":"https:\/\/verdadeon.com.br\/portal\/2020\/03\/18\/anatel-pede-que-operadoras-aumentem-velocidade-de-banda-larga-em-meio-a-pandemia\/#primaryimage"},"thumbnailUrl":"https:\/\/i0.wp.com\/verdadeon.com.br\/portal\/wp-content\/uploads\/2020\/03\/anatel-pede-que-operadoras-aumentem-velocidade-de-banda-larga-em-meio-a-pandemia-scaled.jpg?fit=1000%2C563&ssl=1","datePublished":"2020-03-18T15:39:24+00:00","dateModified":"2020-03-18T16:25:43+00:00","author":{"@id":"https:\/\/verdadeon.com.br\/portal\/#\/schema\/person\/a5060ad1e9ea3df545188fc93ce43d2f"},"breadcrumb":{"@id":"https:\/\/verdadeon.com.br\/portal\/2020\/03\/18\/anatel-pede-que-operadoras-aumentem-velocidade-de-banda-larga-em-meio-a-pandemia\/#breadcrumb"},"inLanguage":"pt-BR","potentialAction":[{"@type":"ReadAction","target":["https:\/\/verdadeon.com.br\/portal\/2020\/03\/18\/anatel-pede-que-operadoras-aumentem-velocidade-de-banda-larga-em-meio-a-pandemia\/"]}]},{"@type":"ImageObject","inLanguage":"pt-BR","@id":"https:\/\/verdadeon.com.br\/portal\/2020\/03\/18\/anatel-pede-que-operadoras-aumentem-velocidade-de-banda-larga-em-meio-a-pandemia\/#primaryimage","url":"https:\/\/i0.wp.com\/verdadeon.com.br\/portal\/wp-content\/uploads\/2020\/03\/anatel-pede-que-operadoras-aumentem-velocidade-de-banda-larga-em-meio-a-pandemia-scaled.jpg?fit=1000%2C563&ssl=1","contentUrl":"https:\/\/i0.wp.com\/verdadeon.com.br\/portal\/wp-content\/uploads\/2020\/03\/anatel-pede-que-operadoras-aumentem-velocidade-de-banda-larga-em-meio-a-pandemia-scaled.jpg?fit=1000%2C563&ssl=1","width":1000,"height":563,"caption":"Imagem Divulga\u00e7\u00e3o"},{"@type":"BreadcrumbList","@id":"https:\/\/verdadeon.com.br\/portal\/2020\/03\/18\/anatel-pede-que-operadoras-aumentem-velocidade-de-banda-larga-em-meio-a-pandemia\/#breadcrumb","itemListElement":[{"@type":"ListItem","position":1,"name":"In\u00edcio","item":"https:\/\/verdadeon.com.br\/portal\/"},{"@type":"ListItem","position":2,"name":"Anatel pede que operadoras aumentem velocidade de banda larga em meio \u00e0 pandemia"}]},{"@type":"WebSite","@id":"https:\/\/verdadeon.com.br\/portal\/#website","url":"https:\/\/verdadeon.com.br\/portal\/","name":"VerdadeOn","description":"Not\u00edcias di\u00e1rias sobre Franca, Regi\u00e3o, Esporte, Cultura, Cotidiano, Colunas. Cobertura nos principais eventos da cidade \u00e9 aqui - Verdadeon Franca","potentialAction":[{"@type":"SearchAction","target":{"@type":"EntryPoint","urlTemplate":"https:\/\/verdadeon.com.br\/portal\/?s={search_term_string}"},"query-input":{"@type":"PropertyValueSpecification","valueRequired":true,"valueName":"search_term_string"}}],"inLanguage":"pt-BR"},{"@type":"Person","@id":"https:\/\/verdadeon.com.br\/portal\/#\/schema\/person\/a5060ad1e9ea3df545188fc93ce43d2f","name":"Redacao VerdadeOn","image":{"@type":"ImageObject","inLanguage":"pt-BR","@id":"https:\/\/verdadeon.com.br\/portal\/#\/schema\/person\/image\/","url":"https:\/\/secure.gravatar.com\/avatar\/459a9613caaaf07f582c3d0841eea68bdd66f533e465e6ba8b9cb45619572cf4?s=96&d=mm&r=g","contentUrl":"https:\/\/secure.gravatar.com\/avatar\/459a9613caaaf07f582c3d0841eea68bdd66f533e465e6ba8b9cb45619572cf4?s=96&d=mm&r=g","caption":"Redacao VerdadeOn"},"url":"https:\/\/verdadeon.com.br\/portal\/author\/redacao\/"}]}},"jetpack_publicize_connections":[],"jetpack_featured_media_url":"https:\/\/i0.wp.com\/verdadeon.com.br\/portal\/wp-content\/uploads\/2020\/03\/anatel-pede-que-operadoras-aumentem-velocidade-de-banda-larga-em-meio-a-pandemia-scaled.jpg?fit=1000%2C563&ssl=1","jetpack_sharing_enabled":true,"_links":{"self":[{"href":"https:\/\/verdadeon.com.br\/portal\/wp-json\/wp\/v2\/posts\/5202","targetHints":{"allow":["GET"]}}],"collection":[{"href":"https:\/\/verdadeon.com.br\/portal\/wp-json\/wp\/v2\/posts"}],"about":[{"href":"https:\/\/verdadeon.com.br\/portal\/wp-json\/wp\/v2\/types\/post"}],"author":[{"embeddable":true,"href":"https:\/\/verdadeon.com.br\/portal\/wp-json\/wp\/v2\/users\/10"}],"replies":[{"embeddable":true,"href":"https:\/\/verdadeon.com.br\/portal\/wp-json\/wp\/v2\/comments?post=5202"}],"version-history":[{"count":0,"href":"https:\/\/verdadeon.com.br\/portal\/wp-json\/wp\/v2\/posts\/5202\/revisions"}],"wp:featuredmedia":[{"embeddable":true,"href":"https:\/\/verdadeon.com.br\/portal\/wp-json\/wp\/v2\/media\/5205"}],"wp:attachment":[{"href":"https:\/\/verdadeon.com.br\/portal\/wp-json\/wp\/v2\/media?parent=5202"}],"wp:term":[{"taxonomy":"category","embeddable":true,"href":"https:\/\/verdadeon.com.br\/portal\/wp-json\/wp\/v2\/categories?post=5202"},{"taxonomy":"post_tag","embeddable":true,"href":"https:\/\/verdadeon.com.br\/portal\/wp-json\/wp\/v2\/tags?post=5202"}],"curies":[{"name":"wp","href":"https:\/\/api.w.org\/{rel}","templated":true}]}}