{"id":5199,"date":"2020-03-18T11:32:14","date_gmt":"2020-03-18T14:32:14","guid":{"rendered":"http:\/\/verdadeon.com.br\/portal\/?p=5199"},"modified":"2020-03-18T11:32:14","modified_gmt":"2020-03-18T14:32:14","slug":"sesi-suspende-atividades-por-tempo-indeterminado","status":"publish","type":"post","link":"https:\/\/verdadeon.com.br\/portal\/2020\/03\/18\/sesi-suspende-atividades-por-tempo-indeterminado\/","title":{"rendered":"Sesi suspende atividades por tempo indeterminado"},"content":{"rendered":"<h2>Aulas do Ensino B\u00e1sico est\u00e3o suspensas a partir da pr\u00f3xima segunda-feira (23) e atividades gerais a partir desta quarta-feira (18)<\/h2>\n<p>A unidade de Franca do Sesi-SP, que desde o in\u00edcio desta semana j\u00e1 recomendava aos pais que pudessem deixar os filhos em casa n\u00e3o os encaminhasse para a escola, al\u00e9m de ter suspendido todas as atividades culturais, divulgou a paralisa\u00e7\u00e3o das atividades em todas as unidades do Estado de S\u00e3o Paulo.<\/p>\n<p>Com o objetivo de colaborar para atenuar o pico de casos da doen\u00e7a e seguindo as recomenda\u00e7\u00f5es da Organiza\u00e7\u00e3o Mundial da Sa\u00fade, o Sesi-SP assume posicionamento emergencial de distanciamento social para evitar aglomera\u00e7\u00f5es e contato f\u00edsico, como atitudes necess\u00e1rias para o momento, prezando pela sa\u00fade de todos que fazem parte da institui\u00e7\u00e3o, direta e indiretamente.<\/p>\n<p>As aulas do Ensino B\u00e1sico est\u00e3o suspensas a partir de 23 de mar\u00e7o, segunda-feira, por tempo indeterminado. Durante esta semana, as escolas estar\u00e3o funcionando, como um per\u00edodo de adapta\u00e7\u00e3o para as fam\u00edlias, mas com a op\u00e7\u00e3o de as crian\u00e7as e jovens ficarem em casa, sem preju\u00edzo de faltas.<\/p>\n<p>Os alunos n\u00e3o ser\u00e3o prejudicados por conte\u00fados perdidos ou aus\u00eancia em provas. H\u00e1 um planejamento de reposi\u00e7\u00e3o das aulas. As orienta\u00e7\u00f5es com as mudan\u00e7as no Calend\u00e1rio Escolar 2020 ser\u00e3o encaminhadas aos familiares.<\/p>\n<p>Nos Centros de Qualidade de Vida do Sesi as atividades est\u00e3o suspensas a partir de 18 de mar\u00e7o, retornando normalmente assim que for recomendado. Ser\u00e1 prorrogada a vig\u00eancia dos planos B\u00e1sico, Escolha ou Total, j\u00e1 pagos antecipadamente (modalidade fidelidade: trimestral, semestral ou anual), na mesma quantidade de dias suspendidos.<\/p>\n<p>\u201cS\u00f3 tenho a desejar a todos que se cuidem. Espero que tudo passe, o mais rapidamente poss\u00edvel, sem preju\u00edzo \u00e0 sa\u00fade das pessoas, que \u00e9 o mais importante, mas tamb\u00e9m para a economia do Pa\u00eds. Contem conosco\u201d, disse o presidente do Sesi-SP, Paulo Skaf, em \u00e1udio gravado e divulgado nas redes sociais.<\/p>\n<p>Senac<\/p>\n<p>O Senac Franca tamb\u00e9m suspendeu as atividades educacionais presenciais at\u00e9 o dia 31 de mar\u00e7o. A medida tamb\u00e9m foi tomada com o intuito de evitar aglomera\u00e7\u00f5es e a transmiss\u00e3o do novo coronav\u00edrus.<\/p>\n<p>Alunos em cursos regulares, como ensino t\u00e9cnico, ensino m\u00e9dio e t\u00e9cnico, gradua\u00e7\u00e3o e p\u00f3s-gradua\u00e7\u00e3o receber\u00e3o mais informa\u00e7\u00f5es a respeito de atividades acad\u00eamicas que possam ser realizadas remotamente.<\/p>\n<p>As unidades Senac devem entrar em contato com os alunos que estiverem matriculados em cursos livres e eventos, com in\u00edcio previsto nos pr\u00f3ximos dias, detalhando informa\u00e7\u00f5es sobre adiamento e\/ou poss\u00edveis cancelamentos. Por enquanto, as atividades dos cursos a dist\u00e2ncia permanecem inalteradas.<\/p>\n","protected":false},"excerpt":{"rendered":"<p>Aulas do Ensino B\u00e1sico est\u00e3o suspensas a partir da pr\u00f3xima segunda-feira (23) e atividades gerais a partir desta quarta-feira (18) A unidade de Franca do Sesi-SP,<span class=\"excerpt-hellip\"> [\u2026]<\/span><\/p>\n","protected":false},"author":10,"featured_media":5200,"comment_status":"open","ping_status":"open","sticky":false,"template":"","format":"standard","meta":{"_jetpack_memberships_contains_paid_content":false,"footnotes":"","jetpack_publicize_message":"","jetpack_publicize_feature_enabled":true,"jetpack_social_post_already_shared":false,"jetpack_social_options":{"image_generator_settings":{"template":"highway","default_image_id":0,"enabled":false},"version":2}},"categories":[28,44],"tags":[],"class_list":["post-5199","post","type-post","status-publish","format-standard","has-post-thumbnail","hentry","category-cotidiano","category-noticias"],"yoast_head":"<!-- This site is optimized with the Yoast SEO plugin v25.6 - https:\/\/yoast.com\/wordpress\/plugins\/seo\/ -->\n<title>Sesi suspende atividades por tempo indeterminado - VerdadeOn<\/title>\n<meta name=\"robots\" content=\"index, follow, max-snippet:-1, max-image-preview:large, max-video-preview:-1\" \/>\n<link rel=\"canonical\" href=\"https:\/\/verdadeon.com.br\/portal\/2020\/03\/18\/sesi-suspende-atividades-por-tempo-indeterminado\/\" \/>\n<meta property=\"og:locale\" content=\"pt_BR\" \/>\n<meta property=\"og:type\" content=\"article\" \/>\n<meta property=\"og:title\" content=\"Sesi suspende atividades por tempo indeterminado - VerdadeOn\" \/>\n<meta property=\"og:description\" content=\"Aulas do Ensino B\u00e1sico est\u00e3o suspensas a partir da pr\u00f3xima segunda-feira (23) e atividades gerais a partir desta quarta-feira (18) A unidade de Franca do Sesi-SP, [\u2026]\" \/>\n<meta property=\"og:url\" content=\"https:\/\/verdadeon.com.br\/portal\/2020\/03\/18\/sesi-suspende-atividades-por-tempo-indeterminado\/\" \/>\n<meta property=\"og:site_name\" content=\"VerdadeOn\" \/>\n<meta property=\"article:published_time\" content=\"2020-03-18T14:32:14+00:00\" \/>\n<meta property=\"og:image\" content=\"https:\/\/verdadeon.com.br\/portal\/wp-content\/uploads\/2020\/03\/SESI-FACHADA-foto-Lindomar-Cailton-5-scaled.jpg\" \/>\n\t<meta property=\"og:image:width\" content=\"1000\" \/>\n\t<meta property=\"og:image:height\" content=\"668\" \/>\n\t<meta property=\"og:image:type\" content=\"image\/jpeg\" \/>\n<meta name=\"author\" content=\"Redacao VerdadeOn\" \/>\n<meta name=\"twitter:card\" content=\"summary_large_image\" \/>\n<meta name=\"twitter:label1\" content=\"Escrito por\" \/>\n\t<meta name=\"twitter:data1\" content=\"Redacao VerdadeOn\" \/>\n\t<meta name=\"twitter:label2\" content=\"Est. tempo de leitura\" \/>\n\t<meta name=\"twitter:data2\" content=\"2 minutos\" \/>\n<script type=\"application\/ld+json\" class=\"yoast-schema-graph\">{\"@context\":\"https:\/\/schema.org\",\"@graph\":[{\"@type\":\"WebPage\",\"@id\":\"https:\/\/verdadeon.com.br\/portal\/2020\/03\/18\/sesi-suspende-atividades-por-tempo-indeterminado\/\",\"url\":\"https:\/\/verdadeon.com.br\/portal\/2020\/03\/18\/sesi-suspende-atividades-por-tempo-indeterminado\/\",\"name\":\"Sesi suspende atividades por tempo indeterminado - VerdadeOn\",\"isPartOf\":{\"@id\":\"https:\/\/verdadeon.com.br\/portal\/#website\"},\"primaryImageOfPage\":{\"@id\":\"https:\/\/verdadeon.com.br\/portal\/2020\/03\/18\/sesi-suspende-atividades-por-tempo-indeterminado\/#primaryimage\"},\"image\":{\"@id\":\"https:\/\/verdadeon.com.br\/portal\/2020\/03\/18\/sesi-suspende-atividades-por-tempo-indeterminado\/#primaryimage\"},\"thumbnailUrl\":\"https:\/\/i0.wp.com\/verdadeon.com.br\/portal\/wp-content\/uploads\/2020\/03\/SESI-FACHADA-foto-Lindomar-Cailton-5-scaled.jpg?fit=1000%2C668&ssl=1\",\"datePublished\":\"2020-03-18T14:32:14+00:00\",\"author\":{\"@id\":\"https:\/\/verdadeon.com.br\/portal\/#\/schema\/person\/a5060ad1e9ea3df545188fc93ce43d2f\"},\"breadcrumb\":{\"@id\":\"https:\/\/verdadeon.com.br\/portal\/2020\/03\/18\/sesi-suspende-atividades-por-tempo-indeterminado\/#breadcrumb\"},\"inLanguage\":\"pt-BR\",\"potentialAction\":[{\"@type\":\"ReadAction\",\"target\":[\"https:\/\/verdadeon.com.br\/portal\/2020\/03\/18\/sesi-suspende-atividades-por-tempo-indeterminado\/\"]}]},{\"@type\":\"ImageObject\",\"inLanguage\":\"pt-BR\",\"@id\":\"https:\/\/verdadeon.com.br\/portal\/2020\/03\/18\/sesi-suspende-atividades-por-tempo-indeterminado\/#primaryimage\",\"url\":\"https:\/\/i0.wp.com\/verdadeon.com.br\/portal\/wp-content\/uploads\/2020\/03\/SESI-FACHADA-foto-Lindomar-Cailton-5-scaled.jpg?fit=1000%2C668&ssl=1\",\"contentUrl\":\"https:\/\/i0.wp.com\/verdadeon.com.br\/portal\/wp-content\/uploads\/2020\/03\/SESI-FACHADA-foto-Lindomar-Cailton-5-scaled.jpg?fit=1000%2C668&ssl=1\",\"width\":1000,\"height\":668,\"caption\":\"Sesi suspende atividades por tempo indeterminado\"},{\"@type\":\"BreadcrumbList\",\"@id\":\"https:\/\/verdadeon.com.br\/portal\/2020\/03\/18\/sesi-suspende-atividades-por-tempo-indeterminado\/#breadcrumb\",\"itemListElement\":[{\"@type\":\"ListItem\",\"position\":1,\"name\":\"In\u00edcio\",\"item\":\"https:\/\/verdadeon.com.br\/portal\/\"},{\"@type\":\"ListItem\",\"position\":2,\"name\":\"Sesi suspende atividades por tempo indeterminado\"}]},{\"@type\":\"WebSite\",\"@id\":\"https:\/\/verdadeon.com.br\/portal\/#website\",\"url\":\"https:\/\/verdadeon.com.br\/portal\/\",\"name\":\"VerdadeOn\",\"description\":\"Not\u00edcias di\u00e1rias sobre Franca, Regi\u00e3o, Esporte, Cultura, Cotidiano, Colunas. Cobertura nos principais eventos da cidade \u00e9 aqui - Verdadeon Franca\",\"potentialAction\":[{\"@type\":\"SearchAction\",\"target\":{\"@type\":\"EntryPoint\",\"urlTemplate\":\"https:\/\/verdadeon.com.br\/portal\/?s={search_term_string}\"},\"query-input\":{\"@type\":\"PropertyValueSpecification\",\"valueRequired\":true,\"valueName\":\"search_term_string\"}}],\"inLanguage\":\"pt-BR\"},{\"@type\":\"Person\",\"@id\":\"https:\/\/verdadeon.com.br\/portal\/#\/schema\/person\/a5060ad1e9ea3df545188fc93ce43d2f\",\"name\":\"Redacao VerdadeOn\",\"image\":{\"@type\":\"ImageObject\",\"inLanguage\":\"pt-BR\",\"@id\":\"https:\/\/verdadeon.com.br\/portal\/#\/schema\/person\/image\/\",\"url\":\"https:\/\/secure.gravatar.com\/avatar\/459a9613caaaf07f582c3d0841eea68bdd66f533e465e6ba8b9cb45619572cf4?s=96&d=mm&r=g\",\"contentUrl\":\"https:\/\/secure.gravatar.com\/avatar\/459a9613caaaf07f582c3d0841eea68bdd66f533e465e6ba8b9cb45619572cf4?s=96&d=mm&r=g\",\"caption\":\"Redacao VerdadeOn\"},\"url\":\"https:\/\/verdadeon.com.br\/portal\/author\/redacao\/\"}]}<\/script>\n<!-- \/ Yoast SEO plugin. -->","yoast_head_json":{"title":"Sesi suspende atividades por tempo indeterminado - VerdadeOn","robots":{"index":"index","follow":"follow","max-snippet":"max-snippet:-1","max-image-preview":"max-image-preview:large","max-video-preview":"max-video-preview:-1"},"canonical":"https:\/\/verdadeon.com.br\/portal\/2020\/03\/18\/sesi-suspende-atividades-por-tempo-indeterminado\/","og_locale":"pt_BR","og_type":"article","og_title":"Sesi suspende atividades por tempo indeterminado - VerdadeOn","og_description":"Aulas do Ensino B\u00e1sico est\u00e3o suspensas a partir da pr\u00f3xima segunda-feira (23) e atividades gerais a partir desta quarta-feira (18) A unidade de Franca do Sesi-SP, [\u2026]","og_url":"https:\/\/verdadeon.com.br\/portal\/2020\/03\/18\/sesi-suspende-atividades-por-tempo-indeterminado\/","og_site_name":"VerdadeOn","article_published_time":"2020-03-18T14:32:14+00:00","og_image":[{"width":1000,"height":668,"url":"https:\/\/verdadeon.com.br\/portal\/wp-content\/uploads\/2020\/03\/SESI-FACHADA-foto-Lindomar-Cailton-5-scaled.jpg","type":"image\/jpeg"}],"author":"Redacao VerdadeOn","twitter_card":"summary_large_image","twitter_misc":{"Escrito por":"Redacao VerdadeOn","Est. tempo de leitura":"2 minutos"},"schema":{"@context":"https:\/\/schema.org","@graph":[{"@type":"WebPage","@id":"https:\/\/verdadeon.com.br\/portal\/2020\/03\/18\/sesi-suspende-atividades-por-tempo-indeterminado\/","url":"https:\/\/verdadeon.com.br\/portal\/2020\/03\/18\/sesi-suspende-atividades-por-tempo-indeterminado\/","name":"Sesi suspende atividades por tempo indeterminado - VerdadeOn","isPartOf":{"@id":"https:\/\/verdadeon.com.br\/portal\/#website"},"primaryImageOfPage":{"@id":"https:\/\/verdadeon.com.br\/portal\/2020\/03\/18\/sesi-suspende-atividades-por-tempo-indeterminado\/#primaryimage"},"image":{"@id":"https:\/\/verdadeon.com.br\/portal\/2020\/03\/18\/sesi-suspende-atividades-por-tempo-indeterminado\/#primaryimage"},"thumbnailUrl":"https:\/\/i0.wp.com\/verdadeon.com.br\/portal\/wp-content\/uploads\/2020\/03\/SESI-FACHADA-foto-Lindomar-Cailton-5-scaled.jpg?fit=1000%2C668&ssl=1","datePublished":"2020-03-18T14:32:14+00:00","author":{"@id":"https:\/\/verdadeon.com.br\/portal\/#\/schema\/person\/a5060ad1e9ea3df545188fc93ce43d2f"},"breadcrumb":{"@id":"https:\/\/verdadeon.com.br\/portal\/2020\/03\/18\/sesi-suspende-atividades-por-tempo-indeterminado\/#breadcrumb"},"inLanguage":"pt-BR","potentialAction":[{"@type":"ReadAction","target":["https:\/\/verdadeon.com.br\/portal\/2020\/03\/18\/sesi-suspende-atividades-por-tempo-indeterminado\/"]}]},{"@type":"ImageObject","inLanguage":"pt-BR","@id":"https:\/\/verdadeon.com.br\/portal\/2020\/03\/18\/sesi-suspende-atividades-por-tempo-indeterminado\/#primaryimage","url":"https:\/\/i0.wp.com\/verdadeon.com.br\/portal\/wp-content\/uploads\/2020\/03\/SESI-FACHADA-foto-Lindomar-Cailton-5-scaled.jpg?fit=1000%2C668&ssl=1","contentUrl":"https:\/\/i0.wp.com\/verdadeon.com.br\/portal\/wp-content\/uploads\/2020\/03\/SESI-FACHADA-foto-Lindomar-Cailton-5-scaled.jpg?fit=1000%2C668&ssl=1","width":1000,"height":668,"caption":"Sesi suspende atividades por tempo indeterminado"},{"@type":"BreadcrumbList","@id":"https:\/\/verdadeon.com.br\/portal\/2020\/03\/18\/sesi-suspende-atividades-por-tempo-indeterminado\/#breadcrumb","itemListElement":[{"@type":"ListItem","position":1,"name":"In\u00edcio","item":"https:\/\/verdadeon.com.br\/portal\/"},{"@type":"ListItem","position":2,"name":"Sesi suspende atividades por tempo indeterminado"}]},{"@type":"WebSite","@id":"https:\/\/verdadeon.com.br\/portal\/#website","url":"https:\/\/verdadeon.com.br\/portal\/","name":"VerdadeOn","description":"Not\u00edcias di\u00e1rias sobre Franca, Regi\u00e3o, Esporte, Cultura, Cotidiano, Colunas. Cobertura nos principais eventos da cidade \u00e9 aqui - Verdadeon Franca","potentialAction":[{"@type":"SearchAction","target":{"@type":"EntryPoint","urlTemplate":"https:\/\/verdadeon.com.br\/portal\/?s={search_term_string}"},"query-input":{"@type":"PropertyValueSpecification","valueRequired":true,"valueName":"search_term_string"}}],"inLanguage":"pt-BR"},{"@type":"Person","@id":"https:\/\/verdadeon.com.br\/portal\/#\/schema\/person\/a5060ad1e9ea3df545188fc93ce43d2f","name":"Redacao VerdadeOn","image":{"@type":"ImageObject","inLanguage":"pt-BR","@id":"https:\/\/verdadeon.com.br\/portal\/#\/schema\/person\/image\/","url":"https:\/\/secure.gravatar.com\/avatar\/459a9613caaaf07f582c3d0841eea68bdd66f533e465e6ba8b9cb45619572cf4?s=96&d=mm&r=g","contentUrl":"https:\/\/secure.gravatar.com\/avatar\/459a9613caaaf07f582c3d0841eea68bdd66f533e465e6ba8b9cb45619572cf4?s=96&d=mm&r=g","caption":"Redacao VerdadeOn"},"url":"https:\/\/verdadeon.com.br\/portal\/author\/redacao\/"}]}},"jetpack_publicize_connections":[],"jetpack_featured_media_url":"https:\/\/i0.wp.com\/verdadeon.com.br\/portal\/wp-content\/uploads\/2020\/03\/SESI-FACHADA-foto-Lindomar-Cailton-5-scaled.jpg?fit=1000%2C668&ssl=1","jetpack_sharing_enabled":true,"_links":{"self":[{"href":"https:\/\/verdadeon.com.br\/portal\/wp-json\/wp\/v2\/posts\/5199","targetHints":{"allow":["GET"]}}],"collection":[{"href":"https:\/\/verdadeon.com.br\/portal\/wp-json\/wp\/v2\/posts"}],"about":[{"href":"https:\/\/verdadeon.com.br\/portal\/wp-json\/wp\/v2\/types\/post"}],"author":[{"embeddable":true,"href":"https:\/\/verdadeon.com.br\/portal\/wp-json\/wp\/v2\/users\/10"}],"replies":[{"embeddable":true,"href":"https:\/\/verdadeon.com.br\/portal\/wp-json\/wp\/v2\/comments?post=5199"}],"version-history":[{"count":0,"href":"https:\/\/verdadeon.com.br\/portal\/wp-json\/wp\/v2\/posts\/5199\/revisions"}],"wp:featuredmedia":[{"embeddable":true,"href":"https:\/\/verdadeon.com.br\/portal\/wp-json\/wp\/v2\/media\/5200"}],"wp:attachment":[{"href":"https:\/\/verdadeon.com.br\/portal\/wp-json\/wp\/v2\/media?parent=5199"}],"wp:term":[{"taxonomy":"category","embeddable":true,"href":"https:\/\/verdadeon.com.br\/portal\/wp-json\/wp\/v2\/categories?post=5199"},{"taxonomy":"post_tag","embeddable":true,"href":"https:\/\/verdadeon.com.br\/portal\/wp-json\/wp\/v2\/tags?post=5199"}],"curies":[{"name":"wp","href":"https:\/\/api.w.org\/{rel}","templated":true}]}}