{"id":51946,"date":"2024-12-06T10:55:52","date_gmt":"2024-12-06T13:55:52","guid":{"rendered":"https:\/\/verdadeon.com.br\/portal\/?p=51946"},"modified":"2024-12-06T10:55:52","modified_gmt":"2024-12-06T13:55:52","slug":"regiao-de-franca-tem-mais-de-16-mil-casos-provaveis-de-dengue","status":"publish","type":"post","link":"https:\/\/verdadeon.com.br\/portal\/2024\/12\/06\/regiao-de-franca-tem-mais-de-16-mil-casos-provaveis-de-dengue\/","title":{"rendered":"Regi\u00e3o de Franca tem mais de 16 mil casos prov\u00e1veis de dengue"},"content":{"rendered":"<h2>\u00daltima atualiza\u00e7\u00e3o consta 27 \u00f3bitos no ano; destes, 20 s\u00f3 em Franca<\/h2>\n<p style=\"text-align: right;\"><strong><em>Por Pedro Maia,<\/em><\/strong><br \/>\n<strong><em>Editor-chefe<\/em><\/strong><\/p>\n<p>A Regi\u00e3o Administrativa de Franca possui 16.272 casos prov\u00e1veis de dengue, com 13.635 confirmados e 2.637 em investiga\u00e7\u00e3o. Isto \u00e9 o que revela o Painel de Arboviroses &#8211; Dengue, do Estado de S\u00e3o Paulo.<\/p>\n<p>At\u00e9 a \u00faltima atualiza\u00e7\u00e3o, a regi\u00e3o contabilizou 27 \u00f3bitos, dos quais 20, s\u00f3 em Franca. 11.069 casos foram descartados.<\/p>\n<p>A maior quantidade de pessoas que contra\u00edram o v\u00edrus foi verificada no primeiro semestre do ano, com \u00eanfase aos meses de fevereiro e mar\u00e7o, que por tr\u00eas semanas os casos confirmados passaram de mil. Em abril, a redu\u00e7\u00e3o foi quase pela metade. At\u00e9 junho, a m\u00e9dia permanecia, por semana, praticamente acima dos 350 casos. A partir de agosto, os casos oscilaram sempre abaixo de 23 confirmados semanalmente.<\/p>\n<p><strong>Estado e Pa\u00eds<\/strong><\/p>\n<p>Dados do Painel de Monitoramento das Arboviroses indicam que o pa\u00eds contabiliza 6.590.575 casos prov\u00e1veis de dengue ao longo de 2024. Pelo menos 5.872 mortes pela doen\u00e7a foram confirmadas e 1.136 seguem em investiga\u00e7\u00e3o. O coeficiente de incid\u00eancia brasileiro \u00e9 de 3.245 casos de dengue para cada 100 mil habitantes.<img data-recalc-dims=\"1\" decoding=\"async\" src=\"https:\/\/i0.wp.com\/agenciabrasil.ebc.com.br\/ebc.png?w=1220&#038;ssl=1\" \/><img data-recalc-dims=\"1\" decoding=\"async\" src=\"https:\/\/i0.wp.com\/agenciabrasil.ebc.com.br\/ebc.gif?w=1220&#038;ssl=1\" \/><\/p>\n<p>O estado de S\u00e3o Paulo lidera o\u00a0<em>ranking<\/em>\u00a0em n\u00fameros\u00a0absolutos, com 2,1 milh\u00f5es de casos prov\u00e1veis. Em seguida est\u00e3o Minas Gerais (1,6 milh\u00e3o), Paran\u00e1 (653,8 mil) e Santa Catarina (348,5 mil). J\u00e1 em rela\u00e7\u00e3o ao coeficiente de incid\u00eancia, o Distrito Federal aparece em primeiro lugar (9.876), seguido por Minas Gerais (8.233), Paran\u00e1 (5.713) e S\u00e3o Paulo (4.841).<\/p>\n<p><em>**Com informa\u00e7\u00f5es da Ag\u00eancia Brasil<\/em><\/p>\n","protected":false},"excerpt":{"rendered":"<p>\u00daltima atualiza\u00e7\u00e3o consta 27 \u00f3bitos no ano; destes, 20 s\u00f3 em Franca Por Pedro Maia, Editor-chefe A Regi\u00e3o Administrativa de Franca possui 16.272 casos prov\u00e1veis de<span class=\"excerpt-hellip\"> [\u2026]<\/span><\/p>\n","protected":false},"author":10,"featured_media":51947,"comment_status":"open","ping_status":"open","sticky":false,"template":"","format":"standard","meta":{"_jetpack_memberships_contains_paid_content":false,"footnotes":"","jetpack_publicize_message":"","jetpack_publicize_feature_enabled":true,"jetpack_social_post_already_shared":true,"jetpack_social_options":{"image_generator_settings":{"template":"highway","default_image_id":0,"enabled":false},"version":2}},"categories":[28,81],"tags":[],"class_list":["post-51946","post","type-post","status-publish","format-standard","has-post-thumbnail","hentry","category-cotidiano","category-manchete"],"yoast_head":"<!-- This site is optimized with the Yoast SEO plugin v25.6 - https:\/\/yoast.com\/wordpress\/plugins\/seo\/ -->\n<title>Regi\u00e3o de Franca tem mais de 16 mil casos prov\u00e1veis de dengue - VerdadeOn<\/title>\n<meta name=\"robots\" content=\"index, follow, max-snippet:-1, max-image-preview:large, max-video-preview:-1\" \/>\n<link rel=\"canonical\" href=\"https:\/\/verdadeon.com.br\/portal\/2024\/12\/06\/regiao-de-franca-tem-mais-de-16-mil-casos-provaveis-de-dengue\/\" \/>\n<meta property=\"og:locale\" content=\"pt_BR\" \/>\n<meta property=\"og:type\" content=\"article\" \/>\n<meta property=\"og:title\" content=\"Regi\u00e3o de Franca tem mais de 16 mil casos prov\u00e1veis de dengue - VerdadeOn\" \/>\n<meta property=\"og:description\" content=\"\u00daltima atualiza\u00e7\u00e3o consta 27 \u00f3bitos no ano; destes, 20 s\u00f3 em Franca Por Pedro Maia, Editor-chefe A Regi\u00e3o Administrativa de Franca possui 16.272 casos prov\u00e1veis de [\u2026]\" \/>\n<meta property=\"og:url\" content=\"https:\/\/verdadeon.com.br\/portal\/2024\/12\/06\/regiao-de-franca-tem-mais-de-16-mil-casos-provaveis-de-dengue\/\" \/>\n<meta property=\"og:site_name\" content=\"VerdadeOn\" \/>\n<meta property=\"article:published_time\" content=\"2024-12-06T13:55:52+00:00\" \/>\n<meta property=\"og:image\" content=\"https:\/\/verdadeon.com.br\/portal\/wp-content\/uploads\/2024\/12\/AnyConv.com__combate_dengue_14.jpeg\" \/>\n\t<meta property=\"og:image:width\" content=\"1044\" \/>\n\t<meta property=\"og:image:height\" content=\"700\" \/>\n\t<meta property=\"og:image:type\" content=\"image\/jpeg\" \/>\n<meta name=\"author\" content=\"Redacao VerdadeOn\" \/>\n<meta name=\"twitter:card\" content=\"summary_large_image\" \/>\n<meta name=\"twitter:label1\" content=\"Escrito por\" \/>\n\t<meta name=\"twitter:data1\" content=\"Redacao VerdadeOn\" \/>\n\t<meta name=\"twitter:label2\" content=\"Est. tempo de leitura\" \/>\n\t<meta name=\"twitter:data2\" content=\"2 minutos\" \/>\n<script type=\"application\/ld+json\" class=\"yoast-schema-graph\">{\"@context\":\"https:\/\/schema.org\",\"@graph\":[{\"@type\":\"WebPage\",\"@id\":\"https:\/\/verdadeon.com.br\/portal\/2024\/12\/06\/regiao-de-franca-tem-mais-de-16-mil-casos-provaveis-de-dengue\/\",\"url\":\"https:\/\/verdadeon.com.br\/portal\/2024\/12\/06\/regiao-de-franca-tem-mais-de-16-mil-casos-provaveis-de-dengue\/\",\"name\":\"Regi\u00e3o de Franca tem mais de 16 mil casos prov\u00e1veis de dengue - VerdadeOn\",\"isPartOf\":{\"@id\":\"https:\/\/verdadeon.com.br\/portal\/#website\"},\"primaryImageOfPage\":{\"@id\":\"https:\/\/verdadeon.com.br\/portal\/2024\/12\/06\/regiao-de-franca-tem-mais-de-16-mil-casos-provaveis-de-dengue\/#primaryimage\"},\"image\":{\"@id\":\"https:\/\/verdadeon.com.br\/portal\/2024\/12\/06\/regiao-de-franca-tem-mais-de-16-mil-casos-provaveis-de-dengue\/#primaryimage\"},\"thumbnailUrl\":\"https:\/\/i0.wp.com\/verdadeon.com.br\/portal\/wp-content\/uploads\/2024\/12\/AnyConv.com__combate_dengue_14.jpeg?fit=1044%2C700&ssl=1\",\"datePublished\":\"2024-12-06T13:55:52+00:00\",\"author\":{\"@id\":\"https:\/\/verdadeon.com.br\/portal\/#\/schema\/person\/a5060ad1e9ea3df545188fc93ce43d2f\"},\"breadcrumb\":{\"@id\":\"https:\/\/verdadeon.com.br\/portal\/2024\/12\/06\/regiao-de-franca-tem-mais-de-16-mil-casos-provaveis-de-dengue\/#breadcrumb\"},\"inLanguage\":\"pt-BR\",\"potentialAction\":[{\"@type\":\"ReadAction\",\"target\":[\"https:\/\/verdadeon.com.br\/portal\/2024\/12\/06\/regiao-de-franca-tem-mais-de-16-mil-casos-provaveis-de-dengue\/\"]}]},{\"@type\":\"ImageObject\",\"inLanguage\":\"pt-BR\",\"@id\":\"https:\/\/verdadeon.com.br\/portal\/2024\/12\/06\/regiao-de-franca-tem-mais-de-16-mil-casos-provaveis-de-dengue\/#primaryimage\",\"url\":\"https:\/\/i0.wp.com\/verdadeon.com.br\/portal\/wp-content\/uploads\/2024\/12\/AnyConv.com__combate_dengue_14.jpeg?fit=1044%2C700&ssl=1\",\"contentUrl\":\"https:\/\/i0.wp.com\/verdadeon.com.br\/portal\/wp-content\/uploads\/2024\/12\/AnyConv.com__combate_dengue_14.jpeg?fit=1044%2C700&ssl=1\",\"width\":1044,\"height\":700,\"caption\":\"Pelo menos 5.872 mortes causadas pela doen\u00e7a no Brasil foram confirmadas (\u00a9Paulo Pinto\/Ag\u00eancia Brasil)\"},{\"@type\":\"BreadcrumbList\",\"@id\":\"https:\/\/verdadeon.com.br\/portal\/2024\/12\/06\/regiao-de-franca-tem-mais-de-16-mil-casos-provaveis-de-dengue\/#breadcrumb\",\"itemListElement\":[{\"@type\":\"ListItem\",\"position\":1,\"name\":\"In\u00edcio\",\"item\":\"https:\/\/verdadeon.com.br\/portal\/\"},{\"@type\":\"ListItem\",\"position\":2,\"name\":\"Regi\u00e3o de Franca tem mais de 16 mil casos prov\u00e1veis de dengue\"}]},{\"@type\":\"WebSite\",\"@id\":\"https:\/\/verdadeon.com.br\/portal\/#website\",\"url\":\"https:\/\/verdadeon.com.br\/portal\/\",\"name\":\"VerdadeOn\",\"description\":\"Not\u00edcias di\u00e1rias sobre Franca, Regi\u00e3o, Esporte, Cultura, Cotidiano, Colunas. Cobertura nos principais eventos da cidade \u00e9 aqui - Verdadeon Franca\",\"potentialAction\":[{\"@type\":\"SearchAction\",\"target\":{\"@type\":\"EntryPoint\",\"urlTemplate\":\"https:\/\/verdadeon.com.br\/portal\/?s={search_term_string}\"},\"query-input\":{\"@type\":\"PropertyValueSpecification\",\"valueRequired\":true,\"valueName\":\"search_term_string\"}}],\"inLanguage\":\"pt-BR\"},{\"@type\":\"Person\",\"@id\":\"https:\/\/verdadeon.com.br\/portal\/#\/schema\/person\/a5060ad1e9ea3df545188fc93ce43d2f\",\"name\":\"Redacao VerdadeOn\",\"image\":{\"@type\":\"ImageObject\",\"inLanguage\":\"pt-BR\",\"@id\":\"https:\/\/verdadeon.com.br\/portal\/#\/schema\/person\/image\/\",\"url\":\"https:\/\/secure.gravatar.com\/avatar\/459a9613caaaf07f582c3d0841eea68bdd66f533e465e6ba8b9cb45619572cf4?s=96&d=mm&r=g\",\"contentUrl\":\"https:\/\/secure.gravatar.com\/avatar\/459a9613caaaf07f582c3d0841eea68bdd66f533e465e6ba8b9cb45619572cf4?s=96&d=mm&r=g\",\"caption\":\"Redacao VerdadeOn\"},\"url\":\"https:\/\/verdadeon.com.br\/portal\/author\/redacao\/\"}]}<\/script>\n<!-- \/ Yoast SEO plugin. -->","yoast_head_json":{"title":"Regi\u00e3o de Franca tem mais de 16 mil casos prov\u00e1veis de dengue - VerdadeOn","robots":{"index":"index","follow":"follow","max-snippet":"max-snippet:-1","max-image-preview":"max-image-preview:large","max-video-preview":"max-video-preview:-1"},"canonical":"https:\/\/verdadeon.com.br\/portal\/2024\/12\/06\/regiao-de-franca-tem-mais-de-16-mil-casos-provaveis-de-dengue\/","og_locale":"pt_BR","og_type":"article","og_title":"Regi\u00e3o de Franca tem mais de 16 mil casos prov\u00e1veis de dengue - VerdadeOn","og_description":"\u00daltima atualiza\u00e7\u00e3o consta 27 \u00f3bitos no ano; destes, 20 s\u00f3 em Franca Por Pedro Maia, Editor-chefe A Regi\u00e3o Administrativa de Franca possui 16.272 casos prov\u00e1veis de [\u2026]","og_url":"https:\/\/verdadeon.com.br\/portal\/2024\/12\/06\/regiao-de-franca-tem-mais-de-16-mil-casos-provaveis-de-dengue\/","og_site_name":"VerdadeOn","article_published_time":"2024-12-06T13:55:52+00:00","og_image":[{"width":1044,"height":700,"url":"https:\/\/verdadeon.com.br\/portal\/wp-content\/uploads\/2024\/12\/AnyConv.com__combate_dengue_14.jpeg","type":"image\/jpeg"}],"author":"Redacao VerdadeOn","twitter_card":"summary_large_image","twitter_misc":{"Escrito por":"Redacao VerdadeOn","Est. tempo de leitura":"2 minutos"},"schema":{"@context":"https:\/\/schema.org","@graph":[{"@type":"WebPage","@id":"https:\/\/verdadeon.com.br\/portal\/2024\/12\/06\/regiao-de-franca-tem-mais-de-16-mil-casos-provaveis-de-dengue\/","url":"https:\/\/verdadeon.com.br\/portal\/2024\/12\/06\/regiao-de-franca-tem-mais-de-16-mil-casos-provaveis-de-dengue\/","name":"Regi\u00e3o de Franca tem mais de 16 mil casos prov\u00e1veis de dengue - VerdadeOn","isPartOf":{"@id":"https:\/\/verdadeon.com.br\/portal\/#website"},"primaryImageOfPage":{"@id":"https:\/\/verdadeon.com.br\/portal\/2024\/12\/06\/regiao-de-franca-tem-mais-de-16-mil-casos-provaveis-de-dengue\/#primaryimage"},"image":{"@id":"https:\/\/verdadeon.com.br\/portal\/2024\/12\/06\/regiao-de-franca-tem-mais-de-16-mil-casos-provaveis-de-dengue\/#primaryimage"},"thumbnailUrl":"https:\/\/i0.wp.com\/verdadeon.com.br\/portal\/wp-content\/uploads\/2024\/12\/AnyConv.com__combate_dengue_14.jpeg?fit=1044%2C700&ssl=1","datePublished":"2024-12-06T13:55:52+00:00","author":{"@id":"https:\/\/verdadeon.com.br\/portal\/#\/schema\/person\/a5060ad1e9ea3df545188fc93ce43d2f"},"breadcrumb":{"@id":"https:\/\/verdadeon.com.br\/portal\/2024\/12\/06\/regiao-de-franca-tem-mais-de-16-mil-casos-provaveis-de-dengue\/#breadcrumb"},"inLanguage":"pt-BR","potentialAction":[{"@type":"ReadAction","target":["https:\/\/verdadeon.com.br\/portal\/2024\/12\/06\/regiao-de-franca-tem-mais-de-16-mil-casos-provaveis-de-dengue\/"]}]},{"@type":"ImageObject","inLanguage":"pt-BR","@id":"https:\/\/verdadeon.com.br\/portal\/2024\/12\/06\/regiao-de-franca-tem-mais-de-16-mil-casos-provaveis-de-dengue\/#primaryimage","url":"https:\/\/i0.wp.com\/verdadeon.com.br\/portal\/wp-content\/uploads\/2024\/12\/AnyConv.com__combate_dengue_14.jpeg?fit=1044%2C700&ssl=1","contentUrl":"https:\/\/i0.wp.com\/verdadeon.com.br\/portal\/wp-content\/uploads\/2024\/12\/AnyConv.com__combate_dengue_14.jpeg?fit=1044%2C700&ssl=1","width":1044,"height":700,"caption":"Pelo menos 5.872 mortes causadas pela doen\u00e7a no Brasil foram confirmadas (\u00a9Paulo Pinto\/Ag\u00eancia Brasil)"},{"@type":"BreadcrumbList","@id":"https:\/\/verdadeon.com.br\/portal\/2024\/12\/06\/regiao-de-franca-tem-mais-de-16-mil-casos-provaveis-de-dengue\/#breadcrumb","itemListElement":[{"@type":"ListItem","position":1,"name":"In\u00edcio","item":"https:\/\/verdadeon.com.br\/portal\/"},{"@type":"ListItem","position":2,"name":"Regi\u00e3o de Franca tem mais de 16 mil casos prov\u00e1veis de dengue"}]},{"@type":"WebSite","@id":"https:\/\/verdadeon.com.br\/portal\/#website","url":"https:\/\/verdadeon.com.br\/portal\/","name":"VerdadeOn","description":"Not\u00edcias di\u00e1rias sobre Franca, Regi\u00e3o, Esporte, Cultura, Cotidiano, Colunas. Cobertura nos principais eventos da cidade \u00e9 aqui - Verdadeon Franca","potentialAction":[{"@type":"SearchAction","target":{"@type":"EntryPoint","urlTemplate":"https:\/\/verdadeon.com.br\/portal\/?s={search_term_string}"},"query-input":{"@type":"PropertyValueSpecification","valueRequired":true,"valueName":"search_term_string"}}],"inLanguage":"pt-BR"},{"@type":"Person","@id":"https:\/\/verdadeon.com.br\/portal\/#\/schema\/person\/a5060ad1e9ea3df545188fc93ce43d2f","name":"Redacao VerdadeOn","image":{"@type":"ImageObject","inLanguage":"pt-BR","@id":"https:\/\/verdadeon.com.br\/portal\/#\/schema\/person\/image\/","url":"https:\/\/secure.gravatar.com\/avatar\/459a9613caaaf07f582c3d0841eea68bdd66f533e465e6ba8b9cb45619572cf4?s=96&d=mm&r=g","contentUrl":"https:\/\/secure.gravatar.com\/avatar\/459a9613caaaf07f582c3d0841eea68bdd66f533e465e6ba8b9cb45619572cf4?s=96&d=mm&r=g","caption":"Redacao VerdadeOn"},"url":"https:\/\/verdadeon.com.br\/portal\/author\/redacao\/"}]}},"jetpack_publicize_connections":[],"jetpack_featured_media_url":"https:\/\/i0.wp.com\/verdadeon.com.br\/portal\/wp-content\/uploads\/2024\/12\/AnyConv.com__combate_dengue_14.jpeg?fit=1044%2C700&ssl=1","jetpack_sharing_enabled":true,"_links":{"self":[{"href":"https:\/\/verdadeon.com.br\/portal\/wp-json\/wp\/v2\/posts\/51946","targetHints":{"allow":["GET"]}}],"collection":[{"href":"https:\/\/verdadeon.com.br\/portal\/wp-json\/wp\/v2\/posts"}],"about":[{"href":"https:\/\/verdadeon.com.br\/portal\/wp-json\/wp\/v2\/types\/post"}],"author":[{"embeddable":true,"href":"https:\/\/verdadeon.com.br\/portal\/wp-json\/wp\/v2\/users\/10"}],"replies":[{"embeddable":true,"href":"https:\/\/verdadeon.com.br\/portal\/wp-json\/wp\/v2\/comments?post=51946"}],"version-history":[{"count":1,"href":"https:\/\/verdadeon.com.br\/portal\/wp-json\/wp\/v2\/posts\/51946\/revisions"}],"predecessor-version":[{"id":51948,"href":"https:\/\/verdadeon.com.br\/portal\/wp-json\/wp\/v2\/posts\/51946\/revisions\/51948"}],"wp:featuredmedia":[{"embeddable":true,"href":"https:\/\/verdadeon.com.br\/portal\/wp-json\/wp\/v2\/media\/51947"}],"wp:attachment":[{"href":"https:\/\/verdadeon.com.br\/portal\/wp-json\/wp\/v2\/media?parent=51946"}],"wp:term":[{"taxonomy":"category","embeddable":true,"href":"https:\/\/verdadeon.com.br\/portal\/wp-json\/wp\/v2\/categories?post=51946"},{"taxonomy":"post_tag","embeddable":true,"href":"https:\/\/verdadeon.com.br\/portal\/wp-json\/wp\/v2\/tags?post=51946"}],"curies":[{"name":"wp","href":"https:\/\/api.w.org\/{rel}","templated":true}]}}