{"id":51933,"date":"2024-12-05T14:50:37","date_gmt":"2024-12-05T17:50:37","guid":{"rendered":"https:\/\/verdadeon.com.br\/portal\/?p=51933"},"modified":"2024-12-05T14:50:37","modified_gmt":"2024-12-05T17:50:37","slug":"brasil-deixa-de-comprar-camaroes-do-equador","status":"publish","type":"post","link":"https:\/\/verdadeon.com.br\/portal\/2024\/12\/05\/brasil-deixa-de-comprar-camaroes-do-equador\/","title":{"rendered":"Brasil deixa de comprar camar\u00f5es do Equador"},"content":{"rendered":"<h2 style=\"text-align: left;\" align=\"center\">Medida come\u00e7a a valer a partir de 09 de dezembro e ap\u00f3s auditoria internacional que apontou irregularidades<\/h2>\n<p style=\"text-align: left;\" align=\"center\">O Brasil encerrou a importa\u00e7\u00e3o de camar\u00f5es do Equador. A medida foi anunciada pelo ministro da Pesca e Aquicultura, Andr\u00e9 de Paula, e pelo secret\u00e1rio de defesa agropecu\u00e1ria (SDA) do Minist\u00e9rio da Agricultura e Pecu\u00e1ria (Mapa), Carlos Goulart. A decis\u00e3o ter\u00e1 validade a partir de 09 de dezembro e foi tomada ap\u00f3s auditoria realizada pela secretaria de Defesa Agropecu\u00e1ria do Mapa apontar irregularidades nos produtos equatorianos.<\/p>\n<p>No in\u00edcio do ano, os ministros Carlos F\u00e1varo e Andr\u00e9 de Paula se reuniram com representantes do setor de pescados para discutir preocupa\u00e7\u00f5es sobre a importa\u00e7\u00e3o de camar\u00f5es do Equador. Na ocasi\u00e3o, comprometeram-se a adotar medidas estrat\u00e9gicas para proteger a cadeia produtiva aqu\u00edcola brasileira.<\/p>\n<p>Como resultado do di\u00e1logo, foi realizada, em novembro, uma auditoria internacional no Equador. A miss\u00e3o avaliou a conformidade do servi\u00e7o veterin\u00e1rio equatoriano com os requisitos zoossanit\u00e1rios exigidos pelo Brasil, especialmente para exporta\u00e7\u00e3o de camar\u00f5es. De acordo com o secret\u00e1rio Carlos Goulart, foram encontradas evid\u00eancias t\u00e9cnicas que justificam o encerramento das importa\u00e7\u00f5es. \u201cA miss\u00e3o foi um sucesso e a partir de 9 de dezembro n\u00e3o ser\u00e1 mais permitida a entrada de camar\u00f5es do Equador no Brasil\u201d, afirmou em nota.<\/p>\n<p>Goulart destacou que o Brasil mant\u00e9m padr\u00f5es rigorosos de defesa agropecu\u00e1ria para garantir alimentos seguros. \u201cSe somos submetidos a exig\u00eancias alt\u00edssimas para exportar, devemos adotar o mesmo rigor nas importa\u00e7\u00f5es. Um setor organizado fortalece a defesa agropecu\u00e1ria\u201d, reiterou.<\/p>\n<p>Para o ministro Andr\u00e9 de Paula, o trabalho conjunto entre os minist\u00e9rios e o setor privado foi essencial para atender \u00e0s demandas dos produtores brasileiros. \u201cO ministro F\u00e1varo, sempre solid\u00e1rio e correto, apoiou o envio da miss\u00e3o ao Equador, que trouxe os resultados aqui apresentados. Quanto \u00e0s exporta\u00e7\u00f5es de pescados, seguiremos ampliando nossa participa\u00e7\u00e3o nos mercados internacionais, mantendo os altos padr\u00f5es de sanidade exigidos pelos nossos parceiros comerciais\u201d, afirmou.<\/p>\n<p>Com a proibi\u00e7\u00e3o da importa\u00e7\u00e3o de camar\u00e3o do Equador, o presidente da Associa\u00e7\u00e3o Brasileira de Criadores de Camar\u00e3o, Itamar Rocha, avalia que a medida mitiga os riscos sanit\u00e1rios e mant\u00e9m o elevado n\u00edvel de qualidade da produ\u00e7\u00e3o brasileira. Al\u00e9m de ampliar as oportunidades para o setor brasileiro.<\/p>\n<p>Atualmente, o Equador \u00e9 o principal exportador de camar\u00e3o do mundo. No acumulado deste ano, o pa\u00eds respondeu por mais de 40% das importa\u00e7\u00f5es do camar\u00e3o congelado feitas pelo Brasil.<\/p>\n<p>Conforme os dados do Instituto Brasileiro de Geografia e Estat\u00edstica, a produ\u00e7\u00e3o brasileira em 2023 foi de 127,4 mil toneladas, com constante crescimento do valor da produ\u00e7\u00e3o desde o in\u00edcio da s\u00e9rie hist\u00f3rica, em 2019. A carcinicultura \u00e9 praticada em estados de todas as regi\u00f5es do pa\u00eds, tendo a maior concentra\u00e7\u00e3o na regi\u00e3o Nordeste, sendo o Cear\u00e1, o principal produtor do Brasil.<\/p>\n","protected":false},"excerpt":{"rendered":"<p>Medida come\u00e7a a valer a partir de 09 de dezembro e ap\u00f3s auditoria internacional que apontou irregularidades O Brasil encerrou a importa\u00e7\u00e3o de camar\u00f5es do Equador.<span class=\"excerpt-hellip\"> [\u2026]<\/span><\/p>\n","protected":false},"author":10,"featured_media":51934,"comment_status":"open","ping_status":"open","sticky":false,"template":"","format":"standard","meta":{"_jetpack_memberships_contains_paid_content":false,"footnotes":"","jetpack_publicize_message":"","jetpack_publicize_feature_enabled":true,"jetpack_social_post_already_shared":true,"jetpack_social_options":{"image_generator_settings":{"template":"highway","default_image_id":0,"enabled":false},"version":2}},"categories":[28,44],"tags":[],"class_list":["post-51933","post","type-post","status-publish","format-standard","has-post-thumbnail","hentry","category-cotidiano","category-noticias"],"yoast_head":"<!-- This site is optimized with the Yoast SEO plugin v25.6 - https:\/\/yoast.com\/wordpress\/plugins\/seo\/ -->\n<title>Brasil deixa de comprar camar\u00f5es do Equador - VerdadeOn<\/title>\n<meta name=\"robots\" content=\"index, follow, max-snippet:-1, max-image-preview:large, max-video-preview:-1\" \/>\n<link rel=\"canonical\" href=\"https:\/\/verdadeon.com.br\/portal\/2024\/12\/05\/brasil-deixa-de-comprar-camaroes-do-equador\/\" \/>\n<meta property=\"og:locale\" content=\"pt_BR\" \/>\n<meta property=\"og:type\" content=\"article\" \/>\n<meta property=\"og:title\" content=\"Brasil deixa de comprar camar\u00f5es do Equador - VerdadeOn\" \/>\n<meta property=\"og:description\" content=\"Medida come\u00e7a a valer a partir de 09 de dezembro e ap\u00f3s auditoria internacional que apontou irregularidades O Brasil encerrou a importa\u00e7\u00e3o de camar\u00f5es do Equador. [\u2026]\" \/>\n<meta property=\"og:url\" content=\"https:\/\/verdadeon.com.br\/portal\/2024\/12\/05\/brasil-deixa-de-comprar-camaroes-do-equador\/\" \/>\n<meta property=\"og:site_name\" content=\"VerdadeOn\" \/>\n<meta property=\"article:published_time\" content=\"2024-12-05T17:50:37+00:00\" \/>\n<meta property=\"og:image\" content=\"https:\/\/verdadeon.com.br\/portal\/wp-content\/uploads\/2024\/12\/image-91.jpg\" \/>\n\t<meta property=\"og:image:width\" content=\"971\" \/>\n\t<meta property=\"og:image:height\" content=\"650\" \/>\n\t<meta property=\"og:image:type\" content=\"image\/jpeg\" \/>\n<meta name=\"author\" content=\"Redacao VerdadeOn\" \/>\n<meta name=\"twitter:card\" content=\"summary_large_image\" \/>\n<meta name=\"twitter:label1\" content=\"Escrito por\" \/>\n\t<meta name=\"twitter:data1\" content=\"Redacao VerdadeOn\" \/>\n\t<meta name=\"twitter:label2\" content=\"Est. tempo de leitura\" \/>\n\t<meta name=\"twitter:data2\" content=\"3 minutos\" \/>\n<script type=\"application\/ld+json\" class=\"yoast-schema-graph\">{\"@context\":\"https:\/\/schema.org\",\"@graph\":[{\"@type\":\"WebPage\",\"@id\":\"https:\/\/verdadeon.com.br\/portal\/2024\/12\/05\/brasil-deixa-de-comprar-camaroes-do-equador\/\",\"url\":\"https:\/\/verdadeon.com.br\/portal\/2024\/12\/05\/brasil-deixa-de-comprar-camaroes-do-equador\/\",\"name\":\"Brasil deixa de comprar camar\u00f5es do Equador - VerdadeOn\",\"isPartOf\":{\"@id\":\"https:\/\/verdadeon.com.br\/portal\/#website\"},\"primaryImageOfPage\":{\"@id\":\"https:\/\/verdadeon.com.br\/portal\/2024\/12\/05\/brasil-deixa-de-comprar-camaroes-do-equador\/#primaryimage\"},\"image\":{\"@id\":\"https:\/\/verdadeon.com.br\/portal\/2024\/12\/05\/brasil-deixa-de-comprar-camaroes-do-equador\/#primaryimage\"},\"thumbnailUrl\":\"https:\/\/i0.wp.com\/verdadeon.com.br\/portal\/wp-content\/uploads\/2024\/12\/image-91.jpg?fit=971%2C650&ssl=1\",\"datePublished\":\"2024-12-05T17:50:37+00:00\",\"author\":{\"@id\":\"https:\/\/verdadeon.com.br\/portal\/#\/schema\/person\/a5060ad1e9ea3df545188fc93ce43d2f\"},\"breadcrumb\":{\"@id\":\"https:\/\/verdadeon.com.br\/portal\/2024\/12\/05\/brasil-deixa-de-comprar-camaroes-do-equador\/#breadcrumb\"},\"inLanguage\":\"pt-BR\",\"potentialAction\":[{\"@type\":\"ReadAction\",\"target\":[\"https:\/\/verdadeon.com.br\/portal\/2024\/12\/05\/brasil-deixa-de-comprar-camaroes-do-equador\/\"]}]},{\"@type\":\"ImageObject\",\"inLanguage\":\"pt-BR\",\"@id\":\"https:\/\/verdadeon.com.br\/portal\/2024\/12\/05\/brasil-deixa-de-comprar-camaroes-do-equador\/#primaryimage\",\"url\":\"https:\/\/i0.wp.com\/verdadeon.com.br\/portal\/wp-content\/uploads\/2024\/12\/image-91.jpg?fit=971%2C650&ssl=1\",\"contentUrl\":\"https:\/\/i0.wp.com\/verdadeon.com.br\/portal\/wp-content\/uploads\/2024\/12\/image-91.jpg?fit=971%2C650&ssl=1\",\"width\":971,\"height\":650,\"caption\":\"Atualmente, o Equador \u00e9 o principal exportador de camar\u00e3o do mundo. No acumulado deste ano, o pa\u00eds respondeu por mais de 40% das importa\u00e7\u00f5es do camar\u00e3o congelado feitas pelo Brasil (\u00a9Divulgal\u00e7\u00e3o)\"},{\"@type\":\"BreadcrumbList\",\"@id\":\"https:\/\/verdadeon.com.br\/portal\/2024\/12\/05\/brasil-deixa-de-comprar-camaroes-do-equador\/#breadcrumb\",\"itemListElement\":[{\"@type\":\"ListItem\",\"position\":1,\"name\":\"In\u00edcio\",\"item\":\"https:\/\/verdadeon.com.br\/portal\/\"},{\"@type\":\"ListItem\",\"position\":2,\"name\":\"Brasil deixa de comprar camar\u00f5es do Equador\"}]},{\"@type\":\"WebSite\",\"@id\":\"https:\/\/verdadeon.com.br\/portal\/#website\",\"url\":\"https:\/\/verdadeon.com.br\/portal\/\",\"name\":\"VerdadeOn\",\"description\":\"Not\u00edcias di\u00e1rias sobre Franca, Regi\u00e3o, Esporte, Cultura, Cotidiano, Colunas. Cobertura nos principais eventos da cidade \u00e9 aqui - Verdadeon Franca\",\"potentialAction\":[{\"@type\":\"SearchAction\",\"target\":{\"@type\":\"EntryPoint\",\"urlTemplate\":\"https:\/\/verdadeon.com.br\/portal\/?s={search_term_string}\"},\"query-input\":{\"@type\":\"PropertyValueSpecification\",\"valueRequired\":true,\"valueName\":\"search_term_string\"}}],\"inLanguage\":\"pt-BR\"},{\"@type\":\"Person\",\"@id\":\"https:\/\/verdadeon.com.br\/portal\/#\/schema\/person\/a5060ad1e9ea3df545188fc93ce43d2f\",\"name\":\"Redacao VerdadeOn\",\"image\":{\"@type\":\"ImageObject\",\"inLanguage\":\"pt-BR\",\"@id\":\"https:\/\/verdadeon.com.br\/portal\/#\/schema\/person\/image\/\",\"url\":\"https:\/\/secure.gravatar.com\/avatar\/459a9613caaaf07f582c3d0841eea68bdd66f533e465e6ba8b9cb45619572cf4?s=96&d=mm&r=g\",\"contentUrl\":\"https:\/\/secure.gravatar.com\/avatar\/459a9613caaaf07f582c3d0841eea68bdd66f533e465e6ba8b9cb45619572cf4?s=96&d=mm&r=g\",\"caption\":\"Redacao VerdadeOn\"},\"url\":\"https:\/\/verdadeon.com.br\/portal\/author\/redacao\/\"}]}<\/script>\n<!-- \/ Yoast SEO plugin. -->","yoast_head_json":{"title":"Brasil deixa de comprar camar\u00f5es do Equador - VerdadeOn","robots":{"index":"index","follow":"follow","max-snippet":"max-snippet:-1","max-image-preview":"max-image-preview:large","max-video-preview":"max-video-preview:-1"},"canonical":"https:\/\/verdadeon.com.br\/portal\/2024\/12\/05\/brasil-deixa-de-comprar-camaroes-do-equador\/","og_locale":"pt_BR","og_type":"article","og_title":"Brasil deixa de comprar camar\u00f5es do Equador - VerdadeOn","og_description":"Medida come\u00e7a a valer a partir de 09 de dezembro e ap\u00f3s auditoria internacional que apontou irregularidades O Brasil encerrou a importa\u00e7\u00e3o de camar\u00f5es do Equador. [\u2026]","og_url":"https:\/\/verdadeon.com.br\/portal\/2024\/12\/05\/brasil-deixa-de-comprar-camaroes-do-equador\/","og_site_name":"VerdadeOn","article_published_time":"2024-12-05T17:50:37+00:00","og_image":[{"width":971,"height":650,"url":"https:\/\/verdadeon.com.br\/portal\/wp-content\/uploads\/2024\/12\/image-91.jpg","type":"image\/jpeg"}],"author":"Redacao VerdadeOn","twitter_card":"summary_large_image","twitter_misc":{"Escrito por":"Redacao VerdadeOn","Est. tempo de leitura":"3 minutos"},"schema":{"@context":"https:\/\/schema.org","@graph":[{"@type":"WebPage","@id":"https:\/\/verdadeon.com.br\/portal\/2024\/12\/05\/brasil-deixa-de-comprar-camaroes-do-equador\/","url":"https:\/\/verdadeon.com.br\/portal\/2024\/12\/05\/brasil-deixa-de-comprar-camaroes-do-equador\/","name":"Brasil deixa de comprar camar\u00f5es do Equador - VerdadeOn","isPartOf":{"@id":"https:\/\/verdadeon.com.br\/portal\/#website"},"primaryImageOfPage":{"@id":"https:\/\/verdadeon.com.br\/portal\/2024\/12\/05\/brasil-deixa-de-comprar-camaroes-do-equador\/#primaryimage"},"image":{"@id":"https:\/\/verdadeon.com.br\/portal\/2024\/12\/05\/brasil-deixa-de-comprar-camaroes-do-equador\/#primaryimage"},"thumbnailUrl":"https:\/\/i0.wp.com\/verdadeon.com.br\/portal\/wp-content\/uploads\/2024\/12\/image-91.jpg?fit=971%2C650&ssl=1","datePublished":"2024-12-05T17:50:37+00:00","author":{"@id":"https:\/\/verdadeon.com.br\/portal\/#\/schema\/person\/a5060ad1e9ea3df545188fc93ce43d2f"},"breadcrumb":{"@id":"https:\/\/verdadeon.com.br\/portal\/2024\/12\/05\/brasil-deixa-de-comprar-camaroes-do-equador\/#breadcrumb"},"inLanguage":"pt-BR","potentialAction":[{"@type":"ReadAction","target":["https:\/\/verdadeon.com.br\/portal\/2024\/12\/05\/brasil-deixa-de-comprar-camaroes-do-equador\/"]}]},{"@type":"ImageObject","inLanguage":"pt-BR","@id":"https:\/\/verdadeon.com.br\/portal\/2024\/12\/05\/brasil-deixa-de-comprar-camaroes-do-equador\/#primaryimage","url":"https:\/\/i0.wp.com\/verdadeon.com.br\/portal\/wp-content\/uploads\/2024\/12\/image-91.jpg?fit=971%2C650&ssl=1","contentUrl":"https:\/\/i0.wp.com\/verdadeon.com.br\/portal\/wp-content\/uploads\/2024\/12\/image-91.jpg?fit=971%2C650&ssl=1","width":971,"height":650,"caption":"Atualmente, o Equador \u00e9 o principal exportador de camar\u00e3o do mundo. No acumulado deste ano, o pa\u00eds respondeu por mais de 40% das importa\u00e7\u00f5es do camar\u00e3o congelado feitas pelo Brasil (\u00a9Divulgal\u00e7\u00e3o)"},{"@type":"BreadcrumbList","@id":"https:\/\/verdadeon.com.br\/portal\/2024\/12\/05\/brasil-deixa-de-comprar-camaroes-do-equador\/#breadcrumb","itemListElement":[{"@type":"ListItem","position":1,"name":"In\u00edcio","item":"https:\/\/verdadeon.com.br\/portal\/"},{"@type":"ListItem","position":2,"name":"Brasil deixa de comprar camar\u00f5es do Equador"}]},{"@type":"WebSite","@id":"https:\/\/verdadeon.com.br\/portal\/#website","url":"https:\/\/verdadeon.com.br\/portal\/","name":"VerdadeOn","description":"Not\u00edcias di\u00e1rias sobre Franca, Regi\u00e3o, Esporte, Cultura, Cotidiano, Colunas. Cobertura nos principais eventos da cidade \u00e9 aqui - Verdadeon Franca","potentialAction":[{"@type":"SearchAction","target":{"@type":"EntryPoint","urlTemplate":"https:\/\/verdadeon.com.br\/portal\/?s={search_term_string}"},"query-input":{"@type":"PropertyValueSpecification","valueRequired":true,"valueName":"search_term_string"}}],"inLanguage":"pt-BR"},{"@type":"Person","@id":"https:\/\/verdadeon.com.br\/portal\/#\/schema\/person\/a5060ad1e9ea3df545188fc93ce43d2f","name":"Redacao VerdadeOn","image":{"@type":"ImageObject","inLanguage":"pt-BR","@id":"https:\/\/verdadeon.com.br\/portal\/#\/schema\/person\/image\/","url":"https:\/\/secure.gravatar.com\/avatar\/459a9613caaaf07f582c3d0841eea68bdd66f533e465e6ba8b9cb45619572cf4?s=96&d=mm&r=g","contentUrl":"https:\/\/secure.gravatar.com\/avatar\/459a9613caaaf07f582c3d0841eea68bdd66f533e465e6ba8b9cb45619572cf4?s=96&d=mm&r=g","caption":"Redacao VerdadeOn"},"url":"https:\/\/verdadeon.com.br\/portal\/author\/redacao\/"}]}},"jetpack_publicize_connections":[],"jetpack_featured_media_url":"https:\/\/i0.wp.com\/verdadeon.com.br\/portal\/wp-content\/uploads\/2024\/12\/image-91.jpg?fit=971%2C650&ssl=1","jetpack_sharing_enabled":true,"_links":{"self":[{"href":"https:\/\/verdadeon.com.br\/portal\/wp-json\/wp\/v2\/posts\/51933","targetHints":{"allow":["GET"]}}],"collection":[{"href":"https:\/\/verdadeon.com.br\/portal\/wp-json\/wp\/v2\/posts"}],"about":[{"href":"https:\/\/verdadeon.com.br\/portal\/wp-json\/wp\/v2\/types\/post"}],"author":[{"embeddable":true,"href":"https:\/\/verdadeon.com.br\/portal\/wp-json\/wp\/v2\/users\/10"}],"replies":[{"embeddable":true,"href":"https:\/\/verdadeon.com.br\/portal\/wp-json\/wp\/v2\/comments?post=51933"}],"version-history":[{"count":1,"href":"https:\/\/verdadeon.com.br\/portal\/wp-json\/wp\/v2\/posts\/51933\/revisions"}],"predecessor-version":[{"id":51935,"href":"https:\/\/verdadeon.com.br\/portal\/wp-json\/wp\/v2\/posts\/51933\/revisions\/51935"}],"wp:featuredmedia":[{"embeddable":true,"href":"https:\/\/verdadeon.com.br\/portal\/wp-json\/wp\/v2\/media\/51934"}],"wp:attachment":[{"href":"https:\/\/verdadeon.com.br\/portal\/wp-json\/wp\/v2\/media?parent=51933"}],"wp:term":[{"taxonomy":"category","embeddable":true,"href":"https:\/\/verdadeon.com.br\/portal\/wp-json\/wp\/v2\/categories?post=51933"},{"taxonomy":"post_tag","embeddable":true,"href":"https:\/\/verdadeon.com.br\/portal\/wp-json\/wp\/v2\/tags?post=51933"}],"curies":[{"name":"wp","href":"https:\/\/api.w.org\/{rel}","templated":true}]}}