{"id":51929,"date":"2024-12-05T14:22:32","date_gmt":"2024-12-05T17:22:32","guid":{"rendered":"https:\/\/verdadeon.com.br\/portal\/?p=51929"},"modified":"2024-12-05T14:22:32","modified_gmt":"2024-12-05T17:22:32","slug":"cartorios-apontam-que-franca-tem-media-67-orfaos-por-ano-desde-2021","status":"publish","type":"post","link":"https:\/\/verdadeon.com.br\/portal\/2024\/12\/05\/cartorios-apontam-que-franca-tem-media-67-orfaos-por-ano-desde-2021\/","title":{"rendered":"Cart\u00f3rios apontam que Franca tem m\u00e9dia 67 \u00f3rf\u00e3os por ano desde 2021"},"content":{"rendered":"<h2>Em\u00a0<span class=\"il\">2021<\/span>, pandemia da COVID-19 foi respons\u00e1vel\u00a0<span class=\"il\">por<\/span>\u00a0quase metade da orfandade em territ\u00f3rio francano e, at\u00e9 este\u00a0<span class=\"il\">ano<\/span>, pode ter deixado at\u00e9 39 crian\u00e7as e adolescentes sem um dos pais<\/h2>\n<p>Levantamento in\u00e9dito realizado pelos\u00a0<span class=\"il\">Cart\u00f3rios<\/span>\u00a0de Registro Civil de S\u00e3o Paulo aponta\u00a0<span class=\"il\">que<\/span>\u00a0mais de\u00a0<span class=\"il\">67<\/span>\u00a0crian\u00e7as e adolescentes de at\u00e9 17 anos ficam\u00a0<span class=\"il\">\u00f3rf\u00e3os<\/span>\u00a0de pelo menos um de seus pais\u00a0<span class=\"il\">por<\/span>\u00a0<span class=\"il\">ano<\/span>\u00a0em\u00a0<span class=\"il\">Franca<\/span>. Os dados, pela primeira vez consolidados a n\u00edvel estadual, mostram ainda\u00a0<span class=\"il\">que<\/span>, em\u00a0<span class=\"il\">2021<\/span>, a Covid-19 foi respons\u00e1vel\u00a0<span class=\"il\">por<\/span>\u00a0quase metade da orfandade no munic\u00edpio, correspondendo a 25 crian\u00e7as\u00a0<span class=\"il\">que<\/span>\u00a0perderam seus pais\u00a0<span class=\"il\">por<\/span>\u00a0conta da doen\u00e7a em um total de 62\u00a0<span class=\"il\">\u00f3rf\u00e3os<\/span>.<\/p>\n<p>O levantamento abrange o per\u00edodo de\u00a0<span class=\"il\">2021<\/span>\u00a0a 2024, quando foi poss\u00edvel realizar o cruzamento dos dados dos CPFs dos pais existentes nos registros de \u00f3bitos com o registro de nascimento de seus filhos, possibilitando averiguar com exatid\u00e3o o n\u00famero de\u00a0<span class=\"il\">\u00f3rf\u00e3os<\/span>\u00a0no pa\u00eds\u00a0<span class=\"il\">ano<\/span>\u00a0a\u00a0<span class=\"il\">ano<\/span>. At\u00e9 a metade de 2019 n\u00e3o havia a obrigatoriedade de inclus\u00e3o do CPF dos pais no registro de nascimento, inviabilizando uma correla\u00e7\u00e3o exata entre ambos os registros, n\u00famero\u00a0<span class=\"il\">que<\/span>\u00a0ficou consolidado a partir de\u00a0<span class=\"il\">2021<\/span>.<\/p>\n<p>\u201cCom a evolu\u00e7\u00e3o da legisla\u00e7\u00e3o brasileira,\u00a0<span class=\"il\">que<\/span>\u00a0estabeleceu o CPF como n\u00famero identificador \u00fanico e permitiu sua inclus\u00e3o em diversos atos de registro, foi poss\u00edvel realizar um cruzamento s\u00f3lido das bases de registros de \u00f3bitos e nascimentos, possibilitando chegarmos a n\u00fameros concretos\u201d, explica Lu\u00eds Carlos Vendramin J\u00fanior, diretor da Associa\u00e7\u00e3o Nacional dos Registradores de Pessoas Naturais (Arpen-Brasil) e presidente do Operador Nacional do Registro Civil (ON-RCPN), \u00f3rg\u00e3o respons\u00e1vel\u00a0<span class=\"il\">por<\/span>\u00a0desenvolver tecnologias para a implanta\u00e7\u00e3o do registro eletr\u00f4nico no pa\u00eds.<\/p>\n<p>Segundo os dados consolidados do levantamento dos\u00a0<span class=\"il\">Cart\u00f3rios<\/span>\u00a0de Registro Civil, al\u00e9m dos 62\u00a0<span class=\"il\">\u00f3rf\u00e3os<\/span>\u00a0contabilizados em\u00a0<span class=\"il\">2021<\/span>, o\u00a0<span class=\"il\">ano<\/span>\u00a0seguinte registrou 56 crian\u00e7as\u00a0<span class=\"il\">que<\/span>\u00a0perderam ao menos um dos pais, enquanto 2023 registrou um aumento para 69\u00a0<span class=\"il\">\u00f3rf\u00e3os<\/span>\u00a0e, at\u00e9 outubro de 2024, o n\u00famero j\u00e1 totaliza 83, o\u00a0<span class=\"il\">que<\/span>\u00a0supera o recorde do\u00a0<span class=\"il\">ano<\/span>\u00a0passado neste per\u00edodo. \u201cTrata-se de dados vitais para a elabora\u00e7\u00e3o de pol\u00edticas p\u00fablicas no pa\u00eds, inclusive para\u00a0<span class=\"il\">que<\/span>\u00a0os Governos possam se planejar para atender esta grande demanda de orfandade em nosso pa\u00eds\u201d, completa Gustavo Renato Fiscarelli, presidente da Arpen-Brasil.<\/p>\n<p><strong>Fen\u00f4meno da Covid-19<\/strong><\/p>\n<p>Os dados\u00a0<span class=\"il\">apontam<\/span>\u00a0<span class=\"il\">que<\/span>\u00a0a Covid-19 deixou,\u00a0<span class=\"il\">desde<\/span>\u00a02019, 30 crian\u00e7as\u00a0<span class=\"il\">\u00f3rf\u00e3os<\/span>\u00a0de pelo menos um de seus pais em\u00a0<span class=\"il\">Franca<\/span>. Se forem consideradas doen\u00e7as correlacionadas ao coronav\u00edrus no per\u00edodo, como Insufici\u00eancia Respirat\u00f3ria \u2013 9, o n\u00famero pode chegar a ao menos 39 crian\u00e7as\u00a0<span class=\"il\">\u00f3rf\u00e3os<\/span>\u00a0<span class=\"il\">por<\/span>\u00a0causa de doen\u00e7as relacionadas \u00e0 Covid\u00a0<span class=\"il\">desde<\/span>\u00a02019.<\/p>\n<p>O levantamento ainda aponta reflexo no aumento do n\u00famero de\u00a0<span class=\"il\">\u00f3rf\u00e3os<\/span>\u00a0em raz\u00e3o do falecimento de seus pais em doen\u00e7as como Infarto, AVC, Sepse e Pneumonia,\u00a0<span class=\"il\">que<\/span>\u00a0estiveram relacionadas com a pandemia nos \u00faltimos anos.<\/p>\n","protected":false},"excerpt":{"rendered":"<p>Em\u00a02021, pandemia da COVID-19 foi respons\u00e1vel\u00a0por\u00a0quase metade da orfandade em territ\u00f3rio francano e, at\u00e9 este\u00a0ano, pode ter deixado at\u00e9 39 crian\u00e7as e adolescentes sem um dos<span class=\"excerpt-hellip\"> [\u2026]<\/span><\/p>\n","protected":false},"author":10,"featured_media":51931,"comment_status":"open","ping_status":"open","sticky":false,"template":"","format":"standard","meta":{"_jetpack_memberships_contains_paid_content":false,"footnotes":"","jetpack_publicize_message":"","jetpack_publicize_feature_enabled":true,"jetpack_social_post_already_shared":true,"jetpack_social_options":{"image_generator_settings":{"template":"highway","default_image_id":0,"enabled":false},"version":2}},"categories":[28,44],"tags":[],"class_list":["post-51929","post","type-post","status-publish","format-standard","has-post-thumbnail","hentry","category-cotidiano","category-noticias"],"yoast_head":"<!-- This site is optimized with the Yoast SEO plugin v25.6 - https:\/\/yoast.com\/wordpress\/plugins\/seo\/ -->\n<title>Cart\u00f3rios apontam que Franca tem m\u00e9dia 67 \u00f3rf\u00e3os por ano desde 2021 - VerdadeOn<\/title>\n<meta name=\"robots\" content=\"index, follow, max-snippet:-1, max-image-preview:large, max-video-preview:-1\" \/>\n<link rel=\"canonical\" href=\"https:\/\/verdadeon.com.br\/portal\/2024\/12\/05\/cartorios-apontam-que-franca-tem-media-67-orfaos-por-ano-desde-2021\/\" \/>\n<meta property=\"og:locale\" content=\"pt_BR\" \/>\n<meta property=\"og:type\" content=\"article\" \/>\n<meta property=\"og:title\" content=\"Cart\u00f3rios apontam que Franca tem m\u00e9dia 67 \u00f3rf\u00e3os por ano desde 2021 - VerdadeOn\" \/>\n<meta property=\"og:description\" content=\"Em\u00a02021, pandemia da COVID-19 foi respons\u00e1vel\u00a0por\u00a0quase metade da orfandade em territ\u00f3rio francano e, at\u00e9 este\u00a0ano, pode ter deixado at\u00e9 39 crian\u00e7as e adolescentes sem um dos [\u2026]\" \/>\n<meta property=\"og:url\" content=\"https:\/\/verdadeon.com.br\/portal\/2024\/12\/05\/cartorios-apontam-que-franca-tem-media-67-orfaos-por-ano-desde-2021\/\" \/>\n<meta property=\"og:site_name\" content=\"VerdadeOn\" \/>\n<meta property=\"article:published_time\" content=\"2024-12-05T17:22:32+00:00\" \/>\n<meta property=\"og:image\" content=\"https:\/\/verdadeon.com.br\/portal\/wp-content\/uploads\/2024\/12\/close-up-child-playing-with-didactic-game-scaled.jpg\" \/>\n\t<meta property=\"og:image:width\" content=\"2560\" \/>\n\t<meta property=\"og:image:height\" content=\"1715\" \/>\n\t<meta property=\"og:image:type\" content=\"image\/jpeg\" \/>\n<meta name=\"author\" content=\"Redacao VerdadeOn\" \/>\n<meta name=\"twitter:card\" content=\"summary_large_image\" \/>\n<meta name=\"twitter:label1\" content=\"Escrito por\" \/>\n\t<meta name=\"twitter:data1\" content=\"Redacao VerdadeOn\" \/>\n\t<meta name=\"twitter:label2\" content=\"Est. tempo de leitura\" \/>\n\t<meta name=\"twitter:data2\" content=\"3 minutos\" \/>\n<script type=\"application\/ld+json\" class=\"yoast-schema-graph\">{\"@context\":\"https:\/\/schema.org\",\"@graph\":[{\"@type\":\"WebPage\",\"@id\":\"https:\/\/verdadeon.com.br\/portal\/2024\/12\/05\/cartorios-apontam-que-franca-tem-media-67-orfaos-por-ano-desde-2021\/\",\"url\":\"https:\/\/verdadeon.com.br\/portal\/2024\/12\/05\/cartorios-apontam-que-franca-tem-media-67-orfaos-por-ano-desde-2021\/\",\"name\":\"Cart\u00f3rios apontam que Franca tem m\u00e9dia 67 \u00f3rf\u00e3os por ano desde 2021 - VerdadeOn\",\"isPartOf\":{\"@id\":\"https:\/\/verdadeon.com.br\/portal\/#website\"},\"primaryImageOfPage\":{\"@id\":\"https:\/\/verdadeon.com.br\/portal\/2024\/12\/05\/cartorios-apontam-que-franca-tem-media-67-orfaos-por-ano-desde-2021\/#primaryimage\"},\"image\":{\"@id\":\"https:\/\/verdadeon.com.br\/portal\/2024\/12\/05\/cartorios-apontam-que-franca-tem-media-67-orfaos-por-ano-desde-2021\/#primaryimage\"},\"thumbnailUrl\":\"https:\/\/i0.wp.com\/verdadeon.com.br\/portal\/wp-content\/uploads\/2024\/12\/close-up-child-playing-with-didactic-game-scaled.jpg?fit=2560%2C1715&ssl=1\",\"datePublished\":\"2024-12-05T17:22:32+00:00\",\"author\":{\"@id\":\"https:\/\/verdadeon.com.br\/portal\/#\/schema\/person\/a5060ad1e9ea3df545188fc93ce43d2f\"},\"breadcrumb\":{\"@id\":\"https:\/\/verdadeon.com.br\/portal\/2024\/12\/05\/cartorios-apontam-que-franca-tem-media-67-orfaos-por-ano-desde-2021\/#breadcrumb\"},\"inLanguage\":\"pt-BR\",\"potentialAction\":[{\"@type\":\"ReadAction\",\"target\":[\"https:\/\/verdadeon.com.br\/portal\/2024\/12\/05\/cartorios-apontam-que-franca-tem-media-67-orfaos-por-ano-desde-2021\/\"]}]},{\"@type\":\"ImageObject\",\"inLanguage\":\"pt-BR\",\"@id\":\"https:\/\/verdadeon.com.br\/portal\/2024\/12\/05\/cartorios-apontam-que-franca-tem-media-67-orfaos-por-ano-desde-2021\/#primaryimage\",\"url\":\"https:\/\/i0.wp.com\/verdadeon.com.br\/portal\/wp-content\/uploads\/2024\/12\/close-up-child-playing-with-didactic-game-scaled.jpg?fit=2560%2C1715&ssl=1\",\"contentUrl\":\"https:\/\/i0.wp.com\/verdadeon.com.br\/portal\/wp-content\/uploads\/2024\/12\/close-up-child-playing-with-didactic-game-scaled.jpg?fit=2560%2C1715&ssl=1\",\"width\":2560,\"height\":1715,\"caption\":\"At\u00e9 a metade de 2019 n\u00e3o havia a obrigatoriedade de inclus\u00e3o do CPF dos pais no registro de nascimento, inviabilizando uma correla\u00e7\u00e3o exata entre ambos os registros, n\u00famero que ficou consolidado a partir de 2021 (\u00a9Freepik)\"},{\"@type\":\"BreadcrumbList\",\"@id\":\"https:\/\/verdadeon.com.br\/portal\/2024\/12\/05\/cartorios-apontam-que-franca-tem-media-67-orfaos-por-ano-desde-2021\/#breadcrumb\",\"itemListElement\":[{\"@type\":\"ListItem\",\"position\":1,\"name\":\"In\u00edcio\",\"item\":\"https:\/\/verdadeon.com.br\/portal\/\"},{\"@type\":\"ListItem\",\"position\":2,\"name\":\"Cart\u00f3rios apontam que Franca tem m\u00e9dia 67 \u00f3rf\u00e3os por ano desde 2021\"}]},{\"@type\":\"WebSite\",\"@id\":\"https:\/\/verdadeon.com.br\/portal\/#website\",\"url\":\"https:\/\/verdadeon.com.br\/portal\/\",\"name\":\"VerdadeOn\",\"description\":\"Not\u00edcias di\u00e1rias sobre Franca, Regi\u00e3o, Esporte, Cultura, Cotidiano, Colunas. Cobertura nos principais eventos da cidade \u00e9 aqui - Verdadeon Franca\",\"potentialAction\":[{\"@type\":\"SearchAction\",\"target\":{\"@type\":\"EntryPoint\",\"urlTemplate\":\"https:\/\/verdadeon.com.br\/portal\/?s={search_term_string}\"},\"query-input\":{\"@type\":\"PropertyValueSpecification\",\"valueRequired\":true,\"valueName\":\"search_term_string\"}}],\"inLanguage\":\"pt-BR\"},{\"@type\":\"Person\",\"@id\":\"https:\/\/verdadeon.com.br\/portal\/#\/schema\/person\/a5060ad1e9ea3df545188fc93ce43d2f\",\"name\":\"Redacao VerdadeOn\",\"image\":{\"@type\":\"ImageObject\",\"inLanguage\":\"pt-BR\",\"@id\":\"https:\/\/verdadeon.com.br\/portal\/#\/schema\/person\/image\/\",\"url\":\"https:\/\/secure.gravatar.com\/avatar\/459a9613caaaf07f582c3d0841eea68bdd66f533e465e6ba8b9cb45619572cf4?s=96&d=mm&r=g\",\"contentUrl\":\"https:\/\/secure.gravatar.com\/avatar\/459a9613caaaf07f582c3d0841eea68bdd66f533e465e6ba8b9cb45619572cf4?s=96&d=mm&r=g\",\"caption\":\"Redacao VerdadeOn\"},\"url\":\"https:\/\/verdadeon.com.br\/portal\/author\/redacao\/\"}]}<\/script>\n<!-- \/ Yoast SEO plugin. -->","yoast_head_json":{"title":"Cart\u00f3rios apontam que Franca tem m\u00e9dia 67 \u00f3rf\u00e3os por ano desde 2021 - VerdadeOn","robots":{"index":"index","follow":"follow","max-snippet":"max-snippet:-1","max-image-preview":"max-image-preview:large","max-video-preview":"max-video-preview:-1"},"canonical":"https:\/\/verdadeon.com.br\/portal\/2024\/12\/05\/cartorios-apontam-que-franca-tem-media-67-orfaos-por-ano-desde-2021\/","og_locale":"pt_BR","og_type":"article","og_title":"Cart\u00f3rios apontam que Franca tem m\u00e9dia 67 \u00f3rf\u00e3os por ano desde 2021 - VerdadeOn","og_description":"Em\u00a02021, pandemia da COVID-19 foi respons\u00e1vel\u00a0por\u00a0quase metade da orfandade em territ\u00f3rio francano e, at\u00e9 este\u00a0ano, pode ter deixado at\u00e9 39 crian\u00e7as e adolescentes sem um dos [\u2026]","og_url":"https:\/\/verdadeon.com.br\/portal\/2024\/12\/05\/cartorios-apontam-que-franca-tem-media-67-orfaos-por-ano-desde-2021\/","og_site_name":"VerdadeOn","article_published_time":"2024-12-05T17:22:32+00:00","og_image":[{"width":2560,"height":1715,"url":"https:\/\/verdadeon.com.br\/portal\/wp-content\/uploads\/2024\/12\/close-up-child-playing-with-didactic-game-scaled.jpg","type":"image\/jpeg"}],"author":"Redacao VerdadeOn","twitter_card":"summary_large_image","twitter_misc":{"Escrito por":"Redacao VerdadeOn","Est. tempo de leitura":"3 minutos"},"schema":{"@context":"https:\/\/schema.org","@graph":[{"@type":"WebPage","@id":"https:\/\/verdadeon.com.br\/portal\/2024\/12\/05\/cartorios-apontam-que-franca-tem-media-67-orfaos-por-ano-desde-2021\/","url":"https:\/\/verdadeon.com.br\/portal\/2024\/12\/05\/cartorios-apontam-que-franca-tem-media-67-orfaos-por-ano-desde-2021\/","name":"Cart\u00f3rios apontam que Franca tem m\u00e9dia 67 \u00f3rf\u00e3os por ano desde 2021 - VerdadeOn","isPartOf":{"@id":"https:\/\/verdadeon.com.br\/portal\/#website"},"primaryImageOfPage":{"@id":"https:\/\/verdadeon.com.br\/portal\/2024\/12\/05\/cartorios-apontam-que-franca-tem-media-67-orfaos-por-ano-desde-2021\/#primaryimage"},"image":{"@id":"https:\/\/verdadeon.com.br\/portal\/2024\/12\/05\/cartorios-apontam-que-franca-tem-media-67-orfaos-por-ano-desde-2021\/#primaryimage"},"thumbnailUrl":"https:\/\/i0.wp.com\/verdadeon.com.br\/portal\/wp-content\/uploads\/2024\/12\/close-up-child-playing-with-didactic-game-scaled.jpg?fit=2560%2C1715&ssl=1","datePublished":"2024-12-05T17:22:32+00:00","author":{"@id":"https:\/\/verdadeon.com.br\/portal\/#\/schema\/person\/a5060ad1e9ea3df545188fc93ce43d2f"},"breadcrumb":{"@id":"https:\/\/verdadeon.com.br\/portal\/2024\/12\/05\/cartorios-apontam-que-franca-tem-media-67-orfaos-por-ano-desde-2021\/#breadcrumb"},"inLanguage":"pt-BR","potentialAction":[{"@type":"ReadAction","target":["https:\/\/verdadeon.com.br\/portal\/2024\/12\/05\/cartorios-apontam-que-franca-tem-media-67-orfaos-por-ano-desde-2021\/"]}]},{"@type":"ImageObject","inLanguage":"pt-BR","@id":"https:\/\/verdadeon.com.br\/portal\/2024\/12\/05\/cartorios-apontam-que-franca-tem-media-67-orfaos-por-ano-desde-2021\/#primaryimage","url":"https:\/\/i0.wp.com\/verdadeon.com.br\/portal\/wp-content\/uploads\/2024\/12\/close-up-child-playing-with-didactic-game-scaled.jpg?fit=2560%2C1715&ssl=1","contentUrl":"https:\/\/i0.wp.com\/verdadeon.com.br\/portal\/wp-content\/uploads\/2024\/12\/close-up-child-playing-with-didactic-game-scaled.jpg?fit=2560%2C1715&ssl=1","width":2560,"height":1715,"caption":"At\u00e9 a metade de 2019 n\u00e3o havia a obrigatoriedade de inclus\u00e3o do CPF dos pais no registro de nascimento, inviabilizando uma correla\u00e7\u00e3o exata entre ambos os registros, n\u00famero que ficou consolidado a partir de 2021 (\u00a9Freepik)"},{"@type":"BreadcrumbList","@id":"https:\/\/verdadeon.com.br\/portal\/2024\/12\/05\/cartorios-apontam-que-franca-tem-media-67-orfaos-por-ano-desde-2021\/#breadcrumb","itemListElement":[{"@type":"ListItem","position":1,"name":"In\u00edcio","item":"https:\/\/verdadeon.com.br\/portal\/"},{"@type":"ListItem","position":2,"name":"Cart\u00f3rios apontam que Franca tem m\u00e9dia 67 \u00f3rf\u00e3os por ano desde 2021"}]},{"@type":"WebSite","@id":"https:\/\/verdadeon.com.br\/portal\/#website","url":"https:\/\/verdadeon.com.br\/portal\/","name":"VerdadeOn","description":"Not\u00edcias di\u00e1rias sobre Franca, Regi\u00e3o, Esporte, Cultura, Cotidiano, Colunas. Cobertura nos principais eventos da cidade \u00e9 aqui - Verdadeon Franca","potentialAction":[{"@type":"SearchAction","target":{"@type":"EntryPoint","urlTemplate":"https:\/\/verdadeon.com.br\/portal\/?s={search_term_string}"},"query-input":{"@type":"PropertyValueSpecification","valueRequired":true,"valueName":"search_term_string"}}],"inLanguage":"pt-BR"},{"@type":"Person","@id":"https:\/\/verdadeon.com.br\/portal\/#\/schema\/person\/a5060ad1e9ea3df545188fc93ce43d2f","name":"Redacao VerdadeOn","image":{"@type":"ImageObject","inLanguage":"pt-BR","@id":"https:\/\/verdadeon.com.br\/portal\/#\/schema\/person\/image\/","url":"https:\/\/secure.gravatar.com\/avatar\/459a9613caaaf07f582c3d0841eea68bdd66f533e465e6ba8b9cb45619572cf4?s=96&d=mm&r=g","contentUrl":"https:\/\/secure.gravatar.com\/avatar\/459a9613caaaf07f582c3d0841eea68bdd66f533e465e6ba8b9cb45619572cf4?s=96&d=mm&r=g","caption":"Redacao VerdadeOn"},"url":"https:\/\/verdadeon.com.br\/portal\/author\/redacao\/"}]}},"jetpack_publicize_connections":[],"jetpack_featured_media_url":"https:\/\/i0.wp.com\/verdadeon.com.br\/portal\/wp-content\/uploads\/2024\/12\/close-up-child-playing-with-didactic-game-scaled.jpg?fit=2560%2C1715&ssl=1","jetpack_sharing_enabled":true,"_links":{"self":[{"href":"https:\/\/verdadeon.com.br\/portal\/wp-json\/wp\/v2\/posts\/51929","targetHints":{"allow":["GET"]}}],"collection":[{"href":"https:\/\/verdadeon.com.br\/portal\/wp-json\/wp\/v2\/posts"}],"about":[{"href":"https:\/\/verdadeon.com.br\/portal\/wp-json\/wp\/v2\/types\/post"}],"author":[{"embeddable":true,"href":"https:\/\/verdadeon.com.br\/portal\/wp-json\/wp\/v2\/users\/10"}],"replies":[{"embeddable":true,"href":"https:\/\/verdadeon.com.br\/portal\/wp-json\/wp\/v2\/comments?post=51929"}],"version-history":[{"count":1,"href":"https:\/\/verdadeon.com.br\/portal\/wp-json\/wp\/v2\/posts\/51929\/revisions"}],"predecessor-version":[{"id":51932,"href":"https:\/\/verdadeon.com.br\/portal\/wp-json\/wp\/v2\/posts\/51929\/revisions\/51932"}],"wp:featuredmedia":[{"embeddable":true,"href":"https:\/\/verdadeon.com.br\/portal\/wp-json\/wp\/v2\/media\/51931"}],"wp:attachment":[{"href":"https:\/\/verdadeon.com.br\/portal\/wp-json\/wp\/v2\/media?parent=51929"}],"wp:term":[{"taxonomy":"category","embeddable":true,"href":"https:\/\/verdadeon.com.br\/portal\/wp-json\/wp\/v2\/categories?post=51929"},{"taxonomy":"post_tag","embeddable":true,"href":"https:\/\/verdadeon.com.br\/portal\/wp-json\/wp\/v2\/tags?post=51929"}],"curies":[{"name":"wp","href":"https:\/\/api.w.org\/{rel}","templated":true}]}}