{"id":51877,"date":"2024-12-04T14:32:59","date_gmt":"2024-12-04T17:32:59","guid":{"rendered":"https:\/\/verdadeon.com.br\/portal\/?p=51877"},"modified":"2024-12-04T14:32:59","modified_gmt":"2024-12-04T17:32:59","slug":"seca-impacta-lavouras-de-cafe-e-precos-disparam-no-mercado-internacional","status":"publish","type":"post","link":"https:\/\/verdadeon.com.br\/portal\/2024\/12\/04\/seca-impacta-lavouras-de-cafe-e-precos-disparam-no-mercado-internacional\/","title":{"rendered":"Seca impacta lavouras de caf\u00e9 e pre\u00e7os disparam no mercado internacional"},"content":{"rendered":"<h2>Cadeia produtiva em alerta com cen\u00e1rio incerto para 2025<\/h2>\n<p>A seca prolongada e as temperaturas elevadas em 2024 impuseram severos desafios \u00e0s lavouras de caf\u00e9 no Brasil, o maior produtor e exportador mundial do gr\u00e3o. O impacto clim\u00e1tico j\u00e1 reflete nos pre\u00e7os da saca de caf\u00e9, que ultrapassaram a marca hist\u00f3rica de R$ 2 mil, enquanto o mercado internacional reage \u00e0 expectativa de uma oferta reduzida em 2025.<\/p>\n<p>A florada das planta\u00e7\u00f5es, momento crucial para a defini\u00e7\u00e3o da safra, foi diretamente comprometida pela falta de chuvas e pelo d\u00e9ficit h\u00eddrico nas principais regi\u00f5es cafeeiras do pa\u00eds. Embora algumas \u00e1reas tenham apresentado florescimento satisfat\u00f3rio, o baixo enfolhamento das plantas, somado \u00e0s condi\u00e7\u00f5es clim\u00e1ticas adversas, resultou em um baixo pegamento das flores, ou seja, muitas delas n\u00e3o se transformaram em frutos.<\/p>\n<p>&#8220;O cen\u00e1rio \u00e9 cr\u00edtico e acende um alerta para toda a cadeia produtiva&#8221;, destaca Rafael Stefani, produtor de caf\u00e9 em Ribeir\u00e3o Corrente\/SP. &#8220;A percep\u00e7\u00e3o global \u00e9 de que o Brasil ter\u00e1 dificuldades para atender \u00e0 demanda no pr\u00f3ximo ano, o que impulsionou os pre\u00e7os no mercado internacional.&#8221;<\/p>\n<p>De acordo com o engenheiro agr\u00f4nomo Marcelo Jord\u00e3o, da Funda\u00e7\u00e3o Procaf\u00e9, os efeitos da seca prolongada ser\u00e3o ainda mais evidentes nos primeiros meses de 2025, quando se confirmar\u00e1 o impacto real na produtividade. &#8220;O d\u00e9ficit h\u00eddrico e as altas temperaturas afetaram o enfolhamento das plantas, essencial para o desenvolvimento dos frutos. Apesar da abertura das flores, muitas n\u00e3o vingaram, comprometendo significativamente a safra.&#8221;<\/p>\n<p><strong>Impactos no mercado e no consumidor<\/strong><br \/>\nA escalada nos pre\u00e7os n\u00e3o afeta apenas os produtores, mas tamb\u00e9m repercute em toda a cadeia produtiva. Exportadores e torrefadores j\u00e1 come\u00e7am a rever suas estrat\u00e9gias diante da volatilidade do mercado e do cen\u00e1rio clim\u00e1tico incerto. Para o consumidor final, o impacto tamb\u00e9m ser\u00e1 sentido, com aumentos nos pre\u00e7os de produtos derivados do caf\u00e9 j\u00e1 percept\u00edveis nas prateleiras.<\/p>\n<p>Com o futuro da safra 2025 ainda incerto, o Brasil enfrenta um dos maiores desafios recentes na produ\u00e7\u00e3o de caf\u00e9, refor\u00e7ando a necessidade de adapta\u00e7\u00e3o do setor \u00e0s mudan\u00e7as clim\u00e1ticas e \u00e0 imprevisibilidade do mercado global.<\/p>\n","protected":false},"excerpt":{"rendered":"<p>Cadeia produtiva em alerta com cen\u00e1rio incerto para 2025 A seca prolongada e as temperaturas elevadas em 2024 impuseram severos desafios \u00e0s lavouras de caf\u00e9 no<span class=\"excerpt-hellip\"> [\u2026]<\/span><\/p>\n","protected":false},"author":10,"featured_media":51878,"comment_status":"open","ping_status":"open","sticky":false,"template":"","format":"standard","meta":{"_jetpack_memberships_contains_paid_content":false,"footnotes":"","jetpack_publicize_message":"","jetpack_publicize_feature_enabled":true,"jetpack_social_post_already_shared":true,"jetpack_social_options":{"image_generator_settings":{"template":"highway","default_image_id":0,"enabled":false},"version":2}},"categories":[28,44],"tags":[],"class_list":["post-51877","post","type-post","status-publish","format-standard","has-post-thumbnail","hentry","category-cotidiano","category-noticias"],"yoast_head":"<!-- This site is optimized with the Yoast SEO plugin v25.6 - https:\/\/yoast.com\/wordpress\/plugins\/seo\/ -->\n<title>Seca impacta lavouras de caf\u00e9 e pre\u00e7os disparam no mercado internacional - VerdadeOn<\/title>\n<meta name=\"robots\" content=\"index, follow, max-snippet:-1, max-image-preview:large, max-video-preview:-1\" \/>\n<link rel=\"canonical\" href=\"https:\/\/verdadeon.com.br\/portal\/2024\/12\/04\/seca-impacta-lavouras-de-cafe-e-precos-disparam-no-mercado-internacional\/\" \/>\n<meta property=\"og:locale\" content=\"pt_BR\" \/>\n<meta property=\"og:type\" content=\"article\" \/>\n<meta property=\"og:title\" content=\"Seca impacta lavouras de caf\u00e9 e pre\u00e7os disparam no mercado internacional - VerdadeOn\" \/>\n<meta property=\"og:description\" content=\"Cadeia produtiva em alerta com cen\u00e1rio incerto para 2025 A seca prolongada e as temperaturas elevadas em 2024 impuseram severos desafios \u00e0s lavouras de caf\u00e9 no [\u2026]\" \/>\n<meta property=\"og:url\" content=\"https:\/\/verdadeon.com.br\/portal\/2024\/12\/04\/seca-impacta-lavouras-de-cafe-e-precos-disparam-no-mercado-internacional\/\" \/>\n<meta property=\"og:site_name\" content=\"VerdadeOn\" \/>\n<meta property=\"article:published_time\" content=\"2024-12-04T17:32:59+00:00\" \/>\n<meta property=\"og:image\" content=\"https:\/\/verdadeon.com.br\/portal\/wp-content\/uploads\/2024\/12\/WhatsApp-Image-2024-12-04-at-13.05.43.jpeg\" \/>\n\t<meta property=\"og:image:width\" content=\"977\" \/>\n\t<meta property=\"og:image:height\" content=\"654\" \/>\n\t<meta property=\"og:image:type\" content=\"image\/jpeg\" \/>\n<meta name=\"author\" content=\"Redacao VerdadeOn\" \/>\n<meta name=\"twitter:card\" content=\"summary_large_image\" \/>\n<meta name=\"twitter:label1\" content=\"Escrito por\" \/>\n\t<meta name=\"twitter:data1\" content=\"Redacao VerdadeOn\" \/>\n\t<meta name=\"twitter:label2\" content=\"Est. tempo de leitura\" \/>\n\t<meta name=\"twitter:data2\" content=\"2 minutos\" \/>\n<script type=\"application\/ld+json\" class=\"yoast-schema-graph\">{\"@context\":\"https:\/\/schema.org\",\"@graph\":[{\"@type\":\"WebPage\",\"@id\":\"https:\/\/verdadeon.com.br\/portal\/2024\/12\/04\/seca-impacta-lavouras-de-cafe-e-precos-disparam-no-mercado-internacional\/\",\"url\":\"https:\/\/verdadeon.com.br\/portal\/2024\/12\/04\/seca-impacta-lavouras-de-cafe-e-precos-disparam-no-mercado-internacional\/\",\"name\":\"Seca impacta lavouras de caf\u00e9 e pre\u00e7os disparam no mercado internacional - VerdadeOn\",\"isPartOf\":{\"@id\":\"https:\/\/verdadeon.com.br\/portal\/#website\"},\"primaryImageOfPage\":{\"@id\":\"https:\/\/verdadeon.com.br\/portal\/2024\/12\/04\/seca-impacta-lavouras-de-cafe-e-precos-disparam-no-mercado-internacional\/#primaryimage\"},\"image\":{\"@id\":\"https:\/\/verdadeon.com.br\/portal\/2024\/12\/04\/seca-impacta-lavouras-de-cafe-e-precos-disparam-no-mercado-internacional\/#primaryimage\"},\"thumbnailUrl\":\"https:\/\/i0.wp.com\/verdadeon.com.br\/portal\/wp-content\/uploads\/2024\/12\/WhatsApp-Image-2024-12-04-at-13.05.43.jpeg?fit=977%2C654&ssl=1\",\"datePublished\":\"2024-12-04T17:32:59+00:00\",\"author\":{\"@id\":\"https:\/\/verdadeon.com.br\/portal\/#\/schema\/person\/a5060ad1e9ea3df545188fc93ce43d2f\"},\"breadcrumb\":{\"@id\":\"https:\/\/verdadeon.com.br\/portal\/2024\/12\/04\/seca-impacta-lavouras-de-cafe-e-precos-disparam-no-mercado-internacional\/#breadcrumb\"},\"inLanguage\":\"pt-BR\",\"potentialAction\":[{\"@type\":\"ReadAction\",\"target\":[\"https:\/\/verdadeon.com.br\/portal\/2024\/12\/04\/seca-impacta-lavouras-de-cafe-e-precos-disparam-no-mercado-internacional\/\"]}]},{\"@type\":\"ImageObject\",\"inLanguage\":\"pt-BR\",\"@id\":\"https:\/\/verdadeon.com.br\/portal\/2024\/12\/04\/seca-impacta-lavouras-de-cafe-e-precos-disparam-no-mercado-internacional\/#primaryimage\",\"url\":\"https:\/\/i0.wp.com\/verdadeon.com.br\/portal\/wp-content\/uploads\/2024\/12\/WhatsApp-Image-2024-12-04-at-13.05.43.jpeg?fit=977%2C654&ssl=1\",\"contentUrl\":\"https:\/\/i0.wp.com\/verdadeon.com.br\/portal\/wp-content\/uploads\/2024\/12\/WhatsApp-Image-2024-12-04-at-13.05.43.jpeg?fit=977%2C654&ssl=1\",\"width\":977,\"height\":654,\"caption\":\"Com o futuro da safra 2025 ainda incerto, o Brasil enfrenta um dos maiores desafios recentes na produ\u00e7\u00e3o de caf\u00e9 (\u00a9Divulga\u00e7\u00e3o)\"},{\"@type\":\"BreadcrumbList\",\"@id\":\"https:\/\/verdadeon.com.br\/portal\/2024\/12\/04\/seca-impacta-lavouras-de-cafe-e-precos-disparam-no-mercado-internacional\/#breadcrumb\",\"itemListElement\":[{\"@type\":\"ListItem\",\"position\":1,\"name\":\"In\u00edcio\",\"item\":\"https:\/\/verdadeon.com.br\/portal\/\"},{\"@type\":\"ListItem\",\"position\":2,\"name\":\"Seca impacta lavouras de caf\u00e9 e pre\u00e7os disparam no mercado internacional\"}]},{\"@type\":\"WebSite\",\"@id\":\"https:\/\/verdadeon.com.br\/portal\/#website\",\"url\":\"https:\/\/verdadeon.com.br\/portal\/\",\"name\":\"VerdadeOn\",\"description\":\"Not\u00edcias di\u00e1rias sobre Franca, Regi\u00e3o, Esporte, Cultura, Cotidiano, Colunas. Cobertura nos principais eventos da cidade \u00e9 aqui - Verdadeon Franca\",\"potentialAction\":[{\"@type\":\"SearchAction\",\"target\":{\"@type\":\"EntryPoint\",\"urlTemplate\":\"https:\/\/verdadeon.com.br\/portal\/?s={search_term_string}\"},\"query-input\":{\"@type\":\"PropertyValueSpecification\",\"valueRequired\":true,\"valueName\":\"search_term_string\"}}],\"inLanguage\":\"pt-BR\"},{\"@type\":\"Person\",\"@id\":\"https:\/\/verdadeon.com.br\/portal\/#\/schema\/person\/a5060ad1e9ea3df545188fc93ce43d2f\",\"name\":\"Redacao VerdadeOn\",\"image\":{\"@type\":\"ImageObject\",\"inLanguage\":\"pt-BR\",\"@id\":\"https:\/\/verdadeon.com.br\/portal\/#\/schema\/person\/image\/\",\"url\":\"https:\/\/secure.gravatar.com\/avatar\/459a9613caaaf07f582c3d0841eea68bdd66f533e465e6ba8b9cb45619572cf4?s=96&d=mm&r=g\",\"contentUrl\":\"https:\/\/secure.gravatar.com\/avatar\/459a9613caaaf07f582c3d0841eea68bdd66f533e465e6ba8b9cb45619572cf4?s=96&d=mm&r=g\",\"caption\":\"Redacao VerdadeOn\"},\"url\":\"https:\/\/verdadeon.com.br\/portal\/author\/redacao\/\"}]}<\/script>\n<!-- \/ Yoast SEO plugin. -->","yoast_head_json":{"title":"Seca impacta lavouras de caf\u00e9 e pre\u00e7os disparam no mercado internacional - VerdadeOn","robots":{"index":"index","follow":"follow","max-snippet":"max-snippet:-1","max-image-preview":"max-image-preview:large","max-video-preview":"max-video-preview:-1"},"canonical":"https:\/\/verdadeon.com.br\/portal\/2024\/12\/04\/seca-impacta-lavouras-de-cafe-e-precos-disparam-no-mercado-internacional\/","og_locale":"pt_BR","og_type":"article","og_title":"Seca impacta lavouras de caf\u00e9 e pre\u00e7os disparam no mercado internacional - VerdadeOn","og_description":"Cadeia produtiva em alerta com cen\u00e1rio incerto para 2025 A seca prolongada e as temperaturas elevadas em 2024 impuseram severos desafios \u00e0s lavouras de caf\u00e9 no [\u2026]","og_url":"https:\/\/verdadeon.com.br\/portal\/2024\/12\/04\/seca-impacta-lavouras-de-cafe-e-precos-disparam-no-mercado-internacional\/","og_site_name":"VerdadeOn","article_published_time":"2024-12-04T17:32:59+00:00","og_image":[{"width":977,"height":654,"url":"https:\/\/verdadeon.com.br\/portal\/wp-content\/uploads\/2024\/12\/WhatsApp-Image-2024-12-04-at-13.05.43.jpeg","type":"image\/jpeg"}],"author":"Redacao VerdadeOn","twitter_card":"summary_large_image","twitter_misc":{"Escrito por":"Redacao VerdadeOn","Est. tempo de leitura":"2 minutos"},"schema":{"@context":"https:\/\/schema.org","@graph":[{"@type":"WebPage","@id":"https:\/\/verdadeon.com.br\/portal\/2024\/12\/04\/seca-impacta-lavouras-de-cafe-e-precos-disparam-no-mercado-internacional\/","url":"https:\/\/verdadeon.com.br\/portal\/2024\/12\/04\/seca-impacta-lavouras-de-cafe-e-precos-disparam-no-mercado-internacional\/","name":"Seca impacta lavouras de caf\u00e9 e pre\u00e7os disparam no mercado internacional - VerdadeOn","isPartOf":{"@id":"https:\/\/verdadeon.com.br\/portal\/#website"},"primaryImageOfPage":{"@id":"https:\/\/verdadeon.com.br\/portal\/2024\/12\/04\/seca-impacta-lavouras-de-cafe-e-precos-disparam-no-mercado-internacional\/#primaryimage"},"image":{"@id":"https:\/\/verdadeon.com.br\/portal\/2024\/12\/04\/seca-impacta-lavouras-de-cafe-e-precos-disparam-no-mercado-internacional\/#primaryimage"},"thumbnailUrl":"https:\/\/i0.wp.com\/verdadeon.com.br\/portal\/wp-content\/uploads\/2024\/12\/WhatsApp-Image-2024-12-04-at-13.05.43.jpeg?fit=977%2C654&ssl=1","datePublished":"2024-12-04T17:32:59+00:00","author":{"@id":"https:\/\/verdadeon.com.br\/portal\/#\/schema\/person\/a5060ad1e9ea3df545188fc93ce43d2f"},"breadcrumb":{"@id":"https:\/\/verdadeon.com.br\/portal\/2024\/12\/04\/seca-impacta-lavouras-de-cafe-e-precos-disparam-no-mercado-internacional\/#breadcrumb"},"inLanguage":"pt-BR","potentialAction":[{"@type":"ReadAction","target":["https:\/\/verdadeon.com.br\/portal\/2024\/12\/04\/seca-impacta-lavouras-de-cafe-e-precos-disparam-no-mercado-internacional\/"]}]},{"@type":"ImageObject","inLanguage":"pt-BR","@id":"https:\/\/verdadeon.com.br\/portal\/2024\/12\/04\/seca-impacta-lavouras-de-cafe-e-precos-disparam-no-mercado-internacional\/#primaryimage","url":"https:\/\/i0.wp.com\/verdadeon.com.br\/portal\/wp-content\/uploads\/2024\/12\/WhatsApp-Image-2024-12-04-at-13.05.43.jpeg?fit=977%2C654&ssl=1","contentUrl":"https:\/\/i0.wp.com\/verdadeon.com.br\/portal\/wp-content\/uploads\/2024\/12\/WhatsApp-Image-2024-12-04-at-13.05.43.jpeg?fit=977%2C654&ssl=1","width":977,"height":654,"caption":"Com o futuro da safra 2025 ainda incerto, o Brasil enfrenta um dos maiores desafios recentes na produ\u00e7\u00e3o de caf\u00e9 (\u00a9Divulga\u00e7\u00e3o)"},{"@type":"BreadcrumbList","@id":"https:\/\/verdadeon.com.br\/portal\/2024\/12\/04\/seca-impacta-lavouras-de-cafe-e-precos-disparam-no-mercado-internacional\/#breadcrumb","itemListElement":[{"@type":"ListItem","position":1,"name":"In\u00edcio","item":"https:\/\/verdadeon.com.br\/portal\/"},{"@type":"ListItem","position":2,"name":"Seca impacta lavouras de caf\u00e9 e pre\u00e7os disparam no mercado internacional"}]},{"@type":"WebSite","@id":"https:\/\/verdadeon.com.br\/portal\/#website","url":"https:\/\/verdadeon.com.br\/portal\/","name":"VerdadeOn","description":"Not\u00edcias di\u00e1rias sobre Franca, Regi\u00e3o, Esporte, Cultura, Cotidiano, Colunas. Cobertura nos principais eventos da cidade \u00e9 aqui - Verdadeon Franca","potentialAction":[{"@type":"SearchAction","target":{"@type":"EntryPoint","urlTemplate":"https:\/\/verdadeon.com.br\/portal\/?s={search_term_string}"},"query-input":{"@type":"PropertyValueSpecification","valueRequired":true,"valueName":"search_term_string"}}],"inLanguage":"pt-BR"},{"@type":"Person","@id":"https:\/\/verdadeon.com.br\/portal\/#\/schema\/person\/a5060ad1e9ea3df545188fc93ce43d2f","name":"Redacao VerdadeOn","image":{"@type":"ImageObject","inLanguage":"pt-BR","@id":"https:\/\/verdadeon.com.br\/portal\/#\/schema\/person\/image\/","url":"https:\/\/secure.gravatar.com\/avatar\/459a9613caaaf07f582c3d0841eea68bdd66f533e465e6ba8b9cb45619572cf4?s=96&d=mm&r=g","contentUrl":"https:\/\/secure.gravatar.com\/avatar\/459a9613caaaf07f582c3d0841eea68bdd66f533e465e6ba8b9cb45619572cf4?s=96&d=mm&r=g","caption":"Redacao VerdadeOn"},"url":"https:\/\/verdadeon.com.br\/portal\/author\/redacao\/"}]}},"jetpack_publicize_connections":[],"jetpack_featured_media_url":"https:\/\/i0.wp.com\/verdadeon.com.br\/portal\/wp-content\/uploads\/2024\/12\/WhatsApp-Image-2024-12-04-at-13.05.43.jpeg?fit=977%2C654&ssl=1","jetpack_sharing_enabled":true,"_links":{"self":[{"href":"https:\/\/verdadeon.com.br\/portal\/wp-json\/wp\/v2\/posts\/51877","targetHints":{"allow":["GET"]}}],"collection":[{"href":"https:\/\/verdadeon.com.br\/portal\/wp-json\/wp\/v2\/posts"}],"about":[{"href":"https:\/\/verdadeon.com.br\/portal\/wp-json\/wp\/v2\/types\/post"}],"author":[{"embeddable":true,"href":"https:\/\/verdadeon.com.br\/portal\/wp-json\/wp\/v2\/users\/10"}],"replies":[{"embeddable":true,"href":"https:\/\/verdadeon.com.br\/portal\/wp-json\/wp\/v2\/comments?post=51877"}],"version-history":[{"count":1,"href":"https:\/\/verdadeon.com.br\/portal\/wp-json\/wp\/v2\/posts\/51877\/revisions"}],"predecessor-version":[{"id":51879,"href":"https:\/\/verdadeon.com.br\/portal\/wp-json\/wp\/v2\/posts\/51877\/revisions\/51879"}],"wp:featuredmedia":[{"embeddable":true,"href":"https:\/\/verdadeon.com.br\/portal\/wp-json\/wp\/v2\/media\/51878"}],"wp:attachment":[{"href":"https:\/\/verdadeon.com.br\/portal\/wp-json\/wp\/v2\/media?parent=51877"}],"wp:term":[{"taxonomy":"category","embeddable":true,"href":"https:\/\/verdadeon.com.br\/portal\/wp-json\/wp\/v2\/categories?post=51877"},{"taxonomy":"post_tag","embeddable":true,"href":"https:\/\/verdadeon.com.br\/portal\/wp-json\/wp\/v2\/tags?post=51877"}],"curies":[{"name":"wp","href":"https:\/\/api.w.org\/{rel}","templated":true}]}}