{"id":51869,"date":"2024-12-04T14:22:10","date_gmt":"2024-12-04T17:22:10","guid":{"rendered":"https:\/\/verdadeon.com.br\/portal\/?p=51869"},"modified":"2024-12-04T14:22:10","modified_gmt":"2024-12-04T17:22:10","slug":"francana-apresenta-o-grupo-da-copinha-2025","status":"publish","type":"post","link":"https:\/\/verdadeon.com.br\/portal\/2024\/12\/04\/francana-apresenta-o-grupo-da-copinha-2025\/","title":{"rendered":"Francana apresenta o grupo da Copinha 2025"},"content":{"rendered":"<h2 style=\"font-weight: 400;\">Equipe em prepara\u00e7\u00e3o para a disputa da Copa Sub-23 da FPF: time de Wantuil vem se empenhando para conquistar espa\u00e7o e mostrar potencial para levar a A. A. Francana a mais uma boa temporada<\/h2>\n<p style=\"text-align: right;\"><em><strong>Charlene Porto, rep\u00f3rter<\/strong><\/em><\/p>\n<p style=\"font-weight: 400;\">Quem s\u00e3o os jovens atletas:\u00a0Na tarde de ontem (3), foram apresentados os atletas que v\u00e3o jogar o Paulist\u00e3o A3 pela Veterana.<\/p>\n<p style=\"font-weight: 400;\">S\u00e3o 11 jogadores, incluindo o retorno de alguns deles da temporada passada, que disputaram o Paulista A4 e a Copa Paulista. Os atletas s\u00e3o: Lucas Melo (lateral), Victor Hugo (zagueiro), Garcia (zagueiro), Matheus Prado (meia\/volante), Vin\u00edcius Oliveira (meia\/atacante), Lucas Oliveira (meia), Japa (meia\/atacante) e L\u00e9o (atacante) Tico (lateral.esq), Johnny (lateral.dir), Marquinhos (volante). Lembrando que outros atletas chegar\u00e3o durante a semana.<\/p>\n","protected":false},"excerpt":{"rendered":"<p>Equipe em prepara\u00e7\u00e3o para a disputa da Copa Sub-23 da FPF: time de Wantuil vem se empenhando para conquistar espa\u00e7o e mostrar potencial para levar a<span class=\"excerpt-hellip\"> [\u2026]<\/span><\/p>\n","protected":false},"author":10,"featured_media":51870,"comment_status":"open","ping_status":"open","sticky":false,"template":"","format":"standard","meta":{"_jetpack_memberships_contains_paid_content":false,"footnotes":"","jetpack_publicize_message":"","jetpack_publicize_feature_enabled":true,"jetpack_social_post_already_shared":true,"jetpack_social_options":{"image_generator_settings":{"template":"highway","default_image_id":0,"enabled":false},"version":2}},"categories":[28,44],"tags":[],"class_list":["post-51869","post","type-post","status-publish","format-standard","has-post-thumbnail","hentry","category-cotidiano","category-noticias"],"yoast_head":"<!-- This site is optimized with the Yoast SEO plugin v25.6 - https:\/\/yoast.com\/wordpress\/plugins\/seo\/ -->\n<title>Francana apresenta o grupo da Copinha 2025 - VerdadeOn<\/title>\n<meta name=\"robots\" content=\"index, follow, max-snippet:-1, max-image-preview:large, max-video-preview:-1\" \/>\n<link rel=\"canonical\" href=\"https:\/\/verdadeon.com.br\/portal\/2024\/12\/04\/francana-apresenta-o-grupo-da-copinha-2025\/\" \/>\n<meta property=\"og:locale\" content=\"pt_BR\" \/>\n<meta property=\"og:type\" content=\"article\" \/>\n<meta property=\"og:title\" content=\"Francana apresenta o grupo da Copinha 2025 - VerdadeOn\" \/>\n<meta property=\"og:description\" content=\"Equipe em prepara\u00e7\u00e3o para a disputa da Copa Sub-23 da FPF: time de Wantuil vem se empenhando para conquistar espa\u00e7o e mostrar potencial para levar a [\u2026]\" \/>\n<meta property=\"og:url\" content=\"https:\/\/verdadeon.com.br\/portal\/2024\/12\/04\/francana-apresenta-o-grupo-da-copinha-2025\/\" \/>\n<meta property=\"og:site_name\" content=\"VerdadeOn\" \/>\n<meta property=\"article:published_time\" content=\"2024-12-04T17:22:10+00:00\" \/>\n<meta property=\"og:image\" content=\"https:\/\/verdadeon.com.br\/portal\/wp-content\/uploads\/2024\/12\/image-2024-12-04T142001.983.jpg\" \/>\n\t<meta property=\"og:image:width\" content=\"770\" \/>\n\t<meta property=\"og:image:height\" content=\"516\" \/>\n\t<meta property=\"og:image:type\" content=\"image\/jpeg\" \/>\n<meta name=\"author\" content=\"Redacao VerdadeOn\" \/>\n<meta name=\"twitter:card\" content=\"summary_large_image\" \/>\n<meta name=\"twitter:label1\" content=\"Escrito por\" \/>\n\t<meta name=\"twitter:data1\" content=\"Redacao VerdadeOn\" \/>\n\t<meta name=\"twitter:label2\" content=\"Est. tempo de leitura\" \/>\n\t<meta name=\"twitter:data2\" content=\"1 minuto\" \/>\n<script type=\"application\/ld+json\" class=\"yoast-schema-graph\">{\"@context\":\"https:\/\/schema.org\",\"@graph\":[{\"@type\":\"WebPage\",\"@id\":\"https:\/\/verdadeon.com.br\/portal\/2024\/12\/04\/francana-apresenta-o-grupo-da-copinha-2025\/\",\"url\":\"https:\/\/verdadeon.com.br\/portal\/2024\/12\/04\/francana-apresenta-o-grupo-da-copinha-2025\/\",\"name\":\"Francana apresenta o grupo da Copinha 2025 - VerdadeOn\",\"isPartOf\":{\"@id\":\"https:\/\/verdadeon.com.br\/portal\/#website\"},\"primaryImageOfPage\":{\"@id\":\"https:\/\/verdadeon.com.br\/portal\/2024\/12\/04\/francana-apresenta-o-grupo-da-copinha-2025\/#primaryimage\"},\"image\":{\"@id\":\"https:\/\/verdadeon.com.br\/portal\/2024\/12\/04\/francana-apresenta-o-grupo-da-copinha-2025\/#primaryimage\"},\"thumbnailUrl\":\"https:\/\/i0.wp.com\/verdadeon.com.br\/portal\/wp-content\/uploads\/2024\/12\/image-2024-12-04T142001.983.jpg?fit=770%2C516&ssl=1\",\"datePublished\":\"2024-12-04T17:22:10+00:00\",\"author\":{\"@id\":\"https:\/\/verdadeon.com.br\/portal\/#\/schema\/person\/a5060ad1e9ea3df545188fc93ce43d2f\"},\"breadcrumb\":{\"@id\":\"https:\/\/verdadeon.com.br\/portal\/2024\/12\/04\/francana-apresenta-o-grupo-da-copinha-2025\/#breadcrumb\"},\"inLanguage\":\"pt-BR\",\"potentialAction\":[{\"@type\":\"ReadAction\",\"target\":[\"https:\/\/verdadeon.com.br\/portal\/2024\/12\/04\/francana-apresenta-o-grupo-da-copinha-2025\/\"]}]},{\"@type\":\"ImageObject\",\"inLanguage\":\"pt-BR\",\"@id\":\"https:\/\/verdadeon.com.br\/portal\/2024\/12\/04\/francana-apresenta-o-grupo-da-copinha-2025\/#primaryimage\",\"url\":\"https:\/\/i0.wp.com\/verdadeon.com.br\/portal\/wp-content\/uploads\/2024\/12\/image-2024-12-04T142001.983.jpg?fit=770%2C516&ssl=1\",\"contentUrl\":\"https:\/\/i0.wp.com\/verdadeon.com.br\/portal\/wp-content\/uploads\/2024\/12\/image-2024-12-04T142001.983.jpg?fit=770%2C516&ssl=1\",\"width\":770,\"height\":516,\"caption\":\"FRANCANA apresenta elenco de 2025 (\u00a9Charlene Porto)\"},{\"@type\":\"BreadcrumbList\",\"@id\":\"https:\/\/verdadeon.com.br\/portal\/2024\/12\/04\/francana-apresenta-o-grupo-da-copinha-2025\/#breadcrumb\",\"itemListElement\":[{\"@type\":\"ListItem\",\"position\":1,\"name\":\"In\u00edcio\",\"item\":\"https:\/\/verdadeon.com.br\/portal\/\"},{\"@type\":\"ListItem\",\"position\":2,\"name\":\"Francana apresenta o grupo da Copinha 2025\"}]},{\"@type\":\"WebSite\",\"@id\":\"https:\/\/verdadeon.com.br\/portal\/#website\",\"url\":\"https:\/\/verdadeon.com.br\/portal\/\",\"name\":\"VerdadeOn\",\"description\":\"Not\u00edcias di\u00e1rias sobre Franca, Regi\u00e3o, Esporte, Cultura, Cotidiano, Colunas. Cobertura nos principais eventos da cidade \u00e9 aqui - Verdadeon Franca\",\"potentialAction\":[{\"@type\":\"SearchAction\",\"target\":{\"@type\":\"EntryPoint\",\"urlTemplate\":\"https:\/\/verdadeon.com.br\/portal\/?s={search_term_string}\"},\"query-input\":{\"@type\":\"PropertyValueSpecification\",\"valueRequired\":true,\"valueName\":\"search_term_string\"}}],\"inLanguage\":\"pt-BR\"},{\"@type\":\"Person\",\"@id\":\"https:\/\/verdadeon.com.br\/portal\/#\/schema\/person\/a5060ad1e9ea3df545188fc93ce43d2f\",\"name\":\"Redacao VerdadeOn\",\"image\":{\"@type\":\"ImageObject\",\"inLanguage\":\"pt-BR\",\"@id\":\"https:\/\/verdadeon.com.br\/portal\/#\/schema\/person\/image\/\",\"url\":\"https:\/\/secure.gravatar.com\/avatar\/459a9613caaaf07f582c3d0841eea68bdd66f533e465e6ba8b9cb45619572cf4?s=96&d=mm&r=g\",\"contentUrl\":\"https:\/\/secure.gravatar.com\/avatar\/459a9613caaaf07f582c3d0841eea68bdd66f533e465e6ba8b9cb45619572cf4?s=96&d=mm&r=g\",\"caption\":\"Redacao VerdadeOn\"},\"url\":\"https:\/\/verdadeon.com.br\/portal\/author\/redacao\/\"}]}<\/script>\n<!-- \/ Yoast SEO plugin. -->","yoast_head_json":{"title":"Francana apresenta o grupo da Copinha 2025 - VerdadeOn","robots":{"index":"index","follow":"follow","max-snippet":"max-snippet:-1","max-image-preview":"max-image-preview:large","max-video-preview":"max-video-preview:-1"},"canonical":"https:\/\/verdadeon.com.br\/portal\/2024\/12\/04\/francana-apresenta-o-grupo-da-copinha-2025\/","og_locale":"pt_BR","og_type":"article","og_title":"Francana apresenta o grupo da Copinha 2025 - VerdadeOn","og_description":"Equipe em prepara\u00e7\u00e3o para a disputa da Copa Sub-23 da FPF: time de Wantuil vem se empenhando para conquistar espa\u00e7o e mostrar potencial para levar a [\u2026]","og_url":"https:\/\/verdadeon.com.br\/portal\/2024\/12\/04\/francana-apresenta-o-grupo-da-copinha-2025\/","og_site_name":"VerdadeOn","article_published_time":"2024-12-04T17:22:10+00:00","og_image":[{"width":770,"height":516,"url":"https:\/\/verdadeon.com.br\/portal\/wp-content\/uploads\/2024\/12\/image-2024-12-04T142001.983.jpg","type":"image\/jpeg"}],"author":"Redacao VerdadeOn","twitter_card":"summary_large_image","twitter_misc":{"Escrito por":"Redacao VerdadeOn","Est. tempo de leitura":"1 minuto"},"schema":{"@context":"https:\/\/schema.org","@graph":[{"@type":"WebPage","@id":"https:\/\/verdadeon.com.br\/portal\/2024\/12\/04\/francana-apresenta-o-grupo-da-copinha-2025\/","url":"https:\/\/verdadeon.com.br\/portal\/2024\/12\/04\/francana-apresenta-o-grupo-da-copinha-2025\/","name":"Francana apresenta o grupo da Copinha 2025 - VerdadeOn","isPartOf":{"@id":"https:\/\/verdadeon.com.br\/portal\/#website"},"primaryImageOfPage":{"@id":"https:\/\/verdadeon.com.br\/portal\/2024\/12\/04\/francana-apresenta-o-grupo-da-copinha-2025\/#primaryimage"},"image":{"@id":"https:\/\/verdadeon.com.br\/portal\/2024\/12\/04\/francana-apresenta-o-grupo-da-copinha-2025\/#primaryimage"},"thumbnailUrl":"https:\/\/i0.wp.com\/verdadeon.com.br\/portal\/wp-content\/uploads\/2024\/12\/image-2024-12-04T142001.983.jpg?fit=770%2C516&ssl=1","datePublished":"2024-12-04T17:22:10+00:00","author":{"@id":"https:\/\/verdadeon.com.br\/portal\/#\/schema\/person\/a5060ad1e9ea3df545188fc93ce43d2f"},"breadcrumb":{"@id":"https:\/\/verdadeon.com.br\/portal\/2024\/12\/04\/francana-apresenta-o-grupo-da-copinha-2025\/#breadcrumb"},"inLanguage":"pt-BR","potentialAction":[{"@type":"ReadAction","target":["https:\/\/verdadeon.com.br\/portal\/2024\/12\/04\/francana-apresenta-o-grupo-da-copinha-2025\/"]}]},{"@type":"ImageObject","inLanguage":"pt-BR","@id":"https:\/\/verdadeon.com.br\/portal\/2024\/12\/04\/francana-apresenta-o-grupo-da-copinha-2025\/#primaryimage","url":"https:\/\/i0.wp.com\/verdadeon.com.br\/portal\/wp-content\/uploads\/2024\/12\/image-2024-12-04T142001.983.jpg?fit=770%2C516&ssl=1","contentUrl":"https:\/\/i0.wp.com\/verdadeon.com.br\/portal\/wp-content\/uploads\/2024\/12\/image-2024-12-04T142001.983.jpg?fit=770%2C516&ssl=1","width":770,"height":516,"caption":"FRANCANA apresenta elenco de 2025 (\u00a9Charlene Porto)"},{"@type":"BreadcrumbList","@id":"https:\/\/verdadeon.com.br\/portal\/2024\/12\/04\/francana-apresenta-o-grupo-da-copinha-2025\/#breadcrumb","itemListElement":[{"@type":"ListItem","position":1,"name":"In\u00edcio","item":"https:\/\/verdadeon.com.br\/portal\/"},{"@type":"ListItem","position":2,"name":"Francana apresenta o grupo da Copinha 2025"}]},{"@type":"WebSite","@id":"https:\/\/verdadeon.com.br\/portal\/#website","url":"https:\/\/verdadeon.com.br\/portal\/","name":"VerdadeOn","description":"Not\u00edcias di\u00e1rias sobre Franca, Regi\u00e3o, Esporte, Cultura, Cotidiano, Colunas. Cobertura nos principais eventos da cidade \u00e9 aqui - Verdadeon Franca","potentialAction":[{"@type":"SearchAction","target":{"@type":"EntryPoint","urlTemplate":"https:\/\/verdadeon.com.br\/portal\/?s={search_term_string}"},"query-input":{"@type":"PropertyValueSpecification","valueRequired":true,"valueName":"search_term_string"}}],"inLanguage":"pt-BR"},{"@type":"Person","@id":"https:\/\/verdadeon.com.br\/portal\/#\/schema\/person\/a5060ad1e9ea3df545188fc93ce43d2f","name":"Redacao VerdadeOn","image":{"@type":"ImageObject","inLanguage":"pt-BR","@id":"https:\/\/verdadeon.com.br\/portal\/#\/schema\/person\/image\/","url":"https:\/\/secure.gravatar.com\/avatar\/459a9613caaaf07f582c3d0841eea68bdd66f533e465e6ba8b9cb45619572cf4?s=96&d=mm&r=g","contentUrl":"https:\/\/secure.gravatar.com\/avatar\/459a9613caaaf07f582c3d0841eea68bdd66f533e465e6ba8b9cb45619572cf4?s=96&d=mm&r=g","caption":"Redacao VerdadeOn"},"url":"https:\/\/verdadeon.com.br\/portal\/author\/redacao\/"}]}},"jetpack_publicize_connections":[],"jetpack_featured_media_url":"https:\/\/i0.wp.com\/verdadeon.com.br\/portal\/wp-content\/uploads\/2024\/12\/image-2024-12-04T142001.983.jpg?fit=770%2C516&ssl=1","jetpack_sharing_enabled":true,"_links":{"self":[{"href":"https:\/\/verdadeon.com.br\/portal\/wp-json\/wp\/v2\/posts\/51869","targetHints":{"allow":["GET"]}}],"collection":[{"href":"https:\/\/verdadeon.com.br\/portal\/wp-json\/wp\/v2\/posts"}],"about":[{"href":"https:\/\/verdadeon.com.br\/portal\/wp-json\/wp\/v2\/types\/post"}],"author":[{"embeddable":true,"href":"https:\/\/verdadeon.com.br\/portal\/wp-json\/wp\/v2\/users\/10"}],"replies":[{"embeddable":true,"href":"https:\/\/verdadeon.com.br\/portal\/wp-json\/wp\/v2\/comments?post=51869"}],"version-history":[{"count":1,"href":"https:\/\/verdadeon.com.br\/portal\/wp-json\/wp\/v2\/posts\/51869\/revisions"}],"predecessor-version":[{"id":51871,"href":"https:\/\/verdadeon.com.br\/portal\/wp-json\/wp\/v2\/posts\/51869\/revisions\/51871"}],"wp:featuredmedia":[{"embeddable":true,"href":"https:\/\/verdadeon.com.br\/portal\/wp-json\/wp\/v2\/media\/51870"}],"wp:attachment":[{"href":"https:\/\/verdadeon.com.br\/portal\/wp-json\/wp\/v2\/media?parent=51869"}],"wp:term":[{"taxonomy":"category","embeddable":true,"href":"https:\/\/verdadeon.com.br\/portal\/wp-json\/wp\/v2\/categories?post=51869"},{"taxonomy":"post_tag","embeddable":true,"href":"https:\/\/verdadeon.com.br\/portal\/wp-json\/wp\/v2\/tags?post=51869"}],"curies":[{"name":"wp","href":"https:\/\/api.w.org\/{rel}","templated":true}]}}