{"id":51861,"date":"2024-12-05T13:51:03","date_gmt":"2024-12-05T16:51:03","guid":{"rendered":"https:\/\/verdadeon.com.br\/portal\/?p=51861"},"modified":"2024-12-05T13:51:44","modified_gmt":"2024-12-05T16:51:44","slug":"consumidores-em-franca-registram-media-de-10-acoes-na-justica-por-dia-por-praticas-abusivas","status":"publish","type":"post","link":"https:\/\/verdadeon.com.br\/portal\/2024\/12\/05\/consumidores-em-franca-registram-media-de-10-acoes-na-justica-por-dia-por-praticas-abusivas\/","title":{"rendered":"Consumidores em Franca registram m\u00e9dia de 10 a\u00e7\u00f5es na justi\u00e7a por dia por pr\u00e1ticas abusivas"},"content":{"rendered":"<h2>O estado soma 192,2 mil processos entre janeiro e outubro de 2024; j\u00e1 o Brasil registra uma m\u00e9dia de 1,7 mil novas a\u00e7\u00f5es por dia<\/h2>\n<div>\n<p style=\"text-align: right;\"><strong><em>Por Pedro Maia,<\/em><\/strong><br \/>\n<strong><em>Editor-chefe<\/em><\/strong><\/p>\n<p>O ano ainda n\u00e3o acabou e Franca j\u00e1 registra m\u00e9dia superior de processos por dia em compara\u00e7\u00e3o a 2023. \u00c9 o que aponta\u00a0<strong>levantamento in\u00e9dito com base no BI (Business Intelligence) do CNJ (Conselho Nacional de Justi\u00e7a)<\/strong>, por meio da consolida\u00e7\u00e3o dos dados e da verifica\u00e7\u00e3o dos assuntos presentes nas tabelas de gest\u00e3o processual do \u00f3rg\u00e3o.<\/p>\n<p>Todos os dias, a Justi\u00e7a recebe 10 novas a\u00e7\u00f5es judiciais de consumidores em Franca relacionadas a pr\u00e1ticas abusivas. No apurado de janeiro a outubro, foram 2.975 processos movidos. Em todo o ano passado foram 2.959, ou seja, tamb\u00e9m m\u00e9dia de 10 a\u00e7\u00f5es, n\u00famero este que tende a subir, sabendo que ainda faltam as somat\u00f3rias de novembro e o encerramento de dezembro.<\/p>\n<p>A quantidade de embr\u00f3glios tamb\u00e9m \u00e9 maior que em todo o ano de 2022, quando foram registrados 2.610, m\u00e9dia di\u00e1ria de 7 processos.<\/p>\n<p>Na Regi\u00e3o Administrativa de Franca, as estat\u00edsticas apontaram 4.749 demandas em 2024, com m\u00e9dia de 16 a\u00e7\u00f5es por dia, dados tamb\u00e9m maiores que todo o ano de 2022 (3.668 &#8211; m\u00e9dia 10\/dia) e todo o ano de 2023 (3.813 &#8211; m\u00e9dia 10\/dia).<\/p>\n<p><strong>Estado e Pa\u00eds<\/strong><\/p>\n<p>Em S\u00e3o Paulo,\u00a0<strong>192.244<\/strong> processos foram contabilizados entre janeiro e outubro de 2024.\u00a0Em m\u00e9dia, isso representa\u00a0<strong>630<\/strong>\u00a0novos casos por dia.<\/p>\n<p>Em todo o pa\u00eds, foram registradas 533.774 novos processos sobre pr\u00e1ticas abusivas entre janeiro e outubro de 2024, com uma m\u00e9dia de 1.750 casos por dia. Os estados de S\u00e3o Paulo, Paran\u00e1 e Rio Grande do Sul concentram os maiores volumes de a\u00e7\u00f5es em 2024. O Paran\u00e1 registrou 47.147 a\u00e7\u00f5es no per\u00edodo, com 155 novas a\u00e7\u00f5es di\u00e1rias, enquanto o Rio Grande do Sul somou 46.679, com m\u00e9dia de 153 processos. Por outro lado, estados como Roraima tiveram n\u00fameros muito baixos, com apenas cinco a\u00e7\u00f5es judiciais.<\/p>\n<p>Pr\u00e1ticas consideradas abusivas pelo C\u00f3digo de Defesa do Consumidor (CDC), como venda casada, envio de produtos ou servi\u00e7os n\u00e3o solicitados, e eleva\u00e7\u00e3o injustificada de pre\u00e7os, est\u00e3o no centro da judicializa\u00e7\u00e3o. Essas condutas violam direitos b\u00e1sicos dos consumidores e podem acarretar tanto san\u00e7\u00f5es legais quanto danos \u00e0 reputa\u00e7\u00e3o das empresas.<\/p>\n<p><strong>Palavra do especialista<\/strong><\/p>\n<p>Conforme explica o<strong>\u00a0advogado\u00a0Jo\u00e3o Valen\u00e7a,\u00a0consumerista do VLV Advogados,\u00a0<\/strong>\u201cpor ser considerada uma pr\u00e1tica abusiva, leva a que a venda seja considerada nula\u00a0pelo\u00a0judici\u00e1rio e todas as implica\u00e7\u00f5es legais que essa pr\u00e1tica leva, quais sejam: indeniza\u00e7\u00f5es, por causa da viola\u00e7\u00e3o da liberdade de escola que \u00e9 um direito b\u00e1sico do consumidor, art. 6, II CDC\u201d. Al\u00e9m disso, Valen\u00e7a ressalta que o\u00a0art.\u00a056 do CDC prev\u00ea san\u00e7\u00f5es administrativas para fornecedores que praticam abusos, como multa, suspens\u00e3o tempor\u00e1ria de atividade e at\u00e9 cassa\u00e7\u00e3o de licen\u00e7a do estabelecimento.<\/p>\n<p>O aumento no n\u00famero de processos reflete uma combina\u00e7\u00e3o de fatores, como o crescimento do endividamento das fam\u00edlias, fraudes no com\u00e9rcio eletr\u00f4nico e cobran\u00e7as irregulares. Medidas como a Lei do Superendividamento, sancionada recentemente, buscam proteger grupos mais vulner\u00e1veis, incluindo idosos. \u201cA\u00a0lei foi alterada visando proteger os mais vulner\u00e1veis\u00a0e\u00a0idosos, que acabam adquirindo muitos gastos, sem condi\u00e7\u00f5es de pagamento, a lei de superendividamento veio para garantir o m\u00ednimo existencial\u201d,\u00a0acrescenta\u00a0Jo\u00e3o Valen\u00e7a.<\/p>\n<p>Al\u00e9m disso, a transpar\u00eancia nos contratos e or\u00e7amentos \u00e9 essencial para prevenir abusos. Brisa acrescenta que os consumidores t\u00eam direito a informa\u00e7\u00f5es claras sobre servi\u00e7os e produtos. Ou seja, que a falta de detalhamento adequado nos or\u00e7amentos, prevista no CDC, pode levar \u00e0 revis\u00e3o contratual ou \u00e0 judicializa\u00e7\u00e3o do caso.<\/p>\n<p>De acordo com o CNJ, medidas preventivas, como pr\u00e1ticas comerciais transparentes e campanhas educativas, s\u00e3o essenciais para reduzir a judicializa\u00e7\u00e3o. Fornecedores devem garantir a conformidade de suas condutas, enquanto os consumidores precisam estar cientes de seus direitos para se protegerem de pr\u00e1ticas abusivas. Apesar do aumento no n\u00famero de processos, os advogados destacam que a maior conscientiza\u00e7\u00e3o da popula\u00e7\u00e3o tem sido fundamental para combater pr\u00e1ticas abusivas e fortalecer os direitos do consumidor.<\/p>\n<\/div>\n","protected":false},"excerpt":{"rendered":"<p>O estado soma 192,2 mil processos entre janeiro e outubro de 2024; j\u00e1 o Brasil registra uma m\u00e9dia de 1,7 mil novas a\u00e7\u00f5es por dia Por<span class=\"excerpt-hellip\"> [\u2026]<\/span><\/p>\n","protected":false},"author":10,"featured_media":51897,"comment_status":"open","ping_status":"open","sticky":false,"template":"","format":"standard","meta":{"_jetpack_memberships_contains_paid_content":false,"footnotes":"","jetpack_publicize_message":"","jetpack_publicize_feature_enabled":true,"jetpack_social_post_already_shared":true,"jetpack_social_options":{"image_generator_settings":{"template":"highway","default_image_id":0,"enabled":false},"version":2}},"categories":[28,81],"tags":[],"class_list":["post-51861","post","type-post","status-publish","format-standard","has-post-thumbnail","hentry","category-cotidiano","category-manchete"],"yoast_head":"<!-- This site is optimized with the Yoast SEO plugin v25.6 - https:\/\/yoast.com\/wordpress\/plugins\/seo\/ -->\n<title>Consumidores em Franca registram m\u00e9dia de 10 a\u00e7\u00f5es na justi\u00e7a por dia por pr\u00e1ticas abusivas - VerdadeOn<\/title>\n<meta name=\"robots\" content=\"index, follow, max-snippet:-1, max-image-preview:large, max-video-preview:-1\" \/>\n<link rel=\"canonical\" href=\"https:\/\/verdadeon.com.br\/portal\/2024\/12\/05\/consumidores-em-franca-registram-media-de-10-acoes-na-justica-por-dia-por-praticas-abusivas\/\" \/>\n<meta property=\"og:locale\" content=\"pt_BR\" \/>\n<meta property=\"og:type\" content=\"article\" \/>\n<meta property=\"og:title\" content=\"Consumidores em Franca registram m\u00e9dia de 10 a\u00e7\u00f5es na justi\u00e7a por dia por pr\u00e1ticas abusivas - VerdadeOn\" \/>\n<meta property=\"og:description\" content=\"O estado soma 192,2 mil processos entre janeiro e outubro de 2024; j\u00e1 o Brasil registra uma m\u00e9dia de 1,7 mil novas a\u00e7\u00f5es por dia Por [\u2026]\" \/>\n<meta property=\"og:url\" content=\"https:\/\/verdadeon.com.br\/portal\/2024\/12\/05\/consumidores-em-franca-registram-media-de-10-acoes-na-justica-por-dia-por-praticas-abusivas\/\" \/>\n<meta property=\"og:site_name\" content=\"VerdadeOn\" \/>\n<meta property=\"article:published_time\" content=\"2024-12-05T16:51:03+00:00\" \/>\n<meta property=\"article:modified_time\" content=\"2024-12-05T16:51:44+00:00\" \/>\n<meta property=\"og:image\" content=\"https:\/\/verdadeon.com.br\/portal\/wp-content\/uploads\/2024\/12\/Credito-Marcello-Casal-Jr-Abr.jpg\" \/>\n\t<meta property=\"og:image:width\" content=\"1044\" \/>\n\t<meta property=\"og:image:height\" content=\"700\" \/>\n\t<meta property=\"og:image:type\" content=\"image\/jpeg\" \/>\n<meta name=\"author\" content=\"Redacao VerdadeOn\" \/>\n<meta name=\"twitter:card\" content=\"summary_large_image\" \/>\n<meta name=\"twitter:label1\" content=\"Escrito por\" \/>\n\t<meta name=\"twitter:data1\" content=\"Redacao VerdadeOn\" \/>\n\t<meta name=\"twitter:label2\" content=\"Est. tempo de leitura\" \/>\n\t<meta name=\"twitter:data2\" content=\"4 minutos\" \/>\n<script type=\"application\/ld+json\" class=\"yoast-schema-graph\">{\"@context\":\"https:\/\/schema.org\",\"@graph\":[{\"@type\":\"WebPage\",\"@id\":\"https:\/\/verdadeon.com.br\/portal\/2024\/12\/05\/consumidores-em-franca-registram-media-de-10-acoes-na-justica-por-dia-por-praticas-abusivas\/\",\"url\":\"https:\/\/verdadeon.com.br\/portal\/2024\/12\/05\/consumidores-em-franca-registram-media-de-10-acoes-na-justica-por-dia-por-praticas-abusivas\/\",\"name\":\"Consumidores em Franca registram m\u00e9dia de 10 a\u00e7\u00f5es na justi\u00e7a por dia por pr\u00e1ticas abusivas - VerdadeOn\",\"isPartOf\":{\"@id\":\"https:\/\/verdadeon.com.br\/portal\/#website\"},\"primaryImageOfPage\":{\"@id\":\"https:\/\/verdadeon.com.br\/portal\/2024\/12\/05\/consumidores-em-franca-registram-media-de-10-acoes-na-justica-por-dia-por-praticas-abusivas\/#primaryimage\"},\"image\":{\"@id\":\"https:\/\/verdadeon.com.br\/portal\/2024\/12\/05\/consumidores-em-franca-registram-media-de-10-acoes-na-justica-por-dia-por-praticas-abusivas\/#primaryimage\"},\"thumbnailUrl\":\"https:\/\/i0.wp.com\/verdadeon.com.br\/portal\/wp-content\/uploads\/2024\/12\/Credito-Marcello-Casal-Jr-Abr.jpg?fit=1044%2C700&ssl=1\",\"datePublished\":\"2024-12-05T16:51:03+00:00\",\"dateModified\":\"2024-12-05T16:51:44+00:00\",\"author\":{\"@id\":\"https:\/\/verdadeon.com.br\/portal\/#\/schema\/person\/a5060ad1e9ea3df545188fc93ce43d2f\"},\"breadcrumb\":{\"@id\":\"https:\/\/verdadeon.com.br\/portal\/2024\/12\/05\/consumidores-em-franca-registram-media-de-10-acoes-na-justica-por-dia-por-praticas-abusivas\/#breadcrumb\"},\"inLanguage\":\"pt-BR\",\"potentialAction\":[{\"@type\":\"ReadAction\",\"target\":[\"https:\/\/verdadeon.com.br\/portal\/2024\/12\/05\/consumidores-em-franca-registram-media-de-10-acoes-na-justica-por-dia-por-praticas-abusivas\/\"]}]},{\"@type\":\"ImageObject\",\"inLanguage\":\"pt-BR\",\"@id\":\"https:\/\/verdadeon.com.br\/portal\/2024\/12\/05\/consumidores-em-franca-registram-media-de-10-acoes-na-justica-por-dia-por-praticas-abusivas\/#primaryimage\",\"url\":\"https:\/\/i0.wp.com\/verdadeon.com.br\/portal\/wp-content\/uploads\/2024\/12\/Credito-Marcello-Casal-Jr-Abr.jpg?fit=1044%2C700&ssl=1\",\"contentUrl\":\"https:\/\/i0.wp.com\/verdadeon.com.br\/portal\/wp-content\/uploads\/2024\/12\/Credito-Marcello-Casal-Jr-Abr.jpg?fit=1044%2C700&ssl=1\",\"width\":1044,\"height\":700,\"caption\":\"O estado soma 192,2 mil processos entre janeiro e outubro de 2024; j\u00e1 o Brasil registra uma m\u00e9dia de 1,7 mil novas a\u00e7\u00f5es por dia (\u00a9Marcello Casal Jr)\"},{\"@type\":\"BreadcrumbList\",\"@id\":\"https:\/\/verdadeon.com.br\/portal\/2024\/12\/05\/consumidores-em-franca-registram-media-de-10-acoes-na-justica-por-dia-por-praticas-abusivas\/#breadcrumb\",\"itemListElement\":[{\"@type\":\"ListItem\",\"position\":1,\"name\":\"In\u00edcio\",\"item\":\"https:\/\/verdadeon.com.br\/portal\/\"},{\"@type\":\"ListItem\",\"position\":2,\"name\":\"Consumidores em Franca registram m\u00e9dia de 10 a\u00e7\u00f5es na justi\u00e7a por dia por pr\u00e1ticas abusivas\"}]},{\"@type\":\"WebSite\",\"@id\":\"https:\/\/verdadeon.com.br\/portal\/#website\",\"url\":\"https:\/\/verdadeon.com.br\/portal\/\",\"name\":\"VerdadeOn\",\"description\":\"Not\u00edcias di\u00e1rias sobre Franca, Regi\u00e3o, Esporte, Cultura, Cotidiano, Colunas. Cobertura nos principais eventos da cidade \u00e9 aqui - Verdadeon Franca\",\"potentialAction\":[{\"@type\":\"SearchAction\",\"target\":{\"@type\":\"EntryPoint\",\"urlTemplate\":\"https:\/\/verdadeon.com.br\/portal\/?s={search_term_string}\"},\"query-input\":{\"@type\":\"PropertyValueSpecification\",\"valueRequired\":true,\"valueName\":\"search_term_string\"}}],\"inLanguage\":\"pt-BR\"},{\"@type\":\"Person\",\"@id\":\"https:\/\/verdadeon.com.br\/portal\/#\/schema\/person\/a5060ad1e9ea3df545188fc93ce43d2f\",\"name\":\"Redacao VerdadeOn\",\"image\":{\"@type\":\"ImageObject\",\"inLanguage\":\"pt-BR\",\"@id\":\"https:\/\/verdadeon.com.br\/portal\/#\/schema\/person\/image\/\",\"url\":\"https:\/\/secure.gravatar.com\/avatar\/459a9613caaaf07f582c3d0841eea68bdd66f533e465e6ba8b9cb45619572cf4?s=96&d=mm&r=g\",\"contentUrl\":\"https:\/\/secure.gravatar.com\/avatar\/459a9613caaaf07f582c3d0841eea68bdd66f533e465e6ba8b9cb45619572cf4?s=96&d=mm&r=g\",\"caption\":\"Redacao VerdadeOn\"},\"url\":\"https:\/\/verdadeon.com.br\/portal\/author\/redacao\/\"}]}<\/script>\n<!-- \/ Yoast SEO plugin. -->","yoast_head_json":{"title":"Consumidores em Franca registram m\u00e9dia de 10 a\u00e7\u00f5es na justi\u00e7a por dia por pr\u00e1ticas abusivas - VerdadeOn","robots":{"index":"index","follow":"follow","max-snippet":"max-snippet:-1","max-image-preview":"max-image-preview:large","max-video-preview":"max-video-preview:-1"},"canonical":"https:\/\/verdadeon.com.br\/portal\/2024\/12\/05\/consumidores-em-franca-registram-media-de-10-acoes-na-justica-por-dia-por-praticas-abusivas\/","og_locale":"pt_BR","og_type":"article","og_title":"Consumidores em Franca registram m\u00e9dia de 10 a\u00e7\u00f5es na justi\u00e7a por dia por pr\u00e1ticas abusivas - VerdadeOn","og_description":"O estado soma 192,2 mil processos entre janeiro e outubro de 2024; j\u00e1 o Brasil registra uma m\u00e9dia de 1,7 mil novas a\u00e7\u00f5es por dia Por [\u2026]","og_url":"https:\/\/verdadeon.com.br\/portal\/2024\/12\/05\/consumidores-em-franca-registram-media-de-10-acoes-na-justica-por-dia-por-praticas-abusivas\/","og_site_name":"VerdadeOn","article_published_time":"2024-12-05T16:51:03+00:00","article_modified_time":"2024-12-05T16:51:44+00:00","og_image":[{"width":1044,"height":700,"url":"https:\/\/verdadeon.com.br\/portal\/wp-content\/uploads\/2024\/12\/Credito-Marcello-Casal-Jr-Abr.jpg","type":"image\/jpeg"}],"author":"Redacao VerdadeOn","twitter_card":"summary_large_image","twitter_misc":{"Escrito por":"Redacao VerdadeOn","Est. tempo de leitura":"4 minutos"},"schema":{"@context":"https:\/\/schema.org","@graph":[{"@type":"WebPage","@id":"https:\/\/verdadeon.com.br\/portal\/2024\/12\/05\/consumidores-em-franca-registram-media-de-10-acoes-na-justica-por-dia-por-praticas-abusivas\/","url":"https:\/\/verdadeon.com.br\/portal\/2024\/12\/05\/consumidores-em-franca-registram-media-de-10-acoes-na-justica-por-dia-por-praticas-abusivas\/","name":"Consumidores em Franca registram m\u00e9dia de 10 a\u00e7\u00f5es na justi\u00e7a por dia por pr\u00e1ticas abusivas - VerdadeOn","isPartOf":{"@id":"https:\/\/verdadeon.com.br\/portal\/#website"},"primaryImageOfPage":{"@id":"https:\/\/verdadeon.com.br\/portal\/2024\/12\/05\/consumidores-em-franca-registram-media-de-10-acoes-na-justica-por-dia-por-praticas-abusivas\/#primaryimage"},"image":{"@id":"https:\/\/verdadeon.com.br\/portal\/2024\/12\/05\/consumidores-em-franca-registram-media-de-10-acoes-na-justica-por-dia-por-praticas-abusivas\/#primaryimage"},"thumbnailUrl":"https:\/\/i0.wp.com\/verdadeon.com.br\/portal\/wp-content\/uploads\/2024\/12\/Credito-Marcello-Casal-Jr-Abr.jpg?fit=1044%2C700&ssl=1","datePublished":"2024-12-05T16:51:03+00:00","dateModified":"2024-12-05T16:51:44+00:00","author":{"@id":"https:\/\/verdadeon.com.br\/portal\/#\/schema\/person\/a5060ad1e9ea3df545188fc93ce43d2f"},"breadcrumb":{"@id":"https:\/\/verdadeon.com.br\/portal\/2024\/12\/05\/consumidores-em-franca-registram-media-de-10-acoes-na-justica-por-dia-por-praticas-abusivas\/#breadcrumb"},"inLanguage":"pt-BR","potentialAction":[{"@type":"ReadAction","target":["https:\/\/verdadeon.com.br\/portal\/2024\/12\/05\/consumidores-em-franca-registram-media-de-10-acoes-na-justica-por-dia-por-praticas-abusivas\/"]}]},{"@type":"ImageObject","inLanguage":"pt-BR","@id":"https:\/\/verdadeon.com.br\/portal\/2024\/12\/05\/consumidores-em-franca-registram-media-de-10-acoes-na-justica-por-dia-por-praticas-abusivas\/#primaryimage","url":"https:\/\/i0.wp.com\/verdadeon.com.br\/portal\/wp-content\/uploads\/2024\/12\/Credito-Marcello-Casal-Jr-Abr.jpg?fit=1044%2C700&ssl=1","contentUrl":"https:\/\/i0.wp.com\/verdadeon.com.br\/portal\/wp-content\/uploads\/2024\/12\/Credito-Marcello-Casal-Jr-Abr.jpg?fit=1044%2C700&ssl=1","width":1044,"height":700,"caption":"O estado soma 192,2 mil processos entre janeiro e outubro de 2024; j\u00e1 o Brasil registra uma m\u00e9dia de 1,7 mil novas a\u00e7\u00f5es por dia (\u00a9Marcello Casal Jr)"},{"@type":"BreadcrumbList","@id":"https:\/\/verdadeon.com.br\/portal\/2024\/12\/05\/consumidores-em-franca-registram-media-de-10-acoes-na-justica-por-dia-por-praticas-abusivas\/#breadcrumb","itemListElement":[{"@type":"ListItem","position":1,"name":"In\u00edcio","item":"https:\/\/verdadeon.com.br\/portal\/"},{"@type":"ListItem","position":2,"name":"Consumidores em Franca registram m\u00e9dia de 10 a\u00e7\u00f5es na justi\u00e7a por dia por pr\u00e1ticas abusivas"}]},{"@type":"WebSite","@id":"https:\/\/verdadeon.com.br\/portal\/#website","url":"https:\/\/verdadeon.com.br\/portal\/","name":"VerdadeOn","description":"Not\u00edcias di\u00e1rias sobre Franca, Regi\u00e3o, Esporte, Cultura, Cotidiano, Colunas. Cobertura nos principais eventos da cidade \u00e9 aqui - Verdadeon Franca","potentialAction":[{"@type":"SearchAction","target":{"@type":"EntryPoint","urlTemplate":"https:\/\/verdadeon.com.br\/portal\/?s={search_term_string}"},"query-input":{"@type":"PropertyValueSpecification","valueRequired":true,"valueName":"search_term_string"}}],"inLanguage":"pt-BR"},{"@type":"Person","@id":"https:\/\/verdadeon.com.br\/portal\/#\/schema\/person\/a5060ad1e9ea3df545188fc93ce43d2f","name":"Redacao VerdadeOn","image":{"@type":"ImageObject","inLanguage":"pt-BR","@id":"https:\/\/verdadeon.com.br\/portal\/#\/schema\/person\/image\/","url":"https:\/\/secure.gravatar.com\/avatar\/459a9613caaaf07f582c3d0841eea68bdd66f533e465e6ba8b9cb45619572cf4?s=96&d=mm&r=g","contentUrl":"https:\/\/secure.gravatar.com\/avatar\/459a9613caaaf07f582c3d0841eea68bdd66f533e465e6ba8b9cb45619572cf4?s=96&d=mm&r=g","caption":"Redacao VerdadeOn"},"url":"https:\/\/verdadeon.com.br\/portal\/author\/redacao\/"}]}},"jetpack_publicize_connections":[],"jetpack_featured_media_url":"https:\/\/i0.wp.com\/verdadeon.com.br\/portal\/wp-content\/uploads\/2024\/12\/Credito-Marcello-Casal-Jr-Abr.jpg?fit=1044%2C700&ssl=1","jetpack_sharing_enabled":true,"_links":{"self":[{"href":"https:\/\/verdadeon.com.br\/portal\/wp-json\/wp\/v2\/posts\/51861","targetHints":{"allow":["GET"]}}],"collection":[{"href":"https:\/\/verdadeon.com.br\/portal\/wp-json\/wp\/v2\/posts"}],"about":[{"href":"https:\/\/verdadeon.com.br\/portal\/wp-json\/wp\/v2\/types\/post"}],"author":[{"embeddable":true,"href":"https:\/\/verdadeon.com.br\/portal\/wp-json\/wp\/v2\/users\/10"}],"replies":[{"embeddable":true,"href":"https:\/\/verdadeon.com.br\/portal\/wp-json\/wp\/v2\/comments?post=51861"}],"version-history":[{"count":3,"href":"https:\/\/verdadeon.com.br\/portal\/wp-json\/wp\/v2\/posts\/51861\/revisions"}],"predecessor-version":[{"id":51899,"href":"https:\/\/verdadeon.com.br\/portal\/wp-json\/wp\/v2\/posts\/51861\/revisions\/51899"}],"wp:featuredmedia":[{"embeddable":true,"href":"https:\/\/verdadeon.com.br\/portal\/wp-json\/wp\/v2\/media\/51897"}],"wp:attachment":[{"href":"https:\/\/verdadeon.com.br\/portal\/wp-json\/wp\/v2\/media?parent=51861"}],"wp:term":[{"taxonomy":"category","embeddable":true,"href":"https:\/\/verdadeon.com.br\/portal\/wp-json\/wp\/v2\/categories?post=51861"},{"taxonomy":"post_tag","embeddable":true,"href":"https:\/\/verdadeon.com.br\/portal\/wp-json\/wp\/v2\/tags?post=51861"}],"curies":[{"name":"wp","href":"https:\/\/api.w.org\/{rel}","templated":true}]}}