{"id":51821,"date":"2024-12-03T10:46:03","date_gmt":"2024-12-03T13:46:03","guid":{"rendered":"https:\/\/verdadeon.com.br\/portal\/?p=51821"},"modified":"2024-12-03T10:46:03","modified_gmt":"2024-12-03T13:46:03","slug":"educacao-e-inclusao-como-o-fundo-social-do-sicredi-transformou-vidas-em-patrocinio-paulista","status":"publish","type":"post","link":"https:\/\/verdadeon.com.br\/portal\/2024\/12\/03\/educacao-e-inclusao-como-o-fundo-social-do-sicredi-transformou-vidas-em-patrocinio-paulista\/","title":{"rendered":"Educa\u00e7\u00e3o e Inclus\u00e3o: Como o Fundo Social do Sicredi transformou vidas em Patroc\u00ednio Paulista"},"content":{"rendered":"<h2>Palestra &#8220;Construindo Pontes entre Fam\u00edlia e Escola&#8221;, foi realizada pela APAE<\/h2>\n<p>A cidade de Patroc\u00ednio Paulista recebeu, no \u00faltimo dia 13 de novembro, a palestra &#8220;Construindo Pontes entre Fam\u00edlia e Escola&#8221;, ministrada por Marcos Petri e sua m\u00e3e, Arlete Petri. O evento, organizado pela APAE e patrocinado pelo Sicredi, reuniu um p\u00fablico diversificado, com forte presen\u00e7a de professores, pais e educadores, e teve como objetivo promover reflex\u00f5es sobre inclus\u00e3o, educa\u00e7\u00e3o e o papel da sociedade no acolhimento de pessoas com Transtorno do Espectro Autista (TEA).<\/p>\n<p>A palestra foi viabilizada com recursos do Fundo Social do Sicredi, uma iniciativa que transforma as chamadas \u201csobras\u201d da cooperativa em a\u00e7\u00f5es concretas de impacto social. Segundo o gerente da institui\u00e7\u00e3o, o Fundo Social tem um prop\u00f3sito claro: \u201cajudar a desenvolver a regi\u00e3o em que estamos presentes, promovendo iniciativas que v\u00e3o al\u00e9m do desenvolvimento econ\u00f4mico e que realmente transformam a vida das pessoas\u201d, ressaltou o gerente do Sicredi Valor Sustent\u00e1vel PR\/SP, Andr\u00e9 de Souza Santos.<\/p>\n<p>Marcos Petri, criador do canal no YouTube &#8220;Di\u00e1rio de um Autista&#8221;, autor de quatro livros e palestrante, encantou o p\u00fablico ao compartilhar sua trajet\u00f3ria de vida. Acompanhado de sua m\u00e3e, Arlete Petri, ele destacou a import\u00e2ncia da parceria entre fam\u00edlia e escola no desenvolvimento de crian\u00e7as e jovens com TEA. \u201cA inclus\u00e3o come\u00e7a quando acreditamos no potencial de cada indiv\u00edduo e abrimos as portas para que ele possa se expressar e crescer\u201d, afirmou Petri.<\/p>\n<p>O evento demonstrou como o apoio do Fundo Social do Sicredi vai al\u00e9m de investimentos financeiros, criando oportunidades de aprendizado e conex\u00e3o. Para os professores presentes, a palestra ofereceu ferramentas pr\u00e1ticas e emocionais para trabalhar com inclus\u00e3o em sala de aula, enquanto para os familiares foi um momento de acolhimento e troca de experi\u00eancias.<\/p>\n<p>A a\u00e7\u00e3o em Patroc\u00ednio Paulista refor\u00e7a o compromisso do Sicredi em ser um agente de transforma\u00e7\u00e3o nas comunidades onde atua. &#8220;Quando nossos associados investem no Sicredi, eles tamb\u00e9m investem no futuro de nossas cidades, em a\u00e7\u00f5es que promovem educa\u00e7\u00e3o, inclus\u00e3o e desenvolvimento humano&#8221;, concluiu o gerente.<\/p>\n<p><strong>O que \u00e9 o Fundo Social do Sicredi?<\/strong><br \/>\nO Fundo Social \u00e9 uma ferramenta financeira do cooperativismo que apoia projetos educacionais, culturais, esportivos e de inclus\u00e3o social. Ele reflete o compromisso do Sicredi com os Objetivos de Desenvolvimento Sustent\u00e1vel (ODS) da ONU e com os princ\u00edpios cooperativistas. Desde 2019, o Fundo j\u00e1 investiu R$ 169 milh\u00f5es em mais de 17 mil projetos no Brasil, potencializando mudan\u00e7as positivas em diversas comunidades.<\/p>\n<p>Entidades interessadas em participar do Fundo Social podem acessar o regulamento no site sicredi.com.br\/nacomunidade\/fundosocial e inscrever seus projetos.<\/p>\n<p>\u201cO Sicredi segue provando que, quando cooperamos, podemos ir mais longe e transformar a realidade de muitas pessoas\u201d, afirma Naina Correia, assessora de desenvolvimento de cooperativismo.<\/p>\n<p><strong>Sobre o Sicredi<\/strong><\/p>\n<p>O Sicredi \u00e9 uma institui\u00e7\u00e3o financeira cooperativa comprometida com o crescimento de seus associados e com o desenvolvimento das regi\u00f5es onde atua. Possui um modelo de gest\u00e3o que valoriza a participa\u00e7\u00e3o dos mais de 8 milh\u00f5es de associados, que exercem o papel de donos do neg\u00f3cio. Com mais de 2.700 ag\u00eancias, o Sicredi est\u00e1 presente fisicamente em todos os estados brasileiros e no Distrito Federal, disponibilizando uma gama completa de solu\u00e7\u00f5es financeiras e n\u00e3o financeiras.<\/p>\n<p>O Sicredi possui quatro ag\u00eancias em Franca, uma em Pedregulho e uma em Patroc\u00ednio Paulista.<\/p>\n","protected":false},"excerpt":{"rendered":"<p>Palestra &#8220;Construindo Pontes entre Fam\u00edlia e Escola&#8221;, foi realizada pela APAE A cidade de Patroc\u00ednio Paulista recebeu, no \u00faltimo dia 13 de novembro, a palestra &#8220;Construindo<span class=\"excerpt-hellip\"> [\u2026]<\/span><\/p>\n","protected":false},"author":10,"featured_media":51822,"comment_status":"open","ping_status":"open","sticky":false,"template":"","format":"standard","meta":{"_jetpack_memberships_contains_paid_content":false,"footnotes":"","jetpack_publicize_message":"","jetpack_publicize_feature_enabled":true,"jetpack_social_post_already_shared":true,"jetpack_social_options":{"image_generator_settings":{"template":"highway","default_image_id":0,"enabled":false},"version":2}},"categories":[28,44],"tags":[],"class_list":["post-51821","post","type-post","status-publish","format-standard","has-post-thumbnail","hentry","category-cotidiano","category-noticias"],"yoast_head":"<!-- This site is optimized with the Yoast SEO plugin v25.6 - https:\/\/yoast.com\/wordpress\/plugins\/seo\/ -->\n<title>Educa\u00e7\u00e3o e Inclus\u00e3o: Como o Fundo Social do Sicredi transformou vidas em Patroc\u00ednio Paulista - VerdadeOn<\/title>\n<meta name=\"robots\" content=\"index, follow, max-snippet:-1, max-image-preview:large, max-video-preview:-1\" \/>\n<link rel=\"canonical\" href=\"https:\/\/verdadeon.com.br\/portal\/2024\/12\/03\/educacao-e-inclusao-como-o-fundo-social-do-sicredi-transformou-vidas-em-patrocinio-paulista\/\" \/>\n<meta property=\"og:locale\" content=\"pt_BR\" \/>\n<meta property=\"og:type\" content=\"article\" \/>\n<meta property=\"og:title\" content=\"Educa\u00e7\u00e3o e Inclus\u00e3o: Como o Fundo Social do Sicredi transformou vidas em Patroc\u00ednio Paulista - VerdadeOn\" \/>\n<meta property=\"og:description\" content=\"Palestra &#8220;Construindo Pontes entre Fam\u00edlia e Escola&#8221;, foi realizada pela APAE A cidade de Patroc\u00ednio Paulista recebeu, no \u00faltimo dia 13 de novembro, a palestra &#8220;Construindo [\u2026]\" \/>\n<meta property=\"og:url\" content=\"https:\/\/verdadeon.com.br\/portal\/2024\/12\/03\/educacao-e-inclusao-como-o-fundo-social-do-sicredi-transformou-vidas-em-patrocinio-paulista\/\" \/>\n<meta property=\"og:site_name\" content=\"VerdadeOn\" \/>\n<meta property=\"article:published_time\" content=\"2024-12-03T13:46:03+00:00\" \/>\n<meta property=\"og:image\" content=\"https:\/\/verdadeon.com.br\/portal\/wp-content\/uploads\/2024\/12\/WhatsApp-Image-2024-12-03-at-10.29.46-1.jpeg\" \/>\n\t<meta property=\"og:image:width\" content=\"1592\" \/>\n\t<meta property=\"og:image:height\" content=\"1066\" \/>\n\t<meta property=\"og:image:type\" content=\"image\/jpeg\" \/>\n<meta name=\"author\" content=\"Redacao VerdadeOn\" \/>\n<meta name=\"twitter:card\" content=\"summary_large_image\" \/>\n<meta name=\"twitter:label1\" content=\"Escrito por\" \/>\n\t<meta name=\"twitter:data1\" content=\"Redacao VerdadeOn\" \/>\n\t<meta name=\"twitter:label2\" content=\"Est. tempo de leitura\" \/>\n\t<meta name=\"twitter:data2\" content=\"3 minutos\" \/>\n<script type=\"application\/ld+json\" class=\"yoast-schema-graph\">{\"@context\":\"https:\/\/schema.org\",\"@graph\":[{\"@type\":\"WebPage\",\"@id\":\"https:\/\/verdadeon.com.br\/portal\/2024\/12\/03\/educacao-e-inclusao-como-o-fundo-social-do-sicredi-transformou-vidas-em-patrocinio-paulista\/\",\"url\":\"https:\/\/verdadeon.com.br\/portal\/2024\/12\/03\/educacao-e-inclusao-como-o-fundo-social-do-sicredi-transformou-vidas-em-patrocinio-paulista\/\",\"name\":\"Educa\u00e7\u00e3o e Inclus\u00e3o: Como o Fundo Social do Sicredi transformou vidas em Patroc\u00ednio Paulista - VerdadeOn\",\"isPartOf\":{\"@id\":\"https:\/\/verdadeon.com.br\/portal\/#website\"},\"primaryImageOfPage\":{\"@id\":\"https:\/\/verdadeon.com.br\/portal\/2024\/12\/03\/educacao-e-inclusao-como-o-fundo-social-do-sicredi-transformou-vidas-em-patrocinio-paulista\/#primaryimage\"},\"image\":{\"@id\":\"https:\/\/verdadeon.com.br\/portal\/2024\/12\/03\/educacao-e-inclusao-como-o-fundo-social-do-sicredi-transformou-vidas-em-patrocinio-paulista\/#primaryimage\"},\"thumbnailUrl\":\"https:\/\/i0.wp.com\/verdadeon.com.br\/portal\/wp-content\/uploads\/2024\/12\/WhatsApp-Image-2024-12-03-at-10.29.46-1.jpeg?fit=1592%2C1066&ssl=1\",\"datePublished\":\"2024-12-03T13:46:03+00:00\",\"author\":{\"@id\":\"https:\/\/verdadeon.com.br\/portal\/#\/schema\/person\/a5060ad1e9ea3df545188fc93ce43d2f\"},\"breadcrumb\":{\"@id\":\"https:\/\/verdadeon.com.br\/portal\/2024\/12\/03\/educacao-e-inclusao-como-o-fundo-social-do-sicredi-transformou-vidas-em-patrocinio-paulista\/#breadcrumb\"},\"inLanguage\":\"pt-BR\",\"potentialAction\":[{\"@type\":\"ReadAction\",\"target\":[\"https:\/\/verdadeon.com.br\/portal\/2024\/12\/03\/educacao-e-inclusao-como-o-fundo-social-do-sicredi-transformou-vidas-em-patrocinio-paulista\/\"]}]},{\"@type\":\"ImageObject\",\"inLanguage\":\"pt-BR\",\"@id\":\"https:\/\/verdadeon.com.br\/portal\/2024\/12\/03\/educacao-e-inclusao-como-o-fundo-social-do-sicredi-transformou-vidas-em-patrocinio-paulista\/#primaryimage\",\"url\":\"https:\/\/i0.wp.com\/verdadeon.com.br\/portal\/wp-content\/uploads\/2024\/12\/WhatsApp-Image-2024-12-03-at-10.29.46-1.jpeg?fit=1592%2C1066&ssl=1\",\"contentUrl\":\"https:\/\/i0.wp.com\/verdadeon.com.br\/portal\/wp-content\/uploads\/2024\/12\/WhatsApp-Image-2024-12-03-at-10.29.46-1.jpeg?fit=1592%2C1066&ssl=1\",\"width\":1592,\"height\":1066,\"caption\":\"O evento demonstrou como o apoio do Fundo Social do Sicredi vai al\u00e9m de investimentos financeiros, criando oportunidades de aprendizado e conex\u00e3o (\u00a9Divulga\u00e7\u00e3o)\"},{\"@type\":\"BreadcrumbList\",\"@id\":\"https:\/\/verdadeon.com.br\/portal\/2024\/12\/03\/educacao-e-inclusao-como-o-fundo-social-do-sicredi-transformou-vidas-em-patrocinio-paulista\/#breadcrumb\",\"itemListElement\":[{\"@type\":\"ListItem\",\"position\":1,\"name\":\"In\u00edcio\",\"item\":\"https:\/\/verdadeon.com.br\/portal\/\"},{\"@type\":\"ListItem\",\"position\":2,\"name\":\"Educa\u00e7\u00e3o e Inclus\u00e3o: Como o Fundo Social do Sicredi transformou vidas em Patroc\u00ednio Paulista\"}]},{\"@type\":\"WebSite\",\"@id\":\"https:\/\/verdadeon.com.br\/portal\/#website\",\"url\":\"https:\/\/verdadeon.com.br\/portal\/\",\"name\":\"VerdadeOn\",\"description\":\"Not\u00edcias di\u00e1rias sobre Franca, Regi\u00e3o, Esporte, Cultura, Cotidiano, Colunas. Cobertura nos principais eventos da cidade \u00e9 aqui - Verdadeon Franca\",\"potentialAction\":[{\"@type\":\"SearchAction\",\"target\":{\"@type\":\"EntryPoint\",\"urlTemplate\":\"https:\/\/verdadeon.com.br\/portal\/?s={search_term_string}\"},\"query-input\":{\"@type\":\"PropertyValueSpecification\",\"valueRequired\":true,\"valueName\":\"search_term_string\"}}],\"inLanguage\":\"pt-BR\"},{\"@type\":\"Person\",\"@id\":\"https:\/\/verdadeon.com.br\/portal\/#\/schema\/person\/a5060ad1e9ea3df545188fc93ce43d2f\",\"name\":\"Redacao VerdadeOn\",\"image\":{\"@type\":\"ImageObject\",\"inLanguage\":\"pt-BR\",\"@id\":\"https:\/\/verdadeon.com.br\/portal\/#\/schema\/person\/image\/\",\"url\":\"https:\/\/secure.gravatar.com\/avatar\/459a9613caaaf07f582c3d0841eea68bdd66f533e465e6ba8b9cb45619572cf4?s=96&d=mm&r=g\",\"contentUrl\":\"https:\/\/secure.gravatar.com\/avatar\/459a9613caaaf07f582c3d0841eea68bdd66f533e465e6ba8b9cb45619572cf4?s=96&d=mm&r=g\",\"caption\":\"Redacao VerdadeOn\"},\"url\":\"https:\/\/verdadeon.com.br\/portal\/author\/redacao\/\"}]}<\/script>\n<!-- \/ Yoast SEO plugin. -->","yoast_head_json":{"title":"Educa\u00e7\u00e3o e Inclus\u00e3o: Como o Fundo Social do Sicredi transformou vidas em Patroc\u00ednio Paulista - VerdadeOn","robots":{"index":"index","follow":"follow","max-snippet":"max-snippet:-1","max-image-preview":"max-image-preview:large","max-video-preview":"max-video-preview:-1"},"canonical":"https:\/\/verdadeon.com.br\/portal\/2024\/12\/03\/educacao-e-inclusao-como-o-fundo-social-do-sicredi-transformou-vidas-em-patrocinio-paulista\/","og_locale":"pt_BR","og_type":"article","og_title":"Educa\u00e7\u00e3o e Inclus\u00e3o: Como o Fundo Social do Sicredi transformou vidas em Patroc\u00ednio Paulista - VerdadeOn","og_description":"Palestra &#8220;Construindo Pontes entre Fam\u00edlia e Escola&#8221;, foi realizada pela APAE A cidade de Patroc\u00ednio Paulista recebeu, no \u00faltimo dia 13 de novembro, a palestra &#8220;Construindo [\u2026]","og_url":"https:\/\/verdadeon.com.br\/portal\/2024\/12\/03\/educacao-e-inclusao-como-o-fundo-social-do-sicredi-transformou-vidas-em-patrocinio-paulista\/","og_site_name":"VerdadeOn","article_published_time":"2024-12-03T13:46:03+00:00","og_image":[{"width":1592,"height":1066,"url":"https:\/\/verdadeon.com.br\/portal\/wp-content\/uploads\/2024\/12\/WhatsApp-Image-2024-12-03-at-10.29.46-1.jpeg","type":"image\/jpeg"}],"author":"Redacao VerdadeOn","twitter_card":"summary_large_image","twitter_misc":{"Escrito por":"Redacao VerdadeOn","Est. tempo de leitura":"3 minutos"},"schema":{"@context":"https:\/\/schema.org","@graph":[{"@type":"WebPage","@id":"https:\/\/verdadeon.com.br\/portal\/2024\/12\/03\/educacao-e-inclusao-como-o-fundo-social-do-sicredi-transformou-vidas-em-patrocinio-paulista\/","url":"https:\/\/verdadeon.com.br\/portal\/2024\/12\/03\/educacao-e-inclusao-como-o-fundo-social-do-sicredi-transformou-vidas-em-patrocinio-paulista\/","name":"Educa\u00e7\u00e3o e Inclus\u00e3o: Como o Fundo Social do Sicredi transformou vidas em Patroc\u00ednio Paulista - VerdadeOn","isPartOf":{"@id":"https:\/\/verdadeon.com.br\/portal\/#website"},"primaryImageOfPage":{"@id":"https:\/\/verdadeon.com.br\/portal\/2024\/12\/03\/educacao-e-inclusao-como-o-fundo-social-do-sicredi-transformou-vidas-em-patrocinio-paulista\/#primaryimage"},"image":{"@id":"https:\/\/verdadeon.com.br\/portal\/2024\/12\/03\/educacao-e-inclusao-como-o-fundo-social-do-sicredi-transformou-vidas-em-patrocinio-paulista\/#primaryimage"},"thumbnailUrl":"https:\/\/i0.wp.com\/verdadeon.com.br\/portal\/wp-content\/uploads\/2024\/12\/WhatsApp-Image-2024-12-03-at-10.29.46-1.jpeg?fit=1592%2C1066&ssl=1","datePublished":"2024-12-03T13:46:03+00:00","author":{"@id":"https:\/\/verdadeon.com.br\/portal\/#\/schema\/person\/a5060ad1e9ea3df545188fc93ce43d2f"},"breadcrumb":{"@id":"https:\/\/verdadeon.com.br\/portal\/2024\/12\/03\/educacao-e-inclusao-como-o-fundo-social-do-sicredi-transformou-vidas-em-patrocinio-paulista\/#breadcrumb"},"inLanguage":"pt-BR","potentialAction":[{"@type":"ReadAction","target":["https:\/\/verdadeon.com.br\/portal\/2024\/12\/03\/educacao-e-inclusao-como-o-fundo-social-do-sicredi-transformou-vidas-em-patrocinio-paulista\/"]}]},{"@type":"ImageObject","inLanguage":"pt-BR","@id":"https:\/\/verdadeon.com.br\/portal\/2024\/12\/03\/educacao-e-inclusao-como-o-fundo-social-do-sicredi-transformou-vidas-em-patrocinio-paulista\/#primaryimage","url":"https:\/\/i0.wp.com\/verdadeon.com.br\/portal\/wp-content\/uploads\/2024\/12\/WhatsApp-Image-2024-12-03-at-10.29.46-1.jpeg?fit=1592%2C1066&ssl=1","contentUrl":"https:\/\/i0.wp.com\/verdadeon.com.br\/portal\/wp-content\/uploads\/2024\/12\/WhatsApp-Image-2024-12-03-at-10.29.46-1.jpeg?fit=1592%2C1066&ssl=1","width":1592,"height":1066,"caption":"O evento demonstrou como o apoio do Fundo Social do Sicredi vai al\u00e9m de investimentos financeiros, criando oportunidades de aprendizado e conex\u00e3o (\u00a9Divulga\u00e7\u00e3o)"},{"@type":"BreadcrumbList","@id":"https:\/\/verdadeon.com.br\/portal\/2024\/12\/03\/educacao-e-inclusao-como-o-fundo-social-do-sicredi-transformou-vidas-em-patrocinio-paulista\/#breadcrumb","itemListElement":[{"@type":"ListItem","position":1,"name":"In\u00edcio","item":"https:\/\/verdadeon.com.br\/portal\/"},{"@type":"ListItem","position":2,"name":"Educa\u00e7\u00e3o e Inclus\u00e3o: Como o Fundo Social do Sicredi transformou vidas em Patroc\u00ednio Paulista"}]},{"@type":"WebSite","@id":"https:\/\/verdadeon.com.br\/portal\/#website","url":"https:\/\/verdadeon.com.br\/portal\/","name":"VerdadeOn","description":"Not\u00edcias di\u00e1rias sobre Franca, Regi\u00e3o, Esporte, Cultura, Cotidiano, Colunas. Cobertura nos principais eventos da cidade \u00e9 aqui - Verdadeon Franca","potentialAction":[{"@type":"SearchAction","target":{"@type":"EntryPoint","urlTemplate":"https:\/\/verdadeon.com.br\/portal\/?s={search_term_string}"},"query-input":{"@type":"PropertyValueSpecification","valueRequired":true,"valueName":"search_term_string"}}],"inLanguage":"pt-BR"},{"@type":"Person","@id":"https:\/\/verdadeon.com.br\/portal\/#\/schema\/person\/a5060ad1e9ea3df545188fc93ce43d2f","name":"Redacao VerdadeOn","image":{"@type":"ImageObject","inLanguage":"pt-BR","@id":"https:\/\/verdadeon.com.br\/portal\/#\/schema\/person\/image\/","url":"https:\/\/secure.gravatar.com\/avatar\/459a9613caaaf07f582c3d0841eea68bdd66f533e465e6ba8b9cb45619572cf4?s=96&d=mm&r=g","contentUrl":"https:\/\/secure.gravatar.com\/avatar\/459a9613caaaf07f582c3d0841eea68bdd66f533e465e6ba8b9cb45619572cf4?s=96&d=mm&r=g","caption":"Redacao VerdadeOn"},"url":"https:\/\/verdadeon.com.br\/portal\/author\/redacao\/"}]}},"jetpack_publicize_connections":[],"jetpack_featured_media_url":"https:\/\/i0.wp.com\/verdadeon.com.br\/portal\/wp-content\/uploads\/2024\/12\/WhatsApp-Image-2024-12-03-at-10.29.46-1.jpeg?fit=1592%2C1066&ssl=1","jetpack_sharing_enabled":true,"_links":{"self":[{"href":"https:\/\/verdadeon.com.br\/portal\/wp-json\/wp\/v2\/posts\/51821","targetHints":{"allow":["GET"]}}],"collection":[{"href":"https:\/\/verdadeon.com.br\/portal\/wp-json\/wp\/v2\/posts"}],"about":[{"href":"https:\/\/verdadeon.com.br\/portal\/wp-json\/wp\/v2\/types\/post"}],"author":[{"embeddable":true,"href":"https:\/\/verdadeon.com.br\/portal\/wp-json\/wp\/v2\/users\/10"}],"replies":[{"embeddable":true,"href":"https:\/\/verdadeon.com.br\/portal\/wp-json\/wp\/v2\/comments?post=51821"}],"version-history":[{"count":1,"href":"https:\/\/verdadeon.com.br\/portal\/wp-json\/wp\/v2\/posts\/51821\/revisions"}],"predecessor-version":[{"id":51823,"href":"https:\/\/verdadeon.com.br\/portal\/wp-json\/wp\/v2\/posts\/51821\/revisions\/51823"}],"wp:featuredmedia":[{"embeddable":true,"href":"https:\/\/verdadeon.com.br\/portal\/wp-json\/wp\/v2\/media\/51822"}],"wp:attachment":[{"href":"https:\/\/verdadeon.com.br\/portal\/wp-json\/wp\/v2\/media?parent=51821"}],"wp:term":[{"taxonomy":"category","embeddable":true,"href":"https:\/\/verdadeon.com.br\/portal\/wp-json\/wp\/v2\/categories?post=51821"},{"taxonomy":"post_tag","embeddable":true,"href":"https:\/\/verdadeon.com.br\/portal\/wp-json\/wp\/v2\/tags?post=51821"}],"curies":[{"name":"wp","href":"https:\/\/api.w.org\/{rel}","templated":true}]}}