{"id":51818,"date":"2024-12-03T10:41:48","date_gmt":"2024-12-03T13:41:48","guid":{"rendered":"https:\/\/verdadeon.com.br\/portal\/?p=51818"},"modified":"2024-12-03T10:41:48","modified_gmt":"2024-12-03T13:41:48","slug":"prefeito-eleito-ricardo-silva-anuncia-primeiros-secretarios-para-novo-governo-de-ribeirao-preto","status":"publish","type":"post","link":"https:\/\/verdadeon.com.br\/portal\/2024\/12\/03\/prefeito-eleito-ricardo-silva-anuncia-primeiros-secretarios-para-novo-governo-de-ribeirao-preto\/","title":{"rendered":"Prefeito eleito Ricardo Silva anuncia primeiros secret\u00e1rios para novo governo de Ribeir\u00e3o Preto"},"content":{"rendered":"<h2>Ricardo Silva anuncia quatros nomes para seu novo governo, que come\u00e7a dia 1\u00ba de janeiro<\/h2>\n<p style=\"text-align: left;\" align=\"center\">O prefeito eleito de Ribeir\u00e3o Preto, Ricardo Silva (PSD), anunciou nesta segunda-feira (2) os primeiros integrantes de seu novo governo para as secretarias de Sa\u00fade, Justi\u00e7a, Infraestrutura e para a Corregedoria Geral. Ricardo reafirmou que sua administra\u00e7\u00e3o ser\u00e1 baseada no di\u00e1logo, na transpar\u00eancia e na constru\u00e7\u00e3o coletiva com toda a cidade. &#8220;Estou montando uma equipe altamente t\u00e9cnica, experiente e com capacidade de pensar solu\u00e7\u00f5es para Ribeir\u00e3o. Esses primeiros integrantes s\u00e3o grandes profissionais com carreiras respeitadas. Tenho certeza de que far\u00e3o a diferen\u00e7a em suas secretarias. A partir de hoje, come\u00e7amos a construir uma cidade mais humana, com um governo que estar\u00e1 nos bairros, olhando nos olhos das pessoas e fazendo uma Ribeir\u00e3o melhor para todos&#8221;, declarou Ricardo.<\/p>\n<p><b><i>Os nomes escolhidos s\u00e3o:<\/i><\/b><\/p>\n<p><b><i>Dr. Maur\u00edcio Godinho<\/i><\/b>\u00a0\u2013 Secret\u00e1rio Municipal da Sa\u00fade \u2013 M\u00e9dico, Cirurgi\u00e3o Geral e de Trauma. Doutor pelo Departamento de Cirurgia da Faculdade de Medicina de Ribeir\u00e3o Preto da Universidade de S\u00e3o Paulo (FMRP-USP). Membro Em\u00e9rito da Sociedade Brasileira de Atendimento Integrado ao Traumatizado (SBAIT) e Membro Titular do Col\u00e9gio Brasileiro de Cirurgi\u00f5es (TCBC). Presidente Nacional da SBAIT (2022 &#8211; 2023). \u00a0\u00a0\u00a0\u00a0\u00a0\u00a0\u00a0\u00a0\u00a0\u00a0\u00a0\u00a0\u00a0\u00a0\u00a0\u00a0\u00a0\u00a0\u00a0\u00a0\u00a0\u00a0\u00a0\u00a0\u00a0\u00a0\u00a0\u00a0\u00a0\u00a0<wbr \/>\u00a0\u00a0\u00a0\u00a0\u00a0\u00a0\u00a0\u00a0\u00a0\u00a0\u00a0\u00a0\u00a0\u00a0\u00a0\u00a0\u00a0\u00a0\u00a0\u00a0\u00a0\u00a0\u00a0\u00a0\u00a0\u00a0\u00a0\u00a0\u00a0\u00a0<wbr \/><\/p>\n<p><b><i>Dr. Augusto Martinez Perez<\/i><\/b>\u00a0\u2013 Secret\u00e1rio Municipal de Justi\u00e7a \u2013 Formado pela Faculdade de Direito de Franca (1973). \u00c9 Juiz Federal (1995-2023), aposentado, Promotor de Justi\u00e7a (1986-1995), Procurador do Estado (1984-1986), Procurador Municipal (1974-1984). Professor-Doutor na UNESP (1987-2005), tendo orientado muitas disserta\u00e7\u00f5es de mestrado e teses de doutorado. Professor Titular na UNAERP (desde 1998). \u00c9 mestre em Direito Penal (USP, 1986) e Doutor em Direito do Estado (USP, 1987). Especialista em Direito Administrativo pela Universidade de Salamanca (1999). Cursos no exterior: Centro Judici\u00e1rio Federal (Estados Unidos da Am\u00e9rica, 1995), Minist\u00e9rio da Gra\u00e7a e Justi\u00e7a da It\u00e1lia (1997), Universidade de Lisboa (1998), Universidade de Salamanca (1999), Universidade de Lim\u00f2ges (Fran\u00e7a, 2004), Georg-August Universitat (G\u00f6ttingen, Alemanha, 2014).<\/p>\n<p><b><i>Dra. Juliana Ogawa<\/i><\/b>\u00a0\u2013 Secret\u00e1ria Municipal de Infraestrutura \u2013 Primeira mulher a coordenar a Zeladoria Urbana da cidade de S\u00e3o Paulo, nasceu em Barretos, mas mora na capital, onde se formou e fez sua carreira na administra\u00e7\u00e3o p\u00fablica. Graduou-se em Direito pela Universidade Presbiteriana Mackenzie, p\u00f3s-graduada em direito penal e processual penal pela Escola Superior de Advocacia ESA-OAB. Atualmente, cursa a Faculdade de Gest\u00e3o P\u00fablica da FGV.<\/p>\n<p><b><i>Dr. Luiz Henrique Pacini Costa<\/i><\/b>\u00a0\u2013 Corregedor Geral do Munic\u00edpio \u2013 Promotor de Justi\u00e7a de Ribeir\u00e3o Preto, aposentado. Advogado desde 1984, foi delegado titular de Pol\u00edcia de Cristais Paulista \u2013 SP, Promotor de Justi\u00e7a Substituto do F\u00f3rum da Comarca de Batatais, Promotor de Justi\u00e7a da 1\u00aa Entr\u00e2ncia no F\u00f3rum da Comarca de Colina, Promotor de 2\u00aa Entr\u00e2ncia no F\u00f3rum da Comarca de Bebedouro, Promotor de Justi\u00e7a de 3\u00aa Entr\u00e2ncia de Ribeir\u00e3o Preto e Secret\u00e1rio da Promotoria de Justi\u00e7a Criminal. Com v\u00e1rios cursos e aperfei\u00e7oamentos, entre eles o FTP \u2013 Delegado de Pol\u00edcia, 3\u00aa Semana de Estudos Policiais \u201cRui Barbosa\u201d e p\u00f3s-graduado na \u00e1rea de Processo Penal pela FAAP.<\/p>\n","protected":false},"excerpt":{"rendered":"<p>Ricardo Silva anuncia quatros nomes para seu novo governo, que come\u00e7a dia 1\u00ba de janeiro O prefeito eleito de Ribeir\u00e3o Preto, Ricardo Silva (PSD), anunciou nesta<span class=\"excerpt-hellip\"> [\u2026]<\/span><\/p>\n","protected":false},"author":10,"featured_media":51819,"comment_status":"open","ping_status":"open","sticky":false,"template":"","format":"standard","meta":{"_jetpack_memberships_contains_paid_content":false,"footnotes":"","jetpack_publicize_message":"","jetpack_publicize_feature_enabled":true,"jetpack_social_post_already_shared":true,"jetpack_social_options":{"image_generator_settings":{"template":"highway","default_image_id":0,"enabled":false},"version":2}},"categories":[28,44],"tags":[],"class_list":["post-51818","post","type-post","status-publish","format-standard","has-post-thumbnail","hentry","category-cotidiano","category-noticias"],"yoast_head":"<!-- This site is optimized with the Yoast SEO plugin v25.6 - https:\/\/yoast.com\/wordpress\/plugins\/seo\/ -->\n<title>Prefeito eleito Ricardo Silva anuncia primeiros secret\u00e1rios para novo governo de Ribeir\u00e3o Preto - VerdadeOn<\/title>\n<meta name=\"robots\" content=\"index, follow, max-snippet:-1, max-image-preview:large, max-video-preview:-1\" \/>\n<link rel=\"canonical\" href=\"https:\/\/verdadeon.com.br\/portal\/2024\/12\/03\/prefeito-eleito-ricardo-silva-anuncia-primeiros-secretarios-para-novo-governo-de-ribeirao-preto\/\" \/>\n<meta property=\"og:locale\" content=\"pt_BR\" \/>\n<meta property=\"og:type\" content=\"article\" \/>\n<meta property=\"og:title\" content=\"Prefeito eleito Ricardo Silva anuncia primeiros secret\u00e1rios para novo governo de Ribeir\u00e3o Preto - VerdadeOn\" \/>\n<meta property=\"og:description\" content=\"Ricardo Silva anuncia quatros nomes para seu novo governo, que come\u00e7a dia 1\u00ba de janeiro O prefeito eleito de Ribeir\u00e3o Preto, Ricardo Silva (PSD), anunciou nesta [\u2026]\" \/>\n<meta property=\"og:url\" content=\"https:\/\/verdadeon.com.br\/portal\/2024\/12\/03\/prefeito-eleito-ricardo-silva-anuncia-primeiros-secretarios-para-novo-governo-de-ribeirao-preto\/\" \/>\n<meta property=\"og:site_name\" content=\"VerdadeOn\" \/>\n<meta property=\"article:published_time\" content=\"2024-12-03T13:41:48+00:00\" \/>\n<meta property=\"og:image\" content=\"https:\/\/verdadeon.com.br\/portal\/wp-content\/uploads\/2024\/12\/image-2024-12-03T103808.420-scaled.jpg\" \/>\n\t<meta property=\"og:image:width\" content=\"2560\" \/>\n\t<meta property=\"og:image:height\" content=\"1715\" \/>\n\t<meta property=\"og:image:type\" content=\"image\/jpeg\" \/>\n<meta name=\"author\" content=\"Redacao VerdadeOn\" \/>\n<meta name=\"twitter:card\" content=\"summary_large_image\" \/>\n<meta name=\"twitter:label1\" content=\"Escrito por\" \/>\n\t<meta name=\"twitter:data1\" content=\"Redacao VerdadeOn\" \/>\n\t<meta name=\"twitter:label2\" content=\"Est. tempo de leitura\" \/>\n\t<meta name=\"twitter:data2\" content=\"3 minutos\" \/>\n<script type=\"application\/ld+json\" class=\"yoast-schema-graph\">{\"@context\":\"https:\/\/schema.org\",\"@graph\":[{\"@type\":\"WebPage\",\"@id\":\"https:\/\/verdadeon.com.br\/portal\/2024\/12\/03\/prefeito-eleito-ricardo-silva-anuncia-primeiros-secretarios-para-novo-governo-de-ribeirao-preto\/\",\"url\":\"https:\/\/verdadeon.com.br\/portal\/2024\/12\/03\/prefeito-eleito-ricardo-silva-anuncia-primeiros-secretarios-para-novo-governo-de-ribeirao-preto\/\",\"name\":\"Prefeito eleito Ricardo Silva anuncia primeiros secret\u00e1rios para novo governo de Ribeir\u00e3o Preto - VerdadeOn\",\"isPartOf\":{\"@id\":\"https:\/\/verdadeon.com.br\/portal\/#website\"},\"primaryImageOfPage\":{\"@id\":\"https:\/\/verdadeon.com.br\/portal\/2024\/12\/03\/prefeito-eleito-ricardo-silva-anuncia-primeiros-secretarios-para-novo-governo-de-ribeirao-preto\/#primaryimage\"},\"image\":{\"@id\":\"https:\/\/verdadeon.com.br\/portal\/2024\/12\/03\/prefeito-eleito-ricardo-silva-anuncia-primeiros-secretarios-para-novo-governo-de-ribeirao-preto\/#primaryimage\"},\"thumbnailUrl\":\"https:\/\/i0.wp.com\/verdadeon.com.br\/portal\/wp-content\/uploads\/2024\/12\/image-2024-12-03T103808.420-scaled.jpg?fit=2560%2C1715&ssl=1\",\"datePublished\":\"2024-12-03T13:41:48+00:00\",\"author\":{\"@id\":\"https:\/\/verdadeon.com.br\/portal\/#\/schema\/person\/a5060ad1e9ea3df545188fc93ce43d2f\"},\"breadcrumb\":{\"@id\":\"https:\/\/verdadeon.com.br\/portal\/2024\/12\/03\/prefeito-eleito-ricardo-silva-anuncia-primeiros-secretarios-para-novo-governo-de-ribeirao-preto\/#breadcrumb\"},\"inLanguage\":\"pt-BR\",\"potentialAction\":[{\"@type\":\"ReadAction\",\"target\":[\"https:\/\/verdadeon.com.br\/portal\/2024\/12\/03\/prefeito-eleito-ricardo-silva-anuncia-primeiros-secretarios-para-novo-governo-de-ribeirao-preto\/\"]}]},{\"@type\":\"ImageObject\",\"inLanguage\":\"pt-BR\",\"@id\":\"https:\/\/verdadeon.com.br\/portal\/2024\/12\/03\/prefeito-eleito-ricardo-silva-anuncia-primeiros-secretarios-para-novo-governo-de-ribeirao-preto\/#primaryimage\",\"url\":\"https:\/\/i0.wp.com\/verdadeon.com.br\/portal\/wp-content\/uploads\/2024\/12\/image-2024-12-03T103808.420-scaled.jpg?fit=2560%2C1715&ssl=1\",\"contentUrl\":\"https:\/\/i0.wp.com\/verdadeon.com.br\/portal\/wp-content\/uploads\/2024\/12\/image-2024-12-03T103808.420-scaled.jpg?fit=2560%2C1715&ssl=1\",\"width\":2560,\"height\":1715,\"caption\":\"Os quatro nomes apresentados comandar\u00e3o as pastas de Sa\u00fade, Justi\u00e7a, Infraestrutura e Corregedoria Geral do Munic\u00edpio. Um deles \u00e9 formado pela Faculdade de Direito de Franca (\u00a9Divulga\u00e7\u00e3o)\"},{\"@type\":\"BreadcrumbList\",\"@id\":\"https:\/\/verdadeon.com.br\/portal\/2024\/12\/03\/prefeito-eleito-ricardo-silva-anuncia-primeiros-secretarios-para-novo-governo-de-ribeirao-preto\/#breadcrumb\",\"itemListElement\":[{\"@type\":\"ListItem\",\"position\":1,\"name\":\"In\u00edcio\",\"item\":\"https:\/\/verdadeon.com.br\/portal\/\"},{\"@type\":\"ListItem\",\"position\":2,\"name\":\"Prefeito eleito Ricardo Silva anuncia primeiros secret\u00e1rios para novo governo de Ribeir\u00e3o Preto\"}]},{\"@type\":\"WebSite\",\"@id\":\"https:\/\/verdadeon.com.br\/portal\/#website\",\"url\":\"https:\/\/verdadeon.com.br\/portal\/\",\"name\":\"VerdadeOn\",\"description\":\"Not\u00edcias di\u00e1rias sobre Franca, Regi\u00e3o, Esporte, Cultura, Cotidiano, Colunas. Cobertura nos principais eventos da cidade \u00e9 aqui - Verdadeon Franca\",\"potentialAction\":[{\"@type\":\"SearchAction\",\"target\":{\"@type\":\"EntryPoint\",\"urlTemplate\":\"https:\/\/verdadeon.com.br\/portal\/?s={search_term_string}\"},\"query-input\":{\"@type\":\"PropertyValueSpecification\",\"valueRequired\":true,\"valueName\":\"search_term_string\"}}],\"inLanguage\":\"pt-BR\"},{\"@type\":\"Person\",\"@id\":\"https:\/\/verdadeon.com.br\/portal\/#\/schema\/person\/a5060ad1e9ea3df545188fc93ce43d2f\",\"name\":\"Redacao VerdadeOn\",\"image\":{\"@type\":\"ImageObject\",\"inLanguage\":\"pt-BR\",\"@id\":\"https:\/\/verdadeon.com.br\/portal\/#\/schema\/person\/image\/\",\"url\":\"https:\/\/secure.gravatar.com\/avatar\/459a9613caaaf07f582c3d0841eea68bdd66f533e465e6ba8b9cb45619572cf4?s=96&d=mm&r=g\",\"contentUrl\":\"https:\/\/secure.gravatar.com\/avatar\/459a9613caaaf07f582c3d0841eea68bdd66f533e465e6ba8b9cb45619572cf4?s=96&d=mm&r=g\",\"caption\":\"Redacao VerdadeOn\"},\"url\":\"https:\/\/verdadeon.com.br\/portal\/author\/redacao\/\"}]}<\/script>\n<!-- \/ Yoast SEO plugin. -->","yoast_head_json":{"title":"Prefeito eleito Ricardo Silva anuncia primeiros secret\u00e1rios para novo governo de Ribeir\u00e3o Preto - VerdadeOn","robots":{"index":"index","follow":"follow","max-snippet":"max-snippet:-1","max-image-preview":"max-image-preview:large","max-video-preview":"max-video-preview:-1"},"canonical":"https:\/\/verdadeon.com.br\/portal\/2024\/12\/03\/prefeito-eleito-ricardo-silva-anuncia-primeiros-secretarios-para-novo-governo-de-ribeirao-preto\/","og_locale":"pt_BR","og_type":"article","og_title":"Prefeito eleito Ricardo Silva anuncia primeiros secret\u00e1rios para novo governo de Ribeir\u00e3o Preto - VerdadeOn","og_description":"Ricardo Silva anuncia quatros nomes para seu novo governo, que come\u00e7a dia 1\u00ba de janeiro O prefeito eleito de Ribeir\u00e3o Preto, Ricardo Silva (PSD), anunciou nesta [\u2026]","og_url":"https:\/\/verdadeon.com.br\/portal\/2024\/12\/03\/prefeito-eleito-ricardo-silva-anuncia-primeiros-secretarios-para-novo-governo-de-ribeirao-preto\/","og_site_name":"VerdadeOn","article_published_time":"2024-12-03T13:41:48+00:00","og_image":[{"width":2560,"height":1715,"url":"https:\/\/verdadeon.com.br\/portal\/wp-content\/uploads\/2024\/12\/image-2024-12-03T103808.420-scaled.jpg","type":"image\/jpeg"}],"author":"Redacao VerdadeOn","twitter_card":"summary_large_image","twitter_misc":{"Escrito por":"Redacao VerdadeOn","Est. tempo de leitura":"3 minutos"},"schema":{"@context":"https:\/\/schema.org","@graph":[{"@type":"WebPage","@id":"https:\/\/verdadeon.com.br\/portal\/2024\/12\/03\/prefeito-eleito-ricardo-silva-anuncia-primeiros-secretarios-para-novo-governo-de-ribeirao-preto\/","url":"https:\/\/verdadeon.com.br\/portal\/2024\/12\/03\/prefeito-eleito-ricardo-silva-anuncia-primeiros-secretarios-para-novo-governo-de-ribeirao-preto\/","name":"Prefeito eleito Ricardo Silva anuncia primeiros secret\u00e1rios para novo governo de Ribeir\u00e3o Preto - VerdadeOn","isPartOf":{"@id":"https:\/\/verdadeon.com.br\/portal\/#website"},"primaryImageOfPage":{"@id":"https:\/\/verdadeon.com.br\/portal\/2024\/12\/03\/prefeito-eleito-ricardo-silva-anuncia-primeiros-secretarios-para-novo-governo-de-ribeirao-preto\/#primaryimage"},"image":{"@id":"https:\/\/verdadeon.com.br\/portal\/2024\/12\/03\/prefeito-eleito-ricardo-silva-anuncia-primeiros-secretarios-para-novo-governo-de-ribeirao-preto\/#primaryimage"},"thumbnailUrl":"https:\/\/i0.wp.com\/verdadeon.com.br\/portal\/wp-content\/uploads\/2024\/12\/image-2024-12-03T103808.420-scaled.jpg?fit=2560%2C1715&ssl=1","datePublished":"2024-12-03T13:41:48+00:00","author":{"@id":"https:\/\/verdadeon.com.br\/portal\/#\/schema\/person\/a5060ad1e9ea3df545188fc93ce43d2f"},"breadcrumb":{"@id":"https:\/\/verdadeon.com.br\/portal\/2024\/12\/03\/prefeito-eleito-ricardo-silva-anuncia-primeiros-secretarios-para-novo-governo-de-ribeirao-preto\/#breadcrumb"},"inLanguage":"pt-BR","potentialAction":[{"@type":"ReadAction","target":["https:\/\/verdadeon.com.br\/portal\/2024\/12\/03\/prefeito-eleito-ricardo-silva-anuncia-primeiros-secretarios-para-novo-governo-de-ribeirao-preto\/"]}]},{"@type":"ImageObject","inLanguage":"pt-BR","@id":"https:\/\/verdadeon.com.br\/portal\/2024\/12\/03\/prefeito-eleito-ricardo-silva-anuncia-primeiros-secretarios-para-novo-governo-de-ribeirao-preto\/#primaryimage","url":"https:\/\/i0.wp.com\/verdadeon.com.br\/portal\/wp-content\/uploads\/2024\/12\/image-2024-12-03T103808.420-scaled.jpg?fit=2560%2C1715&ssl=1","contentUrl":"https:\/\/i0.wp.com\/verdadeon.com.br\/portal\/wp-content\/uploads\/2024\/12\/image-2024-12-03T103808.420-scaled.jpg?fit=2560%2C1715&ssl=1","width":2560,"height":1715,"caption":"Os quatro nomes apresentados comandar\u00e3o as pastas de Sa\u00fade, Justi\u00e7a, Infraestrutura e Corregedoria Geral do Munic\u00edpio. Um deles \u00e9 formado pela Faculdade de Direito de Franca (\u00a9Divulga\u00e7\u00e3o)"},{"@type":"BreadcrumbList","@id":"https:\/\/verdadeon.com.br\/portal\/2024\/12\/03\/prefeito-eleito-ricardo-silva-anuncia-primeiros-secretarios-para-novo-governo-de-ribeirao-preto\/#breadcrumb","itemListElement":[{"@type":"ListItem","position":1,"name":"In\u00edcio","item":"https:\/\/verdadeon.com.br\/portal\/"},{"@type":"ListItem","position":2,"name":"Prefeito eleito Ricardo Silva anuncia primeiros secret\u00e1rios para novo governo de Ribeir\u00e3o Preto"}]},{"@type":"WebSite","@id":"https:\/\/verdadeon.com.br\/portal\/#website","url":"https:\/\/verdadeon.com.br\/portal\/","name":"VerdadeOn","description":"Not\u00edcias di\u00e1rias sobre Franca, Regi\u00e3o, Esporte, Cultura, Cotidiano, Colunas. Cobertura nos principais eventos da cidade \u00e9 aqui - Verdadeon Franca","potentialAction":[{"@type":"SearchAction","target":{"@type":"EntryPoint","urlTemplate":"https:\/\/verdadeon.com.br\/portal\/?s={search_term_string}"},"query-input":{"@type":"PropertyValueSpecification","valueRequired":true,"valueName":"search_term_string"}}],"inLanguage":"pt-BR"},{"@type":"Person","@id":"https:\/\/verdadeon.com.br\/portal\/#\/schema\/person\/a5060ad1e9ea3df545188fc93ce43d2f","name":"Redacao VerdadeOn","image":{"@type":"ImageObject","inLanguage":"pt-BR","@id":"https:\/\/verdadeon.com.br\/portal\/#\/schema\/person\/image\/","url":"https:\/\/secure.gravatar.com\/avatar\/459a9613caaaf07f582c3d0841eea68bdd66f533e465e6ba8b9cb45619572cf4?s=96&d=mm&r=g","contentUrl":"https:\/\/secure.gravatar.com\/avatar\/459a9613caaaf07f582c3d0841eea68bdd66f533e465e6ba8b9cb45619572cf4?s=96&d=mm&r=g","caption":"Redacao VerdadeOn"},"url":"https:\/\/verdadeon.com.br\/portal\/author\/redacao\/"}]}},"jetpack_publicize_connections":[],"jetpack_featured_media_url":"https:\/\/i0.wp.com\/verdadeon.com.br\/portal\/wp-content\/uploads\/2024\/12\/image-2024-12-03T103808.420-scaled.jpg?fit=2560%2C1715&ssl=1","jetpack_sharing_enabled":true,"_links":{"self":[{"href":"https:\/\/verdadeon.com.br\/portal\/wp-json\/wp\/v2\/posts\/51818","targetHints":{"allow":["GET"]}}],"collection":[{"href":"https:\/\/verdadeon.com.br\/portal\/wp-json\/wp\/v2\/posts"}],"about":[{"href":"https:\/\/verdadeon.com.br\/portal\/wp-json\/wp\/v2\/types\/post"}],"author":[{"embeddable":true,"href":"https:\/\/verdadeon.com.br\/portal\/wp-json\/wp\/v2\/users\/10"}],"replies":[{"embeddable":true,"href":"https:\/\/verdadeon.com.br\/portal\/wp-json\/wp\/v2\/comments?post=51818"}],"version-history":[{"count":1,"href":"https:\/\/verdadeon.com.br\/portal\/wp-json\/wp\/v2\/posts\/51818\/revisions"}],"predecessor-version":[{"id":51820,"href":"https:\/\/verdadeon.com.br\/portal\/wp-json\/wp\/v2\/posts\/51818\/revisions\/51820"}],"wp:featuredmedia":[{"embeddable":true,"href":"https:\/\/verdadeon.com.br\/portal\/wp-json\/wp\/v2\/media\/51819"}],"wp:attachment":[{"href":"https:\/\/verdadeon.com.br\/portal\/wp-json\/wp\/v2\/media?parent=51818"}],"wp:term":[{"taxonomy":"category","embeddable":true,"href":"https:\/\/verdadeon.com.br\/portal\/wp-json\/wp\/v2\/categories?post=51818"},{"taxonomy":"post_tag","embeddable":true,"href":"https:\/\/verdadeon.com.br\/portal\/wp-json\/wp\/v2\/tags?post=51818"}],"curies":[{"name":"wp","href":"https:\/\/api.w.org\/{rel}","templated":true}]}}