{"id":51683,"date":"2024-11-22T14:11:03","date_gmt":"2024-11-22T17:11:03","guid":{"rendered":"https:\/\/verdadeon.com.br\/portal\/?p=51683"},"modified":"2024-11-22T14:11:03","modified_gmt":"2024-11-22T17:11:03","slug":"policia-federal-indicia-bolsonaro-por-golpe-de-estado-o-que-acontece-agora","status":"publish","type":"post","link":"https:\/\/verdadeon.com.br\/portal\/2024\/11\/22\/policia-federal-indicia-bolsonaro-por-golpe-de-estado-o-que-acontece-agora\/","title":{"rendered":"Policia Federal indicia Bolsonaro por Golpe de Estado: o que acontece agora?"},"content":{"rendered":"<h2>Jurista explica por que\u00a0<span class=\"il\">Bolsonaro<\/span>\u00a0n\u00e3o foi preso e quais os pr\u00f3ximos passos da investiga\u00e7\u00e3o<\/h2>\n<div>\n<div>O ex-presidente Jair\u00a0<span class=\"il\">Bolsonaro<\/span>\u00a0foi indiciado pela Pol\u00edcia Federal, nesta quinta-feira (21\/11), pelo crime de tentativa de golpe de Estado, aboli\u00e7\u00e3o violenta do Estado de Direito e organiza\u00e7\u00e3o criminosa relacionado aos atos golpistas que culminaram com a invas\u00e3o aos pr\u00e9dios dos Tr\u00eas Poderes em 8 de janeiro de 2023. A not\u00edcia levanta uma s\u00e9rie de quest\u00f5es sobre os pr\u00f3ximos passos do processo e as poss\u00edveis consequ\u00eancias para o ex-presidente. A\u00a0<strong>jurista e mestre em Direito Penal, Jacqueline Valles<\/strong>, explica que, apesar do indiciamento,\u00a0<span class=\"il\">Bolsonaro<\/span>\u00a0n\u00e3o deve ser preso imediatamente.<\/div>\n<div><\/div>\n<div>Al\u00e9m de\u00a0<span class=\"il\">Bolsonaro<\/span>, foram indiciados os generais Braga Netto, ex-ministro da Casa Civil e da Defesa e candidato a vice de\u00a0<span class=\"il\">Bolsonaro<\/span>\u00a0em 2022; Augusto Heleno, ex-ministro do Gabinete de Seguran\u00e7a Institucional; o delegado Alexandre Ramagem, ex-presidente da ABIN (Ag\u00eancia Brasileira de Intelig\u00eancia), e Valdemar da Costa Neto, presidente do PL.<\/div>\n<div>\n<div id=\"attachment_51685\" style=\"width: 1210px\" class=\"wp-caption alignnone\"><img data-recalc-dims=\"1\" loading=\"lazy\" decoding=\"async\" aria-describedby=\"caption-attachment-51685\" class=\"size-full wp-image-51685\" src=\"https:\/\/i0.wp.com\/verdadeon.com.br\/portal\/wp-content\/uploads\/2024\/11\/Dra-Jacqueline-10.jpg?resize=1200%2C1800&#038;ssl=1\" alt=\"\" width=\"1200\" height=\"1800\" srcset=\"https:\/\/i0.wp.com\/verdadeon.com.br\/portal\/wp-content\/uploads\/2024\/11\/Dra-Jacqueline-10.jpg?w=1200&amp;ssl=1 1200w, https:\/\/i0.wp.com\/verdadeon.com.br\/portal\/wp-content\/uploads\/2024\/11\/Dra-Jacqueline-10.jpg?resize=200%2C300&amp;ssl=1 200w, https:\/\/i0.wp.com\/verdadeon.com.br\/portal\/wp-content\/uploads\/2024\/11\/Dra-Jacqueline-10.jpg?resize=683%2C1024&amp;ssl=1 683w, https:\/\/i0.wp.com\/verdadeon.com.br\/portal\/wp-content\/uploads\/2024\/11\/Dra-Jacqueline-10.jpg?resize=768%2C1152&amp;ssl=1 768w, https:\/\/i0.wp.com\/verdadeon.com.br\/portal\/wp-content\/uploads\/2024\/11\/Dra-Jacqueline-10.jpg?resize=1024%2C1536&amp;ssl=1 1024w, https:\/\/i0.wp.com\/verdadeon.com.br\/portal\/wp-content\/uploads\/2024\/11\/Dra-Jacqueline-10.jpg?resize=97%2C146&amp;ssl=1 97w, https:\/\/i0.wp.com\/verdadeon.com.br\/portal\/wp-content\/uploads\/2024\/11\/Dra-Jacqueline-10.jpg?resize=33%2C50&amp;ssl=1 33w, https:\/\/i0.wp.com\/verdadeon.com.br\/portal\/wp-content\/uploads\/2024\/11\/Dra-Jacqueline-10.jpg?resize=50%2C75&amp;ssl=1 50w\" sizes=\"auto, (max-width: 1200px) 100vw, 1200px\" \/><p id=\"caption-attachment-51685\" class=\"wp-caption-text\">A jurista e mestre em Direito Penal Jacqueline Valles (\u00a9Divulga\u00e7\u00e3o)<\/p><\/div>\n<\/div>\n<div><\/div>\n<div>Segundo a jurista, a pris\u00e3o s\u00f3 ocorreria ap\u00f3s o tr\u00e2nsito em julgado da a\u00e7\u00e3o penal, ou seja, quando todos os recursos poss\u00edveis tenham sido esgotados.\u00a0<strong>&#8220;Ele n\u00e3o deve ser preso agora, j\u00e1 que n\u00e3o s\u00e3o observadas as circunst\u00e2ncias legais que autorizam a pris\u00e3o preventiva antes da condena\u00e7\u00e3o, como risco de fuga, amea\u00e7a \u00e0 ordem p\u00fablica ou risco \u00e0 seguran\u00e7a p\u00fablica\u201d<\/strong>, afirma.<\/div>\n<div><\/div>\n<div>No entanto, Jacqueline explica que, caso seja condenado, o ex-presidente pode cumprir a pena na pris\u00e3o, j\u00e1 que os crimes pelos quais ele est\u00e1 sendo acusado preveem penas que somam mais de 28 anos.<\/div>\n<div>\n<div>\n<div>\n<div><\/div>\n<div><strong>O que muda com o indiciamento?<\/strong><\/div>\n<div>Jacqueline explica que o indiciamento, por si s\u00f3, n\u00e3o implica em culpa ou condena\u00e7\u00e3o. Segundo a especialista, ele significa que a Pol\u00edcia Federal, ap\u00f3s investiga\u00e7\u00e3o, encontrou ind\u00edcios de que\u00a0<span class=\"il\">Bolsonaro<\/span>\u00a0teria autoria nos atos que configuraram a tentativa de golpe de Estado.\u00a0<strong>&#8220;<span class=\"il\">Bolsonaro<\/span>\u00a0deixa de ser apenas investigado e passa a ser formalmente acusado, o que significa que h\u00e1 ind\u00edcios de sua participa\u00e7\u00e3o nos eventos de 8 de janeiro.\u00a0 Esse registro permanece nos sistemas policiais, mesmo que ele venha a ser absolvido no futuro, caso seja denunciado pelo Minist\u00e9rio P\u00fablico e posteriormente julgado\u201d<\/strong>, esclarece.<\/div>\n<div><\/div>\n<div><strong>Pr\u00f3ximos passos<\/strong><\/div>\n<div>O pedido de indiciamento da Pol\u00edcia Federal foi enviado ao relator do inqu\u00e9rito no Supremo Tribunal Federal (STF), o ministro Alexandre de Moraes, que encaminhar\u00e1 o documento para o procurador-geral da Rep\u00fablica, Paulo Gonet. A PGR analisar\u00e1 as provas colhidas pela Pol\u00edcia Federal e decidir\u00e1 se oferece den\u00fancia contra\u00a0<span class=\"il\">Bolsonaro<\/span>.\u00a0<strong>\u201cO procurador tem um prazo de 15 dias para tomar provid\u00eancias: ele pode aceitar o indiciamento e denunciar \u00e0 Justi\u00e7a; pode aceitar parcialmente as acusa\u00e7\u00f5es; pode solicitar complemento de investiga\u00e7\u00e3o e pode, inclusive, arquivar o caso. Caso ele decida pela den\u00fancia, o pedido de abertura de processo judicial \u00e9 encaminhado ao STF\u201d<\/strong>, detalha Jacqueline.<\/div>\n<div><\/div>\n<div>Caso a den\u00fancia seja oferecida e aceita pelo Supremo, inicia-se a fase judicial do processo. A defesa de\u00a0<span class=\"il\">Bolsonaro<\/span>\u00a0poder\u00e1 contestar a den\u00fancia, alegando falhas ou insufici\u00eancia de provas. Esse processo de recursos pode se estender por anos, mas como o julgamento ser\u00e1 feito pelo STF, a espera por uma decis\u00e3o ser\u00e1 menor, j\u00e1 que n\u00e3o ter\u00e1 a possibilidade de passar por v\u00e1rias inst\u00e2ncias judiciais.<\/div>\n<div><\/div>\n<div><strong>Longo caminho pela frente<\/strong><\/div>\n<div>O indiciamento de\u00a0<span class=\"il\">Bolsonaro<\/span>\u00a0marca um novo cap\u00edtulo no processo de investiga\u00e7\u00e3o dos atos de 8 de janeiro. No entanto, a especialista Jacqueline Valles ressalta que ainda h\u00e1 um longo caminho a ser percorrido at\u00e9 uma poss\u00edvel condena\u00e7\u00e3o e a pris\u00e3o dos acusados.\u00a0<strong>\u201cA tramita\u00e7\u00e3o do processo, com suas diversas etapas e possibilidades de recursos, pode se estender por anos. Se o comportamento do ex-presidente n\u00e3o mudar, n\u00e3o h\u00e1 motivos para que ele seja preso antes do tr\u00e2nsito em julgado, caso seja condenado. A lei \u00e9 muito clara ao afirmar que a pris\u00e3o s\u00f3 pode ser feita esgotadas as possibilidades de recursos\u201d<\/strong>, completa a jurista.<\/div>\n<\/div>\n<\/div>\n<\/div>\n<\/div>\n","protected":false},"excerpt":{"rendered":"<p>Jurista explica por que\u00a0Bolsonaro\u00a0n\u00e3o foi preso e quais os pr\u00f3ximos passos da investiga\u00e7\u00e3o O ex-presidente Jair\u00a0Bolsonaro\u00a0foi indiciado pela Pol\u00edcia Federal, nesta quinta-feira (21\/11), pelo crime de<span class=\"excerpt-hellip\"> [\u2026]<\/span><\/p>\n","protected":false},"author":10,"featured_media":51684,"comment_status":"open","ping_status":"open","sticky":false,"template":"","format":"standard","meta":{"_jetpack_memberships_contains_paid_content":false,"footnotes":"","jetpack_publicize_message":"","jetpack_publicize_feature_enabled":true,"jetpack_social_post_already_shared":true,"jetpack_social_options":{"image_generator_settings":{"template":"highway","default_image_id":0,"enabled":false},"version":2}},"categories":[28,44],"tags":[],"class_list":["post-51683","post","type-post","status-publish","format-standard","has-post-thumbnail","hentry","category-cotidiano","category-noticias"],"yoast_head":"<!-- This site is optimized with the Yoast SEO plugin v25.6 - https:\/\/yoast.com\/wordpress\/plugins\/seo\/ -->\n<title>Policia Federal indicia Bolsonaro por Golpe de Estado: o que acontece agora? - VerdadeOn<\/title>\n<meta name=\"robots\" content=\"index, follow, max-snippet:-1, max-image-preview:large, max-video-preview:-1\" \/>\n<link rel=\"canonical\" href=\"https:\/\/verdadeon.com.br\/portal\/2024\/11\/22\/policia-federal-indicia-bolsonaro-por-golpe-de-estado-o-que-acontece-agora\/\" \/>\n<meta property=\"og:locale\" content=\"pt_BR\" \/>\n<meta property=\"og:type\" content=\"article\" \/>\n<meta property=\"og:title\" content=\"Policia Federal indicia Bolsonaro por Golpe de Estado: o que acontece agora? - VerdadeOn\" \/>\n<meta property=\"og:description\" content=\"Jurista explica por que\u00a0Bolsonaro\u00a0n\u00e3o foi preso e quais os pr\u00f3ximos passos da investiga\u00e7\u00e3o O ex-presidente Jair\u00a0Bolsonaro\u00a0foi indiciado pela Pol\u00edcia Federal, nesta quinta-feira (21\/11), pelo crime de [\u2026]\" \/>\n<meta property=\"og:url\" content=\"https:\/\/verdadeon.com.br\/portal\/2024\/11\/22\/policia-federal-indicia-bolsonaro-por-golpe-de-estado-o-que-acontece-agora\/\" \/>\n<meta property=\"og:site_name\" content=\"VerdadeOn\" \/>\n<meta property=\"article:published_time\" content=\"2024-11-22T17:11:03+00:00\" \/>\n<meta property=\"og:image\" content=\"https:\/\/verdadeon.com.br\/portal\/wp-content\/uploads\/2024\/11\/WhatsApp-Image-2024-11-21-at-15.28.52.jpg\" \/>\n\t<meta property=\"og:image:width\" content=\"590\" \/>\n\t<meta property=\"og:image:height\" content=\"395\" \/>\n\t<meta property=\"og:image:type\" content=\"image\/jpeg\" \/>\n<meta name=\"author\" content=\"Redacao VerdadeOn\" \/>\n<meta name=\"twitter:card\" content=\"summary_large_image\" \/>\n<meta name=\"twitter:label1\" content=\"Escrito por\" \/>\n\t<meta name=\"twitter:data1\" content=\"Redacao VerdadeOn\" \/>\n\t<meta name=\"twitter:label2\" content=\"Est. tempo de leitura\" \/>\n\t<meta name=\"twitter:data2\" content=\"4 minutos\" \/>\n<script type=\"application\/ld+json\" class=\"yoast-schema-graph\">{\"@context\":\"https:\/\/schema.org\",\"@graph\":[{\"@type\":\"WebPage\",\"@id\":\"https:\/\/verdadeon.com.br\/portal\/2024\/11\/22\/policia-federal-indicia-bolsonaro-por-golpe-de-estado-o-que-acontece-agora\/\",\"url\":\"https:\/\/verdadeon.com.br\/portal\/2024\/11\/22\/policia-federal-indicia-bolsonaro-por-golpe-de-estado-o-que-acontece-agora\/\",\"name\":\"Policia Federal indicia Bolsonaro por Golpe de Estado: o que acontece agora? - VerdadeOn\",\"isPartOf\":{\"@id\":\"https:\/\/verdadeon.com.br\/portal\/#website\"},\"primaryImageOfPage\":{\"@id\":\"https:\/\/verdadeon.com.br\/portal\/2024\/11\/22\/policia-federal-indicia-bolsonaro-por-golpe-de-estado-o-que-acontece-agora\/#primaryimage\"},\"image\":{\"@id\":\"https:\/\/verdadeon.com.br\/portal\/2024\/11\/22\/policia-federal-indicia-bolsonaro-por-golpe-de-estado-o-que-acontece-agora\/#primaryimage\"},\"thumbnailUrl\":\"https:\/\/i0.wp.com\/verdadeon.com.br\/portal\/wp-content\/uploads\/2024\/11\/WhatsApp-Image-2024-11-21-at-15.28.52.jpg?fit=590%2C395&ssl=1\",\"datePublished\":\"2024-11-22T17:11:03+00:00\",\"author\":{\"@id\":\"https:\/\/verdadeon.com.br\/portal\/#\/schema\/person\/a5060ad1e9ea3df545188fc93ce43d2f\"},\"breadcrumb\":{\"@id\":\"https:\/\/verdadeon.com.br\/portal\/2024\/11\/22\/policia-federal-indicia-bolsonaro-por-golpe-de-estado-o-que-acontece-agora\/#breadcrumb\"},\"inLanguage\":\"pt-BR\",\"potentialAction\":[{\"@type\":\"ReadAction\",\"target\":[\"https:\/\/verdadeon.com.br\/portal\/2024\/11\/22\/policia-federal-indicia-bolsonaro-por-golpe-de-estado-o-que-acontece-agora\/\"]}]},{\"@type\":\"ImageObject\",\"inLanguage\":\"pt-BR\",\"@id\":\"https:\/\/verdadeon.com.br\/portal\/2024\/11\/22\/policia-federal-indicia-bolsonaro-por-golpe-de-estado-o-que-acontece-agora\/#primaryimage\",\"url\":\"https:\/\/i0.wp.com\/verdadeon.com.br\/portal\/wp-content\/uploads\/2024\/11\/WhatsApp-Image-2024-11-21-at-15.28.52.jpg?fit=590%2C395&ssl=1\",\"contentUrl\":\"https:\/\/i0.wp.com\/verdadeon.com.br\/portal\/wp-content\/uploads\/2024\/11\/WhatsApp-Image-2024-11-21-at-15.28.52.jpg?fit=590%2C395&ssl=1\",\"width\":590,\"height\":395,\"caption\":\"Ex-presidente Jair Bolsonaro (\u00a9T\u00e2nia Rego\/Ag\u00eancia Brasil)\"},{\"@type\":\"BreadcrumbList\",\"@id\":\"https:\/\/verdadeon.com.br\/portal\/2024\/11\/22\/policia-federal-indicia-bolsonaro-por-golpe-de-estado-o-que-acontece-agora\/#breadcrumb\",\"itemListElement\":[{\"@type\":\"ListItem\",\"position\":1,\"name\":\"In\u00edcio\",\"item\":\"https:\/\/verdadeon.com.br\/portal\/\"},{\"@type\":\"ListItem\",\"position\":2,\"name\":\"Policia Federal indicia Bolsonaro por Golpe de Estado: o que acontece agora?\"}]},{\"@type\":\"WebSite\",\"@id\":\"https:\/\/verdadeon.com.br\/portal\/#website\",\"url\":\"https:\/\/verdadeon.com.br\/portal\/\",\"name\":\"VerdadeOn\",\"description\":\"Not\u00edcias di\u00e1rias sobre Franca, Regi\u00e3o, Esporte, Cultura, Cotidiano, Colunas. Cobertura nos principais eventos da cidade \u00e9 aqui - Verdadeon Franca\",\"potentialAction\":[{\"@type\":\"SearchAction\",\"target\":{\"@type\":\"EntryPoint\",\"urlTemplate\":\"https:\/\/verdadeon.com.br\/portal\/?s={search_term_string}\"},\"query-input\":{\"@type\":\"PropertyValueSpecification\",\"valueRequired\":true,\"valueName\":\"search_term_string\"}}],\"inLanguage\":\"pt-BR\"},{\"@type\":\"Person\",\"@id\":\"https:\/\/verdadeon.com.br\/portal\/#\/schema\/person\/a5060ad1e9ea3df545188fc93ce43d2f\",\"name\":\"Redacao VerdadeOn\",\"image\":{\"@type\":\"ImageObject\",\"inLanguage\":\"pt-BR\",\"@id\":\"https:\/\/verdadeon.com.br\/portal\/#\/schema\/person\/image\/\",\"url\":\"https:\/\/secure.gravatar.com\/avatar\/459a9613caaaf07f582c3d0841eea68bdd66f533e465e6ba8b9cb45619572cf4?s=96&d=mm&r=g\",\"contentUrl\":\"https:\/\/secure.gravatar.com\/avatar\/459a9613caaaf07f582c3d0841eea68bdd66f533e465e6ba8b9cb45619572cf4?s=96&d=mm&r=g\",\"caption\":\"Redacao VerdadeOn\"},\"url\":\"https:\/\/verdadeon.com.br\/portal\/author\/redacao\/\"}]}<\/script>\n<!-- \/ Yoast SEO plugin. -->","yoast_head_json":{"title":"Policia Federal indicia Bolsonaro por Golpe de Estado: o que acontece agora? - VerdadeOn","robots":{"index":"index","follow":"follow","max-snippet":"max-snippet:-1","max-image-preview":"max-image-preview:large","max-video-preview":"max-video-preview:-1"},"canonical":"https:\/\/verdadeon.com.br\/portal\/2024\/11\/22\/policia-federal-indicia-bolsonaro-por-golpe-de-estado-o-que-acontece-agora\/","og_locale":"pt_BR","og_type":"article","og_title":"Policia Federal indicia Bolsonaro por Golpe de Estado: o que acontece agora? - VerdadeOn","og_description":"Jurista explica por que\u00a0Bolsonaro\u00a0n\u00e3o foi preso e quais os pr\u00f3ximos passos da investiga\u00e7\u00e3o O ex-presidente Jair\u00a0Bolsonaro\u00a0foi indiciado pela Pol\u00edcia Federal, nesta quinta-feira (21\/11), pelo crime de [\u2026]","og_url":"https:\/\/verdadeon.com.br\/portal\/2024\/11\/22\/policia-federal-indicia-bolsonaro-por-golpe-de-estado-o-que-acontece-agora\/","og_site_name":"VerdadeOn","article_published_time":"2024-11-22T17:11:03+00:00","og_image":[{"width":590,"height":395,"url":"https:\/\/verdadeon.com.br\/portal\/wp-content\/uploads\/2024\/11\/WhatsApp-Image-2024-11-21-at-15.28.52.jpg","type":"image\/jpeg"}],"author":"Redacao VerdadeOn","twitter_card":"summary_large_image","twitter_misc":{"Escrito por":"Redacao VerdadeOn","Est. tempo de leitura":"4 minutos"},"schema":{"@context":"https:\/\/schema.org","@graph":[{"@type":"WebPage","@id":"https:\/\/verdadeon.com.br\/portal\/2024\/11\/22\/policia-federal-indicia-bolsonaro-por-golpe-de-estado-o-que-acontece-agora\/","url":"https:\/\/verdadeon.com.br\/portal\/2024\/11\/22\/policia-federal-indicia-bolsonaro-por-golpe-de-estado-o-que-acontece-agora\/","name":"Policia Federal indicia Bolsonaro por Golpe de Estado: o que acontece agora? - VerdadeOn","isPartOf":{"@id":"https:\/\/verdadeon.com.br\/portal\/#website"},"primaryImageOfPage":{"@id":"https:\/\/verdadeon.com.br\/portal\/2024\/11\/22\/policia-federal-indicia-bolsonaro-por-golpe-de-estado-o-que-acontece-agora\/#primaryimage"},"image":{"@id":"https:\/\/verdadeon.com.br\/portal\/2024\/11\/22\/policia-federal-indicia-bolsonaro-por-golpe-de-estado-o-que-acontece-agora\/#primaryimage"},"thumbnailUrl":"https:\/\/i0.wp.com\/verdadeon.com.br\/portal\/wp-content\/uploads\/2024\/11\/WhatsApp-Image-2024-11-21-at-15.28.52.jpg?fit=590%2C395&ssl=1","datePublished":"2024-11-22T17:11:03+00:00","author":{"@id":"https:\/\/verdadeon.com.br\/portal\/#\/schema\/person\/a5060ad1e9ea3df545188fc93ce43d2f"},"breadcrumb":{"@id":"https:\/\/verdadeon.com.br\/portal\/2024\/11\/22\/policia-federal-indicia-bolsonaro-por-golpe-de-estado-o-que-acontece-agora\/#breadcrumb"},"inLanguage":"pt-BR","potentialAction":[{"@type":"ReadAction","target":["https:\/\/verdadeon.com.br\/portal\/2024\/11\/22\/policia-federal-indicia-bolsonaro-por-golpe-de-estado-o-que-acontece-agora\/"]}]},{"@type":"ImageObject","inLanguage":"pt-BR","@id":"https:\/\/verdadeon.com.br\/portal\/2024\/11\/22\/policia-federal-indicia-bolsonaro-por-golpe-de-estado-o-que-acontece-agora\/#primaryimage","url":"https:\/\/i0.wp.com\/verdadeon.com.br\/portal\/wp-content\/uploads\/2024\/11\/WhatsApp-Image-2024-11-21-at-15.28.52.jpg?fit=590%2C395&ssl=1","contentUrl":"https:\/\/i0.wp.com\/verdadeon.com.br\/portal\/wp-content\/uploads\/2024\/11\/WhatsApp-Image-2024-11-21-at-15.28.52.jpg?fit=590%2C395&ssl=1","width":590,"height":395,"caption":"Ex-presidente Jair Bolsonaro (\u00a9T\u00e2nia Rego\/Ag\u00eancia Brasil)"},{"@type":"BreadcrumbList","@id":"https:\/\/verdadeon.com.br\/portal\/2024\/11\/22\/policia-federal-indicia-bolsonaro-por-golpe-de-estado-o-que-acontece-agora\/#breadcrumb","itemListElement":[{"@type":"ListItem","position":1,"name":"In\u00edcio","item":"https:\/\/verdadeon.com.br\/portal\/"},{"@type":"ListItem","position":2,"name":"Policia Federal indicia Bolsonaro por Golpe de Estado: o que acontece agora?"}]},{"@type":"WebSite","@id":"https:\/\/verdadeon.com.br\/portal\/#website","url":"https:\/\/verdadeon.com.br\/portal\/","name":"VerdadeOn","description":"Not\u00edcias di\u00e1rias sobre Franca, Regi\u00e3o, Esporte, Cultura, Cotidiano, Colunas. Cobertura nos principais eventos da cidade \u00e9 aqui - Verdadeon Franca","potentialAction":[{"@type":"SearchAction","target":{"@type":"EntryPoint","urlTemplate":"https:\/\/verdadeon.com.br\/portal\/?s={search_term_string}"},"query-input":{"@type":"PropertyValueSpecification","valueRequired":true,"valueName":"search_term_string"}}],"inLanguage":"pt-BR"},{"@type":"Person","@id":"https:\/\/verdadeon.com.br\/portal\/#\/schema\/person\/a5060ad1e9ea3df545188fc93ce43d2f","name":"Redacao VerdadeOn","image":{"@type":"ImageObject","inLanguage":"pt-BR","@id":"https:\/\/verdadeon.com.br\/portal\/#\/schema\/person\/image\/","url":"https:\/\/secure.gravatar.com\/avatar\/459a9613caaaf07f582c3d0841eea68bdd66f533e465e6ba8b9cb45619572cf4?s=96&d=mm&r=g","contentUrl":"https:\/\/secure.gravatar.com\/avatar\/459a9613caaaf07f582c3d0841eea68bdd66f533e465e6ba8b9cb45619572cf4?s=96&d=mm&r=g","caption":"Redacao VerdadeOn"},"url":"https:\/\/verdadeon.com.br\/portal\/author\/redacao\/"}]}},"jetpack_publicize_connections":[],"jetpack_featured_media_url":"https:\/\/i0.wp.com\/verdadeon.com.br\/portal\/wp-content\/uploads\/2024\/11\/WhatsApp-Image-2024-11-21-at-15.28.52.jpg?fit=590%2C395&ssl=1","jetpack_sharing_enabled":true,"_links":{"self":[{"href":"https:\/\/verdadeon.com.br\/portal\/wp-json\/wp\/v2\/posts\/51683","targetHints":{"allow":["GET"]}}],"collection":[{"href":"https:\/\/verdadeon.com.br\/portal\/wp-json\/wp\/v2\/posts"}],"about":[{"href":"https:\/\/verdadeon.com.br\/portal\/wp-json\/wp\/v2\/types\/post"}],"author":[{"embeddable":true,"href":"https:\/\/verdadeon.com.br\/portal\/wp-json\/wp\/v2\/users\/10"}],"replies":[{"embeddable":true,"href":"https:\/\/verdadeon.com.br\/portal\/wp-json\/wp\/v2\/comments?post=51683"}],"version-history":[{"count":1,"href":"https:\/\/verdadeon.com.br\/portal\/wp-json\/wp\/v2\/posts\/51683\/revisions"}],"predecessor-version":[{"id":51686,"href":"https:\/\/verdadeon.com.br\/portal\/wp-json\/wp\/v2\/posts\/51683\/revisions\/51686"}],"wp:featuredmedia":[{"embeddable":true,"href":"https:\/\/verdadeon.com.br\/portal\/wp-json\/wp\/v2\/media\/51684"}],"wp:attachment":[{"href":"https:\/\/verdadeon.com.br\/portal\/wp-json\/wp\/v2\/media?parent=51683"}],"wp:term":[{"taxonomy":"category","embeddable":true,"href":"https:\/\/verdadeon.com.br\/portal\/wp-json\/wp\/v2\/categories?post=51683"},{"taxonomy":"post_tag","embeddable":true,"href":"https:\/\/verdadeon.com.br\/portal\/wp-json\/wp\/v2\/tags?post=51683"}],"curies":[{"name":"wp","href":"https:\/\/api.w.org\/{rel}","templated":true}]}}