{"id":5166,"date":"2020-03-18T07:20:30","date_gmt":"2020-03-18T10:20:30","guid":{"rendered":"http:\/\/verdadeon.com.br\/portal\/?p=5166"},"modified":"2020-03-18T09:52:25","modified_gmt":"2020-03-18T12:52:25","slug":"o-olhar-delas","status":"publish","type":"post","link":"https:\/\/verdadeon.com.br\/portal\/2020\/03\/18\/o-olhar-delas\/","title":{"rendered":"O olhar delas"},"content":{"rendered":"<h2>Pinacoteca Municipal de Franca recebe mostra com obras de 18 mulheres. S\u00e3o 25 obras, a mais antiga de 1952, todas cria\u00e7\u00f5es de francanas talentosas<\/h2>\n<p>&nbsp;<\/p>\n<p>Enquanto muitos eventos de Franca s\u00e3o cancelados em aten\u00e7\u00e3o ao novo coronav\u00edrus e o perigo da transmiss\u00e3o, os francanos podem aproveitar a oportunidade e apreciar uma mostra especial na Pinacoteca Municipal de Franca \u201cAm\u00e9rico Maciel de Castro J\u00fanior\u201d. A mostra \u201cElas: Olhares Desarquivados\u201d conta com obras de 18 mulheres, todas francanas ou com alguma rela\u00e7\u00e3o especial com a cidade.<br \/>\nComposta por 25 obras, todas do acervo cultural da Prefeitura, a exibi\u00e7\u00e3o \u00e9 uma homenagem ao Dia Internacional da Mulher, celebrado no \u00faltimo dia 8, e ficar\u00e1 exposta at\u00e9 o dia 10 de abril.<br \/>\nAs obras foram produzidas por mulheres da cidade com habilidades e criatividade diferenciada na arte do pincel. As pinturas s\u00e3o abordadas nas tem\u00e1ticas de paisagens\/naturezas, vasos de flores, rosas, mulheres, releituras de figura religiosa, de Veneza, entre outras.<\/p>\n<p>Ao reunir uma colet\u00e2nea de imagens e descri\u00e7\u00f5es, a exposi\u00e7\u00e3o procura rememorar artistas que deixaram a sua marca na hist\u00f3ria art\u00edstica de Franca, eternizadas pelas suas obras que integram e enriquecem o patrim\u00f4nio do acervo cultural da Casa da Cultura e do Artista Francano \u201cAbdias do Nascimento\u201d.<br \/>\n\u201cTemos aqui as mais diversas obras, preciosidades de v\u00e1rias d\u00e9cadas e que retratam o olhar de cada uma das artistas. Todas francanas ou com uma hist\u00f3ria de amor com a cidade, a mostra foi preparada com muito amor para homenagear as mulheres no m\u00eas delas\u201d, disse o Secretario de Esporte, Arte, Cultura e Lazer, Elson Boni.<\/p>\n<p>A mostra conta com quadros das artistas Goret Chagas, Anita Munhoz, Diana Gomes, Satie Kawaguchi, Terezinha Peixoto Sikora, Madalena Olivastro, Wanda Teixeira, Marta Provenzano, Mena Presotto, Regina di Franca, Susan Takaki, No\u00eamia Lemos, Deolinda Pesce, Ivoni Pini, Arilda Tissot, Jeanne D\u2019arc Silveira, Beatriz Teixeira e Maria Tereza Louro.<\/p>\n<p>A obra mais antiga da mostra \u00e9 datada do ano de 1952. A artista \u00e9 Deolinda Pesce que ao longo de sua vida produziu mais de 100 obras. A artista francana faleceu no ano de 2016 aos 101 anos de idade.<br \/>\nOutra obra que chama a aten\u00e7\u00e3o na exposi\u00e7\u00e3o \u00e9 de autoria de Beatriz Teixeira. Em suas obras a artista mostra um estilo voltado ao contempor\u00e2neo impressionista, singularizado pela abstra\u00e7\u00e3o da realidade e a aus\u00eancia de linhas concretas. A expositora busca explorar suas habilidades com as formas e a precis\u00e3o de luz e sombra.<\/p>\n<p>A exposi\u00e7\u00e3o tem no total 25 obras dispostas, que relatam a representatividade do olhar de 18 artistas distintas. \u00c9 uma oportunidade para que o p\u00fablico possa, atrav\u00e9s da exposi\u00e7\u00e3o, conhecer um pouco mais daqueles personagens que contribu\u00edram de alguma maneira com a evolu\u00e7\u00e3o da cidade em diversos per\u00edodos da sua hist\u00f3ria. S\u00e3o obras dos mais diversos tamanhos e estilos.<\/p>\n<p>\u00c9 importante ressaltar que o local recebe poucas pessoas a cada vez e, por isso, n\u00e3o h\u00e1 risco de aglomera\u00e7\u00f5es. O espa\u00e7o tamb\u00e9m conta com a disponibiliza\u00e7\u00e3o de \u00e1lcool em gel para os visitantes e a equipe de limpeza tem refor\u00e7ado os cuidados para manter o local sempre com os requisitos de limpeza indicados pelas equipes de sa\u00fade.<br \/>\nA exposi\u00e7\u00e3o pode ser visitada de segunda a sexta-feira, das 9 \u00e0s 18 horas, e aos s\u00e1bados das 9 \u00e0s 15 horas. A Casa da Cultura e do Artista Francano est\u00e1 localizada na Pra\u00e7a \u201cCarlos Pacheco\u201d, Centro, em frente ao Cemit\u00e9rio da Saudade.<\/p>\n","protected":false},"excerpt":{"rendered":"<p>Pinacoteca Municipal de Franca recebe mostra com obras de 18 mulheres. S\u00e3o 25 obras, a mais antiga de 1952, todas cria\u00e7\u00f5es de francanas talentosas &nbsp; Enquanto<span class=\"excerpt-hellip\"> [\u2026]<\/span><\/p>\n","protected":false},"author":10,"featured_media":5175,"comment_status":"open","ping_status":"open","sticky":false,"template":"","format":"standard","meta":{"_jetpack_memberships_contains_paid_content":false,"footnotes":"","jetpack_publicize_message":"","jetpack_publicize_feature_enabled":true,"jetpack_social_post_already_shared":false,"jetpack_social_options":{"image_generator_settings":{"template":"highway","default_image_id":0,"enabled":false},"version":2}},"categories":[28,44],"tags":[76],"class_list":["post-5166","post","type-post","status-publish","format-standard","has-post-thumbnail","hentry","category-cotidiano","category-noticias","tag-cultura"],"yoast_head":"<!-- This site is optimized with the Yoast SEO plugin v25.6 - https:\/\/yoast.com\/wordpress\/plugins\/seo\/ -->\n<title>O olhar delas - VerdadeOn<\/title>\n<meta name=\"robots\" content=\"index, follow, max-snippet:-1, max-image-preview:large, max-video-preview:-1\" \/>\n<link rel=\"canonical\" href=\"https:\/\/verdadeon.com.br\/portal\/2020\/03\/18\/o-olhar-delas\/\" \/>\n<meta property=\"og:locale\" content=\"pt_BR\" \/>\n<meta property=\"og:type\" content=\"article\" \/>\n<meta property=\"og:title\" content=\"O olhar delas - VerdadeOn\" \/>\n<meta property=\"og:description\" content=\"Pinacoteca Municipal de Franca recebe mostra com obras de 18 mulheres. S\u00e3o 25 obras, a mais antiga de 1952, todas cria\u00e7\u00f5es de francanas talentosas &nbsp; Enquanto [\u2026]\" \/>\n<meta property=\"og:url\" content=\"https:\/\/verdadeon.com.br\/portal\/2020\/03\/18\/o-olhar-delas\/\" \/>\n<meta property=\"og:site_name\" content=\"VerdadeOn\" \/>\n<meta property=\"article:published_time\" content=\"2020-03-18T10:20:30+00:00\" \/>\n<meta property=\"article:modified_time\" content=\"2020-03-18T12:52:25+00:00\" \/>\n<meta name=\"author\" content=\"Redacao VerdadeOn\" \/>\n<meta name=\"twitter:card\" content=\"summary_large_image\" \/>\n<meta name=\"twitter:label1\" content=\"Escrito por\" \/>\n\t<meta name=\"twitter:data1\" content=\"Redacao VerdadeOn\" \/>\n\t<meta name=\"twitter:label2\" content=\"Est. tempo de leitura\" \/>\n\t<meta name=\"twitter:data2\" content=\"3 minutos\" \/>\n<script type=\"application\/ld+json\" class=\"yoast-schema-graph\">{\"@context\":\"https:\/\/schema.org\",\"@graph\":[{\"@type\":\"WebPage\",\"@id\":\"https:\/\/verdadeon.com.br\/portal\/2020\/03\/18\/o-olhar-delas\/\",\"url\":\"https:\/\/verdadeon.com.br\/portal\/2020\/03\/18\/o-olhar-delas\/\",\"name\":\"O olhar delas - VerdadeOn\",\"isPartOf\":{\"@id\":\"https:\/\/verdadeon.com.br\/portal\/#website\"},\"primaryImageOfPage\":{\"@id\":\"https:\/\/verdadeon.com.br\/portal\/2020\/03\/18\/o-olhar-delas\/#primaryimage\"},\"image\":{\"@id\":\"https:\/\/verdadeon.com.br\/portal\/2020\/03\/18\/o-olhar-delas\/#primaryimage\"},\"thumbnailUrl\":\"https:\/\/i0.wp.com\/verdadeon.com.br\/portal\/wp-content\/uploads\/2020\/03\/Exposi%C3%A7%C3%A3o-do-m%C3%AAs-das-mulheres-foto-Lindomar-Cailton-2.jpg?fit=1000%2C668&ssl=1\",\"datePublished\":\"2020-03-18T10:20:30+00:00\",\"dateModified\":\"2020-03-18T12:52:25+00:00\",\"author\":{\"@id\":\"https:\/\/verdadeon.com.br\/portal\/#\/schema\/person\/a5060ad1e9ea3df545188fc93ce43d2f\"},\"breadcrumb\":{\"@id\":\"https:\/\/verdadeon.com.br\/portal\/2020\/03\/18\/o-olhar-delas\/#breadcrumb\"},\"inLanguage\":\"pt-BR\",\"potentialAction\":[{\"@type\":\"ReadAction\",\"target\":[\"https:\/\/verdadeon.com.br\/portal\/2020\/03\/18\/o-olhar-delas\/\"]}]},{\"@type\":\"ImageObject\",\"inLanguage\":\"pt-BR\",\"@id\":\"https:\/\/verdadeon.com.br\/portal\/2020\/03\/18\/o-olhar-delas\/#primaryimage\",\"url\":\"https:\/\/i0.wp.com\/verdadeon.com.br\/portal\/wp-content\/uploads\/2020\/03\/Exposi%C3%A7%C3%A3o-do-m%C3%AAs-das-mulheres-foto-Lindomar-Cailton-2.jpg?fit=1000%2C668&ssl=1\",\"contentUrl\":\"https:\/\/i0.wp.com\/verdadeon.com.br\/portal\/wp-content\/uploads\/2020\/03\/Exposi%C3%A7%C3%A3o-do-m%C3%AAs-das-mulheres-foto-Lindomar-Cailton-2.jpg?fit=1000%2C668&ssl=1\",\"width\":1000,\"height\":668,\"caption\":\"EXPOSI\u00c7\u00c3O - A mostra \\\"Elas: Olhares Desarquivados\\\", exposta na Pinacoteca Municipal de Franca, na Casa da Cultura, \u00e9 uma homenagem pelo Dia Internacional da Mulher e conta com obras de francanas e outras mulheres que fazem parte da hist\u00f3ria cultural da cidade | Foto: Lindomar Cailton\"},{\"@type\":\"BreadcrumbList\",\"@id\":\"https:\/\/verdadeon.com.br\/portal\/2020\/03\/18\/o-olhar-delas\/#breadcrumb\",\"itemListElement\":[{\"@type\":\"ListItem\",\"position\":1,\"name\":\"In\u00edcio\",\"item\":\"https:\/\/verdadeon.com.br\/portal\/\"},{\"@type\":\"ListItem\",\"position\":2,\"name\":\"O olhar delas\"}]},{\"@type\":\"WebSite\",\"@id\":\"https:\/\/verdadeon.com.br\/portal\/#website\",\"url\":\"https:\/\/verdadeon.com.br\/portal\/\",\"name\":\"VerdadeOn\",\"description\":\"Not\u00edcias di\u00e1rias sobre Franca, Regi\u00e3o, Esporte, Cultura, Cotidiano, Colunas. Cobertura nos principais eventos da cidade \u00e9 aqui - Verdadeon Franca\",\"potentialAction\":[{\"@type\":\"SearchAction\",\"target\":{\"@type\":\"EntryPoint\",\"urlTemplate\":\"https:\/\/verdadeon.com.br\/portal\/?s={search_term_string}\"},\"query-input\":{\"@type\":\"PropertyValueSpecification\",\"valueRequired\":true,\"valueName\":\"search_term_string\"}}],\"inLanguage\":\"pt-BR\"},{\"@type\":\"Person\",\"@id\":\"https:\/\/verdadeon.com.br\/portal\/#\/schema\/person\/a5060ad1e9ea3df545188fc93ce43d2f\",\"name\":\"Redacao VerdadeOn\",\"image\":{\"@type\":\"ImageObject\",\"inLanguage\":\"pt-BR\",\"@id\":\"https:\/\/verdadeon.com.br\/portal\/#\/schema\/person\/image\/\",\"url\":\"https:\/\/secure.gravatar.com\/avatar\/459a9613caaaf07f582c3d0841eea68bdd66f533e465e6ba8b9cb45619572cf4?s=96&d=mm&r=g\",\"contentUrl\":\"https:\/\/secure.gravatar.com\/avatar\/459a9613caaaf07f582c3d0841eea68bdd66f533e465e6ba8b9cb45619572cf4?s=96&d=mm&r=g\",\"caption\":\"Redacao VerdadeOn\"},\"url\":\"https:\/\/verdadeon.com.br\/portal\/author\/redacao\/\"}]}<\/script>\n<!-- \/ Yoast SEO plugin. -->","yoast_head_json":{"title":"O olhar delas - VerdadeOn","robots":{"index":"index","follow":"follow","max-snippet":"max-snippet:-1","max-image-preview":"max-image-preview:large","max-video-preview":"max-video-preview:-1"},"canonical":"https:\/\/verdadeon.com.br\/portal\/2020\/03\/18\/o-olhar-delas\/","og_locale":"pt_BR","og_type":"article","og_title":"O olhar delas - VerdadeOn","og_description":"Pinacoteca Municipal de Franca recebe mostra com obras de 18 mulheres. S\u00e3o 25 obras, a mais antiga de 1952, todas cria\u00e7\u00f5es de francanas talentosas &nbsp; Enquanto [\u2026]","og_url":"https:\/\/verdadeon.com.br\/portal\/2020\/03\/18\/o-olhar-delas\/","og_site_name":"VerdadeOn","article_published_time":"2020-03-18T10:20:30+00:00","article_modified_time":"2020-03-18T12:52:25+00:00","author":"Redacao VerdadeOn","twitter_card":"summary_large_image","twitter_misc":{"Escrito por":"Redacao VerdadeOn","Est. tempo de leitura":"3 minutos"},"schema":{"@context":"https:\/\/schema.org","@graph":[{"@type":"WebPage","@id":"https:\/\/verdadeon.com.br\/portal\/2020\/03\/18\/o-olhar-delas\/","url":"https:\/\/verdadeon.com.br\/portal\/2020\/03\/18\/o-olhar-delas\/","name":"O olhar delas - VerdadeOn","isPartOf":{"@id":"https:\/\/verdadeon.com.br\/portal\/#website"},"primaryImageOfPage":{"@id":"https:\/\/verdadeon.com.br\/portal\/2020\/03\/18\/o-olhar-delas\/#primaryimage"},"image":{"@id":"https:\/\/verdadeon.com.br\/portal\/2020\/03\/18\/o-olhar-delas\/#primaryimage"},"thumbnailUrl":"https:\/\/i0.wp.com\/verdadeon.com.br\/portal\/wp-content\/uploads\/2020\/03\/Exposi%C3%A7%C3%A3o-do-m%C3%AAs-das-mulheres-foto-Lindomar-Cailton-2.jpg?fit=1000%2C668&ssl=1","datePublished":"2020-03-18T10:20:30+00:00","dateModified":"2020-03-18T12:52:25+00:00","author":{"@id":"https:\/\/verdadeon.com.br\/portal\/#\/schema\/person\/a5060ad1e9ea3df545188fc93ce43d2f"},"breadcrumb":{"@id":"https:\/\/verdadeon.com.br\/portal\/2020\/03\/18\/o-olhar-delas\/#breadcrumb"},"inLanguage":"pt-BR","potentialAction":[{"@type":"ReadAction","target":["https:\/\/verdadeon.com.br\/portal\/2020\/03\/18\/o-olhar-delas\/"]}]},{"@type":"ImageObject","inLanguage":"pt-BR","@id":"https:\/\/verdadeon.com.br\/portal\/2020\/03\/18\/o-olhar-delas\/#primaryimage","url":"https:\/\/i0.wp.com\/verdadeon.com.br\/portal\/wp-content\/uploads\/2020\/03\/Exposi%C3%A7%C3%A3o-do-m%C3%AAs-das-mulheres-foto-Lindomar-Cailton-2.jpg?fit=1000%2C668&ssl=1","contentUrl":"https:\/\/i0.wp.com\/verdadeon.com.br\/portal\/wp-content\/uploads\/2020\/03\/Exposi%C3%A7%C3%A3o-do-m%C3%AAs-das-mulheres-foto-Lindomar-Cailton-2.jpg?fit=1000%2C668&ssl=1","width":1000,"height":668,"caption":"EXPOSI\u00c7\u00c3O - A mostra \"Elas: Olhares Desarquivados\", exposta na Pinacoteca Municipal de Franca, na Casa da Cultura, \u00e9 uma homenagem pelo Dia Internacional da Mulher e conta com obras de francanas e outras mulheres que fazem parte da hist\u00f3ria cultural da cidade | Foto: Lindomar Cailton"},{"@type":"BreadcrumbList","@id":"https:\/\/verdadeon.com.br\/portal\/2020\/03\/18\/o-olhar-delas\/#breadcrumb","itemListElement":[{"@type":"ListItem","position":1,"name":"In\u00edcio","item":"https:\/\/verdadeon.com.br\/portal\/"},{"@type":"ListItem","position":2,"name":"O olhar delas"}]},{"@type":"WebSite","@id":"https:\/\/verdadeon.com.br\/portal\/#website","url":"https:\/\/verdadeon.com.br\/portal\/","name":"VerdadeOn","description":"Not\u00edcias di\u00e1rias sobre Franca, Regi\u00e3o, Esporte, Cultura, Cotidiano, Colunas. Cobertura nos principais eventos da cidade \u00e9 aqui - Verdadeon Franca","potentialAction":[{"@type":"SearchAction","target":{"@type":"EntryPoint","urlTemplate":"https:\/\/verdadeon.com.br\/portal\/?s={search_term_string}"},"query-input":{"@type":"PropertyValueSpecification","valueRequired":true,"valueName":"search_term_string"}}],"inLanguage":"pt-BR"},{"@type":"Person","@id":"https:\/\/verdadeon.com.br\/portal\/#\/schema\/person\/a5060ad1e9ea3df545188fc93ce43d2f","name":"Redacao VerdadeOn","image":{"@type":"ImageObject","inLanguage":"pt-BR","@id":"https:\/\/verdadeon.com.br\/portal\/#\/schema\/person\/image\/","url":"https:\/\/secure.gravatar.com\/avatar\/459a9613caaaf07f582c3d0841eea68bdd66f533e465e6ba8b9cb45619572cf4?s=96&d=mm&r=g","contentUrl":"https:\/\/secure.gravatar.com\/avatar\/459a9613caaaf07f582c3d0841eea68bdd66f533e465e6ba8b9cb45619572cf4?s=96&d=mm&r=g","caption":"Redacao VerdadeOn"},"url":"https:\/\/verdadeon.com.br\/portal\/author\/redacao\/"}]}},"jetpack_publicize_connections":[],"jetpack_featured_media_url":"https:\/\/i0.wp.com\/verdadeon.com.br\/portal\/wp-content\/uploads\/2020\/03\/Exposi%C3%A7%C3%A3o-do-m%C3%AAs-das-mulheres-foto-Lindomar-Cailton-2.jpg?fit=1000%2C668&ssl=1","jetpack_sharing_enabled":true,"_links":{"self":[{"href":"https:\/\/verdadeon.com.br\/portal\/wp-json\/wp\/v2\/posts\/5166","targetHints":{"allow":["GET"]}}],"collection":[{"href":"https:\/\/verdadeon.com.br\/portal\/wp-json\/wp\/v2\/posts"}],"about":[{"href":"https:\/\/verdadeon.com.br\/portal\/wp-json\/wp\/v2\/types\/post"}],"author":[{"embeddable":true,"href":"https:\/\/verdadeon.com.br\/portal\/wp-json\/wp\/v2\/users\/10"}],"replies":[{"embeddable":true,"href":"https:\/\/verdadeon.com.br\/portal\/wp-json\/wp\/v2\/comments?post=5166"}],"version-history":[{"count":0,"href":"https:\/\/verdadeon.com.br\/portal\/wp-json\/wp\/v2\/posts\/5166\/revisions"}],"wp:featuredmedia":[{"embeddable":true,"href":"https:\/\/verdadeon.com.br\/portal\/wp-json\/wp\/v2\/media\/5175"}],"wp:attachment":[{"href":"https:\/\/verdadeon.com.br\/portal\/wp-json\/wp\/v2\/media?parent=5166"}],"wp:term":[{"taxonomy":"category","embeddable":true,"href":"https:\/\/verdadeon.com.br\/portal\/wp-json\/wp\/v2\/categories?post=5166"},{"taxonomy":"post_tag","embeddable":true,"href":"https:\/\/verdadeon.com.br\/portal\/wp-json\/wp\/v2\/tags?post=5166"}],"curies":[{"name":"wp","href":"https:\/\/api.w.org\/{rel}","templated":true}]}}