{"id":5165,"date":"2020-03-18T07:30:24","date_gmt":"2020-03-18T10:30:24","guid":{"rendered":"http:\/\/verdadeon.com.br\/portal\/?p=5165"},"modified":"2020-03-18T09:26:48","modified_gmt":"2020-03-18T12:26:48","slug":"franca-pode-deixar-de-ganhar-r-47-milhoes","status":"publish","type":"post","link":"https:\/\/verdadeon.com.br\/portal\/2020\/03\/18\/franca-pode-deixar-de-ganhar-r-47-milhoes\/","title":{"rendered":"Franca pode deixar de ganhar R$ 47 milh\u00f5es"},"content":{"rendered":"<h2>Com o novo coronav\u00edrus Governo prev\u00ea redu\u00e7\u00e3o de 0,5% no Crescimento do PIB do Pa\u00eds<\/h2>\n<p>&nbsp;<\/p>\n<p>As medidas contra o avan\u00e7o do novo coronav\u00edrus, que incluem o fechamento tempor\u00e1rio de escolas e universidades, al\u00e9m de adiamento de eventos em geral e especialmente a orienta\u00e7\u00e3o para que a popula\u00e7\u00e3o evite aglomera\u00e7\u00f5es &#8211; como a ida \u00e0 bares, shoppings, cinemas, shows, entre outros &#8211; poder\u00e3o ter um impacto negativo de R$ 47 milh\u00f5es na economia de Franca. A estimativa \u00e9 do Instituto de Economia da Acif (Associa\u00e7\u00e3o do Com\u00e9rcio e Ind\u00fastria de Franca) e considera no c\u00e1lculo a previs\u00e3o inicial do Governo Federal que aponta redu\u00e7\u00e3o de 0,5% na proje\u00e7\u00e3o do PIB (Produto Interno Bruto) para o ano de 2020.<br \/>\n\u201cOs impactos econ\u00f4micos do coronav\u00edrus podem ser sentidos no mundo todo e Franca n\u00e3o ser\u00e1 uma exce\u00e7\u00e3o. A previs\u00e3o inicial do Governo Federal aponta uma redu\u00e7\u00e3o de 0,5% na proje\u00e7\u00e3o do PIB para o ano de 2020, percentual que, se estimado para Franca, deve resultar em um impacto de R$ 47 milh\u00f5es. No entanto, h\u00e1 algumas medidas que o Governo Federal pode adotar para estimular o consumo e movimentar a economia do pa\u00eds, tais como antecipa\u00e7\u00e3o do 13\u00b0 sal\u00e1rio para aposentados, redu\u00e7\u00e3o de impostos sobre produtos e, at\u00e9 mesmo, uma libera\u00e7\u00e3o do FGTS, como vimos no segundo semestre do ano passado\u201d, explicou o economista do IE-Acif, Adnan Jebailey.<br \/>\nNos \u00faltimos dias o movimento nas ruas do Centro da cidade caiu. Caminhando por pra\u00e7as como Nossa Senhora da Concei\u00e7\u00e3o, a Catedral, Bar\u00e3o e do Ita\u00fa, que em dias normais, especialmente aos fins de semana, re\u00fane centenas de pessoas, \u00e9 poss\u00edvel observar que menos pedestres caminham pelos locais.<br \/>\n\u201cEstou evitando sair de casa e priorizo apenas as quest\u00f5es que s\u00e3o inadi\u00e1veis. Hoje, por exemplo, precisava resolver uma quest\u00e3o no banco e era o \u00faltimo dia, mas se pudesse teria evitado, ainda mais que nos bancos sempre h\u00e1 aglomera\u00e7\u00e3o de pessoas\u201d, disse a professora Beatriz Barbosa, 33, moradora do Polo Clube.<br \/>\n\u201cMinha m\u00e3e \u00e9 do grupo de risco, tem 73 anos, e estou comprando \u00e1lcool em gel para ela. Estamos atentas e preocupadas com a pandemia e agora ela n\u00e3o est\u00e1 saindo de casa. \u00c9 uma situa\u00e7\u00e3o em que as pessoas devem se atentar e os mais jovens devem ter consci\u00eancia que podem transmitir para pessoas que s\u00e3o do grupo de risco\u201d, disse Fernanda Alves, 39, vendedora.<br \/>\nEntre as poucas pessoas vistas na regi\u00e3o Central, os idosos e crian\u00e7as eram minoria.<br \/>\nAinda de acordo com o Instituto de Economia da Acif a ind\u00fastria deve ser o setor que mais sofrer\u00e1 impacto econ\u00f4mico com a pandemia de coronav\u00edrus. \u201cO setor que mais deve sofrer com os impactos deve ser a ind\u00fastria, muito ligado \u00e0s exporta\u00e7\u00f5es. Com um c\u00e2mbio imprevis\u00edvel e um mercado externo hesitante, as exporta\u00e7\u00f5es devem cair no ano de 2020 e, com isso, a recupera\u00e7\u00e3o do setor cal\u00e7adista deve ser adiada. O al\u00edvio fica por conta da redu\u00e7\u00e3o do ICMS que aconteceu em novembro de 2019 e a explora\u00e7\u00e3o do mercado interno, que pode se aquecer com os incentivos do Governo ao consumo. Importante dizer que as previs\u00f5es podem se alterar conforme a evolu\u00e7\u00e3o dos cen\u00e1rios global e nacional\u201d, completou o economista.<\/p>\n","protected":false},"excerpt":{"rendered":"<p>Com o novo coronav\u00edrus Governo prev\u00ea redu\u00e7\u00e3o de 0,5% no Crescimento do PIB do Pa\u00eds &nbsp; As medidas contra o avan\u00e7o do novo coronav\u00edrus, que incluem<span class=\"excerpt-hellip\"> [\u2026]<\/span><\/p>\n","protected":false},"author":10,"featured_media":5173,"comment_status":"open","ping_status":"open","sticky":false,"template":"","format":"standard","meta":{"_jetpack_memberships_contains_paid_content":false,"footnotes":"","jetpack_publicize_message":"","jetpack_publicize_feature_enabled":true,"jetpack_social_post_already_shared":false,"jetpack_social_options":{"image_generator_settings":{"template":"highway","default_image_id":0,"enabled":false},"version":2}},"categories":[28,81],"tags":[46],"class_list":["post-5165","post","type-post","status-publish","format-standard","has-post-thumbnail","hentry","category-cotidiano","category-manchete","tag-cotidiano"],"yoast_head":"<!-- This site is optimized with the Yoast SEO plugin v25.6 - https:\/\/yoast.com\/wordpress\/plugins\/seo\/ -->\n<title>Franca pode deixar de ganhar R$ 47 milh\u00f5es - VerdadeOn<\/title>\n<meta name=\"robots\" content=\"index, follow, max-snippet:-1, max-image-preview:large, max-video-preview:-1\" \/>\n<link rel=\"canonical\" href=\"https:\/\/verdadeon.com.br\/portal\/2020\/03\/18\/franca-pode-deixar-de-ganhar-r-47-milhoes\/\" \/>\n<meta property=\"og:locale\" content=\"pt_BR\" \/>\n<meta property=\"og:type\" content=\"article\" \/>\n<meta property=\"og:title\" content=\"Franca pode deixar de ganhar R$ 47 milh\u00f5es - VerdadeOn\" \/>\n<meta property=\"og:description\" content=\"Com o novo coronav\u00edrus Governo prev\u00ea redu\u00e7\u00e3o de 0,5% no Crescimento do PIB do Pa\u00eds &nbsp; As medidas contra o avan\u00e7o do novo coronav\u00edrus, que incluem [\u2026]\" \/>\n<meta property=\"og:url\" content=\"https:\/\/verdadeon.com.br\/portal\/2020\/03\/18\/franca-pode-deixar-de-ganhar-r-47-milhoes\/\" \/>\n<meta property=\"og:site_name\" content=\"VerdadeOn\" \/>\n<meta property=\"article:published_time\" content=\"2020-03-18T10:30:24+00:00\" \/>\n<meta property=\"article:modified_time\" content=\"2020-03-18T12:26:48+00:00\" \/>\n<meta name=\"author\" content=\"Redacao VerdadeOn\" \/>\n<meta name=\"twitter:card\" content=\"summary_large_image\" \/>\n<meta name=\"twitter:label1\" content=\"Escrito por\" \/>\n\t<meta name=\"twitter:data1\" content=\"Redacao VerdadeOn\" \/>\n\t<meta name=\"twitter:label2\" content=\"Est. tempo de leitura\" \/>\n\t<meta name=\"twitter:data2\" content=\"3 minutos\" \/>\n<script type=\"application\/ld+json\" class=\"yoast-schema-graph\">{\"@context\":\"https:\/\/schema.org\",\"@graph\":[{\"@type\":\"WebPage\",\"@id\":\"https:\/\/verdadeon.com.br\/portal\/2020\/03\/18\/franca-pode-deixar-de-ganhar-r-47-milhoes\/\",\"url\":\"https:\/\/verdadeon.com.br\/portal\/2020\/03\/18\/franca-pode-deixar-de-ganhar-r-47-milhoes\/\",\"name\":\"Franca pode deixar de ganhar R$ 47 milh\u00f5es - VerdadeOn\",\"isPartOf\":{\"@id\":\"https:\/\/verdadeon.com.br\/portal\/#website\"},\"primaryImageOfPage\":{\"@id\":\"https:\/\/verdadeon.com.br\/portal\/2020\/03\/18\/franca-pode-deixar-de-ganhar-r-47-milhoes\/#primaryimage\"},\"image\":{\"@id\":\"https:\/\/verdadeon.com.br\/portal\/2020\/03\/18\/franca-pode-deixar-de-ganhar-r-47-milhoes\/#primaryimage\"},\"thumbnailUrl\":\"https:\/\/i0.wp.com\/verdadeon.com.br\/portal\/wp-content\/uploads\/2020\/03\/Pouco-movimento-no-centro-coronav%C3%ADrus-foto-Lindomar-Cailton-1.jpg?fit=1000%2C668&ssl=1\",\"datePublished\":\"2020-03-18T10:30:24+00:00\",\"dateModified\":\"2020-03-18T12:26:48+00:00\",\"author\":{\"@id\":\"https:\/\/verdadeon.com.br\/portal\/#\/schema\/person\/a5060ad1e9ea3df545188fc93ce43d2f\"},\"breadcrumb\":{\"@id\":\"https:\/\/verdadeon.com.br\/portal\/2020\/03\/18\/franca-pode-deixar-de-ganhar-r-47-milhoes\/#breadcrumb\"},\"inLanguage\":\"pt-BR\",\"potentialAction\":[{\"@type\":\"ReadAction\",\"target\":[\"https:\/\/verdadeon.com.br\/portal\/2020\/03\/18\/franca-pode-deixar-de-ganhar-r-47-milhoes\/\"]}]},{\"@type\":\"ImageObject\",\"inLanguage\":\"pt-BR\",\"@id\":\"https:\/\/verdadeon.com.br\/portal\/2020\/03\/18\/franca-pode-deixar-de-ganhar-r-47-milhoes\/#primaryimage\",\"url\":\"https:\/\/i0.wp.com\/verdadeon.com.br\/portal\/wp-content\/uploads\/2020\/03\/Pouco-movimento-no-centro-coronav%C3%ADrus-foto-Lindomar-Cailton-1.jpg?fit=1000%2C668&ssl=1\",\"contentUrl\":\"https:\/\/i0.wp.com\/verdadeon.com.br\/portal\/wp-content\/uploads\/2020\/03\/Pouco-movimento-no-centro-coronav%C3%ADrus-foto-Lindomar-Cailton-1.jpg?fit=1000%2C668&ssl=1\",\"width\":1000,\"height\":668,\"caption\":\"impacto - Movimenta\u00e7\u00e3o na regi\u00e3o Central da cidade caiu: situa\u00e7\u00e3o \u00e9 reflexo das orienta\u00e7\u00f5es do Minist\u00e9rio da Sa\u00fade para que a popula\u00e7\u00e3o evite aglomera\u00e7\u00f5es para conter a transmiss\u00e3o do coronav\u00edrus | Foto: Lindomar Cailton\"},{\"@type\":\"BreadcrumbList\",\"@id\":\"https:\/\/verdadeon.com.br\/portal\/2020\/03\/18\/franca-pode-deixar-de-ganhar-r-47-milhoes\/#breadcrumb\",\"itemListElement\":[{\"@type\":\"ListItem\",\"position\":1,\"name\":\"In\u00edcio\",\"item\":\"https:\/\/verdadeon.com.br\/portal\/\"},{\"@type\":\"ListItem\",\"position\":2,\"name\":\"Franca pode deixar de ganhar R$ 47 milh\u00f5es\"}]},{\"@type\":\"WebSite\",\"@id\":\"https:\/\/verdadeon.com.br\/portal\/#website\",\"url\":\"https:\/\/verdadeon.com.br\/portal\/\",\"name\":\"VerdadeOn\",\"description\":\"Not\u00edcias di\u00e1rias sobre Franca, Regi\u00e3o, Esporte, Cultura, Cotidiano, Colunas. Cobertura nos principais eventos da cidade \u00e9 aqui - Verdadeon Franca\",\"potentialAction\":[{\"@type\":\"SearchAction\",\"target\":{\"@type\":\"EntryPoint\",\"urlTemplate\":\"https:\/\/verdadeon.com.br\/portal\/?s={search_term_string}\"},\"query-input\":{\"@type\":\"PropertyValueSpecification\",\"valueRequired\":true,\"valueName\":\"search_term_string\"}}],\"inLanguage\":\"pt-BR\"},{\"@type\":\"Person\",\"@id\":\"https:\/\/verdadeon.com.br\/portal\/#\/schema\/person\/a5060ad1e9ea3df545188fc93ce43d2f\",\"name\":\"Redacao VerdadeOn\",\"image\":{\"@type\":\"ImageObject\",\"inLanguage\":\"pt-BR\",\"@id\":\"https:\/\/verdadeon.com.br\/portal\/#\/schema\/person\/image\/\",\"url\":\"https:\/\/secure.gravatar.com\/avatar\/459a9613caaaf07f582c3d0841eea68bdd66f533e465e6ba8b9cb45619572cf4?s=96&d=mm&r=g\",\"contentUrl\":\"https:\/\/secure.gravatar.com\/avatar\/459a9613caaaf07f582c3d0841eea68bdd66f533e465e6ba8b9cb45619572cf4?s=96&d=mm&r=g\",\"caption\":\"Redacao VerdadeOn\"},\"url\":\"https:\/\/verdadeon.com.br\/portal\/author\/redacao\/\"}]}<\/script>\n<!-- \/ Yoast SEO plugin. -->","yoast_head_json":{"title":"Franca pode deixar de ganhar R$ 47 milh\u00f5es - VerdadeOn","robots":{"index":"index","follow":"follow","max-snippet":"max-snippet:-1","max-image-preview":"max-image-preview:large","max-video-preview":"max-video-preview:-1"},"canonical":"https:\/\/verdadeon.com.br\/portal\/2020\/03\/18\/franca-pode-deixar-de-ganhar-r-47-milhoes\/","og_locale":"pt_BR","og_type":"article","og_title":"Franca pode deixar de ganhar R$ 47 milh\u00f5es - VerdadeOn","og_description":"Com o novo coronav\u00edrus Governo prev\u00ea redu\u00e7\u00e3o de 0,5% no Crescimento do PIB do Pa\u00eds &nbsp; As medidas contra o avan\u00e7o do novo coronav\u00edrus, que incluem [\u2026]","og_url":"https:\/\/verdadeon.com.br\/portal\/2020\/03\/18\/franca-pode-deixar-de-ganhar-r-47-milhoes\/","og_site_name":"VerdadeOn","article_published_time":"2020-03-18T10:30:24+00:00","article_modified_time":"2020-03-18T12:26:48+00:00","author":"Redacao VerdadeOn","twitter_card":"summary_large_image","twitter_misc":{"Escrito por":"Redacao VerdadeOn","Est. tempo de leitura":"3 minutos"},"schema":{"@context":"https:\/\/schema.org","@graph":[{"@type":"WebPage","@id":"https:\/\/verdadeon.com.br\/portal\/2020\/03\/18\/franca-pode-deixar-de-ganhar-r-47-milhoes\/","url":"https:\/\/verdadeon.com.br\/portal\/2020\/03\/18\/franca-pode-deixar-de-ganhar-r-47-milhoes\/","name":"Franca pode deixar de ganhar R$ 47 milh\u00f5es - VerdadeOn","isPartOf":{"@id":"https:\/\/verdadeon.com.br\/portal\/#website"},"primaryImageOfPage":{"@id":"https:\/\/verdadeon.com.br\/portal\/2020\/03\/18\/franca-pode-deixar-de-ganhar-r-47-milhoes\/#primaryimage"},"image":{"@id":"https:\/\/verdadeon.com.br\/portal\/2020\/03\/18\/franca-pode-deixar-de-ganhar-r-47-milhoes\/#primaryimage"},"thumbnailUrl":"https:\/\/i0.wp.com\/verdadeon.com.br\/portal\/wp-content\/uploads\/2020\/03\/Pouco-movimento-no-centro-coronav%C3%ADrus-foto-Lindomar-Cailton-1.jpg?fit=1000%2C668&ssl=1","datePublished":"2020-03-18T10:30:24+00:00","dateModified":"2020-03-18T12:26:48+00:00","author":{"@id":"https:\/\/verdadeon.com.br\/portal\/#\/schema\/person\/a5060ad1e9ea3df545188fc93ce43d2f"},"breadcrumb":{"@id":"https:\/\/verdadeon.com.br\/portal\/2020\/03\/18\/franca-pode-deixar-de-ganhar-r-47-milhoes\/#breadcrumb"},"inLanguage":"pt-BR","potentialAction":[{"@type":"ReadAction","target":["https:\/\/verdadeon.com.br\/portal\/2020\/03\/18\/franca-pode-deixar-de-ganhar-r-47-milhoes\/"]}]},{"@type":"ImageObject","inLanguage":"pt-BR","@id":"https:\/\/verdadeon.com.br\/portal\/2020\/03\/18\/franca-pode-deixar-de-ganhar-r-47-milhoes\/#primaryimage","url":"https:\/\/i0.wp.com\/verdadeon.com.br\/portal\/wp-content\/uploads\/2020\/03\/Pouco-movimento-no-centro-coronav%C3%ADrus-foto-Lindomar-Cailton-1.jpg?fit=1000%2C668&ssl=1","contentUrl":"https:\/\/i0.wp.com\/verdadeon.com.br\/portal\/wp-content\/uploads\/2020\/03\/Pouco-movimento-no-centro-coronav%C3%ADrus-foto-Lindomar-Cailton-1.jpg?fit=1000%2C668&ssl=1","width":1000,"height":668,"caption":"impacto - Movimenta\u00e7\u00e3o na regi\u00e3o Central da cidade caiu: situa\u00e7\u00e3o \u00e9 reflexo das orienta\u00e7\u00f5es do Minist\u00e9rio da Sa\u00fade para que a popula\u00e7\u00e3o evite aglomera\u00e7\u00f5es para conter a transmiss\u00e3o do coronav\u00edrus | Foto: Lindomar Cailton"},{"@type":"BreadcrumbList","@id":"https:\/\/verdadeon.com.br\/portal\/2020\/03\/18\/franca-pode-deixar-de-ganhar-r-47-milhoes\/#breadcrumb","itemListElement":[{"@type":"ListItem","position":1,"name":"In\u00edcio","item":"https:\/\/verdadeon.com.br\/portal\/"},{"@type":"ListItem","position":2,"name":"Franca pode deixar de ganhar R$ 47 milh\u00f5es"}]},{"@type":"WebSite","@id":"https:\/\/verdadeon.com.br\/portal\/#website","url":"https:\/\/verdadeon.com.br\/portal\/","name":"VerdadeOn","description":"Not\u00edcias di\u00e1rias sobre Franca, Regi\u00e3o, Esporte, Cultura, Cotidiano, Colunas. Cobertura nos principais eventos da cidade \u00e9 aqui - Verdadeon Franca","potentialAction":[{"@type":"SearchAction","target":{"@type":"EntryPoint","urlTemplate":"https:\/\/verdadeon.com.br\/portal\/?s={search_term_string}"},"query-input":{"@type":"PropertyValueSpecification","valueRequired":true,"valueName":"search_term_string"}}],"inLanguage":"pt-BR"},{"@type":"Person","@id":"https:\/\/verdadeon.com.br\/portal\/#\/schema\/person\/a5060ad1e9ea3df545188fc93ce43d2f","name":"Redacao VerdadeOn","image":{"@type":"ImageObject","inLanguage":"pt-BR","@id":"https:\/\/verdadeon.com.br\/portal\/#\/schema\/person\/image\/","url":"https:\/\/secure.gravatar.com\/avatar\/459a9613caaaf07f582c3d0841eea68bdd66f533e465e6ba8b9cb45619572cf4?s=96&d=mm&r=g","contentUrl":"https:\/\/secure.gravatar.com\/avatar\/459a9613caaaf07f582c3d0841eea68bdd66f533e465e6ba8b9cb45619572cf4?s=96&d=mm&r=g","caption":"Redacao VerdadeOn"},"url":"https:\/\/verdadeon.com.br\/portal\/author\/redacao\/"}]}},"jetpack_publicize_connections":[],"jetpack_featured_media_url":"https:\/\/i0.wp.com\/verdadeon.com.br\/portal\/wp-content\/uploads\/2020\/03\/Pouco-movimento-no-centro-coronav%C3%ADrus-foto-Lindomar-Cailton-1.jpg?fit=1000%2C668&ssl=1","jetpack_sharing_enabled":true,"_links":{"self":[{"href":"https:\/\/verdadeon.com.br\/portal\/wp-json\/wp\/v2\/posts\/5165","targetHints":{"allow":["GET"]}}],"collection":[{"href":"https:\/\/verdadeon.com.br\/portal\/wp-json\/wp\/v2\/posts"}],"about":[{"href":"https:\/\/verdadeon.com.br\/portal\/wp-json\/wp\/v2\/types\/post"}],"author":[{"embeddable":true,"href":"https:\/\/verdadeon.com.br\/portal\/wp-json\/wp\/v2\/users\/10"}],"replies":[{"embeddable":true,"href":"https:\/\/verdadeon.com.br\/portal\/wp-json\/wp\/v2\/comments?post=5165"}],"version-history":[{"count":0,"href":"https:\/\/verdadeon.com.br\/portal\/wp-json\/wp\/v2\/posts\/5165\/revisions"}],"wp:featuredmedia":[{"embeddable":true,"href":"https:\/\/verdadeon.com.br\/portal\/wp-json\/wp\/v2\/media\/5173"}],"wp:attachment":[{"href":"https:\/\/verdadeon.com.br\/portal\/wp-json\/wp\/v2\/media?parent=5165"}],"wp:term":[{"taxonomy":"category","embeddable":true,"href":"https:\/\/verdadeon.com.br\/portal\/wp-json\/wp\/v2\/categories?post=5165"},{"taxonomy":"post_tag","embeddable":true,"href":"https:\/\/verdadeon.com.br\/portal\/wp-json\/wp\/v2\/tags?post=5165"}],"curies":[{"name":"wp","href":"https:\/\/api.w.org\/{rel}","templated":true}]}}