{"id":5164,"date":"2020-03-18T07:00:12","date_gmt":"2020-03-18T10:00:12","guid":{"rendered":"http:\/\/verdadeon.com.br\/portal\/?p=5164"},"modified":"2020-03-18T09:34:47","modified_gmt":"2020-03-18T12:34:47","slug":"cinco-projetos-sao-aprovados-pela-camara","status":"publish","type":"post","link":"https:\/\/verdadeon.com.br\/portal\/2020\/03\/18\/cinco-projetos-sao-aprovados-pela-camara\/","title":{"rendered":"Cinco projetos s\u00e3o aprovados pela C\u00e2mara"},"content":{"rendered":"<h2>Destes, quatro s\u00e3o de autoria do prefeito e um do presidente da Casa de Leis<\/h2>\n<p>&nbsp;<\/p>\n<p>Reportagem Fernando de Paula<\/p>\n<p>Em uma sess\u00e3o sem a presen\u00e7a de p\u00fablico, em preven\u00e7\u00e3o ao novo coronav\u00edrus, a C\u00e2mara de Franca aprovou cinco projetos de lei na tarde de ontem (17). O primeiro texto aprovado garante atendimento preferencial e utiliza\u00e7\u00e3o de vagas de estacionamento preferenciais \u00e0 pessoas portadoras de fibromialgia. A autoria \u00e9 do presidente da casa, vereador Pastor Palamoni.<br \/>\nQuatro projetos de autoria do prefeito Gilson de Souza (DEM) receberam o sinal verde. Entre eles o que autoriza a abertura de cr\u00e9dito adicional no Or\u00e7amento Fiscal de 2020, no valor de R$ 86 mil e altera o Plano Plurianual e a Lei de Diretrizes Or\u00e7ament\u00e1rias.<br \/>\nOs parlamentares aprovaram o Projeto de Lei Complementar que disp\u00f5e sobre os crit\u00e9rios urban\u00edsticos do empreendimento denominado Residencial Ecostilo. A propositura autoriza o prosseguimento do tr\u00e2mite de aprova\u00e7\u00e3o do empreendimento. O processo teve acompanhamento do Minist\u00e9rio P\u00fablico e foi objeto de acordo firmado entre as partes.<br \/>\nOutro texto aprovado foi o que autoriza o Poder Executivo a conceder subven\u00e7\u00e3o e aux\u00edlios \u00e0s organiza\u00e7\u00f5es da sociedade civil, sem fins econ\u00f4micos, atrav\u00e9s de Termos de Fomento, com recursos do Fundo Municipal da Pessoa Idosa de Franca para transfer\u00eancia de recursos \u00e0s entidades. S\u00e3o valores obtidos atrav\u00e9s de doa\u00e7\u00f5es do IR por pessoas f\u00edsica e jur\u00eddica. As entidades beneficiadas foram escolhidas ap\u00f3s apresentarem suas propostas e projetos, analisados por uma comiss\u00e3o de conselheiros e aprovados em reuni\u00e3o ordin\u00e1ria do Conselho Municipal da Pessoa Idosa de Franca.<br \/>\nA C\u00e2mara tamb\u00e9m analisou um projeto em regime de urg\u00eancia. Trata-se do projeto que autoriza o Poder Executivo a conceder bonifica\u00e7\u00e3o aos Agentes de Controle de Vetores e Agentes de Sa\u00fade P\u00fablica. Tanto a vota\u00e7\u00e3o do requerimento de urg\u00eancia quanto a propositura em si e uma emenda modificativa passaram pelo crivo do Plen\u00e1rio. O PL recebeu 13 votos favor\u00e1veis, com uma absten\u00e7\u00e3o.<br \/>\nOs valores ser\u00e3o pagos em parcela \u00fanica no m\u00eas que vem. Os Agentes de Controle de Vetores receber\u00e3o R$ 1.226,41, e Agentes de Sa\u00fade P\u00fablica, R$ 1.132,07. O abono consta do acordo coletivo realizado pela categoria em mar\u00e7o do ano passado.<\/p>\n","protected":false},"excerpt":{"rendered":"<p>Destes, quatro s\u00e3o de autoria do prefeito e um do presidente da Casa de Leis &nbsp; Reportagem Fernando de Paula Em uma sess\u00e3o sem a presen\u00e7a<span class=\"excerpt-hellip\"> [\u2026]<\/span><\/p>\n","protected":false},"author":10,"featured_media":5171,"comment_status":"open","ping_status":"open","sticky":false,"template":"","format":"standard","meta":{"_jetpack_memberships_contains_paid_content":false,"footnotes":"","jetpack_publicize_message":"","jetpack_publicize_feature_enabled":true,"jetpack_social_post_already_shared":false,"jetpack_social_options":{"image_generator_settings":{"template":"highway","default_image_id":0,"enabled":false},"version":2}},"categories":[28,44],"tags":[46],"class_list":["post-5164","post","type-post","status-publish","format-standard","has-post-thumbnail","hentry","category-cotidiano","category-noticias","tag-cotidiano"],"yoast_head":"<!-- This site is optimized with the Yoast SEO plugin v25.6 - https:\/\/yoast.com\/wordpress\/plugins\/seo\/ -->\n<title>Cinco projetos s\u00e3o aprovados pela C\u00e2mara - VerdadeOn<\/title>\n<meta name=\"robots\" content=\"index, follow, max-snippet:-1, max-image-preview:large, max-video-preview:-1\" \/>\n<link rel=\"canonical\" href=\"https:\/\/verdadeon.com.br\/portal\/2020\/03\/18\/cinco-projetos-sao-aprovados-pela-camara\/\" \/>\n<meta property=\"og:locale\" content=\"pt_BR\" \/>\n<meta property=\"og:type\" content=\"article\" \/>\n<meta property=\"og:title\" content=\"Cinco projetos s\u00e3o aprovados pela C\u00e2mara - VerdadeOn\" \/>\n<meta property=\"og:description\" content=\"Destes, quatro s\u00e3o de autoria do prefeito e um do presidente da Casa de Leis &nbsp; Reportagem Fernando de Paula Em uma sess\u00e3o sem a presen\u00e7a [\u2026]\" \/>\n<meta property=\"og:url\" content=\"https:\/\/verdadeon.com.br\/portal\/2020\/03\/18\/cinco-projetos-sao-aprovados-pela-camara\/\" \/>\n<meta property=\"og:site_name\" content=\"VerdadeOn\" \/>\n<meta property=\"article:published_time\" content=\"2020-03-18T10:00:12+00:00\" \/>\n<meta property=\"article:modified_time\" content=\"2020-03-18T12:34:47+00:00\" \/>\n<meta property=\"og:image\" content=\"https:\/\/verdadeon.com.br\/portal\/wp-content\/uploads\/2020\/03\/abre-da-3-2.jpg\" \/>\n\t<meta property=\"og:image:width\" content=\"1000\" \/>\n\t<meta property=\"og:image:height\" content=\"563\" \/>\n\t<meta property=\"og:image:type\" content=\"image\/jpeg\" \/>\n<meta name=\"author\" content=\"Redacao VerdadeOn\" \/>\n<meta name=\"twitter:card\" content=\"summary_large_image\" \/>\n<meta name=\"twitter:label1\" content=\"Escrito por\" \/>\n\t<meta name=\"twitter:data1\" content=\"Redacao VerdadeOn\" \/>\n\t<meta name=\"twitter:label2\" content=\"Est. tempo de leitura\" \/>\n\t<meta name=\"twitter:data2\" content=\"2 minutos\" \/>\n<script type=\"application\/ld+json\" class=\"yoast-schema-graph\">{\"@context\":\"https:\/\/schema.org\",\"@graph\":[{\"@type\":\"WebPage\",\"@id\":\"https:\/\/verdadeon.com.br\/portal\/2020\/03\/18\/cinco-projetos-sao-aprovados-pela-camara\/\",\"url\":\"https:\/\/verdadeon.com.br\/portal\/2020\/03\/18\/cinco-projetos-sao-aprovados-pela-camara\/\",\"name\":\"Cinco projetos s\u00e3o aprovados pela C\u00e2mara - VerdadeOn\",\"isPartOf\":{\"@id\":\"https:\/\/verdadeon.com.br\/portal\/#website\"},\"primaryImageOfPage\":{\"@id\":\"https:\/\/verdadeon.com.br\/portal\/2020\/03\/18\/cinco-projetos-sao-aprovados-pela-camara\/#primaryimage\"},\"image\":{\"@id\":\"https:\/\/verdadeon.com.br\/portal\/2020\/03\/18\/cinco-projetos-sao-aprovados-pela-camara\/#primaryimage\"},\"thumbnailUrl\":\"https:\/\/i0.wp.com\/verdadeon.com.br\/portal\/wp-content\/uploads\/2020\/03\/abre-da-3-2.jpg?fit=1000%2C563&ssl=1\",\"datePublished\":\"2020-03-18T10:00:12+00:00\",\"dateModified\":\"2020-03-18T12:34:47+00:00\",\"author\":{\"@id\":\"https:\/\/verdadeon.com.br\/portal\/#\/schema\/person\/a5060ad1e9ea3df545188fc93ce43d2f\"},\"breadcrumb\":{\"@id\":\"https:\/\/verdadeon.com.br\/portal\/2020\/03\/18\/cinco-projetos-sao-aprovados-pela-camara\/#breadcrumb\"},\"inLanguage\":\"pt-BR\",\"potentialAction\":[{\"@type\":\"ReadAction\",\"target\":[\"https:\/\/verdadeon.com.br\/portal\/2020\/03\/18\/cinco-projetos-sao-aprovados-pela-camara\/\"]}]},{\"@type\":\"ImageObject\",\"inLanguage\":\"pt-BR\",\"@id\":\"https:\/\/verdadeon.com.br\/portal\/2020\/03\/18\/cinco-projetos-sao-aprovados-pela-camara\/#primaryimage\",\"url\":\"https:\/\/i0.wp.com\/verdadeon.com.br\/portal\/wp-content\/uploads\/2020\/03\/abre-da-3-2.jpg?fit=1000%2C563&ssl=1\",\"contentUrl\":\"https:\/\/i0.wp.com\/verdadeon.com.br\/portal\/wp-content\/uploads\/2020\/03\/abre-da-3-2.jpg?fit=1000%2C563&ssl=1\",\"width\":1000,\"height\":563,\"caption\":\"Reuni\u00e3o est\u00e1 prevista para acontecer um dia antes da sess\u00e3o extraordin\u00e1ria em que os projetos ser\u00e3o votados\"},{\"@type\":\"BreadcrumbList\",\"@id\":\"https:\/\/verdadeon.com.br\/portal\/2020\/03\/18\/cinco-projetos-sao-aprovados-pela-camara\/#breadcrumb\",\"itemListElement\":[{\"@type\":\"ListItem\",\"position\":1,\"name\":\"In\u00edcio\",\"item\":\"https:\/\/verdadeon.com.br\/portal\/\"},{\"@type\":\"ListItem\",\"position\":2,\"name\":\"Cinco projetos s\u00e3o aprovados pela C\u00e2mara\"}]},{\"@type\":\"WebSite\",\"@id\":\"https:\/\/verdadeon.com.br\/portal\/#website\",\"url\":\"https:\/\/verdadeon.com.br\/portal\/\",\"name\":\"VerdadeOn\",\"description\":\"Not\u00edcias di\u00e1rias sobre Franca, Regi\u00e3o, Esporte, Cultura, Cotidiano, Colunas. Cobertura nos principais eventos da cidade \u00e9 aqui - Verdadeon Franca\",\"potentialAction\":[{\"@type\":\"SearchAction\",\"target\":{\"@type\":\"EntryPoint\",\"urlTemplate\":\"https:\/\/verdadeon.com.br\/portal\/?s={search_term_string}\"},\"query-input\":{\"@type\":\"PropertyValueSpecification\",\"valueRequired\":true,\"valueName\":\"search_term_string\"}}],\"inLanguage\":\"pt-BR\"},{\"@type\":\"Person\",\"@id\":\"https:\/\/verdadeon.com.br\/portal\/#\/schema\/person\/a5060ad1e9ea3df545188fc93ce43d2f\",\"name\":\"Redacao VerdadeOn\",\"image\":{\"@type\":\"ImageObject\",\"inLanguage\":\"pt-BR\",\"@id\":\"https:\/\/verdadeon.com.br\/portal\/#\/schema\/person\/image\/\",\"url\":\"https:\/\/secure.gravatar.com\/avatar\/459a9613caaaf07f582c3d0841eea68bdd66f533e465e6ba8b9cb45619572cf4?s=96&d=mm&r=g\",\"contentUrl\":\"https:\/\/secure.gravatar.com\/avatar\/459a9613caaaf07f582c3d0841eea68bdd66f533e465e6ba8b9cb45619572cf4?s=96&d=mm&r=g\",\"caption\":\"Redacao VerdadeOn\"},\"url\":\"https:\/\/verdadeon.com.br\/portal\/author\/redacao\/\"}]}<\/script>\n<!-- \/ Yoast SEO plugin. -->","yoast_head_json":{"title":"Cinco projetos s\u00e3o aprovados pela C\u00e2mara - VerdadeOn","robots":{"index":"index","follow":"follow","max-snippet":"max-snippet:-1","max-image-preview":"max-image-preview:large","max-video-preview":"max-video-preview:-1"},"canonical":"https:\/\/verdadeon.com.br\/portal\/2020\/03\/18\/cinco-projetos-sao-aprovados-pela-camara\/","og_locale":"pt_BR","og_type":"article","og_title":"Cinco projetos s\u00e3o aprovados pela C\u00e2mara - VerdadeOn","og_description":"Destes, quatro s\u00e3o de autoria do prefeito e um do presidente da Casa de Leis &nbsp; Reportagem Fernando de Paula Em uma sess\u00e3o sem a presen\u00e7a [\u2026]","og_url":"https:\/\/verdadeon.com.br\/portal\/2020\/03\/18\/cinco-projetos-sao-aprovados-pela-camara\/","og_site_name":"VerdadeOn","article_published_time":"2020-03-18T10:00:12+00:00","article_modified_time":"2020-03-18T12:34:47+00:00","og_image":[{"width":1000,"height":563,"url":"https:\/\/verdadeon.com.br\/portal\/wp-content\/uploads\/2020\/03\/abre-da-3-2.jpg","type":"image\/jpeg"}],"author":"Redacao VerdadeOn","twitter_card":"summary_large_image","twitter_misc":{"Escrito por":"Redacao VerdadeOn","Est. tempo de leitura":"2 minutos"},"schema":{"@context":"https:\/\/schema.org","@graph":[{"@type":"WebPage","@id":"https:\/\/verdadeon.com.br\/portal\/2020\/03\/18\/cinco-projetos-sao-aprovados-pela-camara\/","url":"https:\/\/verdadeon.com.br\/portal\/2020\/03\/18\/cinco-projetos-sao-aprovados-pela-camara\/","name":"Cinco projetos s\u00e3o aprovados pela C\u00e2mara - VerdadeOn","isPartOf":{"@id":"https:\/\/verdadeon.com.br\/portal\/#website"},"primaryImageOfPage":{"@id":"https:\/\/verdadeon.com.br\/portal\/2020\/03\/18\/cinco-projetos-sao-aprovados-pela-camara\/#primaryimage"},"image":{"@id":"https:\/\/verdadeon.com.br\/portal\/2020\/03\/18\/cinco-projetos-sao-aprovados-pela-camara\/#primaryimage"},"thumbnailUrl":"https:\/\/i0.wp.com\/verdadeon.com.br\/portal\/wp-content\/uploads\/2020\/03\/abre-da-3-2.jpg?fit=1000%2C563&ssl=1","datePublished":"2020-03-18T10:00:12+00:00","dateModified":"2020-03-18T12:34:47+00:00","author":{"@id":"https:\/\/verdadeon.com.br\/portal\/#\/schema\/person\/a5060ad1e9ea3df545188fc93ce43d2f"},"breadcrumb":{"@id":"https:\/\/verdadeon.com.br\/portal\/2020\/03\/18\/cinco-projetos-sao-aprovados-pela-camara\/#breadcrumb"},"inLanguage":"pt-BR","potentialAction":[{"@type":"ReadAction","target":["https:\/\/verdadeon.com.br\/portal\/2020\/03\/18\/cinco-projetos-sao-aprovados-pela-camara\/"]}]},{"@type":"ImageObject","inLanguage":"pt-BR","@id":"https:\/\/verdadeon.com.br\/portal\/2020\/03\/18\/cinco-projetos-sao-aprovados-pela-camara\/#primaryimage","url":"https:\/\/i0.wp.com\/verdadeon.com.br\/portal\/wp-content\/uploads\/2020\/03\/abre-da-3-2.jpg?fit=1000%2C563&ssl=1","contentUrl":"https:\/\/i0.wp.com\/verdadeon.com.br\/portal\/wp-content\/uploads\/2020\/03\/abre-da-3-2.jpg?fit=1000%2C563&ssl=1","width":1000,"height":563,"caption":"Reuni\u00e3o est\u00e1 prevista para acontecer um dia antes da sess\u00e3o extraordin\u00e1ria em que os projetos ser\u00e3o votados"},{"@type":"BreadcrumbList","@id":"https:\/\/verdadeon.com.br\/portal\/2020\/03\/18\/cinco-projetos-sao-aprovados-pela-camara\/#breadcrumb","itemListElement":[{"@type":"ListItem","position":1,"name":"In\u00edcio","item":"https:\/\/verdadeon.com.br\/portal\/"},{"@type":"ListItem","position":2,"name":"Cinco projetos s\u00e3o aprovados pela C\u00e2mara"}]},{"@type":"WebSite","@id":"https:\/\/verdadeon.com.br\/portal\/#website","url":"https:\/\/verdadeon.com.br\/portal\/","name":"VerdadeOn","description":"Not\u00edcias di\u00e1rias sobre Franca, Regi\u00e3o, Esporte, Cultura, Cotidiano, Colunas. Cobertura nos principais eventos da cidade \u00e9 aqui - Verdadeon Franca","potentialAction":[{"@type":"SearchAction","target":{"@type":"EntryPoint","urlTemplate":"https:\/\/verdadeon.com.br\/portal\/?s={search_term_string}"},"query-input":{"@type":"PropertyValueSpecification","valueRequired":true,"valueName":"search_term_string"}}],"inLanguage":"pt-BR"},{"@type":"Person","@id":"https:\/\/verdadeon.com.br\/portal\/#\/schema\/person\/a5060ad1e9ea3df545188fc93ce43d2f","name":"Redacao VerdadeOn","image":{"@type":"ImageObject","inLanguage":"pt-BR","@id":"https:\/\/verdadeon.com.br\/portal\/#\/schema\/person\/image\/","url":"https:\/\/secure.gravatar.com\/avatar\/459a9613caaaf07f582c3d0841eea68bdd66f533e465e6ba8b9cb45619572cf4?s=96&d=mm&r=g","contentUrl":"https:\/\/secure.gravatar.com\/avatar\/459a9613caaaf07f582c3d0841eea68bdd66f533e465e6ba8b9cb45619572cf4?s=96&d=mm&r=g","caption":"Redacao VerdadeOn"},"url":"https:\/\/verdadeon.com.br\/portal\/author\/redacao\/"}]}},"jetpack_publicize_connections":[],"jetpack_featured_media_url":"https:\/\/i0.wp.com\/verdadeon.com.br\/portal\/wp-content\/uploads\/2020\/03\/abre-da-3-2.jpg?fit=1000%2C563&ssl=1","jetpack_sharing_enabled":true,"_links":{"self":[{"href":"https:\/\/verdadeon.com.br\/portal\/wp-json\/wp\/v2\/posts\/5164","targetHints":{"allow":["GET"]}}],"collection":[{"href":"https:\/\/verdadeon.com.br\/portal\/wp-json\/wp\/v2\/posts"}],"about":[{"href":"https:\/\/verdadeon.com.br\/portal\/wp-json\/wp\/v2\/types\/post"}],"author":[{"embeddable":true,"href":"https:\/\/verdadeon.com.br\/portal\/wp-json\/wp\/v2\/users\/10"}],"replies":[{"embeddable":true,"href":"https:\/\/verdadeon.com.br\/portal\/wp-json\/wp\/v2\/comments?post=5164"}],"version-history":[{"count":0,"href":"https:\/\/verdadeon.com.br\/portal\/wp-json\/wp\/v2\/posts\/5164\/revisions"}],"wp:featuredmedia":[{"embeddable":true,"href":"https:\/\/verdadeon.com.br\/portal\/wp-json\/wp\/v2\/media\/5171"}],"wp:attachment":[{"href":"https:\/\/verdadeon.com.br\/portal\/wp-json\/wp\/v2\/media?parent=5164"}],"wp:term":[{"taxonomy":"category","embeddable":true,"href":"https:\/\/verdadeon.com.br\/portal\/wp-json\/wp\/v2\/categories?post=5164"},{"taxonomy":"post_tag","embeddable":true,"href":"https:\/\/verdadeon.com.br\/portal\/wp-json\/wp\/v2\/tags?post=5164"}],"curies":[{"name":"wp","href":"https:\/\/api.w.org\/{rel}","templated":true}]}}