{"id":51568,"date":"2024-11-18T08:00:57","date_gmt":"2024-11-18T11:00:57","guid":{"rendered":"https:\/\/verdadeon.com.br\/portal\/?p=51568"},"modified":"2024-11-18T15:13:25","modified_gmt":"2024-11-18T18:13:25","slug":"milhares-visitam-a-imagem-peregrina-de-n-s-aparecida-no-santuario-diocesano","status":"publish","type":"post","link":"https:\/\/verdadeon.com.br\/portal\/2024\/11\/18\/milhares-visitam-a-imagem-peregrina-de-n-s-aparecida-no-santuario-diocesano\/","title":{"rendered":"Milhares visitam a imagem peregrina de N. S. Aparecida no Santu\u00e1rio Diocesano"},"content":{"rendered":"<p>A f\u00e9 e devo\u00e7\u00e3o pela padroeira do Brasil, Nossa Senhora Aparecida, tem levado milhares de francanos e moradores da regi\u00e3o a visitar a imagem peregrina, que chegou a Franca na \u00faltima semana e depois de ser exposta na S\u00e9 Catedral em missas e celebra\u00e7\u00f5es, agora est\u00e1 no principal altar do Santu\u00e1rio Diocesano de Santo Ant\u00f4nio, seguindo o cronograma de oferendas, celebra\u00e7\u00f5es e preces de centenas de pessoas desde o s\u00e1bado.<\/p>\n<p>Nesta ter\u00e7a-feira haver\u00e1 Missa Festiva \u00e0s 7 horas e, \u00e0s 15 horas, o encerramento da visita com o Ter\u00e7o das Mulheres, dirigido pelo reitor do Santu\u00e1rio, monsenhor Jos\u00e9 Geraldo Segantin e coadjutores.<\/p>\n<p>A padroeira dos brasileiros \u00e9 trazida \u00e0 cidade pela f\u00e9 dos devotos e de acordo com o Mons. Segantin \u201c<i>O Santu\u00e1rio \u00e9 a Casa da M\u00e3e<\/i>\u201d nesse p\u00e9riplo de ora\u00e7\u00f5es, pedidos de milhares de devotos e a esperan\u00e7a de milagres.<\/p>\n<p>O apelo \u00e9 para que na visita ao templo, durante alguns minutos sejam dedicados ao lado da Sant\u00edssima Nossa Senhora Aparecida em ora\u00e7\u00f5es e votos de f\u00e9, renovando a esperan\u00e7a e fraternidade a todos que ali estar\u00e3o em visita. (<i>PFDG<\/i>)<\/p>\n","protected":false},"excerpt":{"rendered":"<p>A f\u00e9 e devo\u00e7\u00e3o pela padroeira do Brasil, Nossa Senhora Aparecida, tem levado milhares de francanos e moradores da regi\u00e3o a visitar a imagem peregrina, que<span class=\"excerpt-hellip\"> [\u2026]<\/span><\/p>\n","protected":false},"author":10,"featured_media":51569,"comment_status":"open","ping_status":"open","sticky":false,"template":"","format":"standard","meta":{"_jetpack_memberships_contains_paid_content":false,"footnotes":"","jetpack_publicize_message":"","jetpack_publicize_feature_enabled":true,"jetpack_social_post_already_shared":true,"jetpack_social_options":{"image_generator_settings":{"template":"highway","default_image_id":0,"enabled":false},"version":2}},"categories":[28,81],"tags":[],"class_list":["post-51568","post","type-post","status-publish","format-standard","has-post-thumbnail","hentry","category-cotidiano","category-manchete"],"yoast_head":"<!-- This site is optimized with the Yoast SEO plugin v25.6 - https:\/\/yoast.com\/wordpress\/plugins\/seo\/ -->\n<title>Milhares visitam a imagem peregrina de N. S. Aparecida no Santu\u00e1rio Diocesano - VerdadeOn<\/title>\n<meta name=\"robots\" content=\"index, follow, max-snippet:-1, max-image-preview:large, max-video-preview:-1\" \/>\n<link rel=\"canonical\" href=\"https:\/\/verdadeon.com.br\/portal\/2024\/11\/18\/milhares-visitam-a-imagem-peregrina-de-n-s-aparecida-no-santuario-diocesano\/\" \/>\n<meta property=\"og:locale\" content=\"pt_BR\" \/>\n<meta property=\"og:type\" content=\"article\" \/>\n<meta property=\"og:title\" content=\"Milhares visitam a imagem peregrina de N. S. Aparecida no Santu\u00e1rio Diocesano - VerdadeOn\" \/>\n<meta property=\"og:description\" content=\"A f\u00e9 e devo\u00e7\u00e3o pela padroeira do Brasil, Nossa Senhora Aparecida, tem levado milhares de francanos e moradores da regi\u00e3o a visitar a imagem peregrina, que [\u2026]\" \/>\n<meta property=\"og:url\" content=\"https:\/\/verdadeon.com.br\/portal\/2024\/11\/18\/milhares-visitam-a-imagem-peregrina-de-n-s-aparecida-no-santuario-diocesano\/\" \/>\n<meta property=\"og:site_name\" content=\"VerdadeOn\" \/>\n<meta property=\"article:published_time\" content=\"2024-11-18T11:00:57+00:00\" \/>\n<meta property=\"article:modified_time\" content=\"2024-11-18T18:13:25+00:00\" \/>\n<meta property=\"og:image\" content=\"https:\/\/verdadeon.com.br\/portal\/wp-content\/uploads\/2024\/11\/image-100.jpg\" \/>\n\t<meta property=\"og:image:width\" content=\"710\" \/>\n\t<meta property=\"og:image:height\" content=\"476\" \/>\n\t<meta property=\"og:image:type\" content=\"image\/jpeg\" \/>\n<meta name=\"author\" content=\"Redacao VerdadeOn\" \/>\n<meta name=\"twitter:card\" content=\"summary_large_image\" \/>\n<meta name=\"twitter:label1\" content=\"Escrito por\" \/>\n\t<meta name=\"twitter:data1\" content=\"Redacao VerdadeOn\" \/>\n\t<meta name=\"twitter:label2\" content=\"Est. tempo de leitura\" \/>\n\t<meta name=\"twitter:data2\" content=\"1 minuto\" \/>\n<script type=\"application\/ld+json\" class=\"yoast-schema-graph\">{\"@context\":\"https:\/\/schema.org\",\"@graph\":[{\"@type\":\"WebPage\",\"@id\":\"https:\/\/verdadeon.com.br\/portal\/2024\/11\/18\/milhares-visitam-a-imagem-peregrina-de-n-s-aparecida-no-santuario-diocesano\/\",\"url\":\"https:\/\/verdadeon.com.br\/portal\/2024\/11\/18\/milhares-visitam-a-imagem-peregrina-de-n-s-aparecida-no-santuario-diocesano\/\",\"name\":\"Milhares visitam a imagem peregrina de N. S. Aparecida no Santu\u00e1rio Diocesano - VerdadeOn\",\"isPartOf\":{\"@id\":\"https:\/\/verdadeon.com.br\/portal\/#website\"},\"primaryImageOfPage\":{\"@id\":\"https:\/\/verdadeon.com.br\/portal\/2024\/11\/18\/milhares-visitam-a-imagem-peregrina-de-n-s-aparecida-no-santuario-diocesano\/#primaryimage\"},\"image\":{\"@id\":\"https:\/\/verdadeon.com.br\/portal\/2024\/11\/18\/milhares-visitam-a-imagem-peregrina-de-n-s-aparecida-no-santuario-diocesano\/#primaryimage\"},\"thumbnailUrl\":\"https:\/\/i0.wp.com\/verdadeon.com.br\/portal\/wp-content\/uploads\/2024\/11\/image-100.jpg?fit=710%2C476&ssl=1\",\"datePublished\":\"2024-11-18T11:00:57+00:00\",\"dateModified\":\"2024-11-18T18:13:25+00:00\",\"author\":{\"@id\":\"https:\/\/verdadeon.com.br\/portal\/#\/schema\/person\/a5060ad1e9ea3df545188fc93ce43d2f\"},\"breadcrumb\":{\"@id\":\"https:\/\/verdadeon.com.br\/portal\/2024\/11\/18\/milhares-visitam-a-imagem-peregrina-de-n-s-aparecida-no-santuario-diocesano\/#breadcrumb\"},\"inLanguage\":\"pt-BR\",\"potentialAction\":[{\"@type\":\"ReadAction\",\"target\":[\"https:\/\/verdadeon.com.br\/portal\/2024\/11\/18\/milhares-visitam-a-imagem-peregrina-de-n-s-aparecida-no-santuario-diocesano\/\"]}]},{\"@type\":\"ImageObject\",\"inLanguage\":\"pt-BR\",\"@id\":\"https:\/\/verdadeon.com.br\/portal\/2024\/11\/18\/milhares-visitam-a-imagem-peregrina-de-n-s-aparecida-no-santuario-diocesano\/#primaryimage\",\"url\":\"https:\/\/i0.wp.com\/verdadeon.com.br\/portal\/wp-content\/uploads\/2024\/11\/image-100.jpg?fit=710%2C476&ssl=1\",\"contentUrl\":\"https:\/\/i0.wp.com\/verdadeon.com.br\/portal\/wp-content\/uploads\/2024\/11\/image-100.jpg?fit=710%2C476&ssl=1\",\"width\":710,\"height\":476,\"caption\":\"Missa Festiva acontece nesta ter\u00e7a-feira, \u00e0s 7h, e \u00e0s 15h, o encerramento com Ter\u00e7o das Mulheres (\u00a9Divulga\u00e7\u00e3o)\"},{\"@type\":\"BreadcrumbList\",\"@id\":\"https:\/\/verdadeon.com.br\/portal\/2024\/11\/18\/milhares-visitam-a-imagem-peregrina-de-n-s-aparecida-no-santuario-diocesano\/#breadcrumb\",\"itemListElement\":[{\"@type\":\"ListItem\",\"position\":1,\"name\":\"In\u00edcio\",\"item\":\"https:\/\/verdadeon.com.br\/portal\/\"},{\"@type\":\"ListItem\",\"position\":2,\"name\":\"Milhares visitam a imagem peregrina de N. S. Aparecida no Santu\u00e1rio Diocesano\"}]},{\"@type\":\"WebSite\",\"@id\":\"https:\/\/verdadeon.com.br\/portal\/#website\",\"url\":\"https:\/\/verdadeon.com.br\/portal\/\",\"name\":\"VerdadeOn\",\"description\":\"Not\u00edcias di\u00e1rias sobre Franca, Regi\u00e3o, Esporte, Cultura, Cotidiano, Colunas. Cobertura nos principais eventos da cidade \u00e9 aqui - Verdadeon Franca\",\"potentialAction\":[{\"@type\":\"SearchAction\",\"target\":{\"@type\":\"EntryPoint\",\"urlTemplate\":\"https:\/\/verdadeon.com.br\/portal\/?s={search_term_string}\"},\"query-input\":{\"@type\":\"PropertyValueSpecification\",\"valueRequired\":true,\"valueName\":\"search_term_string\"}}],\"inLanguage\":\"pt-BR\"},{\"@type\":\"Person\",\"@id\":\"https:\/\/verdadeon.com.br\/portal\/#\/schema\/person\/a5060ad1e9ea3df545188fc93ce43d2f\",\"name\":\"Redacao VerdadeOn\",\"image\":{\"@type\":\"ImageObject\",\"inLanguage\":\"pt-BR\",\"@id\":\"https:\/\/verdadeon.com.br\/portal\/#\/schema\/person\/image\/\",\"url\":\"https:\/\/secure.gravatar.com\/avatar\/459a9613caaaf07f582c3d0841eea68bdd66f533e465e6ba8b9cb45619572cf4?s=96&d=mm&r=g\",\"contentUrl\":\"https:\/\/secure.gravatar.com\/avatar\/459a9613caaaf07f582c3d0841eea68bdd66f533e465e6ba8b9cb45619572cf4?s=96&d=mm&r=g\",\"caption\":\"Redacao VerdadeOn\"},\"url\":\"https:\/\/verdadeon.com.br\/portal\/author\/redacao\/\"}]}<\/script>\n<!-- \/ Yoast SEO plugin. -->","yoast_head_json":{"title":"Milhares visitam a imagem peregrina de N. S. Aparecida no Santu\u00e1rio Diocesano - VerdadeOn","robots":{"index":"index","follow":"follow","max-snippet":"max-snippet:-1","max-image-preview":"max-image-preview:large","max-video-preview":"max-video-preview:-1"},"canonical":"https:\/\/verdadeon.com.br\/portal\/2024\/11\/18\/milhares-visitam-a-imagem-peregrina-de-n-s-aparecida-no-santuario-diocesano\/","og_locale":"pt_BR","og_type":"article","og_title":"Milhares visitam a imagem peregrina de N. S. Aparecida no Santu\u00e1rio Diocesano - VerdadeOn","og_description":"A f\u00e9 e devo\u00e7\u00e3o pela padroeira do Brasil, Nossa Senhora Aparecida, tem levado milhares de francanos e moradores da regi\u00e3o a visitar a imagem peregrina, que [\u2026]","og_url":"https:\/\/verdadeon.com.br\/portal\/2024\/11\/18\/milhares-visitam-a-imagem-peregrina-de-n-s-aparecida-no-santuario-diocesano\/","og_site_name":"VerdadeOn","article_published_time":"2024-11-18T11:00:57+00:00","article_modified_time":"2024-11-18T18:13:25+00:00","og_image":[{"width":710,"height":476,"url":"https:\/\/verdadeon.com.br\/portal\/wp-content\/uploads\/2024\/11\/image-100.jpg","type":"image\/jpeg"}],"author":"Redacao VerdadeOn","twitter_card":"summary_large_image","twitter_misc":{"Escrito por":"Redacao VerdadeOn","Est. tempo de leitura":"1 minuto"},"schema":{"@context":"https:\/\/schema.org","@graph":[{"@type":"WebPage","@id":"https:\/\/verdadeon.com.br\/portal\/2024\/11\/18\/milhares-visitam-a-imagem-peregrina-de-n-s-aparecida-no-santuario-diocesano\/","url":"https:\/\/verdadeon.com.br\/portal\/2024\/11\/18\/milhares-visitam-a-imagem-peregrina-de-n-s-aparecida-no-santuario-diocesano\/","name":"Milhares visitam a imagem peregrina de N. S. Aparecida no Santu\u00e1rio Diocesano - VerdadeOn","isPartOf":{"@id":"https:\/\/verdadeon.com.br\/portal\/#website"},"primaryImageOfPage":{"@id":"https:\/\/verdadeon.com.br\/portal\/2024\/11\/18\/milhares-visitam-a-imagem-peregrina-de-n-s-aparecida-no-santuario-diocesano\/#primaryimage"},"image":{"@id":"https:\/\/verdadeon.com.br\/portal\/2024\/11\/18\/milhares-visitam-a-imagem-peregrina-de-n-s-aparecida-no-santuario-diocesano\/#primaryimage"},"thumbnailUrl":"https:\/\/i0.wp.com\/verdadeon.com.br\/portal\/wp-content\/uploads\/2024\/11\/image-100.jpg?fit=710%2C476&ssl=1","datePublished":"2024-11-18T11:00:57+00:00","dateModified":"2024-11-18T18:13:25+00:00","author":{"@id":"https:\/\/verdadeon.com.br\/portal\/#\/schema\/person\/a5060ad1e9ea3df545188fc93ce43d2f"},"breadcrumb":{"@id":"https:\/\/verdadeon.com.br\/portal\/2024\/11\/18\/milhares-visitam-a-imagem-peregrina-de-n-s-aparecida-no-santuario-diocesano\/#breadcrumb"},"inLanguage":"pt-BR","potentialAction":[{"@type":"ReadAction","target":["https:\/\/verdadeon.com.br\/portal\/2024\/11\/18\/milhares-visitam-a-imagem-peregrina-de-n-s-aparecida-no-santuario-diocesano\/"]}]},{"@type":"ImageObject","inLanguage":"pt-BR","@id":"https:\/\/verdadeon.com.br\/portal\/2024\/11\/18\/milhares-visitam-a-imagem-peregrina-de-n-s-aparecida-no-santuario-diocesano\/#primaryimage","url":"https:\/\/i0.wp.com\/verdadeon.com.br\/portal\/wp-content\/uploads\/2024\/11\/image-100.jpg?fit=710%2C476&ssl=1","contentUrl":"https:\/\/i0.wp.com\/verdadeon.com.br\/portal\/wp-content\/uploads\/2024\/11\/image-100.jpg?fit=710%2C476&ssl=1","width":710,"height":476,"caption":"Missa Festiva acontece nesta ter\u00e7a-feira, \u00e0s 7h, e \u00e0s 15h, o encerramento com Ter\u00e7o das Mulheres (\u00a9Divulga\u00e7\u00e3o)"},{"@type":"BreadcrumbList","@id":"https:\/\/verdadeon.com.br\/portal\/2024\/11\/18\/milhares-visitam-a-imagem-peregrina-de-n-s-aparecida-no-santuario-diocesano\/#breadcrumb","itemListElement":[{"@type":"ListItem","position":1,"name":"In\u00edcio","item":"https:\/\/verdadeon.com.br\/portal\/"},{"@type":"ListItem","position":2,"name":"Milhares visitam a imagem peregrina de N. S. Aparecida no Santu\u00e1rio Diocesano"}]},{"@type":"WebSite","@id":"https:\/\/verdadeon.com.br\/portal\/#website","url":"https:\/\/verdadeon.com.br\/portal\/","name":"VerdadeOn","description":"Not\u00edcias di\u00e1rias sobre Franca, Regi\u00e3o, Esporte, Cultura, Cotidiano, Colunas. Cobertura nos principais eventos da cidade \u00e9 aqui - Verdadeon Franca","potentialAction":[{"@type":"SearchAction","target":{"@type":"EntryPoint","urlTemplate":"https:\/\/verdadeon.com.br\/portal\/?s={search_term_string}"},"query-input":{"@type":"PropertyValueSpecification","valueRequired":true,"valueName":"search_term_string"}}],"inLanguage":"pt-BR"},{"@type":"Person","@id":"https:\/\/verdadeon.com.br\/portal\/#\/schema\/person\/a5060ad1e9ea3df545188fc93ce43d2f","name":"Redacao VerdadeOn","image":{"@type":"ImageObject","inLanguage":"pt-BR","@id":"https:\/\/verdadeon.com.br\/portal\/#\/schema\/person\/image\/","url":"https:\/\/secure.gravatar.com\/avatar\/459a9613caaaf07f582c3d0841eea68bdd66f533e465e6ba8b9cb45619572cf4?s=96&d=mm&r=g","contentUrl":"https:\/\/secure.gravatar.com\/avatar\/459a9613caaaf07f582c3d0841eea68bdd66f533e465e6ba8b9cb45619572cf4?s=96&d=mm&r=g","caption":"Redacao VerdadeOn"},"url":"https:\/\/verdadeon.com.br\/portal\/author\/redacao\/"}]}},"jetpack_publicize_connections":[],"jetpack_featured_media_url":"https:\/\/i0.wp.com\/verdadeon.com.br\/portal\/wp-content\/uploads\/2024\/11\/image-100.jpg?fit=710%2C476&ssl=1","jetpack_sharing_enabled":true,"_links":{"self":[{"href":"https:\/\/verdadeon.com.br\/portal\/wp-json\/wp\/v2\/posts\/51568","targetHints":{"allow":["GET"]}}],"collection":[{"href":"https:\/\/verdadeon.com.br\/portal\/wp-json\/wp\/v2\/posts"}],"about":[{"href":"https:\/\/verdadeon.com.br\/portal\/wp-json\/wp\/v2\/types\/post"}],"author":[{"embeddable":true,"href":"https:\/\/verdadeon.com.br\/portal\/wp-json\/wp\/v2\/users\/10"}],"replies":[{"embeddable":true,"href":"https:\/\/verdadeon.com.br\/portal\/wp-json\/wp\/v2\/comments?post=51568"}],"version-history":[{"count":1,"href":"https:\/\/verdadeon.com.br\/portal\/wp-json\/wp\/v2\/posts\/51568\/revisions"}],"predecessor-version":[{"id":51570,"href":"https:\/\/verdadeon.com.br\/portal\/wp-json\/wp\/v2\/posts\/51568\/revisions\/51570"}],"wp:featuredmedia":[{"embeddable":true,"href":"https:\/\/verdadeon.com.br\/portal\/wp-json\/wp\/v2\/media\/51569"}],"wp:attachment":[{"href":"https:\/\/verdadeon.com.br\/portal\/wp-json\/wp\/v2\/media?parent=51568"}],"wp:term":[{"taxonomy":"category","embeddable":true,"href":"https:\/\/verdadeon.com.br\/portal\/wp-json\/wp\/v2\/categories?post=51568"},{"taxonomy":"post_tag","embeddable":true,"href":"https:\/\/verdadeon.com.br\/portal\/wp-json\/wp\/v2\/tags?post=51568"}],"curies":[{"name":"wp","href":"https:\/\/api.w.org\/{rel}","templated":true}]}}