{"id":51561,"date":"2024-11-18T13:54:12","date_gmt":"2024-11-18T16:54:12","guid":{"rendered":"https:\/\/verdadeon.com.br\/portal\/?p=51561"},"modified":"2024-11-18T13:54:12","modified_gmt":"2024-11-18T16:54:12","slug":"homem-e-preso-no-jardim-aeroporto-por-ameaca-e-disparos-de-arma-de-fogo","status":"publish","type":"post","link":"https:\/\/verdadeon.com.br\/portal\/2024\/11\/18\/homem-e-preso-no-jardim-aeroporto-por-ameaca-e-disparos-de-arma-de-fogo\/","title":{"rendered":"Homem \u00e9 preso no Jardim Aeroporto por amea\u00e7a e disparos de arma de fogo"},"content":{"rendered":"<h2>Ocorr\u00eancia se deu por volta da meia-noite, entre domingo e segunda<\/h2>\n<p style=\"text-align: right;\"><strong><em>Por Pedro Maia,<\/em><\/strong><br \/>\n<strong><em>Editor-chefe<\/em><\/strong><\/p>\n<p>Nesta segunda-feira, 18 de novembro, policiais militares prenderam, no Jardim Aeroporto I, em Franca, um homem de 35 anos, por amea\u00e7a e disparos de arma de fogo dentro de um estabelecimento comercial.<\/p>\n<p>Segundo informa\u00e7\u00f5es do Boletim de Ocorr\u00eancia, um casal, que estava em um carro verde, entrou em um bar da Avenida Euclides Vieira Coelho, que faz esquina com a Rua das Gar\u00e7as, por volta de meia-noite, entre domingo e segunda. A mulher pediu uma bebida, que n\u00e3o havia naquele ponto comercial. Ap\u00f3s a negativa, ela come\u00e7ou a fazer esc\u00e2ndalos. A v\u00edtima &#8211; o dono do bar &#8211; afirmou que n\u00e3o venderia nada a ela e solicitou que sa\u00edsse do local. O marido ficou bravo, discutiu com o propriet\u00e1rio e o agrediu. Em seguida, o agressor proferiu algumas amea\u00e7as ao profissional. Depois, entraram no ve\u00edculo e foram embora.<\/p>\n<p>Aproximadamente 10 minutos depois, o homem retornou ao bar, conversou brevemente com a v\u00edtima e efetuou dois disparos de arma de fogo. Um tiro acertou a mesa de bilhar; o outro, uma cadeira. Ele deixou o local em um GM\/Vectra. Novamente, o indiv\u00edduo voltou ao ponto de com\u00e9rcio e atirou outra vez, em um port\u00e3o ao lado.<\/p>\n<p>O propriet\u00e1rio pesquisou o nome da v\u00edtima no Facebook e encontrou o autor do crime. A equipe policial, com o Sargento Diego e o Cabo Pugina, deslocou-se at\u00e9 \u00e0 resid\u00eancia do identificado. Como o crime, praticamente, acabara de ser cometido, considerou-se ainda estado de flagrante. No im\u00f3vel, os agentes localizaram um rev\u00f3lver calibre 32 na garagem, dentro de um arm\u00e1rio, com tr\u00eas muni\u00e7\u00f5es deflagradas e uma picotada. O indiv\u00edduo estava deitado no sof\u00e1 da sala.<\/p>\n<p>O acusado informou aos policiais que estava muito b\u00eabado, mas confessou os disparos. Na sequ\u00eancia, ele foi conduzido \u00e0 UPA (Unidade de Pronto Atendimento) do Jardim Aeroporto, pois apresentava les\u00f5es na perna, cujo ferimento alegou ser derivado de uma queda de motocicleta.<\/p>\n<p>O local ficou preservado para trabalhos de praxe da per\u00edcia, que apura os fatos. O caso foi registrado na CPJ (Central de Pol\u00edcia Judici\u00e1ria).<\/p>\n","protected":false},"excerpt":{"rendered":"<p>Ocorr\u00eancia se deu por volta da meia-noite, entre domingo e segunda Por Pedro Maia, Editor-chefe Nesta segunda-feira, 18 de novembro, policiais militares prenderam, no Jardim Aeroporto<span class=\"excerpt-hellip\"> [\u2026]<\/span><\/p>\n","protected":false},"author":10,"featured_media":13379,"comment_status":"open","ping_status":"open","sticky":false,"template":"","format":"standard","meta":{"_jetpack_memberships_contains_paid_content":false,"footnotes":"","jetpack_publicize_message":"","jetpack_publicize_feature_enabled":true,"jetpack_social_post_already_shared":true,"jetpack_social_options":{"image_generator_settings":{"template":"highway","default_image_id":0,"enabled":false},"version":2}},"categories":[28,81],"tags":[],"class_list":["post-51561","post","type-post","status-publish","format-standard","has-post-thumbnail","hentry","category-cotidiano","category-manchete"],"yoast_head":"<!-- This site is optimized with the Yoast SEO plugin v25.6 - https:\/\/yoast.com\/wordpress\/plugins\/seo\/ -->\n<title>Homem \u00e9 preso no Jardim Aeroporto por amea\u00e7a e disparos de arma de fogo - VerdadeOn<\/title>\n<meta name=\"robots\" content=\"index, follow, max-snippet:-1, max-image-preview:large, max-video-preview:-1\" \/>\n<link rel=\"canonical\" href=\"https:\/\/verdadeon.com.br\/portal\/2024\/11\/18\/homem-e-preso-no-jardim-aeroporto-por-ameaca-e-disparos-de-arma-de-fogo\/\" \/>\n<meta property=\"og:locale\" content=\"pt_BR\" \/>\n<meta property=\"og:type\" content=\"article\" \/>\n<meta property=\"og:title\" content=\"Homem \u00e9 preso no Jardim Aeroporto por amea\u00e7a e disparos de arma de fogo - VerdadeOn\" \/>\n<meta property=\"og:description\" content=\"Ocorr\u00eancia se deu por volta da meia-noite, entre domingo e segunda Por Pedro Maia, Editor-chefe Nesta segunda-feira, 18 de novembro, policiais militares prenderam, no Jardim Aeroporto [\u2026]\" \/>\n<meta property=\"og:url\" content=\"https:\/\/verdadeon.com.br\/portal\/2024\/11\/18\/homem-e-preso-no-jardim-aeroporto-por-ameaca-e-disparos-de-arma-de-fogo\/\" \/>\n<meta property=\"og:site_name\" content=\"VerdadeOn\" \/>\n<meta property=\"article:published_time\" content=\"2024-11-18T16:54:12+00:00\" \/>\n<meta property=\"og:image\" content=\"https:\/\/verdadeon.com.br\/portal\/wp-content\/uploads\/2021\/01\/WhatsApp-Image-2021-01-15-at-15.10.06.jpeg\" \/>\n\t<meta property=\"og:image:width\" content=\"1000\" \/>\n\t<meta property=\"og:image:height\" content=\"670\" \/>\n\t<meta property=\"og:image:type\" content=\"image\/jpeg\" \/>\n<meta name=\"author\" content=\"Redacao VerdadeOn\" \/>\n<meta name=\"twitter:card\" content=\"summary_large_image\" \/>\n<meta name=\"twitter:label1\" content=\"Escrito por\" \/>\n\t<meta name=\"twitter:data1\" content=\"Redacao VerdadeOn\" \/>\n\t<meta name=\"twitter:label2\" content=\"Est. tempo de leitura\" \/>\n\t<meta name=\"twitter:data2\" content=\"2 minutos\" \/>\n<script type=\"application\/ld+json\" class=\"yoast-schema-graph\">{\"@context\":\"https:\/\/schema.org\",\"@graph\":[{\"@type\":\"WebPage\",\"@id\":\"https:\/\/verdadeon.com.br\/portal\/2024\/11\/18\/homem-e-preso-no-jardim-aeroporto-por-ameaca-e-disparos-de-arma-de-fogo\/\",\"url\":\"https:\/\/verdadeon.com.br\/portal\/2024\/11\/18\/homem-e-preso-no-jardim-aeroporto-por-ameaca-e-disparos-de-arma-de-fogo\/\",\"name\":\"Homem \u00e9 preso no Jardim Aeroporto por amea\u00e7a e disparos de arma de fogo - VerdadeOn\",\"isPartOf\":{\"@id\":\"https:\/\/verdadeon.com.br\/portal\/#website\"},\"primaryImageOfPage\":{\"@id\":\"https:\/\/verdadeon.com.br\/portal\/2024\/11\/18\/homem-e-preso-no-jardim-aeroporto-por-ameaca-e-disparos-de-arma-de-fogo\/#primaryimage\"},\"image\":{\"@id\":\"https:\/\/verdadeon.com.br\/portal\/2024\/11\/18\/homem-e-preso-no-jardim-aeroporto-por-ameaca-e-disparos-de-arma-de-fogo\/#primaryimage\"},\"thumbnailUrl\":\"https:\/\/i0.wp.com\/verdadeon.com.br\/portal\/wp-content\/uploads\/2021\/01\/WhatsApp-Image-2021-01-15-at-15.10.06.jpeg?fit=1000%2C670&ssl=1\",\"datePublished\":\"2024-11-18T16:54:12+00:00\",\"author\":{\"@id\":\"https:\/\/verdadeon.com.br\/portal\/#\/schema\/person\/a5060ad1e9ea3df545188fc93ce43d2f\"},\"breadcrumb\":{\"@id\":\"https:\/\/verdadeon.com.br\/portal\/2024\/11\/18\/homem-e-preso-no-jardim-aeroporto-por-ameaca-e-disparos-de-arma-de-fogo\/#breadcrumb\"},\"inLanguage\":\"pt-BR\",\"potentialAction\":[{\"@type\":\"ReadAction\",\"target\":[\"https:\/\/verdadeon.com.br\/portal\/2024\/11\/18\/homem-e-preso-no-jardim-aeroporto-por-ameaca-e-disparos-de-arma-de-fogo\/\"]}]},{\"@type\":\"ImageObject\",\"inLanguage\":\"pt-BR\",\"@id\":\"https:\/\/verdadeon.com.br\/portal\/2024\/11\/18\/homem-e-preso-no-jardim-aeroporto-por-ameaca-e-disparos-de-arma-de-fogo\/#primaryimage\",\"url\":\"https:\/\/i0.wp.com\/verdadeon.com.br\/portal\/wp-content\/uploads\/2021\/01\/WhatsApp-Image-2021-01-15-at-15.10.06.jpeg?fit=1000%2C670&ssl=1\",\"contentUrl\":\"https:\/\/i0.wp.com\/verdadeon.com.br\/portal\/wp-content\/uploads\/2021\/01\/WhatsApp-Image-2021-01-15-at-15.10.06.jpeg?fit=1000%2C670&ssl=1\",\"width\":1000,\"height\":670,\"caption\":\"Central de Pol\u00edcia Judici\u00e1ria (CPJ) de Franca (\u00a9Jornal Verdade)\"},{\"@type\":\"BreadcrumbList\",\"@id\":\"https:\/\/verdadeon.com.br\/portal\/2024\/11\/18\/homem-e-preso-no-jardim-aeroporto-por-ameaca-e-disparos-de-arma-de-fogo\/#breadcrumb\",\"itemListElement\":[{\"@type\":\"ListItem\",\"position\":1,\"name\":\"In\u00edcio\",\"item\":\"https:\/\/verdadeon.com.br\/portal\/\"},{\"@type\":\"ListItem\",\"position\":2,\"name\":\"Homem \u00e9 preso no Jardim Aeroporto por amea\u00e7a e disparos de arma de fogo\"}]},{\"@type\":\"WebSite\",\"@id\":\"https:\/\/verdadeon.com.br\/portal\/#website\",\"url\":\"https:\/\/verdadeon.com.br\/portal\/\",\"name\":\"VerdadeOn\",\"description\":\"Not\u00edcias di\u00e1rias sobre Franca, Regi\u00e3o, Esporte, Cultura, Cotidiano, Colunas. Cobertura nos principais eventos da cidade \u00e9 aqui - Verdadeon Franca\",\"potentialAction\":[{\"@type\":\"SearchAction\",\"target\":{\"@type\":\"EntryPoint\",\"urlTemplate\":\"https:\/\/verdadeon.com.br\/portal\/?s={search_term_string}\"},\"query-input\":{\"@type\":\"PropertyValueSpecification\",\"valueRequired\":true,\"valueName\":\"search_term_string\"}}],\"inLanguage\":\"pt-BR\"},{\"@type\":\"Person\",\"@id\":\"https:\/\/verdadeon.com.br\/portal\/#\/schema\/person\/a5060ad1e9ea3df545188fc93ce43d2f\",\"name\":\"Redacao VerdadeOn\",\"image\":{\"@type\":\"ImageObject\",\"inLanguage\":\"pt-BR\",\"@id\":\"https:\/\/verdadeon.com.br\/portal\/#\/schema\/person\/image\/\",\"url\":\"https:\/\/secure.gravatar.com\/avatar\/459a9613caaaf07f582c3d0841eea68bdd66f533e465e6ba8b9cb45619572cf4?s=96&d=mm&r=g\",\"contentUrl\":\"https:\/\/secure.gravatar.com\/avatar\/459a9613caaaf07f582c3d0841eea68bdd66f533e465e6ba8b9cb45619572cf4?s=96&d=mm&r=g\",\"caption\":\"Redacao VerdadeOn\"},\"url\":\"https:\/\/verdadeon.com.br\/portal\/author\/redacao\/\"}]}<\/script>\n<!-- \/ Yoast SEO plugin. -->","yoast_head_json":{"title":"Homem \u00e9 preso no Jardim Aeroporto por amea\u00e7a e disparos de arma de fogo - VerdadeOn","robots":{"index":"index","follow":"follow","max-snippet":"max-snippet:-1","max-image-preview":"max-image-preview:large","max-video-preview":"max-video-preview:-1"},"canonical":"https:\/\/verdadeon.com.br\/portal\/2024\/11\/18\/homem-e-preso-no-jardim-aeroporto-por-ameaca-e-disparos-de-arma-de-fogo\/","og_locale":"pt_BR","og_type":"article","og_title":"Homem \u00e9 preso no Jardim Aeroporto por amea\u00e7a e disparos de arma de fogo - VerdadeOn","og_description":"Ocorr\u00eancia se deu por volta da meia-noite, entre domingo e segunda Por Pedro Maia, Editor-chefe Nesta segunda-feira, 18 de novembro, policiais militares prenderam, no Jardim Aeroporto [\u2026]","og_url":"https:\/\/verdadeon.com.br\/portal\/2024\/11\/18\/homem-e-preso-no-jardim-aeroporto-por-ameaca-e-disparos-de-arma-de-fogo\/","og_site_name":"VerdadeOn","article_published_time":"2024-11-18T16:54:12+00:00","og_image":[{"width":1000,"height":670,"url":"https:\/\/verdadeon.com.br\/portal\/wp-content\/uploads\/2021\/01\/WhatsApp-Image-2021-01-15-at-15.10.06.jpeg","type":"image\/jpeg"}],"author":"Redacao VerdadeOn","twitter_card":"summary_large_image","twitter_misc":{"Escrito por":"Redacao VerdadeOn","Est. tempo de leitura":"2 minutos"},"schema":{"@context":"https:\/\/schema.org","@graph":[{"@type":"WebPage","@id":"https:\/\/verdadeon.com.br\/portal\/2024\/11\/18\/homem-e-preso-no-jardim-aeroporto-por-ameaca-e-disparos-de-arma-de-fogo\/","url":"https:\/\/verdadeon.com.br\/portal\/2024\/11\/18\/homem-e-preso-no-jardim-aeroporto-por-ameaca-e-disparos-de-arma-de-fogo\/","name":"Homem \u00e9 preso no Jardim Aeroporto por amea\u00e7a e disparos de arma de fogo - VerdadeOn","isPartOf":{"@id":"https:\/\/verdadeon.com.br\/portal\/#website"},"primaryImageOfPage":{"@id":"https:\/\/verdadeon.com.br\/portal\/2024\/11\/18\/homem-e-preso-no-jardim-aeroporto-por-ameaca-e-disparos-de-arma-de-fogo\/#primaryimage"},"image":{"@id":"https:\/\/verdadeon.com.br\/portal\/2024\/11\/18\/homem-e-preso-no-jardim-aeroporto-por-ameaca-e-disparos-de-arma-de-fogo\/#primaryimage"},"thumbnailUrl":"https:\/\/i0.wp.com\/verdadeon.com.br\/portal\/wp-content\/uploads\/2021\/01\/WhatsApp-Image-2021-01-15-at-15.10.06.jpeg?fit=1000%2C670&ssl=1","datePublished":"2024-11-18T16:54:12+00:00","author":{"@id":"https:\/\/verdadeon.com.br\/portal\/#\/schema\/person\/a5060ad1e9ea3df545188fc93ce43d2f"},"breadcrumb":{"@id":"https:\/\/verdadeon.com.br\/portal\/2024\/11\/18\/homem-e-preso-no-jardim-aeroporto-por-ameaca-e-disparos-de-arma-de-fogo\/#breadcrumb"},"inLanguage":"pt-BR","potentialAction":[{"@type":"ReadAction","target":["https:\/\/verdadeon.com.br\/portal\/2024\/11\/18\/homem-e-preso-no-jardim-aeroporto-por-ameaca-e-disparos-de-arma-de-fogo\/"]}]},{"@type":"ImageObject","inLanguage":"pt-BR","@id":"https:\/\/verdadeon.com.br\/portal\/2024\/11\/18\/homem-e-preso-no-jardim-aeroporto-por-ameaca-e-disparos-de-arma-de-fogo\/#primaryimage","url":"https:\/\/i0.wp.com\/verdadeon.com.br\/portal\/wp-content\/uploads\/2021\/01\/WhatsApp-Image-2021-01-15-at-15.10.06.jpeg?fit=1000%2C670&ssl=1","contentUrl":"https:\/\/i0.wp.com\/verdadeon.com.br\/portal\/wp-content\/uploads\/2021\/01\/WhatsApp-Image-2021-01-15-at-15.10.06.jpeg?fit=1000%2C670&ssl=1","width":1000,"height":670,"caption":"Central de Pol\u00edcia Judici\u00e1ria (CPJ) de Franca (\u00a9Jornal Verdade)"},{"@type":"BreadcrumbList","@id":"https:\/\/verdadeon.com.br\/portal\/2024\/11\/18\/homem-e-preso-no-jardim-aeroporto-por-ameaca-e-disparos-de-arma-de-fogo\/#breadcrumb","itemListElement":[{"@type":"ListItem","position":1,"name":"In\u00edcio","item":"https:\/\/verdadeon.com.br\/portal\/"},{"@type":"ListItem","position":2,"name":"Homem \u00e9 preso no Jardim Aeroporto por amea\u00e7a e disparos de arma de fogo"}]},{"@type":"WebSite","@id":"https:\/\/verdadeon.com.br\/portal\/#website","url":"https:\/\/verdadeon.com.br\/portal\/","name":"VerdadeOn","description":"Not\u00edcias di\u00e1rias sobre Franca, Regi\u00e3o, Esporte, Cultura, Cotidiano, Colunas. Cobertura nos principais eventos da cidade \u00e9 aqui - Verdadeon Franca","potentialAction":[{"@type":"SearchAction","target":{"@type":"EntryPoint","urlTemplate":"https:\/\/verdadeon.com.br\/portal\/?s={search_term_string}"},"query-input":{"@type":"PropertyValueSpecification","valueRequired":true,"valueName":"search_term_string"}}],"inLanguage":"pt-BR"},{"@type":"Person","@id":"https:\/\/verdadeon.com.br\/portal\/#\/schema\/person\/a5060ad1e9ea3df545188fc93ce43d2f","name":"Redacao VerdadeOn","image":{"@type":"ImageObject","inLanguage":"pt-BR","@id":"https:\/\/verdadeon.com.br\/portal\/#\/schema\/person\/image\/","url":"https:\/\/secure.gravatar.com\/avatar\/459a9613caaaf07f582c3d0841eea68bdd66f533e465e6ba8b9cb45619572cf4?s=96&d=mm&r=g","contentUrl":"https:\/\/secure.gravatar.com\/avatar\/459a9613caaaf07f582c3d0841eea68bdd66f533e465e6ba8b9cb45619572cf4?s=96&d=mm&r=g","caption":"Redacao VerdadeOn"},"url":"https:\/\/verdadeon.com.br\/portal\/author\/redacao\/"}]}},"jetpack_publicize_connections":[],"jetpack_featured_media_url":"https:\/\/i0.wp.com\/verdadeon.com.br\/portal\/wp-content\/uploads\/2021\/01\/WhatsApp-Image-2021-01-15-at-15.10.06.jpeg?fit=1000%2C670&ssl=1","jetpack_sharing_enabled":true,"_links":{"self":[{"href":"https:\/\/verdadeon.com.br\/portal\/wp-json\/wp\/v2\/posts\/51561","targetHints":{"allow":["GET"]}}],"collection":[{"href":"https:\/\/verdadeon.com.br\/portal\/wp-json\/wp\/v2\/posts"}],"about":[{"href":"https:\/\/verdadeon.com.br\/portal\/wp-json\/wp\/v2\/types\/post"}],"author":[{"embeddable":true,"href":"https:\/\/verdadeon.com.br\/portal\/wp-json\/wp\/v2\/users\/10"}],"replies":[{"embeddable":true,"href":"https:\/\/verdadeon.com.br\/portal\/wp-json\/wp\/v2\/comments?post=51561"}],"version-history":[{"count":1,"href":"https:\/\/verdadeon.com.br\/portal\/wp-json\/wp\/v2\/posts\/51561\/revisions"}],"predecessor-version":[{"id":51562,"href":"https:\/\/verdadeon.com.br\/portal\/wp-json\/wp\/v2\/posts\/51561\/revisions\/51562"}],"wp:featuredmedia":[{"embeddable":true,"href":"https:\/\/verdadeon.com.br\/portal\/wp-json\/wp\/v2\/media\/13379"}],"wp:attachment":[{"href":"https:\/\/verdadeon.com.br\/portal\/wp-json\/wp\/v2\/media?parent=51561"}],"wp:term":[{"taxonomy":"category","embeddable":true,"href":"https:\/\/verdadeon.com.br\/portal\/wp-json\/wp\/v2\/categories?post=51561"},{"taxonomy":"post_tag","embeddable":true,"href":"https:\/\/verdadeon.com.br\/portal\/wp-json\/wp\/v2\/tags?post=51561"}],"curies":[{"name":"wp","href":"https:\/\/api.w.org\/{rel}","templated":true}]}}