{"id":5122,"date":"2020-03-17T08:08:17","date_gmt":"2020-03-17T11:08:17","guid":{"rendered":"http:\/\/verdadeon.com.br\/portal\/?p=5122"},"modified":"2020-03-17T12:39:32","modified_gmt":"2020-03-17T15:39:32","slug":"sesi-franca-altera-programacao-de-treinamentos","status":"publish","type":"post","link":"https:\/\/verdadeon.com.br\/portal\/2020\/03\/17\/sesi-franca-altera-programacao-de-treinamentos\/","title":{"rendered":"Sesi Franca altera programa\u00e7\u00e3o de treinamentos"},"content":{"rendered":"<h2>Equipe ter\u00e1 atividades apenas tr\u00eas vezes por semana e com atletas separados durante as a\u00e7\u00f5es<\/h2>\n<p>&nbsp;<\/p>\n<p>Reportagem Gustavo Rodrigues<\/p>\n<p>Com a decis\u00e3o da LNB (Liga Nacional de Basquete) de suspender a temporada por conta dos riscos de casos do coronav\u00edrus, o Sesi Franca ter\u00e1 que mudar a programa\u00e7\u00e3o das atividades nos pr\u00f3ximos dias. Ainda sem uma defini\u00e7\u00e3o da continuidade ou n\u00e3o do NBB (Novo Basquete Brasil), a comiss\u00e3o t\u00e9cnica e o departamento m\u00e9dico do clube adotam cuidados especiais destinados ao plantel francano.<br \/>\nDe acordo com o coordenador t\u00e9cnico do Franca, Lula Ferreira, foi realizada uma reuni\u00e3o para discutir e definir os pr\u00f3ximos passos da equipe. Dessa forma, a primeira medida colocada em pr\u00e1tica \u00e9 em rela\u00e7\u00e3o aos treinamentos do grupo principal. A partir de agora, as atividades ser\u00e3o divididas em dois grupos de jogadores que participar\u00e3o em per\u00edodos diferentes, j\u00e1 que enquanto um estar\u00e1 na quadra, o outro ficar\u00e1 na academia do Sesi.<br \/>\nOutra altera\u00e7\u00e3o \u00e9 a quantidade de datas que o plantel realiza os trabalhos. Se geralmente o time treinava duas vezes por dia, agora isso acontecer\u00e1 apenas uma vez e, apenas tr\u00eas vezes por semana. A ideia \u00e9 seguir com os n\u00edveis de intensidade dos treinos, por\u00e9m, n\u00e3o expor os atletas ao risco de contamina\u00e7\u00e3o do v\u00edrus.<br \/>\n&#8220;No sentido de preservar a integridade f\u00edsica de todos os jogadores e comiss\u00e3o t\u00e9cnica, al\u00e9m de seguir todas as instru\u00e7\u00f5es que v\u00eam dos \u00f3rg\u00e3os governamentais, especialmente o Minist\u00e9rio da Sa\u00fade, alteramos a frequ\u00eancia de treinamentos do time adulto&#8221;, afirmou o dirigente.<br \/>\nOutro foco da preven\u00e7\u00e3o ao coronav\u00edrus \u00e9 referente \u00e0 limpeza e higieniza\u00e7\u00e3o dos equipamentos usados pelos jogadores, al\u00e9m da utiliza\u00e7\u00e3o de toalhas individuais e o uso de vesti\u00e1rios adequadamente com o objetivo de tentar colaborar com a n\u00e3o prolifera\u00e7\u00e3o do v\u00edrus.<br \/>\nO an\u00fancio do cancelamento da temporada foi feito por meio de comunicado oficial da LNB. &#8221; Por conta do surto mundial do COVID-19, classificado como pandemia pela Organiza\u00e7\u00e3o Mundial da Sa\u00fade, a Liga Nacional de Basquete decidiu paralisar o NBB 2019\/2020 a partir desta segunda-feira (16)&#8221;, afirmou a liga em nota.<br \/>\nAntes dissso, a determina\u00e7\u00e3o era que as partidas deveriam ser disputadas com port\u00f5es fechados. Um exemplo disso foi a vit\u00f3ria do Sesi Franca contra Bauru, na \u00faltima sexta-feira (13). Em breve a organiza\u00e7\u00e3o da liga deve divulgar novas altera\u00e7\u00f5es no calend\u00e1rio e defini\u00e7\u00f5es da competi\u00e7\u00e3o.<\/p>\n","protected":false},"excerpt":{"rendered":"<p>Equipe ter\u00e1 atividades apenas tr\u00eas vezes por semana e com atletas separados durante as a\u00e7\u00f5es &nbsp; Reportagem Gustavo Rodrigues Com a decis\u00e3o da LNB (Liga Nacional<span class=\"excerpt-hellip\"> [\u2026]<\/span><\/p>\n","protected":false},"author":10,"featured_media":5126,"comment_status":"open","ping_status":"open","sticky":false,"template":"","format":"standard","meta":{"_jetpack_memberships_contains_paid_content":false,"footnotes":"","jetpack_publicize_message":"","jetpack_publicize_feature_enabled":true,"jetpack_social_post_already_shared":false,"jetpack_social_options":{"image_generator_settings":{"template":"highway","default_image_id":0,"enabled":false},"version":2}},"categories":[29,44],"tags":[31],"class_list":["post-5122","post","type-post","status-publish","format-standard","has-post-thumbnail","hentry","category-esportes","category-noticias","tag-esportes"],"yoast_head":"<!-- This site is optimized with the Yoast SEO plugin v25.6 - https:\/\/yoast.com\/wordpress\/plugins\/seo\/ -->\n<title>Sesi Franca altera programa\u00e7\u00e3o de treinamentos - VerdadeOn<\/title>\n<meta name=\"robots\" content=\"index, follow, max-snippet:-1, max-image-preview:large, max-video-preview:-1\" \/>\n<link rel=\"canonical\" href=\"https:\/\/verdadeon.com.br\/portal\/2020\/03\/17\/sesi-franca-altera-programacao-de-treinamentos\/\" \/>\n<meta property=\"og:locale\" content=\"pt_BR\" \/>\n<meta property=\"og:type\" content=\"article\" \/>\n<meta property=\"og:title\" content=\"Sesi Franca altera programa\u00e7\u00e3o de treinamentos - VerdadeOn\" \/>\n<meta property=\"og:description\" content=\"Equipe ter\u00e1 atividades apenas tr\u00eas vezes por semana e com atletas separados durante as a\u00e7\u00f5es &nbsp; Reportagem Gustavo Rodrigues Com a decis\u00e3o da LNB (Liga Nacional [\u2026]\" \/>\n<meta property=\"og:url\" content=\"https:\/\/verdadeon.com.br\/portal\/2020\/03\/17\/sesi-franca-altera-programacao-de-treinamentos\/\" \/>\n<meta property=\"og:site_name\" content=\"VerdadeOn\" \/>\n<meta property=\"article:published_time\" content=\"2020-03-17T11:08:17+00:00\" \/>\n<meta property=\"article:modified_time\" content=\"2020-03-17T15:39:32+00:00\" \/>\n<meta property=\"og:image\" content=\"https:\/\/verdadeon.com.br\/portal\/wp-content\/uploads\/2020\/03\/Basquete-treino-2019-foto-Lindomar-Cailton-33.jpg\" \/>\n\t<meta property=\"og:image:width\" content=\"1000\" \/>\n\t<meta property=\"og:image:height\" content=\"668\" \/>\n\t<meta property=\"og:image:type\" content=\"image\/jpeg\" \/>\n<meta name=\"author\" content=\"Redacao VerdadeOn\" \/>\n<meta name=\"twitter:card\" content=\"summary_large_image\" \/>\n<meta name=\"twitter:label1\" content=\"Escrito por\" \/>\n\t<meta name=\"twitter:data1\" content=\"Redacao VerdadeOn\" \/>\n\t<meta name=\"twitter:label2\" content=\"Est. tempo de leitura\" \/>\n\t<meta name=\"twitter:data2\" content=\"2 minutos\" \/>\n<script type=\"application\/ld+json\" class=\"yoast-schema-graph\">{\"@context\":\"https:\/\/schema.org\",\"@graph\":[{\"@type\":\"WebPage\",\"@id\":\"https:\/\/verdadeon.com.br\/portal\/2020\/03\/17\/sesi-franca-altera-programacao-de-treinamentos\/\",\"url\":\"https:\/\/verdadeon.com.br\/portal\/2020\/03\/17\/sesi-franca-altera-programacao-de-treinamentos\/\",\"name\":\"Sesi Franca altera programa\u00e7\u00e3o de treinamentos - VerdadeOn\",\"isPartOf\":{\"@id\":\"https:\/\/verdadeon.com.br\/portal\/#website\"},\"primaryImageOfPage\":{\"@id\":\"https:\/\/verdadeon.com.br\/portal\/2020\/03\/17\/sesi-franca-altera-programacao-de-treinamentos\/#primaryimage\"},\"image\":{\"@id\":\"https:\/\/verdadeon.com.br\/portal\/2020\/03\/17\/sesi-franca-altera-programacao-de-treinamentos\/#primaryimage\"},\"thumbnailUrl\":\"https:\/\/i0.wp.com\/verdadeon.com.br\/portal\/wp-content\/uploads\/2020\/03\/Basquete-treino-2019-foto-Lindomar-Cailton-33.jpg?fit=1000%2C668&ssl=1\",\"datePublished\":\"2020-03-17T11:08:17+00:00\",\"dateModified\":\"2020-03-17T15:39:32+00:00\",\"author\":{\"@id\":\"https:\/\/verdadeon.com.br\/portal\/#\/schema\/person\/a5060ad1e9ea3df545188fc93ce43d2f\"},\"breadcrumb\":{\"@id\":\"https:\/\/verdadeon.com.br\/portal\/2020\/03\/17\/sesi-franca-altera-programacao-de-treinamentos\/#breadcrumb\"},\"inLanguage\":\"pt-BR\",\"potentialAction\":[{\"@type\":\"ReadAction\",\"target\":[\"https:\/\/verdadeon.com.br\/portal\/2020\/03\/17\/sesi-franca-altera-programacao-de-treinamentos\/\"]}]},{\"@type\":\"ImageObject\",\"inLanguage\":\"pt-BR\",\"@id\":\"https:\/\/verdadeon.com.br\/portal\/2020\/03\/17\/sesi-franca-altera-programacao-de-treinamentos\/#primaryimage\",\"url\":\"https:\/\/i0.wp.com\/verdadeon.com.br\/portal\/wp-content\/uploads\/2020\/03\/Basquete-treino-2019-foto-Lindomar-Cailton-33.jpg?fit=1000%2C668&ssl=1\",\"contentUrl\":\"https:\/\/i0.wp.com\/verdadeon.com.br\/portal\/wp-content\/uploads\/2020\/03\/Basquete-treino-2019-foto-Lindomar-Cailton-33.jpg?fit=1000%2C668&ssl=1\",\"width\":1000,\"height\":668,\"caption\":\"altera\u00e7\u00e3o - Elenco do Sesi Franca Basquete em treinamento para a temporada. Diretoria e comiss\u00e3o t\u00e9cnica do clube definiram que ser\u00e3o colocados em pr\u00e1tica cuidados especiais por conta dos riscos de coronav\u00edrus. Agenda do grupo sobre altera\u00e7\u00f5es | Foto: Lindomar Cailton\"},{\"@type\":\"BreadcrumbList\",\"@id\":\"https:\/\/verdadeon.com.br\/portal\/2020\/03\/17\/sesi-franca-altera-programacao-de-treinamentos\/#breadcrumb\",\"itemListElement\":[{\"@type\":\"ListItem\",\"position\":1,\"name\":\"In\u00edcio\",\"item\":\"https:\/\/verdadeon.com.br\/portal\/\"},{\"@type\":\"ListItem\",\"position\":2,\"name\":\"Sesi Franca altera programa\u00e7\u00e3o de treinamentos\"}]},{\"@type\":\"WebSite\",\"@id\":\"https:\/\/verdadeon.com.br\/portal\/#website\",\"url\":\"https:\/\/verdadeon.com.br\/portal\/\",\"name\":\"VerdadeOn\",\"description\":\"Not\u00edcias di\u00e1rias sobre Franca, Regi\u00e3o, Esporte, Cultura, Cotidiano, Colunas. Cobertura nos principais eventos da cidade \u00e9 aqui - Verdadeon Franca\",\"potentialAction\":[{\"@type\":\"SearchAction\",\"target\":{\"@type\":\"EntryPoint\",\"urlTemplate\":\"https:\/\/verdadeon.com.br\/portal\/?s={search_term_string}\"},\"query-input\":{\"@type\":\"PropertyValueSpecification\",\"valueRequired\":true,\"valueName\":\"search_term_string\"}}],\"inLanguage\":\"pt-BR\"},{\"@type\":\"Person\",\"@id\":\"https:\/\/verdadeon.com.br\/portal\/#\/schema\/person\/a5060ad1e9ea3df545188fc93ce43d2f\",\"name\":\"Redacao VerdadeOn\",\"image\":{\"@type\":\"ImageObject\",\"inLanguage\":\"pt-BR\",\"@id\":\"https:\/\/verdadeon.com.br\/portal\/#\/schema\/person\/image\/\",\"url\":\"https:\/\/secure.gravatar.com\/avatar\/459a9613caaaf07f582c3d0841eea68bdd66f533e465e6ba8b9cb45619572cf4?s=96&d=mm&r=g\",\"contentUrl\":\"https:\/\/secure.gravatar.com\/avatar\/459a9613caaaf07f582c3d0841eea68bdd66f533e465e6ba8b9cb45619572cf4?s=96&d=mm&r=g\",\"caption\":\"Redacao VerdadeOn\"},\"url\":\"https:\/\/verdadeon.com.br\/portal\/author\/redacao\/\"}]}<\/script>\n<!-- \/ Yoast SEO plugin. -->","yoast_head_json":{"title":"Sesi Franca altera programa\u00e7\u00e3o de treinamentos - VerdadeOn","robots":{"index":"index","follow":"follow","max-snippet":"max-snippet:-1","max-image-preview":"max-image-preview:large","max-video-preview":"max-video-preview:-1"},"canonical":"https:\/\/verdadeon.com.br\/portal\/2020\/03\/17\/sesi-franca-altera-programacao-de-treinamentos\/","og_locale":"pt_BR","og_type":"article","og_title":"Sesi Franca altera programa\u00e7\u00e3o de treinamentos - VerdadeOn","og_description":"Equipe ter\u00e1 atividades apenas tr\u00eas vezes por semana e com atletas separados durante as a\u00e7\u00f5es &nbsp; Reportagem Gustavo Rodrigues Com a decis\u00e3o da LNB (Liga Nacional [\u2026]","og_url":"https:\/\/verdadeon.com.br\/portal\/2020\/03\/17\/sesi-franca-altera-programacao-de-treinamentos\/","og_site_name":"VerdadeOn","article_published_time":"2020-03-17T11:08:17+00:00","article_modified_time":"2020-03-17T15:39:32+00:00","og_image":[{"width":1000,"height":668,"url":"https:\/\/verdadeon.com.br\/portal\/wp-content\/uploads\/2020\/03\/Basquete-treino-2019-foto-Lindomar-Cailton-33.jpg","type":"image\/jpeg"}],"author":"Redacao VerdadeOn","twitter_card":"summary_large_image","twitter_misc":{"Escrito por":"Redacao VerdadeOn","Est. tempo de leitura":"2 minutos"},"schema":{"@context":"https:\/\/schema.org","@graph":[{"@type":"WebPage","@id":"https:\/\/verdadeon.com.br\/portal\/2020\/03\/17\/sesi-franca-altera-programacao-de-treinamentos\/","url":"https:\/\/verdadeon.com.br\/portal\/2020\/03\/17\/sesi-franca-altera-programacao-de-treinamentos\/","name":"Sesi Franca altera programa\u00e7\u00e3o de treinamentos - VerdadeOn","isPartOf":{"@id":"https:\/\/verdadeon.com.br\/portal\/#website"},"primaryImageOfPage":{"@id":"https:\/\/verdadeon.com.br\/portal\/2020\/03\/17\/sesi-franca-altera-programacao-de-treinamentos\/#primaryimage"},"image":{"@id":"https:\/\/verdadeon.com.br\/portal\/2020\/03\/17\/sesi-franca-altera-programacao-de-treinamentos\/#primaryimage"},"thumbnailUrl":"https:\/\/i0.wp.com\/verdadeon.com.br\/portal\/wp-content\/uploads\/2020\/03\/Basquete-treino-2019-foto-Lindomar-Cailton-33.jpg?fit=1000%2C668&ssl=1","datePublished":"2020-03-17T11:08:17+00:00","dateModified":"2020-03-17T15:39:32+00:00","author":{"@id":"https:\/\/verdadeon.com.br\/portal\/#\/schema\/person\/a5060ad1e9ea3df545188fc93ce43d2f"},"breadcrumb":{"@id":"https:\/\/verdadeon.com.br\/portal\/2020\/03\/17\/sesi-franca-altera-programacao-de-treinamentos\/#breadcrumb"},"inLanguage":"pt-BR","potentialAction":[{"@type":"ReadAction","target":["https:\/\/verdadeon.com.br\/portal\/2020\/03\/17\/sesi-franca-altera-programacao-de-treinamentos\/"]}]},{"@type":"ImageObject","inLanguage":"pt-BR","@id":"https:\/\/verdadeon.com.br\/portal\/2020\/03\/17\/sesi-franca-altera-programacao-de-treinamentos\/#primaryimage","url":"https:\/\/i0.wp.com\/verdadeon.com.br\/portal\/wp-content\/uploads\/2020\/03\/Basquete-treino-2019-foto-Lindomar-Cailton-33.jpg?fit=1000%2C668&ssl=1","contentUrl":"https:\/\/i0.wp.com\/verdadeon.com.br\/portal\/wp-content\/uploads\/2020\/03\/Basquete-treino-2019-foto-Lindomar-Cailton-33.jpg?fit=1000%2C668&ssl=1","width":1000,"height":668,"caption":"altera\u00e7\u00e3o - Elenco do Sesi Franca Basquete em treinamento para a temporada. Diretoria e comiss\u00e3o t\u00e9cnica do clube definiram que ser\u00e3o colocados em pr\u00e1tica cuidados especiais por conta dos riscos de coronav\u00edrus. Agenda do grupo sobre altera\u00e7\u00f5es | Foto: Lindomar Cailton"},{"@type":"BreadcrumbList","@id":"https:\/\/verdadeon.com.br\/portal\/2020\/03\/17\/sesi-franca-altera-programacao-de-treinamentos\/#breadcrumb","itemListElement":[{"@type":"ListItem","position":1,"name":"In\u00edcio","item":"https:\/\/verdadeon.com.br\/portal\/"},{"@type":"ListItem","position":2,"name":"Sesi Franca altera programa\u00e7\u00e3o de treinamentos"}]},{"@type":"WebSite","@id":"https:\/\/verdadeon.com.br\/portal\/#website","url":"https:\/\/verdadeon.com.br\/portal\/","name":"VerdadeOn","description":"Not\u00edcias di\u00e1rias sobre Franca, Regi\u00e3o, Esporte, Cultura, Cotidiano, Colunas. Cobertura nos principais eventos da cidade \u00e9 aqui - Verdadeon Franca","potentialAction":[{"@type":"SearchAction","target":{"@type":"EntryPoint","urlTemplate":"https:\/\/verdadeon.com.br\/portal\/?s={search_term_string}"},"query-input":{"@type":"PropertyValueSpecification","valueRequired":true,"valueName":"search_term_string"}}],"inLanguage":"pt-BR"},{"@type":"Person","@id":"https:\/\/verdadeon.com.br\/portal\/#\/schema\/person\/a5060ad1e9ea3df545188fc93ce43d2f","name":"Redacao VerdadeOn","image":{"@type":"ImageObject","inLanguage":"pt-BR","@id":"https:\/\/verdadeon.com.br\/portal\/#\/schema\/person\/image\/","url":"https:\/\/secure.gravatar.com\/avatar\/459a9613caaaf07f582c3d0841eea68bdd66f533e465e6ba8b9cb45619572cf4?s=96&d=mm&r=g","contentUrl":"https:\/\/secure.gravatar.com\/avatar\/459a9613caaaf07f582c3d0841eea68bdd66f533e465e6ba8b9cb45619572cf4?s=96&d=mm&r=g","caption":"Redacao VerdadeOn"},"url":"https:\/\/verdadeon.com.br\/portal\/author\/redacao\/"}]}},"jetpack_publicize_connections":[],"jetpack_featured_media_url":"https:\/\/i0.wp.com\/verdadeon.com.br\/portal\/wp-content\/uploads\/2020\/03\/Basquete-treino-2019-foto-Lindomar-Cailton-33.jpg?fit=1000%2C668&ssl=1","jetpack_sharing_enabled":true,"_links":{"self":[{"href":"https:\/\/verdadeon.com.br\/portal\/wp-json\/wp\/v2\/posts\/5122","targetHints":{"allow":["GET"]}}],"collection":[{"href":"https:\/\/verdadeon.com.br\/portal\/wp-json\/wp\/v2\/posts"}],"about":[{"href":"https:\/\/verdadeon.com.br\/portal\/wp-json\/wp\/v2\/types\/post"}],"author":[{"embeddable":true,"href":"https:\/\/verdadeon.com.br\/portal\/wp-json\/wp\/v2\/users\/10"}],"replies":[{"embeddable":true,"href":"https:\/\/verdadeon.com.br\/portal\/wp-json\/wp\/v2\/comments?post=5122"}],"version-history":[{"count":0,"href":"https:\/\/verdadeon.com.br\/portal\/wp-json\/wp\/v2\/posts\/5122\/revisions"}],"wp:featuredmedia":[{"embeddable":true,"href":"https:\/\/verdadeon.com.br\/portal\/wp-json\/wp\/v2\/media\/5126"}],"wp:attachment":[{"href":"https:\/\/verdadeon.com.br\/portal\/wp-json\/wp\/v2\/media?parent=5122"}],"wp:term":[{"taxonomy":"category","embeddable":true,"href":"https:\/\/verdadeon.com.br\/portal\/wp-json\/wp\/v2\/categories?post=5122"},{"taxonomy":"post_tag","embeddable":true,"href":"https:\/\/verdadeon.com.br\/portal\/wp-json\/wp\/v2\/tags?post=5122"}],"curies":[{"name":"wp","href":"https:\/\/api.w.org\/{rel}","templated":true}]}}