{"id":5109,"date":"2020-03-17T07:40:55","date_gmt":"2020-03-17T10:40:55","guid":{"rendered":"http:\/\/verdadeon.com.br\/portal\/?p=5109"},"modified":"2020-03-18T16:31:22","modified_gmt":"2020-03-18T19:31:22","slug":"policia-civil-adota-medidas-contra-o-coronavirus","status":"publish","type":"post","link":"https:\/\/verdadeon.com.br\/portal\/2020\/03\/17\/policia-civil-adota-medidas-contra-o-coronavirus\/","title":{"rendered":"Pol\u00edcia Civil adota medidas contra o coronav\u00edrus"},"content":{"rendered":"<h2>Orienta\u00e7\u00e3o \u00e9 para que boletins de ocorr\u00eancia sejam registrados pela internet, sempre que poss\u00edvel<\/h2>\n<p>&nbsp;<\/p>\n<p>Atenta ao crescimento em todo territ\u00f3rio nacional do Covid-19, o novo coronav\u00edrus, a Pol\u00edcia Civil de Franca anunciou na tarde de ontem (16) uma s\u00e9rie de medidas para evitar a transmiss\u00e3o da doen\u00e7a.<br \/>\nSegundo o delegado seccional de Franca, Wanir Jos\u00e9 da Silveira J\u00fanior, a partir de agora os francanos, e todos os moradores das 17 cidades que integram a seccional, devem priorizar o registro de boletins de ocorr\u00eancia pela internet, sempre que poss\u00edvel. Al\u00e9m disso, aqueles que foram intimados e tenham que comparecer a uma delegacia e estejam com algum sintoma do novo coronav\u00edrus dever\u00e3o avisar anteriormente a situa\u00e7\u00e3o \u00e0 pol\u00edcia e reagendar os atendimentos.<br \/>\n\u201cA Pol\u00edcia Civil n\u00e3o pode ficar de fora das medidas contra o coronav\u00edrus. Assim como \u00e9 uma orienta\u00e7\u00e3o do governo do Estado de S\u00e3o Paulo, estamos evitando a aglomera\u00e7\u00e3o de pessoas. Uma vez que temos no nosso portal a possibilidade de fazer v\u00e1rias ocorr\u00eancias, a nossa orienta\u00e7\u00e3o \u00e9 para que a popula\u00e7\u00e3o priorize este formato\u201d, disse o delegado seccional.<br \/>\nPodem ser realizadas pela internet ocorr\u00eancias como roubo ou furto de ve\u00edculos, documentos, celular, placa de ve\u00edculos; inj\u00faria, cal\u00fania ou difama\u00e7\u00e3o; acidente de tr\u00e2nsito sem v\u00edtimas; desaparecimento ou encontro de pessoas; e casos de prote\u00e7\u00e3o animal.<br \/>\nApesar das orienta\u00e7\u00f5es, todas as delegacias seguir\u00e3o atendendo normalmente, no mesmo hor\u00e1rio de sempre. \u201cContinuamos trabalhando em hor\u00e1rio normal, o que pedimos \u00e9 que a popula\u00e7\u00e3o compreenda a situa\u00e7\u00e3o e evite a aglomera\u00e7\u00e3o. Agora \u00e9 o momento da popula\u00e7\u00e3o atender nosso apelo e registrar as ocorr\u00eancias pela internet. \u00c9 importante refor\u00e7ar que vamos registrar todas as ocorr\u00eancias e tomar provid\u00eancias em todos os casos\u201d, completou o delegado.<br \/>\nA Pol\u00edcia tamb\u00e9m segue cumprindo os mandados de pris\u00e3o j\u00e1 expedidos e os que forem expedidos.<br \/>\nDos cerca de 225 funcion\u00e1rios do efetivo da Pol\u00edcia Civil apenas dois t\u00eam 60 anos, grupo de mais risco da doen\u00e7a. Apesar disso eles, seguindo determina\u00e7\u00e3o do Governo do Estado de S\u00e3o Paulo publicado em decreto, tamb\u00e9m continuar\u00e3o trabalhando j\u00e1 que s\u00e3o servidores da Seguran\u00e7a.<br \/>\nOs boletins de ocorr\u00eancia pela internet podem ser feitos pelo www.policiacivil.sp.gov.br<\/p>\n","protected":false},"excerpt":{"rendered":"<p>Orienta\u00e7\u00e3o \u00e9 para que boletins de ocorr\u00eancia sejam registrados pela internet, sempre que poss\u00edvel &nbsp; Atenta ao crescimento em todo territ\u00f3rio nacional do Covid-19, o novo<span class=\"excerpt-hellip\"> [\u2026]<\/span><\/p>\n","protected":false},"author":10,"featured_media":5119,"comment_status":"open","ping_status":"open","sticky":false,"template":"","format":"standard","meta":{"_jetpack_memberships_contains_paid_content":false,"footnotes":"","jetpack_publicize_message":"","jetpack_publicize_feature_enabled":true,"jetpack_social_post_already_shared":false,"jetpack_social_options":{"image_generator_settings":{"template":"highway","default_image_id":0,"enabled":false},"version":2}},"categories":[104,28,44],"tags":[],"class_list":["post-5109","post","type-post","status-publish","format-standard","has-post-thumbnail","hentry","category-coronavirus","category-cotidiano","category-noticias"],"yoast_head":"<!-- This site is optimized with the Yoast SEO plugin v25.6 - https:\/\/yoast.com\/wordpress\/plugins\/seo\/ -->\n<title>Pol\u00edcia Civil adota medidas contra o coronav\u00edrus - VerdadeOn<\/title>\n<meta name=\"robots\" content=\"index, follow, max-snippet:-1, max-image-preview:large, max-video-preview:-1\" \/>\n<link rel=\"canonical\" href=\"https:\/\/verdadeon.com.br\/portal\/2020\/03\/17\/policia-civil-adota-medidas-contra-o-coronavirus\/\" \/>\n<meta property=\"og:locale\" content=\"pt_BR\" \/>\n<meta property=\"og:type\" content=\"article\" \/>\n<meta property=\"og:title\" content=\"Pol\u00edcia Civil adota medidas contra o coronav\u00edrus - VerdadeOn\" \/>\n<meta property=\"og:description\" content=\"Orienta\u00e7\u00e3o \u00e9 para que boletins de ocorr\u00eancia sejam registrados pela internet, sempre que poss\u00edvel &nbsp; Atenta ao crescimento em todo territ\u00f3rio nacional do Covid-19, o novo [\u2026]\" \/>\n<meta property=\"og:url\" content=\"https:\/\/verdadeon.com.br\/portal\/2020\/03\/17\/policia-civil-adota-medidas-contra-o-coronavirus\/\" \/>\n<meta property=\"og:site_name\" content=\"VerdadeOn\" \/>\n<meta property=\"article:published_time\" content=\"2020-03-17T10:40:55+00:00\" \/>\n<meta property=\"article:modified_time\" content=\"2020-03-18T19:31:22+00:00\" \/>\n<meta property=\"og:image\" content=\"https:\/\/verdadeon.com.br\/portal\/wp-content\/uploads\/2020\/03\/Delegado-Dr.-Wanir-da-seccional-de-Franca-foto-Lindomar-cailton-3.jpg\" \/>\n\t<meta property=\"og:image:width\" content=\"1000\" \/>\n\t<meta property=\"og:image:height\" content=\"668\" \/>\n\t<meta property=\"og:image:type\" content=\"image\/jpeg\" \/>\n<meta name=\"author\" content=\"Redacao VerdadeOn\" \/>\n<meta name=\"twitter:card\" content=\"summary_large_image\" \/>\n<meta name=\"twitter:label1\" content=\"Escrito por\" \/>\n\t<meta name=\"twitter:data1\" content=\"Redacao VerdadeOn\" \/>\n\t<meta name=\"twitter:label2\" content=\"Est. tempo de leitura\" \/>\n\t<meta name=\"twitter:data2\" content=\"2 minutos\" \/>\n<script type=\"application\/ld+json\" class=\"yoast-schema-graph\">{\"@context\":\"https:\/\/schema.org\",\"@graph\":[{\"@type\":\"WebPage\",\"@id\":\"https:\/\/verdadeon.com.br\/portal\/2020\/03\/17\/policia-civil-adota-medidas-contra-o-coronavirus\/\",\"url\":\"https:\/\/verdadeon.com.br\/portal\/2020\/03\/17\/policia-civil-adota-medidas-contra-o-coronavirus\/\",\"name\":\"Pol\u00edcia Civil adota medidas contra o coronav\u00edrus - VerdadeOn\",\"isPartOf\":{\"@id\":\"https:\/\/verdadeon.com.br\/portal\/#website\"},\"primaryImageOfPage\":{\"@id\":\"https:\/\/verdadeon.com.br\/portal\/2020\/03\/17\/policia-civil-adota-medidas-contra-o-coronavirus\/#primaryimage\"},\"image\":{\"@id\":\"https:\/\/verdadeon.com.br\/portal\/2020\/03\/17\/policia-civil-adota-medidas-contra-o-coronavirus\/#primaryimage\"},\"thumbnailUrl\":\"https:\/\/i0.wp.com\/verdadeon.com.br\/portal\/wp-content\/uploads\/2020\/03\/Delegado-Dr.-Wanir-da-seccional-de-Franca-foto-Lindomar-cailton-3.jpg?fit=1000%2C668&ssl=1\",\"datePublished\":\"2020-03-17T10:40:55+00:00\",\"dateModified\":\"2020-03-18T19:31:22+00:00\",\"author\":{\"@id\":\"https:\/\/verdadeon.com.br\/portal\/#\/schema\/person\/a5060ad1e9ea3df545188fc93ce43d2f\"},\"breadcrumb\":{\"@id\":\"https:\/\/verdadeon.com.br\/portal\/2020\/03\/17\/policia-civil-adota-medidas-contra-o-coronavirus\/#breadcrumb\"},\"inLanguage\":\"pt-BR\",\"potentialAction\":[{\"@type\":\"ReadAction\",\"target\":[\"https:\/\/verdadeon.com.br\/portal\/2020\/03\/17\/policia-civil-adota-medidas-contra-o-coronavirus\/\"]}]},{\"@type\":\"ImageObject\",\"inLanguage\":\"pt-BR\",\"@id\":\"https:\/\/verdadeon.com.br\/portal\/2020\/03\/17\/policia-civil-adota-medidas-contra-o-coronavirus\/#primaryimage\",\"url\":\"https:\/\/i0.wp.com\/verdadeon.com.br\/portal\/wp-content\/uploads\/2020\/03\/Delegado-Dr.-Wanir-da-seccional-de-Franca-foto-Lindomar-cailton-3.jpg?fit=1000%2C668&ssl=1\",\"contentUrl\":\"https:\/\/i0.wp.com\/verdadeon.com.br\/portal\/wp-content\/uploads\/2020\/03\/Delegado-Dr.-Wanir-da-seccional-de-Franca-foto-Lindomar-cailton-3.jpg?fit=1000%2C668&ssl=1\",\"width\":1000,\"height\":668,\"caption\":\"alerta - O delegado seccional de Franca, Wanir Jos\u00e9 da Silveira J\u00fanior, convocou a imprensa para apresentar medidas tomadas com o intuito de evitar a aglomera\u00e7\u00e3o de pessoas nas delegacias de Franca e regi\u00e3o| Foto: Lindomar Cailton\"},{\"@type\":\"BreadcrumbList\",\"@id\":\"https:\/\/verdadeon.com.br\/portal\/2020\/03\/17\/policia-civil-adota-medidas-contra-o-coronavirus\/#breadcrumb\",\"itemListElement\":[{\"@type\":\"ListItem\",\"position\":1,\"name\":\"In\u00edcio\",\"item\":\"https:\/\/verdadeon.com.br\/portal\/\"},{\"@type\":\"ListItem\",\"position\":2,\"name\":\"Pol\u00edcia Civil adota medidas contra o coronav\u00edrus\"}]},{\"@type\":\"WebSite\",\"@id\":\"https:\/\/verdadeon.com.br\/portal\/#website\",\"url\":\"https:\/\/verdadeon.com.br\/portal\/\",\"name\":\"VerdadeOn\",\"description\":\"Not\u00edcias di\u00e1rias sobre Franca, Regi\u00e3o, Esporte, Cultura, Cotidiano, Colunas. Cobertura nos principais eventos da cidade \u00e9 aqui - Verdadeon Franca\",\"potentialAction\":[{\"@type\":\"SearchAction\",\"target\":{\"@type\":\"EntryPoint\",\"urlTemplate\":\"https:\/\/verdadeon.com.br\/portal\/?s={search_term_string}\"},\"query-input\":{\"@type\":\"PropertyValueSpecification\",\"valueRequired\":true,\"valueName\":\"search_term_string\"}}],\"inLanguage\":\"pt-BR\"},{\"@type\":\"Person\",\"@id\":\"https:\/\/verdadeon.com.br\/portal\/#\/schema\/person\/a5060ad1e9ea3df545188fc93ce43d2f\",\"name\":\"Redacao VerdadeOn\",\"image\":{\"@type\":\"ImageObject\",\"inLanguage\":\"pt-BR\",\"@id\":\"https:\/\/verdadeon.com.br\/portal\/#\/schema\/person\/image\/\",\"url\":\"https:\/\/secure.gravatar.com\/avatar\/459a9613caaaf07f582c3d0841eea68bdd66f533e465e6ba8b9cb45619572cf4?s=96&d=mm&r=g\",\"contentUrl\":\"https:\/\/secure.gravatar.com\/avatar\/459a9613caaaf07f582c3d0841eea68bdd66f533e465e6ba8b9cb45619572cf4?s=96&d=mm&r=g\",\"caption\":\"Redacao VerdadeOn\"},\"url\":\"https:\/\/verdadeon.com.br\/portal\/author\/redacao\/\"}]}<\/script>\n<!-- \/ Yoast SEO plugin. -->","yoast_head_json":{"title":"Pol\u00edcia Civil adota medidas contra o coronav\u00edrus - VerdadeOn","robots":{"index":"index","follow":"follow","max-snippet":"max-snippet:-1","max-image-preview":"max-image-preview:large","max-video-preview":"max-video-preview:-1"},"canonical":"https:\/\/verdadeon.com.br\/portal\/2020\/03\/17\/policia-civil-adota-medidas-contra-o-coronavirus\/","og_locale":"pt_BR","og_type":"article","og_title":"Pol\u00edcia Civil adota medidas contra o coronav\u00edrus - VerdadeOn","og_description":"Orienta\u00e7\u00e3o \u00e9 para que boletins de ocorr\u00eancia sejam registrados pela internet, sempre que poss\u00edvel &nbsp; Atenta ao crescimento em todo territ\u00f3rio nacional do Covid-19, o novo [\u2026]","og_url":"https:\/\/verdadeon.com.br\/portal\/2020\/03\/17\/policia-civil-adota-medidas-contra-o-coronavirus\/","og_site_name":"VerdadeOn","article_published_time":"2020-03-17T10:40:55+00:00","article_modified_time":"2020-03-18T19:31:22+00:00","og_image":[{"width":1000,"height":668,"url":"https:\/\/verdadeon.com.br\/portal\/wp-content\/uploads\/2020\/03\/Delegado-Dr.-Wanir-da-seccional-de-Franca-foto-Lindomar-cailton-3.jpg","type":"image\/jpeg"}],"author":"Redacao VerdadeOn","twitter_card":"summary_large_image","twitter_misc":{"Escrito por":"Redacao VerdadeOn","Est. tempo de leitura":"2 minutos"},"schema":{"@context":"https:\/\/schema.org","@graph":[{"@type":"WebPage","@id":"https:\/\/verdadeon.com.br\/portal\/2020\/03\/17\/policia-civil-adota-medidas-contra-o-coronavirus\/","url":"https:\/\/verdadeon.com.br\/portal\/2020\/03\/17\/policia-civil-adota-medidas-contra-o-coronavirus\/","name":"Pol\u00edcia Civil adota medidas contra o coronav\u00edrus - VerdadeOn","isPartOf":{"@id":"https:\/\/verdadeon.com.br\/portal\/#website"},"primaryImageOfPage":{"@id":"https:\/\/verdadeon.com.br\/portal\/2020\/03\/17\/policia-civil-adota-medidas-contra-o-coronavirus\/#primaryimage"},"image":{"@id":"https:\/\/verdadeon.com.br\/portal\/2020\/03\/17\/policia-civil-adota-medidas-contra-o-coronavirus\/#primaryimage"},"thumbnailUrl":"https:\/\/i0.wp.com\/verdadeon.com.br\/portal\/wp-content\/uploads\/2020\/03\/Delegado-Dr.-Wanir-da-seccional-de-Franca-foto-Lindomar-cailton-3.jpg?fit=1000%2C668&ssl=1","datePublished":"2020-03-17T10:40:55+00:00","dateModified":"2020-03-18T19:31:22+00:00","author":{"@id":"https:\/\/verdadeon.com.br\/portal\/#\/schema\/person\/a5060ad1e9ea3df545188fc93ce43d2f"},"breadcrumb":{"@id":"https:\/\/verdadeon.com.br\/portal\/2020\/03\/17\/policia-civil-adota-medidas-contra-o-coronavirus\/#breadcrumb"},"inLanguage":"pt-BR","potentialAction":[{"@type":"ReadAction","target":["https:\/\/verdadeon.com.br\/portal\/2020\/03\/17\/policia-civil-adota-medidas-contra-o-coronavirus\/"]}]},{"@type":"ImageObject","inLanguage":"pt-BR","@id":"https:\/\/verdadeon.com.br\/portal\/2020\/03\/17\/policia-civil-adota-medidas-contra-o-coronavirus\/#primaryimage","url":"https:\/\/i0.wp.com\/verdadeon.com.br\/portal\/wp-content\/uploads\/2020\/03\/Delegado-Dr.-Wanir-da-seccional-de-Franca-foto-Lindomar-cailton-3.jpg?fit=1000%2C668&ssl=1","contentUrl":"https:\/\/i0.wp.com\/verdadeon.com.br\/portal\/wp-content\/uploads\/2020\/03\/Delegado-Dr.-Wanir-da-seccional-de-Franca-foto-Lindomar-cailton-3.jpg?fit=1000%2C668&ssl=1","width":1000,"height":668,"caption":"alerta - O delegado seccional de Franca, Wanir Jos\u00e9 da Silveira J\u00fanior, convocou a imprensa para apresentar medidas tomadas com o intuito de evitar a aglomera\u00e7\u00e3o de pessoas nas delegacias de Franca e regi\u00e3o| Foto: Lindomar Cailton"},{"@type":"BreadcrumbList","@id":"https:\/\/verdadeon.com.br\/portal\/2020\/03\/17\/policia-civil-adota-medidas-contra-o-coronavirus\/#breadcrumb","itemListElement":[{"@type":"ListItem","position":1,"name":"In\u00edcio","item":"https:\/\/verdadeon.com.br\/portal\/"},{"@type":"ListItem","position":2,"name":"Pol\u00edcia Civil adota medidas contra o coronav\u00edrus"}]},{"@type":"WebSite","@id":"https:\/\/verdadeon.com.br\/portal\/#website","url":"https:\/\/verdadeon.com.br\/portal\/","name":"VerdadeOn","description":"Not\u00edcias di\u00e1rias sobre Franca, Regi\u00e3o, Esporte, Cultura, Cotidiano, Colunas. Cobertura nos principais eventos da cidade \u00e9 aqui - Verdadeon Franca","potentialAction":[{"@type":"SearchAction","target":{"@type":"EntryPoint","urlTemplate":"https:\/\/verdadeon.com.br\/portal\/?s={search_term_string}"},"query-input":{"@type":"PropertyValueSpecification","valueRequired":true,"valueName":"search_term_string"}}],"inLanguage":"pt-BR"},{"@type":"Person","@id":"https:\/\/verdadeon.com.br\/portal\/#\/schema\/person\/a5060ad1e9ea3df545188fc93ce43d2f","name":"Redacao VerdadeOn","image":{"@type":"ImageObject","inLanguage":"pt-BR","@id":"https:\/\/verdadeon.com.br\/portal\/#\/schema\/person\/image\/","url":"https:\/\/secure.gravatar.com\/avatar\/459a9613caaaf07f582c3d0841eea68bdd66f533e465e6ba8b9cb45619572cf4?s=96&d=mm&r=g","contentUrl":"https:\/\/secure.gravatar.com\/avatar\/459a9613caaaf07f582c3d0841eea68bdd66f533e465e6ba8b9cb45619572cf4?s=96&d=mm&r=g","caption":"Redacao VerdadeOn"},"url":"https:\/\/verdadeon.com.br\/portal\/author\/redacao\/"}]}},"jetpack_publicize_connections":[],"jetpack_featured_media_url":"https:\/\/i0.wp.com\/verdadeon.com.br\/portal\/wp-content\/uploads\/2020\/03\/Delegado-Dr.-Wanir-da-seccional-de-Franca-foto-Lindomar-cailton-3.jpg?fit=1000%2C668&ssl=1","jetpack_sharing_enabled":true,"_links":{"self":[{"href":"https:\/\/verdadeon.com.br\/portal\/wp-json\/wp\/v2\/posts\/5109","targetHints":{"allow":["GET"]}}],"collection":[{"href":"https:\/\/verdadeon.com.br\/portal\/wp-json\/wp\/v2\/posts"}],"about":[{"href":"https:\/\/verdadeon.com.br\/portal\/wp-json\/wp\/v2\/types\/post"}],"author":[{"embeddable":true,"href":"https:\/\/verdadeon.com.br\/portal\/wp-json\/wp\/v2\/users\/10"}],"replies":[{"embeddable":true,"href":"https:\/\/verdadeon.com.br\/portal\/wp-json\/wp\/v2\/comments?post=5109"}],"version-history":[{"count":0,"href":"https:\/\/verdadeon.com.br\/portal\/wp-json\/wp\/v2\/posts\/5109\/revisions"}],"wp:featuredmedia":[{"embeddable":true,"href":"https:\/\/verdadeon.com.br\/portal\/wp-json\/wp\/v2\/media\/5119"}],"wp:attachment":[{"href":"https:\/\/verdadeon.com.br\/portal\/wp-json\/wp\/v2\/media?parent=5109"}],"wp:term":[{"taxonomy":"category","embeddable":true,"href":"https:\/\/verdadeon.com.br\/portal\/wp-json\/wp\/v2\/categories?post=5109"},{"taxonomy":"post_tag","embeddable":true,"href":"https:\/\/verdadeon.com.br\/portal\/wp-json\/wp\/v2\/tags?post=5109"}],"curies":[{"name":"wp","href":"https:\/\/api.w.org\/{rel}","templated":true}]}}