{"id":51085,"date":"2024-10-31T06:33:53","date_gmt":"2024-10-31T09:33:53","guid":{"rendered":"https:\/\/verdadeon.com.br\/portal\/?p=51085"},"modified":"2024-10-31T16:36:30","modified_gmt":"2024-10-31T19:36:30","slug":"o-manejo-integrado-de-pragas-e-doencas-do-cafe-arabica","status":"publish","type":"post","link":"https:\/\/verdadeon.com.br\/portal\/2024\/10\/31\/o-manejo-integrado-de-pragas-e-doencas-do-cafe-arabica\/","title":{"rendered":"O manejo integrado de pragas e doen\u00e7as do caf\u00e9 ar\u00e1bica"},"content":{"rendered":"<p style=\"font-weight: 400;\">Nova publica\u00e7\u00e3o da s\u00e9rie Embrapa, Circular T\u00e9cnica n\u00ba8 \u2013 \u201cManejo integrado de pragas e doen\u00e7as do cafeeiro ar\u00e1bica\u201d, lan\u00e7ada pela Embrapa Caf\u00e9<strong>,<\/strong>\u00a0coordenadora do Cons\u00f3rcio Pesquisa Caf\u00e9, tem como objetivo apresentar de forma detalhada as principais pragas e doen\u00e7as que afetam a produ\u00e7\u00e3o de caf\u00e9 ar\u00e1bica no territ\u00f3rio nacional, e ainda\u00a0trazer informa\u00e7\u00f5es sobre a biologia e as recomenda\u00e7\u00f5es necess\u00e1rias para a ado\u00e7\u00e3o do manejo integrado dos problemas fitossanit\u00e1rios que afetam a cultura do caf\u00e9 ar\u00e1bica.<\/p>\n<p style=\"font-weight: 400;\">O Brasil \u00e9 o maior produtor e exportador de caf\u00e9 ar\u00e1bica (<em>Coffea arabica<\/em>) no mundo, sendo Minas Gerais o estado destaque na produ\u00e7\u00e3o e exporta\u00e7\u00e3o. H\u00e1 cerca de 1,52 milh\u00e3o de hectares (ha) de plantios de caf\u00e9 ar\u00e1bica no Brasil, que devem produzir, em 2024, o equivalente a 39,58 milh\u00f5es de sacas de 60kg beneficiadas, de acordo com o\u00a0<a href=\"http:\/\/www.consorciopesquisacafe.com.br\/images\/stories\/noticias\/2021\/2024\/Setembro\/3_levantamento_safra_conab.pdf\" data-saferedirecturl=\"https:\/\/www.google.com\/url?q=http:\/\/www.consorciopesquisacafe.com.br\/images\/stories\/noticias\/2021\/2024\/Setembro\/3_levantamento_safra_conab.pdf&amp;source=gmail&amp;ust=1730487123833000&amp;usg=AOvVaw0Gemdlp57WleDyJmwrSx-O\">3\u00ba Levantamento de Safra de 2024<\/a>, da\u00a0<a href=\"https:\/\/www.conab.gov.br\/\" data-saferedirecturl=\"https:\/\/www.google.com\/url?q=https:\/\/www.conab.gov.br\/&amp;source=gmail&amp;ust=1730487123833000&amp;usg=AOvVaw1q4W9NofMJfa0e-l9HiadY\">Conab<\/a>.\u00a0Diante disso, o caf\u00e9 ar\u00e1bica possui grande import\u00e2ncia econ\u00f4mica no pa\u00eds, o qual possui a agricultura como respons\u00e1vel por cerca de 20% do Produto Interno Bruto (PIB).<\/p>\n<p style=\"font-weight: 400;\">Contudo, os cultivos de caf\u00e9 ar\u00e1bica no Brasil s\u00e3o acometidos por diversas pragas e doen\u00e7as, e seus impactos variam de acordo com a regi\u00e3o do pa\u00eds. O ataque de pragas e doen\u00e7as pode reduzir a produtividade das plantas, inviabilizar a exporta\u00e7\u00e3o do gr\u00e3o, e, at\u00e9 mesmo, levar a planta \u00e0 morte. Entre os grandes problemas fitossanit\u00e1rios dos cultivos de caf\u00e9, destacam-se \u00e1caros e insectos herb\u00edvoros (pragas), doen\u00e7as causadas por fungos, bact\u00e9rias, v\u00edrus e nemat\u00f3ides.<\/p>\n<div id=\"attachment_38527\" style=\"width: 2570px\" class=\"wp-caption alignnone\"><img data-recalc-dims=\"1\" loading=\"lazy\" decoding=\"async\" aria-describedby=\"caption-attachment-38527\" class=\"size-full wp-image-38527\" src=\"https:\/\/i0.wp.com\/verdadeon.com.br\/portal\/wp-content\/uploads\/2023\/10\/WhatsApp-Image-2023-10-20-at-15.44.40-scaled.jpeg?resize=1220%2C817&#038;ssl=1\" alt=\"\" width=\"1220\" height=\"817\" srcset=\"https:\/\/i0.wp.com\/verdadeon.com.br\/portal\/wp-content\/uploads\/2023\/10\/WhatsApp-Image-2023-10-20-at-15.44.40-scaled.jpeg?w=2560&amp;ssl=1 2560w, https:\/\/i0.wp.com\/verdadeon.com.br\/portal\/wp-content\/uploads\/2023\/10\/WhatsApp-Image-2023-10-20-at-15.44.40-scaled.jpeg?resize=300%2C201&amp;ssl=1 300w, https:\/\/i0.wp.com\/verdadeon.com.br\/portal\/wp-content\/uploads\/2023\/10\/WhatsApp-Image-2023-10-20-at-15.44.40-scaled.jpeg?resize=1024%2C686&amp;ssl=1 1024w, https:\/\/i0.wp.com\/verdadeon.com.br\/portal\/wp-content\/uploads\/2023\/10\/WhatsApp-Image-2023-10-20-at-15.44.40-scaled.jpeg?resize=768%2C515&amp;ssl=1 768w, https:\/\/i0.wp.com\/verdadeon.com.br\/portal\/wp-content\/uploads\/2023\/10\/WhatsApp-Image-2023-10-20-at-15.44.40-scaled.jpeg?resize=1536%2C1029&amp;ssl=1 1536w, https:\/\/i0.wp.com\/verdadeon.com.br\/portal\/wp-content\/uploads\/2023\/10\/WhatsApp-Image-2023-10-20-at-15.44.40-scaled.jpeg?resize=2048%2C1372&amp;ssl=1 2048w, https:\/\/i0.wp.com\/verdadeon.com.br\/portal\/wp-content\/uploads\/2023\/10\/WhatsApp-Image-2023-10-20-at-15.44.40-scaled.jpeg?resize=218%2C146&amp;ssl=1 218w, https:\/\/i0.wp.com\/verdadeon.com.br\/portal\/wp-content\/uploads\/2023\/10\/WhatsApp-Image-2023-10-20-at-15.44.40-scaled.jpeg?resize=50%2C33&amp;ssl=1 50w, https:\/\/i0.wp.com\/verdadeon.com.br\/portal\/wp-content\/uploads\/2023\/10\/WhatsApp-Image-2023-10-20-at-15.44.40-scaled.jpeg?resize=112%2C75&amp;ssl=1 112w, https:\/\/i0.wp.com\/verdadeon.com.br\/portal\/wp-content\/uploads\/2023\/10\/WhatsApp-Image-2023-10-20-at-15.44.40-scaled.jpeg?resize=1000%2C670&amp;ssl=1 1000w, https:\/\/i0.wp.com\/verdadeon.com.br\/portal\/wp-content\/uploads\/2023\/10\/WhatsApp-Image-2023-10-20-at-15.44.40-scaled.jpeg?w=2440&amp;ssl=1 2440w\" sizes=\"auto, (max-width: 1220px) 100vw, 1220px\" \/><p id=\"caption-attachment-38527\" class=\"wp-caption-text\">Expectativa \u00e9 de aumento na produ\u00e7\u00e3o de caf\u00e9 no pr\u00f3ximo ano (\u00a9Divulga\u00e7\u00e3o)<\/p><\/div>\n<p style=\"font-weight: 400;\">Diante do grave impacto dos problemas fitossanit\u00e1rios para a cultura do caf\u00e9 ar\u00e1bica, h\u00e1 uma grande preocupa\u00e7\u00e3o sobre como evitar e\/ou controlar as pragas e doen\u00e7as nos cultivos. Podem ser adotadas diversas medidas preventivas e \u2018curativas\u2019. Visando integrar os m\u00e9todos para uma maior efici\u00eancia no controle da praga ou doen\u00e7a, recomenda-se a ado\u00e7\u00e3o do manejo integrado. O manejo integrado \u00e9 um processo de tomada de decis\u00e3o baseado na ci\u00eancia que enfatiza a minimiza\u00e7\u00e3o de perdas econ\u00f4micas, por meio do conhecimento da biologia das pragas e doen\u00e7as, amostragem e o uso de t\u00e1ticas de controle.<\/p>\n<p style=\"font-weight: 400;\">O objetivo da\u00a0Circular T\u00e9cnica n\u00ba8 \u2013 \u201cManejo integrado de pragas e doen\u00e7as do cafeeiro ar\u00e1bica\u201d, lan\u00e7ada pela Embrapa Caf\u00e9, em outubro de 2024,\u00a0\u00e9 trazer informa\u00e7\u00f5es sobre a biologia e as recomenda\u00e7\u00f5es necess\u00e1rias para a ado\u00e7\u00e3o do manejo integrado dos problemas fitossanit\u00e1rios que afetam a cultura do caf\u00e9 ar\u00e1bica.<\/p>\n<p style=\"font-weight: 400;\">A referida publica\u00e7\u00e3o lista as principais pragas e doen\u00e7as que ocorrem nos maiores estados produtores, considerando a diversidade de cultivo e diferentes regi\u00f5es cafeeiras do Brasil. S\u00e3o relatadas as medidas de controle, a situa\u00e7\u00e3o atual e potencial de agravamento. Para melhor<strong>\u00a0<\/strong>praticidade do leitor, \u00e9 apresentada na se\u00e7\u00e3o final desta publica\u00e7\u00e3o uma s\u00edntese das diretrizes de manejo para cada uma das pragas e doen\u00e7as descritas.<\/p>\n<p style=\"font-weight: 400;\">A proposta \u00e9 que o documento sirva de manual para identifica\u00e7\u00e3o dos stresses bi\u00f3ticos que ocorrem no campo e viveiro e que possa nortear o agente envolvido no cultivo de caf\u00e9 a tomar a decis\u00e3o de controle ou n\u00e3o do estresse. Dessa forma, foram abordadas as principais pragas e doen\u00e7as e as consideradas secund\u00e1rias, mas que podem ocorrer de forma pontual e espor\u00e1dica.<\/p>\n","protected":false},"excerpt":{"rendered":"<p>Nova publica\u00e7\u00e3o da s\u00e9rie Embrapa, Circular T\u00e9cnica n\u00ba8 \u2013 \u201cManejo integrado de pragas e doen\u00e7as do cafeeiro ar\u00e1bica\u201d, lan\u00e7ada pela Embrapa Caf\u00e9,\u00a0coordenadora do Cons\u00f3rcio Pesquisa Caf\u00e9,<span class=\"excerpt-hellip\"> [\u2026]<\/span><\/p>\n","protected":false},"author":10,"featured_media":31243,"comment_status":"open","ping_status":"open","sticky":false,"template":"","format":"standard","meta":{"_jetpack_memberships_contains_paid_content":false,"footnotes":"","jetpack_publicize_message":"","jetpack_publicize_feature_enabled":true,"jetpack_social_post_already_shared":true,"jetpack_social_options":{"image_generator_settings":{"template":"highway","default_image_id":0,"enabled":false},"version":2}},"categories":[28,44],"tags":[],"class_list":["post-51085","post","type-post","status-publish","format-standard","has-post-thumbnail","hentry","category-cotidiano","category-noticias"],"yoast_head":"<!-- This site is optimized with the Yoast SEO plugin v25.6 - https:\/\/yoast.com\/wordpress\/plugins\/seo\/ -->\n<title>O manejo integrado de pragas e doen\u00e7as do caf\u00e9 ar\u00e1bica - VerdadeOn<\/title>\n<meta name=\"robots\" content=\"index, follow, max-snippet:-1, max-image-preview:large, max-video-preview:-1\" \/>\n<link rel=\"canonical\" href=\"https:\/\/verdadeon.com.br\/portal\/2024\/10\/31\/o-manejo-integrado-de-pragas-e-doencas-do-cafe-arabica\/\" \/>\n<meta property=\"og:locale\" content=\"pt_BR\" \/>\n<meta property=\"og:type\" content=\"article\" \/>\n<meta property=\"og:title\" content=\"O manejo integrado de pragas e doen\u00e7as do caf\u00e9 ar\u00e1bica - VerdadeOn\" \/>\n<meta property=\"og:description\" content=\"Nova publica\u00e7\u00e3o da s\u00e9rie Embrapa, Circular T\u00e9cnica n\u00ba8 \u2013 \u201cManejo integrado de pragas e doen\u00e7as do cafeeiro ar\u00e1bica\u201d, lan\u00e7ada pela Embrapa Caf\u00e9,\u00a0coordenadora do Cons\u00f3rcio Pesquisa Caf\u00e9, [\u2026]\" \/>\n<meta property=\"og:url\" content=\"https:\/\/verdadeon.com.br\/portal\/2024\/10\/31\/o-manejo-integrado-de-pragas-e-doencas-do-cafe-arabica\/\" \/>\n<meta property=\"og:site_name\" content=\"VerdadeOn\" \/>\n<meta property=\"article:published_time\" content=\"2024-10-31T09:33:53+00:00\" \/>\n<meta property=\"article:modified_time\" content=\"2024-10-31T19:36:30+00:00\" \/>\n<meta property=\"og:image\" content=\"https:\/\/verdadeon.com.br\/portal\/wp-content\/uploads\/2023\/01\/vac_abr_10061916754_0.jpg\" \/>\n\t<meta property=\"og:image:width\" content=\"1000\" \/>\n\t<meta property=\"og:image:height\" content=\"670\" \/>\n\t<meta property=\"og:image:type\" content=\"image\/jpeg\" \/>\n<meta name=\"author\" content=\"Redacao VerdadeOn\" \/>\n<meta name=\"twitter:card\" content=\"summary_large_image\" \/>\n<meta name=\"twitter:label1\" content=\"Escrito por\" \/>\n\t<meta name=\"twitter:data1\" content=\"Redacao VerdadeOn\" \/>\n\t<meta name=\"twitter:label2\" content=\"Est. tempo de leitura\" \/>\n\t<meta name=\"twitter:data2\" content=\"4 minutos\" \/>\n<script type=\"application\/ld+json\" class=\"yoast-schema-graph\">{\"@context\":\"https:\/\/schema.org\",\"@graph\":[{\"@type\":\"WebPage\",\"@id\":\"https:\/\/verdadeon.com.br\/portal\/2024\/10\/31\/o-manejo-integrado-de-pragas-e-doencas-do-cafe-arabica\/\",\"url\":\"https:\/\/verdadeon.com.br\/portal\/2024\/10\/31\/o-manejo-integrado-de-pragas-e-doencas-do-cafe-arabica\/\",\"name\":\"O manejo integrado de pragas e doen\u00e7as do caf\u00e9 ar\u00e1bica - VerdadeOn\",\"isPartOf\":{\"@id\":\"https:\/\/verdadeon.com.br\/portal\/#website\"},\"primaryImageOfPage\":{\"@id\":\"https:\/\/verdadeon.com.br\/portal\/2024\/10\/31\/o-manejo-integrado-de-pragas-e-doencas-do-cafe-arabica\/#primaryimage\"},\"image\":{\"@id\":\"https:\/\/verdadeon.com.br\/portal\/2024\/10\/31\/o-manejo-integrado-de-pragas-e-doencas-do-cafe-arabica\/#primaryimage\"},\"thumbnailUrl\":\"https:\/\/i0.wp.com\/verdadeon.com.br\/portal\/wp-content\/uploads\/2023\/01\/vac_abr_10061916754_0.jpg?fit=1000%2C670&ssl=1\",\"datePublished\":\"2024-10-31T09:33:53+00:00\",\"dateModified\":\"2024-10-31T19:36:30+00:00\",\"author\":{\"@id\":\"https:\/\/verdadeon.com.br\/portal\/#\/schema\/person\/a5060ad1e9ea3df545188fc93ce43d2f\"},\"breadcrumb\":{\"@id\":\"https:\/\/verdadeon.com.br\/portal\/2024\/10\/31\/o-manejo-integrado-de-pragas-e-doencas-do-cafe-arabica\/#breadcrumb\"},\"inLanguage\":\"pt-BR\",\"potentialAction\":[{\"@type\":\"ReadAction\",\"target\":[\"https:\/\/verdadeon.com.br\/portal\/2024\/10\/31\/o-manejo-integrado-de-pragas-e-doencas-do-cafe-arabica\/\"]}]},{\"@type\":\"ImageObject\",\"inLanguage\":\"pt-BR\",\"@id\":\"https:\/\/verdadeon.com.br\/portal\/2024\/10\/31\/o-manejo-integrado-de-pragas-e-doencas-do-cafe-arabica\/#primaryimage\",\"url\":\"https:\/\/i0.wp.com\/verdadeon.com.br\/portal\/wp-content\/uploads\/2023\/01\/vac_abr_10061916754_0.jpg?fit=1000%2C670&ssl=1\",\"contentUrl\":\"https:\/\/i0.wp.com\/verdadeon.com.br\/portal\/wp-content\/uploads\/2023\/01\/vac_abr_10061916754_0.jpg?fit=1000%2C670&ssl=1\",\"width\":1000,\"height\":670,\"caption\":\"Caf\u00e9 foi o principal produto das exporta\u00e7\u00f5es de Franca para o exterior em 2025 (\u00a9Divulga\u00e7\u00e3o)\"},{\"@type\":\"BreadcrumbList\",\"@id\":\"https:\/\/verdadeon.com.br\/portal\/2024\/10\/31\/o-manejo-integrado-de-pragas-e-doencas-do-cafe-arabica\/#breadcrumb\",\"itemListElement\":[{\"@type\":\"ListItem\",\"position\":1,\"name\":\"In\u00edcio\",\"item\":\"https:\/\/verdadeon.com.br\/portal\/\"},{\"@type\":\"ListItem\",\"position\":2,\"name\":\"O manejo integrado de pragas e doen\u00e7as do caf\u00e9 ar\u00e1bica\"}]},{\"@type\":\"WebSite\",\"@id\":\"https:\/\/verdadeon.com.br\/portal\/#website\",\"url\":\"https:\/\/verdadeon.com.br\/portal\/\",\"name\":\"VerdadeOn\",\"description\":\"Not\u00edcias di\u00e1rias sobre Franca, Regi\u00e3o, Esporte, Cultura, Cotidiano, Colunas. Cobertura nos principais eventos da cidade \u00e9 aqui - Verdadeon Franca\",\"potentialAction\":[{\"@type\":\"SearchAction\",\"target\":{\"@type\":\"EntryPoint\",\"urlTemplate\":\"https:\/\/verdadeon.com.br\/portal\/?s={search_term_string}\"},\"query-input\":{\"@type\":\"PropertyValueSpecification\",\"valueRequired\":true,\"valueName\":\"search_term_string\"}}],\"inLanguage\":\"pt-BR\"},{\"@type\":\"Person\",\"@id\":\"https:\/\/verdadeon.com.br\/portal\/#\/schema\/person\/a5060ad1e9ea3df545188fc93ce43d2f\",\"name\":\"Redacao VerdadeOn\",\"image\":{\"@type\":\"ImageObject\",\"inLanguage\":\"pt-BR\",\"@id\":\"https:\/\/verdadeon.com.br\/portal\/#\/schema\/person\/image\/\",\"url\":\"https:\/\/secure.gravatar.com\/avatar\/459a9613caaaf07f582c3d0841eea68bdd66f533e465e6ba8b9cb45619572cf4?s=96&d=mm&r=g\",\"contentUrl\":\"https:\/\/secure.gravatar.com\/avatar\/459a9613caaaf07f582c3d0841eea68bdd66f533e465e6ba8b9cb45619572cf4?s=96&d=mm&r=g\",\"caption\":\"Redacao VerdadeOn\"},\"url\":\"https:\/\/verdadeon.com.br\/portal\/author\/redacao\/\"}]}<\/script>\n<!-- \/ Yoast SEO plugin. -->","yoast_head_json":{"title":"O manejo integrado de pragas e doen\u00e7as do caf\u00e9 ar\u00e1bica - VerdadeOn","robots":{"index":"index","follow":"follow","max-snippet":"max-snippet:-1","max-image-preview":"max-image-preview:large","max-video-preview":"max-video-preview:-1"},"canonical":"https:\/\/verdadeon.com.br\/portal\/2024\/10\/31\/o-manejo-integrado-de-pragas-e-doencas-do-cafe-arabica\/","og_locale":"pt_BR","og_type":"article","og_title":"O manejo integrado de pragas e doen\u00e7as do caf\u00e9 ar\u00e1bica - VerdadeOn","og_description":"Nova publica\u00e7\u00e3o da s\u00e9rie Embrapa, Circular T\u00e9cnica n\u00ba8 \u2013 \u201cManejo integrado de pragas e doen\u00e7as do cafeeiro ar\u00e1bica\u201d, lan\u00e7ada pela Embrapa Caf\u00e9,\u00a0coordenadora do Cons\u00f3rcio Pesquisa Caf\u00e9, [\u2026]","og_url":"https:\/\/verdadeon.com.br\/portal\/2024\/10\/31\/o-manejo-integrado-de-pragas-e-doencas-do-cafe-arabica\/","og_site_name":"VerdadeOn","article_published_time":"2024-10-31T09:33:53+00:00","article_modified_time":"2024-10-31T19:36:30+00:00","og_image":[{"width":1000,"height":670,"url":"https:\/\/verdadeon.com.br\/portal\/wp-content\/uploads\/2023\/01\/vac_abr_10061916754_0.jpg","type":"image\/jpeg"}],"author":"Redacao VerdadeOn","twitter_card":"summary_large_image","twitter_misc":{"Escrito por":"Redacao VerdadeOn","Est. tempo de leitura":"4 minutos"},"schema":{"@context":"https:\/\/schema.org","@graph":[{"@type":"WebPage","@id":"https:\/\/verdadeon.com.br\/portal\/2024\/10\/31\/o-manejo-integrado-de-pragas-e-doencas-do-cafe-arabica\/","url":"https:\/\/verdadeon.com.br\/portal\/2024\/10\/31\/o-manejo-integrado-de-pragas-e-doencas-do-cafe-arabica\/","name":"O manejo integrado de pragas e doen\u00e7as do caf\u00e9 ar\u00e1bica - VerdadeOn","isPartOf":{"@id":"https:\/\/verdadeon.com.br\/portal\/#website"},"primaryImageOfPage":{"@id":"https:\/\/verdadeon.com.br\/portal\/2024\/10\/31\/o-manejo-integrado-de-pragas-e-doencas-do-cafe-arabica\/#primaryimage"},"image":{"@id":"https:\/\/verdadeon.com.br\/portal\/2024\/10\/31\/o-manejo-integrado-de-pragas-e-doencas-do-cafe-arabica\/#primaryimage"},"thumbnailUrl":"https:\/\/i0.wp.com\/verdadeon.com.br\/portal\/wp-content\/uploads\/2023\/01\/vac_abr_10061916754_0.jpg?fit=1000%2C670&ssl=1","datePublished":"2024-10-31T09:33:53+00:00","dateModified":"2024-10-31T19:36:30+00:00","author":{"@id":"https:\/\/verdadeon.com.br\/portal\/#\/schema\/person\/a5060ad1e9ea3df545188fc93ce43d2f"},"breadcrumb":{"@id":"https:\/\/verdadeon.com.br\/portal\/2024\/10\/31\/o-manejo-integrado-de-pragas-e-doencas-do-cafe-arabica\/#breadcrumb"},"inLanguage":"pt-BR","potentialAction":[{"@type":"ReadAction","target":["https:\/\/verdadeon.com.br\/portal\/2024\/10\/31\/o-manejo-integrado-de-pragas-e-doencas-do-cafe-arabica\/"]}]},{"@type":"ImageObject","inLanguage":"pt-BR","@id":"https:\/\/verdadeon.com.br\/portal\/2024\/10\/31\/o-manejo-integrado-de-pragas-e-doencas-do-cafe-arabica\/#primaryimage","url":"https:\/\/i0.wp.com\/verdadeon.com.br\/portal\/wp-content\/uploads\/2023\/01\/vac_abr_10061916754_0.jpg?fit=1000%2C670&ssl=1","contentUrl":"https:\/\/i0.wp.com\/verdadeon.com.br\/portal\/wp-content\/uploads\/2023\/01\/vac_abr_10061916754_0.jpg?fit=1000%2C670&ssl=1","width":1000,"height":670,"caption":"Caf\u00e9 foi o principal produto das exporta\u00e7\u00f5es de Franca para o exterior em 2025 (\u00a9Divulga\u00e7\u00e3o)"},{"@type":"BreadcrumbList","@id":"https:\/\/verdadeon.com.br\/portal\/2024\/10\/31\/o-manejo-integrado-de-pragas-e-doencas-do-cafe-arabica\/#breadcrumb","itemListElement":[{"@type":"ListItem","position":1,"name":"In\u00edcio","item":"https:\/\/verdadeon.com.br\/portal\/"},{"@type":"ListItem","position":2,"name":"O manejo integrado de pragas e doen\u00e7as do caf\u00e9 ar\u00e1bica"}]},{"@type":"WebSite","@id":"https:\/\/verdadeon.com.br\/portal\/#website","url":"https:\/\/verdadeon.com.br\/portal\/","name":"VerdadeOn","description":"Not\u00edcias di\u00e1rias sobre Franca, Regi\u00e3o, Esporte, Cultura, Cotidiano, Colunas. Cobertura nos principais eventos da cidade \u00e9 aqui - Verdadeon Franca","potentialAction":[{"@type":"SearchAction","target":{"@type":"EntryPoint","urlTemplate":"https:\/\/verdadeon.com.br\/portal\/?s={search_term_string}"},"query-input":{"@type":"PropertyValueSpecification","valueRequired":true,"valueName":"search_term_string"}}],"inLanguage":"pt-BR"},{"@type":"Person","@id":"https:\/\/verdadeon.com.br\/portal\/#\/schema\/person\/a5060ad1e9ea3df545188fc93ce43d2f","name":"Redacao VerdadeOn","image":{"@type":"ImageObject","inLanguage":"pt-BR","@id":"https:\/\/verdadeon.com.br\/portal\/#\/schema\/person\/image\/","url":"https:\/\/secure.gravatar.com\/avatar\/459a9613caaaf07f582c3d0841eea68bdd66f533e465e6ba8b9cb45619572cf4?s=96&d=mm&r=g","contentUrl":"https:\/\/secure.gravatar.com\/avatar\/459a9613caaaf07f582c3d0841eea68bdd66f533e465e6ba8b9cb45619572cf4?s=96&d=mm&r=g","caption":"Redacao VerdadeOn"},"url":"https:\/\/verdadeon.com.br\/portal\/author\/redacao\/"}]}},"jetpack_publicize_connections":[],"jetpack_featured_media_url":"https:\/\/i0.wp.com\/verdadeon.com.br\/portal\/wp-content\/uploads\/2023\/01\/vac_abr_10061916754_0.jpg?fit=1000%2C670&ssl=1","jetpack_sharing_enabled":true,"_links":{"self":[{"href":"https:\/\/verdadeon.com.br\/portal\/wp-json\/wp\/v2\/posts\/51085","targetHints":{"allow":["GET"]}}],"collection":[{"href":"https:\/\/verdadeon.com.br\/portal\/wp-json\/wp\/v2\/posts"}],"about":[{"href":"https:\/\/verdadeon.com.br\/portal\/wp-json\/wp\/v2\/types\/post"}],"author":[{"embeddable":true,"href":"https:\/\/verdadeon.com.br\/portal\/wp-json\/wp\/v2\/users\/10"}],"replies":[{"embeddable":true,"href":"https:\/\/verdadeon.com.br\/portal\/wp-json\/wp\/v2\/comments?post=51085"}],"version-history":[{"count":1,"href":"https:\/\/verdadeon.com.br\/portal\/wp-json\/wp\/v2\/posts\/51085\/revisions"}],"predecessor-version":[{"id":51086,"href":"https:\/\/verdadeon.com.br\/portal\/wp-json\/wp\/v2\/posts\/51085\/revisions\/51086"}],"wp:featuredmedia":[{"embeddable":true,"href":"https:\/\/verdadeon.com.br\/portal\/wp-json\/wp\/v2\/media\/31243"}],"wp:attachment":[{"href":"https:\/\/verdadeon.com.br\/portal\/wp-json\/wp\/v2\/media?parent=51085"}],"wp:term":[{"taxonomy":"category","embeddable":true,"href":"https:\/\/verdadeon.com.br\/portal\/wp-json\/wp\/v2\/categories?post=51085"},{"taxonomy":"post_tag","embeddable":true,"href":"https:\/\/verdadeon.com.br\/portal\/wp-json\/wp\/v2\/tags?post=51085"}],"curies":[{"name":"wp","href":"https:\/\/api.w.org\/{rel}","templated":true}]}}