{"id":5107,"date":"2020-03-17T07:20:49","date_gmt":"2020-03-17T10:20:49","guid":{"rendered":"http:\/\/verdadeon.com.br\/portal\/?p=5107"},"modified":"2020-03-18T16:31:35","modified_gmt":"2020-03-18T19:31:35","slug":"prefeitura-de-franca-anuncia-criacao-de-comite-de-enfrentamento-ao-coronavirus","status":"publish","type":"post","link":"https:\/\/verdadeon.com.br\/portal\/2020\/03\/17\/prefeitura-de-franca-anuncia-criacao-de-comite-de-enfrentamento-ao-coronavirus\/","title":{"rendered":"Prefeitura de Franca anuncia cria\u00e7\u00e3o de Comit\u00ea de Enfrentamento ao Coronav\u00edrus"},"content":{"rendered":"<h2>Objetivo do gabinete \u00e9 prevenir a entrada do novo v\u00edrus na cidade<\/h2>\n<p>&nbsp;<\/p>\n<p>Reportagem Fernando de Paula<\/p>\n<p>Foi anunciada na tarde de ontem (16), em uma coletiva de imprensa, a cria\u00e7\u00e3o de um Comit\u00ea de Enfrentamento ao Coronav\u00edrus. Com a presen\u00e7a dos secret\u00e1rios de Sa\u00fade, Educa\u00e7\u00e3o, Servi\u00e7os e Meio ambiente e de Cultura, a Prefeitura informou que fez contato com hospitais particulares e p\u00fablicos, al\u00e9m de unidades de sa\u00fade para estabelecer a log\u00edstica a ser seguida para combater o corona em Franca.<br \/>\nPara o secret\u00e1rio de Sa\u00fade Jos\u00e9 Conrado Netto, \u00e9 preciso realizar um pacto entre o poder p\u00fablico e a popula\u00e7\u00e3o para combater a doen\u00e7a. Durante a reuni\u00e3o, Gilson anunciou que Netto ser\u00e1 o chefe de gabinete, para ter mais agilidade para despachar as medidas a serem tomadas para o combate.<br \/>\n&#8220;\u00c9 s\u00f3 a preven\u00e7\u00e3o que vai fazer com que passemos por isso. S\u00e3o medidas simples, como lavar as m\u00e3os no m\u00ednimo por 20 segundos, depois higienizar com \u00e1lcool&#8221;, afirmou o secret\u00e1rio.<br \/>\nNetto destacou ainda que algumas not\u00edcias falsas foram repassadas em grupos, afirmando que a cidade possui casos da doen\u00e7a, o que foi desmentido.<br \/>\n&#8220;Hoje n\u00f3s temos 7 casos que aguardam resultados, todos pacientes estiveram na europa e tiveram contato com pessoas que testaram positivo. Quatro casos foram descartados. N\u00e3o existe ningu\u00e9m internado em Franca com corona, isso \u00e9 fake&#8221;, informou.<br \/>\nO m\u00e9dico chefe da Vigil\u00e2ncia Epidemiol\u00f3gica, Homero Ant\u00f4nio Rosa, destacou ainda que as medidas de higieniza\u00e7\u00e3o aliadas \u00e0s informa\u00e7\u00f5es corretas, v\u00e3o colaborar para o enfrentamento do v\u00edrus. &#8220;Ningu\u00e9m est\u00e1 imune. Precisamos redobrar os cuidados de preven\u00e7\u00e3o. O v\u00edrus sofreu uma muta\u00e7\u00e3o nos \u00faltimos anos e come\u00e7ou a infectar as pessoas. Idosos, pessoas com problemas de cora\u00e7\u00e3o, nos rins t\u00eam a chance maior de serem v\u00edtimas da doen\u00e7a&#8221;, afirmou.<br \/>\nO secret\u00e1rio de Educa\u00e7\u00e3o Edgar Ajax informou que as aulas na rede municipal de ensino, ser\u00e3o facultativas durante esta semana, mas que na pr\u00f3xima as aulas estar\u00e3o suspensas. &#8220;\u00c9 uma medida necess\u00e1ria. J\u00e1 nesta semana as aulas do AJA, que s\u00e3o voltadas para um p\u00fablico mais velho, j\u00e1 est\u00e3o canceladas&#8221;<\/p>\n","protected":false},"excerpt":{"rendered":"<p>Objetivo do gabinete \u00e9 prevenir a entrada do novo v\u00edrus na cidade &nbsp; Reportagem Fernando de Paula Foi anunciada na tarde de ontem (16), em uma<span class=\"excerpt-hellip\"> [\u2026]<\/span><\/p>\n","protected":false},"author":10,"featured_media":5115,"comment_status":"open","ping_status":"open","sticky":false,"template":"","format":"standard","meta":{"_jetpack_memberships_contains_paid_content":false,"footnotes":"","jetpack_publicize_message":"","jetpack_publicize_feature_enabled":true,"jetpack_social_post_already_shared":false,"jetpack_social_options":{"image_generator_settings":{"template":"highway","default_image_id":0,"enabled":false},"version":2}},"categories":[104,28,81],"tags":[],"class_list":["post-5107","post","type-post","status-publish","format-standard","has-post-thumbnail","hentry","category-coronavirus","category-cotidiano","category-manchete"],"yoast_head":"<!-- This site is optimized with the Yoast SEO plugin v25.6 - https:\/\/yoast.com\/wordpress\/plugins\/seo\/ -->\n<title>Prefeitura de Franca anuncia cria\u00e7\u00e3o de Comit\u00ea de Enfrentamento ao Coronav\u00edrus - VerdadeOn<\/title>\n<meta name=\"robots\" content=\"index, follow, max-snippet:-1, max-image-preview:large, max-video-preview:-1\" \/>\n<link rel=\"canonical\" href=\"https:\/\/verdadeon.com.br\/portal\/2020\/03\/17\/prefeitura-de-franca-anuncia-criacao-de-comite-de-enfrentamento-ao-coronavirus\/\" \/>\n<meta property=\"og:locale\" content=\"pt_BR\" \/>\n<meta property=\"og:type\" content=\"article\" \/>\n<meta property=\"og:title\" content=\"Prefeitura de Franca anuncia cria\u00e7\u00e3o de Comit\u00ea de Enfrentamento ao Coronav\u00edrus - VerdadeOn\" \/>\n<meta property=\"og:description\" content=\"Objetivo do gabinete \u00e9 prevenir a entrada do novo v\u00edrus na cidade &nbsp; Reportagem Fernando de Paula Foi anunciada na tarde de ontem (16), em uma [\u2026]\" \/>\n<meta property=\"og:url\" content=\"https:\/\/verdadeon.com.br\/portal\/2020\/03\/17\/prefeitura-de-franca-anuncia-criacao-de-comite-de-enfrentamento-ao-coronavirus\/\" \/>\n<meta property=\"og:site_name\" content=\"VerdadeOn\" \/>\n<meta property=\"article:published_time\" content=\"2020-03-17T10:20:49+00:00\" \/>\n<meta property=\"article:modified_time\" content=\"2020-03-18T19:31:35+00:00\" \/>\n<meta property=\"og:image\" content=\"https:\/\/verdadeon.com.br\/portal\/wp-content\/uploads\/2020\/03\/WhatsApp-Image-2020-03-16-at-17.10.13.jpg\" \/>\n\t<meta property=\"og:image:width\" content=\"1000\" \/>\n\t<meta property=\"og:image:height\" content=\"474\" \/>\n\t<meta property=\"og:image:type\" content=\"image\/jpeg\" \/>\n<meta name=\"author\" content=\"Redacao VerdadeOn\" \/>\n<meta name=\"twitter:card\" content=\"summary_large_image\" \/>\n<meta name=\"twitter:label1\" content=\"Escrito por\" \/>\n\t<meta name=\"twitter:data1\" content=\"Redacao VerdadeOn\" \/>\n\t<meta name=\"twitter:label2\" content=\"Est. tempo de leitura\" \/>\n\t<meta name=\"twitter:data2\" content=\"2 minutos\" \/>\n<script type=\"application\/ld+json\" class=\"yoast-schema-graph\">{\"@context\":\"https:\/\/schema.org\",\"@graph\":[{\"@type\":\"WebPage\",\"@id\":\"https:\/\/verdadeon.com.br\/portal\/2020\/03\/17\/prefeitura-de-franca-anuncia-criacao-de-comite-de-enfrentamento-ao-coronavirus\/\",\"url\":\"https:\/\/verdadeon.com.br\/portal\/2020\/03\/17\/prefeitura-de-franca-anuncia-criacao-de-comite-de-enfrentamento-ao-coronavirus\/\",\"name\":\"Prefeitura de Franca anuncia cria\u00e7\u00e3o de Comit\u00ea de Enfrentamento ao Coronav\u00edrus - VerdadeOn\",\"isPartOf\":{\"@id\":\"https:\/\/verdadeon.com.br\/portal\/#website\"},\"primaryImageOfPage\":{\"@id\":\"https:\/\/verdadeon.com.br\/portal\/2020\/03\/17\/prefeitura-de-franca-anuncia-criacao-de-comite-de-enfrentamento-ao-coronavirus\/#primaryimage\"},\"image\":{\"@id\":\"https:\/\/verdadeon.com.br\/portal\/2020\/03\/17\/prefeitura-de-franca-anuncia-criacao-de-comite-de-enfrentamento-ao-coronavirus\/#primaryimage\"},\"thumbnailUrl\":\"https:\/\/i0.wp.com\/verdadeon.com.br\/portal\/wp-content\/uploads\/2020\/03\/WhatsApp-Image-2020-03-16-at-17.10.13.jpg?fit=1000%2C474&ssl=1\",\"datePublished\":\"2020-03-17T10:20:49+00:00\",\"dateModified\":\"2020-03-18T19:31:35+00:00\",\"author\":{\"@id\":\"https:\/\/verdadeon.com.br\/portal\/#\/schema\/person\/a5060ad1e9ea3df545188fc93ce43d2f\"},\"breadcrumb\":{\"@id\":\"https:\/\/verdadeon.com.br\/portal\/2020\/03\/17\/prefeitura-de-franca-anuncia-criacao-de-comite-de-enfrentamento-ao-coronavirus\/#breadcrumb\"},\"inLanguage\":\"pt-BR\",\"potentialAction\":[{\"@type\":\"ReadAction\",\"target\":[\"https:\/\/verdadeon.com.br\/portal\/2020\/03\/17\/prefeitura-de-franca-anuncia-criacao-de-comite-de-enfrentamento-ao-coronavirus\/\"]}]},{\"@type\":\"ImageObject\",\"inLanguage\":\"pt-BR\",\"@id\":\"https:\/\/verdadeon.com.br\/portal\/2020\/03\/17\/prefeitura-de-franca-anuncia-criacao-de-comite-de-enfrentamento-ao-coronavirus\/#primaryimage\",\"url\":\"https:\/\/i0.wp.com\/verdadeon.com.br\/portal\/wp-content\/uploads\/2020\/03\/WhatsApp-Image-2020-03-16-at-17.10.13.jpg?fit=1000%2C474&ssl=1\",\"contentUrl\":\"https:\/\/i0.wp.com\/verdadeon.com.br\/portal\/wp-content\/uploads\/2020\/03\/WhatsApp-Image-2020-03-16-at-17.10.13.jpg?fit=1000%2C474&ssl=1\",\"width\":1000,\"height\":474,\"caption\":\"comit\u00ea eSPECIAL - Secret\u00e1rios, prefeito e colaboradores do Governo Municipal participaram da coletiva na tarde de ontem, onde a cria\u00e7\u00e3o do comit\u00ea de enfrentamento do Coronav\u00edrus foi anunciada. Primeira reuni\u00e3o acontece na tarde desta ter\u00e7a-feira (17) | Foto: Lindomar Cailton\"},{\"@type\":\"BreadcrumbList\",\"@id\":\"https:\/\/verdadeon.com.br\/portal\/2020\/03\/17\/prefeitura-de-franca-anuncia-criacao-de-comite-de-enfrentamento-ao-coronavirus\/#breadcrumb\",\"itemListElement\":[{\"@type\":\"ListItem\",\"position\":1,\"name\":\"In\u00edcio\",\"item\":\"https:\/\/verdadeon.com.br\/portal\/\"},{\"@type\":\"ListItem\",\"position\":2,\"name\":\"Prefeitura de Franca anuncia cria\u00e7\u00e3o de Comit\u00ea de Enfrentamento ao Coronav\u00edrus\"}]},{\"@type\":\"WebSite\",\"@id\":\"https:\/\/verdadeon.com.br\/portal\/#website\",\"url\":\"https:\/\/verdadeon.com.br\/portal\/\",\"name\":\"VerdadeOn\",\"description\":\"Not\u00edcias di\u00e1rias sobre Franca, Regi\u00e3o, Esporte, Cultura, Cotidiano, Colunas. Cobertura nos principais eventos da cidade \u00e9 aqui - Verdadeon Franca\",\"potentialAction\":[{\"@type\":\"SearchAction\",\"target\":{\"@type\":\"EntryPoint\",\"urlTemplate\":\"https:\/\/verdadeon.com.br\/portal\/?s={search_term_string}\"},\"query-input\":{\"@type\":\"PropertyValueSpecification\",\"valueRequired\":true,\"valueName\":\"search_term_string\"}}],\"inLanguage\":\"pt-BR\"},{\"@type\":\"Person\",\"@id\":\"https:\/\/verdadeon.com.br\/portal\/#\/schema\/person\/a5060ad1e9ea3df545188fc93ce43d2f\",\"name\":\"Redacao VerdadeOn\",\"image\":{\"@type\":\"ImageObject\",\"inLanguage\":\"pt-BR\",\"@id\":\"https:\/\/verdadeon.com.br\/portal\/#\/schema\/person\/image\/\",\"url\":\"https:\/\/secure.gravatar.com\/avatar\/459a9613caaaf07f582c3d0841eea68bdd66f533e465e6ba8b9cb45619572cf4?s=96&d=mm&r=g\",\"contentUrl\":\"https:\/\/secure.gravatar.com\/avatar\/459a9613caaaf07f582c3d0841eea68bdd66f533e465e6ba8b9cb45619572cf4?s=96&d=mm&r=g\",\"caption\":\"Redacao VerdadeOn\"},\"url\":\"https:\/\/verdadeon.com.br\/portal\/author\/redacao\/\"}]}<\/script>\n<!-- \/ Yoast SEO plugin. -->","yoast_head_json":{"title":"Prefeitura de Franca anuncia cria\u00e7\u00e3o de Comit\u00ea de Enfrentamento ao Coronav\u00edrus - VerdadeOn","robots":{"index":"index","follow":"follow","max-snippet":"max-snippet:-1","max-image-preview":"max-image-preview:large","max-video-preview":"max-video-preview:-1"},"canonical":"https:\/\/verdadeon.com.br\/portal\/2020\/03\/17\/prefeitura-de-franca-anuncia-criacao-de-comite-de-enfrentamento-ao-coronavirus\/","og_locale":"pt_BR","og_type":"article","og_title":"Prefeitura de Franca anuncia cria\u00e7\u00e3o de Comit\u00ea de Enfrentamento ao Coronav\u00edrus - VerdadeOn","og_description":"Objetivo do gabinete \u00e9 prevenir a entrada do novo v\u00edrus na cidade &nbsp; Reportagem Fernando de Paula Foi anunciada na tarde de ontem (16), em uma [\u2026]","og_url":"https:\/\/verdadeon.com.br\/portal\/2020\/03\/17\/prefeitura-de-franca-anuncia-criacao-de-comite-de-enfrentamento-ao-coronavirus\/","og_site_name":"VerdadeOn","article_published_time":"2020-03-17T10:20:49+00:00","article_modified_time":"2020-03-18T19:31:35+00:00","og_image":[{"width":1000,"height":474,"url":"https:\/\/verdadeon.com.br\/portal\/wp-content\/uploads\/2020\/03\/WhatsApp-Image-2020-03-16-at-17.10.13.jpg","type":"image\/jpeg"}],"author":"Redacao VerdadeOn","twitter_card":"summary_large_image","twitter_misc":{"Escrito por":"Redacao VerdadeOn","Est. tempo de leitura":"2 minutos"},"schema":{"@context":"https:\/\/schema.org","@graph":[{"@type":"WebPage","@id":"https:\/\/verdadeon.com.br\/portal\/2020\/03\/17\/prefeitura-de-franca-anuncia-criacao-de-comite-de-enfrentamento-ao-coronavirus\/","url":"https:\/\/verdadeon.com.br\/portal\/2020\/03\/17\/prefeitura-de-franca-anuncia-criacao-de-comite-de-enfrentamento-ao-coronavirus\/","name":"Prefeitura de Franca anuncia cria\u00e7\u00e3o de Comit\u00ea de Enfrentamento ao Coronav\u00edrus - VerdadeOn","isPartOf":{"@id":"https:\/\/verdadeon.com.br\/portal\/#website"},"primaryImageOfPage":{"@id":"https:\/\/verdadeon.com.br\/portal\/2020\/03\/17\/prefeitura-de-franca-anuncia-criacao-de-comite-de-enfrentamento-ao-coronavirus\/#primaryimage"},"image":{"@id":"https:\/\/verdadeon.com.br\/portal\/2020\/03\/17\/prefeitura-de-franca-anuncia-criacao-de-comite-de-enfrentamento-ao-coronavirus\/#primaryimage"},"thumbnailUrl":"https:\/\/i0.wp.com\/verdadeon.com.br\/portal\/wp-content\/uploads\/2020\/03\/WhatsApp-Image-2020-03-16-at-17.10.13.jpg?fit=1000%2C474&ssl=1","datePublished":"2020-03-17T10:20:49+00:00","dateModified":"2020-03-18T19:31:35+00:00","author":{"@id":"https:\/\/verdadeon.com.br\/portal\/#\/schema\/person\/a5060ad1e9ea3df545188fc93ce43d2f"},"breadcrumb":{"@id":"https:\/\/verdadeon.com.br\/portal\/2020\/03\/17\/prefeitura-de-franca-anuncia-criacao-de-comite-de-enfrentamento-ao-coronavirus\/#breadcrumb"},"inLanguage":"pt-BR","potentialAction":[{"@type":"ReadAction","target":["https:\/\/verdadeon.com.br\/portal\/2020\/03\/17\/prefeitura-de-franca-anuncia-criacao-de-comite-de-enfrentamento-ao-coronavirus\/"]}]},{"@type":"ImageObject","inLanguage":"pt-BR","@id":"https:\/\/verdadeon.com.br\/portal\/2020\/03\/17\/prefeitura-de-franca-anuncia-criacao-de-comite-de-enfrentamento-ao-coronavirus\/#primaryimage","url":"https:\/\/i0.wp.com\/verdadeon.com.br\/portal\/wp-content\/uploads\/2020\/03\/WhatsApp-Image-2020-03-16-at-17.10.13.jpg?fit=1000%2C474&ssl=1","contentUrl":"https:\/\/i0.wp.com\/verdadeon.com.br\/portal\/wp-content\/uploads\/2020\/03\/WhatsApp-Image-2020-03-16-at-17.10.13.jpg?fit=1000%2C474&ssl=1","width":1000,"height":474,"caption":"comit\u00ea eSPECIAL - Secret\u00e1rios, prefeito e colaboradores do Governo Municipal participaram da coletiva na tarde de ontem, onde a cria\u00e7\u00e3o do comit\u00ea de enfrentamento do Coronav\u00edrus foi anunciada. Primeira reuni\u00e3o acontece na tarde desta ter\u00e7a-feira (17) | Foto: Lindomar Cailton"},{"@type":"BreadcrumbList","@id":"https:\/\/verdadeon.com.br\/portal\/2020\/03\/17\/prefeitura-de-franca-anuncia-criacao-de-comite-de-enfrentamento-ao-coronavirus\/#breadcrumb","itemListElement":[{"@type":"ListItem","position":1,"name":"In\u00edcio","item":"https:\/\/verdadeon.com.br\/portal\/"},{"@type":"ListItem","position":2,"name":"Prefeitura de Franca anuncia cria\u00e7\u00e3o de Comit\u00ea de Enfrentamento ao Coronav\u00edrus"}]},{"@type":"WebSite","@id":"https:\/\/verdadeon.com.br\/portal\/#website","url":"https:\/\/verdadeon.com.br\/portal\/","name":"VerdadeOn","description":"Not\u00edcias di\u00e1rias sobre Franca, Regi\u00e3o, Esporte, Cultura, Cotidiano, Colunas. Cobertura nos principais eventos da cidade \u00e9 aqui - Verdadeon Franca","potentialAction":[{"@type":"SearchAction","target":{"@type":"EntryPoint","urlTemplate":"https:\/\/verdadeon.com.br\/portal\/?s={search_term_string}"},"query-input":{"@type":"PropertyValueSpecification","valueRequired":true,"valueName":"search_term_string"}}],"inLanguage":"pt-BR"},{"@type":"Person","@id":"https:\/\/verdadeon.com.br\/portal\/#\/schema\/person\/a5060ad1e9ea3df545188fc93ce43d2f","name":"Redacao VerdadeOn","image":{"@type":"ImageObject","inLanguage":"pt-BR","@id":"https:\/\/verdadeon.com.br\/portal\/#\/schema\/person\/image\/","url":"https:\/\/secure.gravatar.com\/avatar\/459a9613caaaf07f582c3d0841eea68bdd66f533e465e6ba8b9cb45619572cf4?s=96&d=mm&r=g","contentUrl":"https:\/\/secure.gravatar.com\/avatar\/459a9613caaaf07f582c3d0841eea68bdd66f533e465e6ba8b9cb45619572cf4?s=96&d=mm&r=g","caption":"Redacao VerdadeOn"},"url":"https:\/\/verdadeon.com.br\/portal\/author\/redacao\/"}]}},"jetpack_publicize_connections":[],"jetpack_featured_media_url":"https:\/\/i0.wp.com\/verdadeon.com.br\/portal\/wp-content\/uploads\/2020\/03\/WhatsApp-Image-2020-03-16-at-17.10.13.jpg?fit=1000%2C474&ssl=1","jetpack_sharing_enabled":true,"_links":{"self":[{"href":"https:\/\/verdadeon.com.br\/portal\/wp-json\/wp\/v2\/posts\/5107","targetHints":{"allow":["GET"]}}],"collection":[{"href":"https:\/\/verdadeon.com.br\/portal\/wp-json\/wp\/v2\/posts"}],"about":[{"href":"https:\/\/verdadeon.com.br\/portal\/wp-json\/wp\/v2\/types\/post"}],"author":[{"embeddable":true,"href":"https:\/\/verdadeon.com.br\/portal\/wp-json\/wp\/v2\/users\/10"}],"replies":[{"embeddable":true,"href":"https:\/\/verdadeon.com.br\/portal\/wp-json\/wp\/v2\/comments?post=5107"}],"version-history":[{"count":0,"href":"https:\/\/verdadeon.com.br\/portal\/wp-json\/wp\/v2\/posts\/5107\/revisions"}],"wp:featuredmedia":[{"embeddable":true,"href":"https:\/\/verdadeon.com.br\/portal\/wp-json\/wp\/v2\/media\/5115"}],"wp:attachment":[{"href":"https:\/\/verdadeon.com.br\/portal\/wp-json\/wp\/v2\/media?parent=5107"}],"wp:term":[{"taxonomy":"category","embeddable":true,"href":"https:\/\/verdadeon.com.br\/portal\/wp-json\/wp\/v2\/categories?post=5107"},{"taxonomy":"post_tag","embeddable":true,"href":"https:\/\/verdadeon.com.br\/portal\/wp-json\/wp\/v2\/tags?post=5107"}],"curies":[{"name":"wp","href":"https:\/\/api.w.org\/{rel}","templated":true}]}}