{"id":5106,"date":"2020-03-17T07:30:46","date_gmt":"2020-03-17T10:30:46","guid":{"rendered":"http:\/\/verdadeon.com.br\/portal\/?p=5106"},"modified":"2020-03-16T23:00:06","modified_gmt":"2020-03-17T02:00:06","slug":"facef-fdf-e-unifran-paralisam-aulas-hoje","status":"publish","type":"post","link":"https:\/\/verdadeon.com.br\/portal\/2020\/03\/17\/facef-fdf-e-unifran-paralisam-aulas-hoje\/","title":{"rendered":"Facef, FDF e Unifran paralisam aulas hoje"},"content":{"rendered":"<h2>Unesp e Fatec tamb\u00e9m suspenderam atividades por tempo indeterminado<\/h2>\n<p>&nbsp;<\/p>\n<p>No momento em que o Brasil volta suas aten\u00e7\u00f5es para o crescimento do novo coronav\u00edrus no Pa\u00eds, Franca segue como o restante do Pa\u00eds e toma medidas para evitar que o Covid-19, que j\u00e1 provocou mais de 6,5 mil mortes em todo o mundo, se alastre pela cidade. Depois que toda a rede estadual, incluindo escolas, Unesp e Fatec, suspendeu suas aulas, agora chegou a vez do Centro Universit\u00e1rio Facef, da Faculdade de Direito de Franca e Unifran cancelarem suas atividades.<br \/>\nOntem (16), o reitor do Uni-Facef, Jos\u00e9 Alfredo de P\u00e1dua Guerra, informou atrav\u00e9s de comunicado que, atendendo \u00e0s orienta\u00e7\u00f5es do Minist\u00e9rio da Sa\u00fade, da Secretaria Estadual de Sa\u00fade e do Conselho Estadual de Educa\u00e7\u00e3o, todas as atividades de gradua\u00e7\u00e3o, p\u00f3s-gradua\u00e7\u00e3o e extens\u00e3o (exceto os est\u00e1gios de internato dos 5\u00ba e 6\u00ba anos de medicina) ser\u00e3o suspensas a partir desta ter\u00e7a-feira (17). A institui\u00e7\u00e3o deve realizar acompanhamentos di\u00e1rios da situa\u00e7\u00e3o e um novo comunicado est\u00e1 previsto para o dia 27.<br \/>\nA FDF tamb\u00e9m informou que as aulas na unidade est\u00e3o suspensas. Na Unesp, assim como na Fatec de Franca, as aulas tamb\u00e9m est\u00e3o paralisadas por tempo indeterminado desde ontem.<br \/>\nNa Unifran, que at\u00e9 a manh\u00e3 de ontem mantinha o posicionamento de n\u00e3o suspender as aulas na institui\u00e7\u00e3o, tamb\u00e9m divulgou um comunicado no fim da tarde cancelando as aulas presenciais e servi\u00e7os \u00e0 comunidade, inicialmente at\u00e9 22 de mar\u00e7o.<\/p>\n<p>Escolas<br \/>\nDesde ontem as escolas estaduais est\u00e3o no processo gradual para a suspens\u00e3o das aulas. A partir da pr\u00f3xima segunda-feira (23) os port\u00f5es ser\u00e3o fechados, sem previs\u00e3o de retorno das atividades. A medida foi tomada pelo governador Jo\u00e3o D\u00f3ria e faz parte de um pacote de a\u00e7\u00f5es que incluem ainda o fechamento de museus, bibliotecas, teatros e centros culturais por at\u00e9 30 dias. A recomenda\u00e7\u00e3o \u00e9 ainda para que teatros, cinemas e casas de espet\u00e1culo tamb\u00e9m fiquem fechados.<br \/>\nO primeiro dia em que os alunos da rede estadual poderiam ficar em casa, segundo dirigente regional de Ensino, Marcos Ant\u00f4nio Pereira do Amaral, o Diretor Marcos, foi tranquilo e passou sem qualquer contratempo. As orienta\u00e7\u00f5es aos pais e alunos seguir\u00e3o ao longo da semana. Nas escolas municipais as aulas tamb\u00e9m ser\u00e3o paralisadas gradualmente. (Leia mais em texto na p\u00e1gina 5)<\/p>\n<p>Conting\u00eancia<br \/>\nA Unimed Franca tamb\u00e9m preparou um plano de conting\u00eancia para o novo coronav\u00edrus. \u201cEm caso de d\u00favidas o usu\u00e1rio pode entrar em contato com o Umimed Orienta. O que orientamos \u00e9 que as pessoas fiquem mais em casa e evitem sair por qualquer motivo que n\u00e3o seja essencial, inclusive as idas aos Prontos-socorros. Deve ir apenas quem tiver febre e falta de ar, se forem sintomas leves ligar para o Unimed Orienta\u201d, disse a m\u00e9dica infectologista Gabriela Ravagnani.<br \/>\nNa unidade de Emerg\u00eancia os pacientes com sintomas ser\u00e3o atendidos em \u00e1rea separada e os profissionais foram treinados para evitar a infec\u00e7\u00e3o por contato dentro do Pronto-socorro.<\/p>\n<p>&nbsp;<\/p>\n<p>&nbsp;<\/p>\n<h1>Coronav\u00edrus adia eventos da Acif, Sebrae e Prefeitura de Franca<\/h1>\n<p>&nbsp;<\/p>\n<p>O avan\u00e7o do coronav\u00edrus e o risco de transmiss\u00e3o da doen\u00e7a provocou o adiamento de diversos eventos em Franca. Enquanto na semana passada a Acif (Associa\u00e7\u00e3o do Com\u00e9rcio e Ind\u00fastria de Franca) anunciou o adiamento da 1\u00aa Rodada de Neg\u00f3cios Internacionais de Franca, que aconteceria nesta ter\u00e7a-feira (17) e quarta-feira (18), ontem o CME-Acif (Conselho da Mulher Empreendedora da Associa\u00e7\u00e3o do Com\u00e9rcio e Ind\u00fastria de Franca) anunciou o adiamento do 9\u00ba F\u00f3rum da Mulher Empreendedora que aconteceria na pr\u00f3xima segunda-feira (23). A decis\u00e3o vai ao encontro das medidas adotadas, neste domingo, 15, pelo Governo do Estado de S\u00e3o Paulo para intensificar o enfrentamento ao novo coronav\u00edrus (Covid-19). A orienta\u00e7\u00e3o \u00e9 para que teatros, cinemas, casas de espet\u00e1culo, dentre outros centros de aglomera\u00e7\u00e3o, mantenham-se fechados por at\u00e9 30 dias, a partir desta ter\u00e7a-feira, 17.<br \/>\n\u201cO CME-Acif entende que a preserva\u00e7\u00e3o da Sa\u00fade P\u00fablica \u00e9 prioridade e informa que uma nova data para realiza\u00e7\u00e3o do evento ser\u00e1 marcada t\u00e3o logo a Organiza\u00e7\u00e3o Mundial da Sa\u00fade declare a situa\u00e7\u00e3o de pandemia do Covid-19 controlada\u201d, informou em nota encaminhada \u00e0 imprensa.<br \/>\nOs convites poder\u00e3o ser mantidos e utilizados na nova data, ainda n\u00e3o definida, ou o dinheiro ser\u00e1 devolvido.<br \/>\nO Sebrae tamb\u00e9m cancelou o lan\u00e7amento do programa 1000 Mulheres em Franca, que aconteceria na noite de hoje (17) no Senai. Segundo sua assessoria, o Sebrae-SP decidiu suspender, como medida preventiva, os eventos at\u00e9 o fim de mar\u00e7o.<br \/>\nJ\u00e1 a Prefeitura anunciou o adiamento de pelo menos tr\u00eas eventos: o festival \u00c1guas de Mar\u00e7o, que come\u00e7aria nesta quinta-feira (19) e teria continuidade at\u00e9 o fim do m\u00eas, com diversas apresenta\u00e7\u00f5es previamente selecionadas; o Jomi (Jogos da Melhor Idade) que seriam sediados na cidade de 20 a 24 de abril; e a Semana Mundial de Conscientiza\u00e7\u00e3o do Autismo, que estava programado para acontecer entre o fim de mar\u00e7o e in\u00edcio de abril.<\/p>\n<p>&nbsp;<\/p>\n","protected":false},"excerpt":{"rendered":"<p>Unesp e Fatec tamb\u00e9m suspenderam atividades por tempo indeterminado &nbsp; No momento em que o Brasil volta suas aten\u00e7\u00f5es para o crescimento do novo coronav\u00edrus no<span class=\"excerpt-hellip\"> [\u2026]<\/span><\/p>\n","protected":false},"author":10,"featured_media":5113,"comment_status":"open","ping_status":"open","sticky":false,"template":"","format":"standard","meta":{"_jetpack_memberships_contains_paid_content":false,"footnotes":"","jetpack_publicize_message":"","jetpack_publicize_feature_enabled":true,"jetpack_social_post_already_shared":false,"jetpack_social_options":{"image_generator_settings":{"template":"highway","default_image_id":0,"enabled":false},"version":2}},"categories":[28,81],"tags":[],"class_list":["post-5106","post","type-post","status-publish","format-standard","has-post-thumbnail","hentry","category-cotidiano","category-manchete"],"yoast_head":"<!-- This site is optimized with the Yoast SEO plugin v25.6 - https:\/\/yoast.com\/wordpress\/plugins\/seo\/ -->\n<title>Facef, FDF e Unifran paralisam aulas hoje - VerdadeOn<\/title>\n<meta name=\"robots\" content=\"index, follow, max-snippet:-1, max-image-preview:large, max-video-preview:-1\" \/>\n<link rel=\"canonical\" href=\"https:\/\/verdadeon.com.br\/portal\/2020\/03\/17\/facef-fdf-e-unifran-paralisam-aulas-hoje\/\" \/>\n<meta property=\"og:locale\" content=\"pt_BR\" \/>\n<meta property=\"og:type\" content=\"article\" \/>\n<meta property=\"og:title\" content=\"Facef, FDF e Unifran paralisam aulas hoje - VerdadeOn\" \/>\n<meta property=\"og:description\" content=\"Unesp e Fatec tamb\u00e9m suspenderam atividades por tempo indeterminado &nbsp; No momento em que o Brasil volta suas aten\u00e7\u00f5es para o crescimento do novo coronav\u00edrus no [\u2026]\" \/>\n<meta property=\"og:url\" content=\"https:\/\/verdadeon.com.br\/portal\/2020\/03\/17\/facef-fdf-e-unifran-paralisam-aulas-hoje\/\" \/>\n<meta property=\"og:site_name\" content=\"VerdadeOn\" \/>\n<meta property=\"article:published_time\" content=\"2020-03-17T10:30:46+00:00\" \/>\n<meta name=\"author\" content=\"Redacao VerdadeOn\" \/>\n<meta name=\"twitter:card\" content=\"summary_large_image\" \/>\n<meta name=\"twitter:label1\" content=\"Escrito por\" \/>\n\t<meta name=\"twitter:data1\" content=\"Redacao VerdadeOn\" \/>\n\t<meta name=\"twitter:label2\" content=\"Est. tempo de leitura\" \/>\n\t<meta name=\"twitter:data2\" content=\"4 minutos\" \/>\n<script type=\"application\/ld+json\" class=\"yoast-schema-graph\">{\"@context\":\"https:\/\/schema.org\",\"@graph\":[{\"@type\":\"WebPage\",\"@id\":\"https:\/\/verdadeon.com.br\/portal\/2020\/03\/17\/facef-fdf-e-unifran-paralisam-aulas-hoje\/\",\"url\":\"https:\/\/verdadeon.com.br\/portal\/2020\/03\/17\/facef-fdf-e-unifran-paralisam-aulas-hoje\/\",\"name\":\"Facef, FDF e Unifran paralisam aulas hoje - VerdadeOn\",\"isPartOf\":{\"@id\":\"https:\/\/verdadeon.com.br\/portal\/#website\"},\"primaryImageOfPage\":{\"@id\":\"https:\/\/verdadeon.com.br\/portal\/2020\/03\/17\/facef-fdf-e-unifran-paralisam-aulas-hoje\/#primaryimage\"},\"image\":{\"@id\":\"https:\/\/verdadeon.com.br\/portal\/2020\/03\/17\/facef-fdf-e-unifran-paralisam-aulas-hoje\/#primaryimage\"},\"thumbnailUrl\":\"https:\/\/i0.wp.com\/verdadeon.com.br\/portal\/wp-content\/uploads\/2020\/03\/Facef-movimenta%C3%A7%C3%A3o-de-alunos-foto-Lindomar-Cailton-24.jpg?fit=1000%2C668&ssl=1\",\"datePublished\":\"2020-03-17T10:30:46+00:00\",\"author\":{\"@id\":\"https:\/\/verdadeon.com.br\/portal\/#\/schema\/person\/a5060ad1e9ea3df545188fc93ce43d2f\"},\"breadcrumb\":{\"@id\":\"https:\/\/verdadeon.com.br\/portal\/2020\/03\/17\/facef-fdf-e-unifran-paralisam-aulas-hoje\/#breadcrumb\"},\"inLanguage\":\"pt-BR\",\"potentialAction\":[{\"@type\":\"ReadAction\",\"target\":[\"https:\/\/verdadeon.com.br\/portal\/2020\/03\/17\/facef-fdf-e-unifran-paralisam-aulas-hoje\/\"]}]},{\"@type\":\"ImageObject\",\"inLanguage\":\"pt-BR\",\"@id\":\"https:\/\/verdadeon.com.br\/portal\/2020\/03\/17\/facef-fdf-e-unifran-paralisam-aulas-hoje\/#primaryimage\",\"url\":\"https:\/\/i0.wp.com\/verdadeon.com.br\/portal\/wp-content\/uploads\/2020\/03\/Facef-movimenta%C3%A7%C3%A3o-de-alunos-foto-Lindomar-Cailton-24.jpg?fit=1000%2C668&ssl=1\",\"contentUrl\":\"https:\/\/i0.wp.com\/verdadeon.com.br\/portal\/wp-content\/uploads\/2020\/03\/Facef-movimenta%C3%A7%C3%A3o-de-alunos-foto-Lindomar-Cailton-24.jpg?fit=1000%2C668&ssl=1\",\"width\":1000,\"height\":668,\"caption\":\"suspensas - Uni-Facef paralisou todas as atividades de gradua\u00e7\u00e3o, p\u00f3s-gradua\u00e7\u00e3o e extens\u00e3o - exceto est\u00e1gios de internato dos 5\u00ba e 6\u00ba ano de medicina. Situa\u00e7\u00e3o ser\u00e1 acompanhada diariamente e um novo comunicado est\u00e1 previsto para o pr\u00f3ximo dia 27 de de mar\u00e7o | Foto: Lindomar Cailton\"},{\"@type\":\"BreadcrumbList\",\"@id\":\"https:\/\/verdadeon.com.br\/portal\/2020\/03\/17\/facef-fdf-e-unifran-paralisam-aulas-hoje\/#breadcrumb\",\"itemListElement\":[{\"@type\":\"ListItem\",\"position\":1,\"name\":\"In\u00edcio\",\"item\":\"https:\/\/verdadeon.com.br\/portal\/\"},{\"@type\":\"ListItem\",\"position\":2,\"name\":\"Facef, FDF e Unifran paralisam aulas hoje\"}]},{\"@type\":\"WebSite\",\"@id\":\"https:\/\/verdadeon.com.br\/portal\/#website\",\"url\":\"https:\/\/verdadeon.com.br\/portal\/\",\"name\":\"VerdadeOn\",\"description\":\"Not\u00edcias di\u00e1rias sobre Franca, Regi\u00e3o, Esporte, Cultura, Cotidiano, Colunas. Cobertura nos principais eventos da cidade \u00e9 aqui - Verdadeon Franca\",\"potentialAction\":[{\"@type\":\"SearchAction\",\"target\":{\"@type\":\"EntryPoint\",\"urlTemplate\":\"https:\/\/verdadeon.com.br\/portal\/?s={search_term_string}\"},\"query-input\":{\"@type\":\"PropertyValueSpecification\",\"valueRequired\":true,\"valueName\":\"search_term_string\"}}],\"inLanguage\":\"pt-BR\"},{\"@type\":\"Person\",\"@id\":\"https:\/\/verdadeon.com.br\/portal\/#\/schema\/person\/a5060ad1e9ea3df545188fc93ce43d2f\",\"name\":\"Redacao VerdadeOn\",\"image\":{\"@type\":\"ImageObject\",\"inLanguage\":\"pt-BR\",\"@id\":\"https:\/\/verdadeon.com.br\/portal\/#\/schema\/person\/image\/\",\"url\":\"https:\/\/secure.gravatar.com\/avatar\/459a9613caaaf07f582c3d0841eea68bdd66f533e465e6ba8b9cb45619572cf4?s=96&d=mm&r=g\",\"contentUrl\":\"https:\/\/secure.gravatar.com\/avatar\/459a9613caaaf07f582c3d0841eea68bdd66f533e465e6ba8b9cb45619572cf4?s=96&d=mm&r=g\",\"caption\":\"Redacao VerdadeOn\"},\"url\":\"https:\/\/verdadeon.com.br\/portal\/author\/redacao\/\"}]}<\/script>\n<!-- \/ Yoast SEO plugin. -->","yoast_head_json":{"title":"Facef, FDF e Unifran paralisam aulas hoje - VerdadeOn","robots":{"index":"index","follow":"follow","max-snippet":"max-snippet:-1","max-image-preview":"max-image-preview:large","max-video-preview":"max-video-preview:-1"},"canonical":"https:\/\/verdadeon.com.br\/portal\/2020\/03\/17\/facef-fdf-e-unifran-paralisam-aulas-hoje\/","og_locale":"pt_BR","og_type":"article","og_title":"Facef, FDF e Unifran paralisam aulas hoje - VerdadeOn","og_description":"Unesp e Fatec tamb\u00e9m suspenderam atividades por tempo indeterminado &nbsp; No momento em que o Brasil volta suas aten\u00e7\u00f5es para o crescimento do novo coronav\u00edrus no [\u2026]","og_url":"https:\/\/verdadeon.com.br\/portal\/2020\/03\/17\/facef-fdf-e-unifran-paralisam-aulas-hoje\/","og_site_name":"VerdadeOn","article_published_time":"2020-03-17T10:30:46+00:00","author":"Redacao VerdadeOn","twitter_card":"summary_large_image","twitter_misc":{"Escrito por":"Redacao VerdadeOn","Est. tempo de leitura":"4 minutos"},"schema":{"@context":"https:\/\/schema.org","@graph":[{"@type":"WebPage","@id":"https:\/\/verdadeon.com.br\/portal\/2020\/03\/17\/facef-fdf-e-unifran-paralisam-aulas-hoje\/","url":"https:\/\/verdadeon.com.br\/portal\/2020\/03\/17\/facef-fdf-e-unifran-paralisam-aulas-hoje\/","name":"Facef, FDF e Unifran paralisam aulas hoje - VerdadeOn","isPartOf":{"@id":"https:\/\/verdadeon.com.br\/portal\/#website"},"primaryImageOfPage":{"@id":"https:\/\/verdadeon.com.br\/portal\/2020\/03\/17\/facef-fdf-e-unifran-paralisam-aulas-hoje\/#primaryimage"},"image":{"@id":"https:\/\/verdadeon.com.br\/portal\/2020\/03\/17\/facef-fdf-e-unifran-paralisam-aulas-hoje\/#primaryimage"},"thumbnailUrl":"https:\/\/i0.wp.com\/verdadeon.com.br\/portal\/wp-content\/uploads\/2020\/03\/Facef-movimenta%C3%A7%C3%A3o-de-alunos-foto-Lindomar-Cailton-24.jpg?fit=1000%2C668&ssl=1","datePublished":"2020-03-17T10:30:46+00:00","author":{"@id":"https:\/\/verdadeon.com.br\/portal\/#\/schema\/person\/a5060ad1e9ea3df545188fc93ce43d2f"},"breadcrumb":{"@id":"https:\/\/verdadeon.com.br\/portal\/2020\/03\/17\/facef-fdf-e-unifran-paralisam-aulas-hoje\/#breadcrumb"},"inLanguage":"pt-BR","potentialAction":[{"@type":"ReadAction","target":["https:\/\/verdadeon.com.br\/portal\/2020\/03\/17\/facef-fdf-e-unifran-paralisam-aulas-hoje\/"]}]},{"@type":"ImageObject","inLanguage":"pt-BR","@id":"https:\/\/verdadeon.com.br\/portal\/2020\/03\/17\/facef-fdf-e-unifran-paralisam-aulas-hoje\/#primaryimage","url":"https:\/\/i0.wp.com\/verdadeon.com.br\/portal\/wp-content\/uploads\/2020\/03\/Facef-movimenta%C3%A7%C3%A3o-de-alunos-foto-Lindomar-Cailton-24.jpg?fit=1000%2C668&ssl=1","contentUrl":"https:\/\/i0.wp.com\/verdadeon.com.br\/portal\/wp-content\/uploads\/2020\/03\/Facef-movimenta%C3%A7%C3%A3o-de-alunos-foto-Lindomar-Cailton-24.jpg?fit=1000%2C668&ssl=1","width":1000,"height":668,"caption":"suspensas - Uni-Facef paralisou todas as atividades de gradua\u00e7\u00e3o, p\u00f3s-gradua\u00e7\u00e3o e extens\u00e3o - exceto est\u00e1gios de internato dos 5\u00ba e 6\u00ba ano de medicina. Situa\u00e7\u00e3o ser\u00e1 acompanhada diariamente e um novo comunicado est\u00e1 previsto para o pr\u00f3ximo dia 27 de de mar\u00e7o | Foto: Lindomar Cailton"},{"@type":"BreadcrumbList","@id":"https:\/\/verdadeon.com.br\/portal\/2020\/03\/17\/facef-fdf-e-unifran-paralisam-aulas-hoje\/#breadcrumb","itemListElement":[{"@type":"ListItem","position":1,"name":"In\u00edcio","item":"https:\/\/verdadeon.com.br\/portal\/"},{"@type":"ListItem","position":2,"name":"Facef, FDF e Unifran paralisam aulas hoje"}]},{"@type":"WebSite","@id":"https:\/\/verdadeon.com.br\/portal\/#website","url":"https:\/\/verdadeon.com.br\/portal\/","name":"VerdadeOn","description":"Not\u00edcias di\u00e1rias sobre Franca, Regi\u00e3o, Esporte, Cultura, Cotidiano, Colunas. Cobertura nos principais eventos da cidade \u00e9 aqui - Verdadeon Franca","potentialAction":[{"@type":"SearchAction","target":{"@type":"EntryPoint","urlTemplate":"https:\/\/verdadeon.com.br\/portal\/?s={search_term_string}"},"query-input":{"@type":"PropertyValueSpecification","valueRequired":true,"valueName":"search_term_string"}}],"inLanguage":"pt-BR"},{"@type":"Person","@id":"https:\/\/verdadeon.com.br\/portal\/#\/schema\/person\/a5060ad1e9ea3df545188fc93ce43d2f","name":"Redacao VerdadeOn","image":{"@type":"ImageObject","inLanguage":"pt-BR","@id":"https:\/\/verdadeon.com.br\/portal\/#\/schema\/person\/image\/","url":"https:\/\/secure.gravatar.com\/avatar\/459a9613caaaf07f582c3d0841eea68bdd66f533e465e6ba8b9cb45619572cf4?s=96&d=mm&r=g","contentUrl":"https:\/\/secure.gravatar.com\/avatar\/459a9613caaaf07f582c3d0841eea68bdd66f533e465e6ba8b9cb45619572cf4?s=96&d=mm&r=g","caption":"Redacao VerdadeOn"},"url":"https:\/\/verdadeon.com.br\/portal\/author\/redacao\/"}]}},"jetpack_publicize_connections":[],"jetpack_featured_media_url":"https:\/\/i0.wp.com\/verdadeon.com.br\/portal\/wp-content\/uploads\/2020\/03\/Facef-movimenta%C3%A7%C3%A3o-de-alunos-foto-Lindomar-Cailton-24.jpg?fit=1000%2C668&ssl=1","jetpack_sharing_enabled":true,"_links":{"self":[{"href":"https:\/\/verdadeon.com.br\/portal\/wp-json\/wp\/v2\/posts\/5106","targetHints":{"allow":["GET"]}}],"collection":[{"href":"https:\/\/verdadeon.com.br\/portal\/wp-json\/wp\/v2\/posts"}],"about":[{"href":"https:\/\/verdadeon.com.br\/portal\/wp-json\/wp\/v2\/types\/post"}],"author":[{"embeddable":true,"href":"https:\/\/verdadeon.com.br\/portal\/wp-json\/wp\/v2\/users\/10"}],"replies":[{"embeddable":true,"href":"https:\/\/verdadeon.com.br\/portal\/wp-json\/wp\/v2\/comments?post=5106"}],"version-history":[{"count":0,"href":"https:\/\/verdadeon.com.br\/portal\/wp-json\/wp\/v2\/posts\/5106\/revisions"}],"wp:featuredmedia":[{"embeddable":true,"href":"https:\/\/verdadeon.com.br\/portal\/wp-json\/wp\/v2\/media\/5113"}],"wp:attachment":[{"href":"https:\/\/verdadeon.com.br\/portal\/wp-json\/wp\/v2\/media?parent=5106"}],"wp:term":[{"taxonomy":"category","embeddable":true,"href":"https:\/\/verdadeon.com.br\/portal\/wp-json\/wp\/v2\/categories?post=5106"},{"taxonomy":"post_tag","embeddable":true,"href":"https:\/\/verdadeon.com.br\/portal\/wp-json\/wp\/v2\/tags?post=5106"}],"curies":[{"name":"wp","href":"https:\/\/api.w.org\/{rel}","templated":true}]}}