{"id":51040,"date":"2024-10-30T07:00:09","date_gmt":"2024-10-30T10:00:09","guid":{"rendered":"https:\/\/verdadeon.com.br\/portal\/?p=51040"},"modified":"2024-10-30T15:16:51","modified_gmt":"2024-10-30T18:16:51","slug":"desenvolvimento-divulga-inscricoes-para-projetos-de-pre-incubacao","status":"publish","type":"post","link":"https:\/\/verdadeon.com.br\/portal\/2024\/10\/30\/desenvolvimento-divulga-inscricoes-para-projetos-de-pre-incubacao\/","title":{"rendered":"Desenvolvimento divulga inscri\u00e7\u00f5es para projetos de Pr\u00e9-Incuba\u00e7\u00e3o"},"content":{"rendered":"<h2>A modalidade oferecida para a pr\u00e9-incuba\u00e7\u00e3o ser\u00e1 h\u00edbrida, ou seja, com encontros presenciais e remotos<\/h2>\n<p>A Secretaria de Desenvolvimento publicou no final de semana, o edital que trata da sele\u00e7\u00e3o para o Programa de Pr\u00e9-Incuba\u00e7\u00e3o da Impera, a Incubadora de Empresas de Base Tecnol\u00f3gica de Franca, gerida pelo Centro Universit\u00e1rio Municipal de Franca (Uni-FACEF).<\/p>\n<p>As empresas de base tecnol\u00f3gica s\u00e3o aquelas que desenvolvem produtos ou servi\u00e7os inovadores, utilizando pesquisa cient\u00edfica, tecnologia e alto conhecimento t\u00e9cnico, com potencial de desenvolvimento, proporcionando suporte t\u00e9cnico e gerencial para transformar ideias em neg\u00f3cios de sucesso. O Programa de Pr\u00e9-Incuba\u00e7\u00e3o busca preparar os participantes para valida\u00e7\u00e3o de suas ideias, desenvolvimento de prot\u00f3tipos e an\u00e1lise de viabilidade t\u00e9cnica e econ\u00f4mica.<\/p>\n<p>Poder\u00e3o se inscrever no programa, pessoas f\u00edsicas ou jur\u00eddicas, individualmente ou em equipe, que apresentem propostas inovadoras em qualquer \u00e1rea de atua\u00e7\u00e3o, n\u00e3o sendo exigido que as empresas estejam formalmente constitu\u00eddas no momento da inscri\u00e7\u00e3o. O programa ter\u00e1 dura\u00e7\u00e3o de seis meses, com possibilidade de prorroga\u00e7\u00e3o por igual per\u00edodo, mediante solicita\u00e7\u00e3o formal e avalia\u00e7\u00e3o da equipe gestora da Impera.<\/p>\n<p><b>Formato e inscri\u00e7\u00f5es<\/b><\/p>\n<p>A modalidade oferecida para a pr\u00e9-incuba\u00e7\u00e3o ser\u00e1 h\u00edbrida, ou seja, com encontros presenciais e remotos. O processo seletivo ser\u00e1 realizado em etapas, sendo da inscri\u00e7\u00e3o, no per\u00edodo de 31 de outubro e 15 de dezembro deste ano, via plataforma da Impera. Depois an\u00e1lise documental e apresenta\u00e7\u00e3o do projeto, em que os candidatos selecionados ser\u00e3o convidados para uma apresenta\u00e7\u00e3o (Pitch) entre os dias 15 de janeiro e 15 de fevereiro de 2025. Cada equipe ter\u00e1 10 minutos para apresenta\u00e7\u00e3o e outros 10 minutos para responder a perguntas da banca avaliadora.<\/p>\n<p>O resultado parcial ser\u00e1 divulgado no site da Impera at\u00e9 o dia 20 de fevereiro de 2025 e o resultado final, ap\u00f3s eventuais recursos, ocorrer\u00e1 no dia 28, do mesmo m\u00eas de fevereiro. Ser\u00e3o selecionados at\u00e9 10 projetos para o Programa de Pr\u00e9-Incuba\u00e7\u00e3o, sendo necess\u00e1rios para a inscri\u00e7\u00e3o, os seguintes documentos: formul\u00e1rio de inscri\u00e7\u00e3o preenchido <a href=\"https:\/\/forms.office.com\/r\/KBLMcGmeuS\" target=\"_blank\" rel=\"noopener\" data-saferedirecturl=\"https:\/\/www.google.com\/url?q=https:\/\/forms.office.com\/r\/KBLMcGmeuS&amp;source=gmail&amp;ust=1730383710801000&amp;usg=AOvVaw1IpGUpnw3XoBcO9zGc56qI\">https:\/\/forms.office.com\/r\/<wbr \/>KBLMcGmeuS<\/a>\u00a0&#8211; Modelo de Neg\u00f3cios (Canvas ou outra ferramenta); &#8211; Curriculum vitae dos membros da equipe; &#8211; apresenta\u00e7\u00e3o resumida da ideia\/projeto (at\u00e9 2 p\u00e1ginas em PDF)<\/p>\n<p>Para mais informa\u00e7\u00f5es, basta enviar mensagem para o e-mail: <a href=\"mailto:impera@facef.br\" target=\"_blank\" rel=\"noopener\">impera@facef.br<\/a>\u00a0ou telefone (16) 3706-6525. Os projetos selecionados para a Pr\u00e9-Incuba\u00e7\u00e3o ter\u00e3o acesso a benef\u00edcios como mentoria e tutoria dedicada e espec\u00edfica; acesso \u00e0 infraestrutura da Impera no pr\u00e9dio do Uni-FACEF e Workshops especializados. Ap\u00f3s a divulga\u00e7\u00e3o dos resultados, os candidatos poder\u00e3o apresentar recursos no prazo de 24 horas, via e-mail\u00a0<a href=\"mailto:impera@facef.br\" target=\"_blank\" rel=\"noopener\">impera@facef.br<\/a>, que ser\u00e3o avaliados pela comiss\u00e3o examinadora em um prazo de at\u00e9 tr\u00eas dias.<\/p>\n<p>O edital pode ser consultado no link: <a href=\"https:\/\/www.franca.sp.gov.br\/arquivos\/diario-oficial\/documentos\/2638-26102024.pdf\" target=\"_blank\" rel=\"noopener\" data-saferedirecturl=\"https:\/\/www.google.com\/url?q=https:\/\/www.franca.sp.gov.br\/arquivos\/diario-oficial\/documentos\/2638-26102024.pdf&amp;source=gmail&amp;ust=1730383710801000&amp;usg=AOvVaw0I4vNR_f-MLh1Wj1jDIoGx\">https:\/\/www.franca.sp.gov.br\/<wbr \/>arquivos\/diario-oficial\/<wbr \/>documentos\/2638-26102024.pdf<\/a>\u00a0, p\u00e1gina 3 do Di\u00e1rio Oficial do Munic\u00edpio.<\/p>\n","protected":false},"excerpt":{"rendered":"<p>A modalidade oferecida para a pr\u00e9-incuba\u00e7\u00e3o ser\u00e1 h\u00edbrida, ou seja, com encontros presenciais e remotos A Secretaria de Desenvolvimento publicou no final de semana, o edital<span class=\"excerpt-hellip\"> [\u2026]<\/span><\/p>\n","protected":false},"author":10,"featured_media":45688,"comment_status":"open","ping_status":"open","sticky":false,"template":"","format":"standard","meta":{"_jetpack_memberships_contains_paid_content":false,"footnotes":"","jetpack_publicize_message":"","jetpack_publicize_feature_enabled":true,"jetpack_social_post_already_shared":true,"jetpack_social_options":{"image_generator_settings":{"template":"highway","default_image_id":0,"enabled":false},"version":2}},"categories":[28,44],"tags":[],"class_list":["post-51040","post","type-post","status-publish","format-standard","has-post-thumbnail","hentry","category-cotidiano","category-noticias"],"yoast_head":"<!-- This site is optimized with the Yoast SEO plugin v25.6 - https:\/\/yoast.com\/wordpress\/plugins\/seo\/ -->\n<title>Desenvolvimento divulga inscri\u00e7\u00f5es para projetos de Pr\u00e9-Incuba\u00e7\u00e3o - VerdadeOn<\/title>\n<meta name=\"robots\" content=\"index, follow, max-snippet:-1, max-image-preview:large, max-video-preview:-1\" \/>\n<link rel=\"canonical\" href=\"https:\/\/verdadeon.com.br\/portal\/2024\/10\/30\/desenvolvimento-divulga-inscricoes-para-projetos-de-pre-incubacao\/\" \/>\n<meta property=\"og:locale\" content=\"pt_BR\" \/>\n<meta property=\"og:type\" content=\"article\" \/>\n<meta property=\"og:title\" content=\"Desenvolvimento divulga inscri\u00e7\u00f5es para projetos de Pr\u00e9-Incuba\u00e7\u00e3o - VerdadeOn\" \/>\n<meta property=\"og:description\" content=\"A modalidade oferecida para a pr\u00e9-incuba\u00e7\u00e3o ser\u00e1 h\u00edbrida, ou seja, com encontros presenciais e remotos A Secretaria de Desenvolvimento publicou no final de semana, o edital [\u2026]\" \/>\n<meta property=\"og:url\" content=\"https:\/\/verdadeon.com.br\/portal\/2024\/10\/30\/desenvolvimento-divulga-inscricoes-para-projetos-de-pre-incubacao\/\" \/>\n<meta property=\"og:site_name\" content=\"VerdadeOn\" \/>\n<meta property=\"article:published_time\" content=\"2024-10-30T10:00:09+00:00\" \/>\n<meta property=\"article:modified_time\" content=\"2024-10-30T18:16:51+00:00\" \/>\n<meta property=\"og:image\" content=\"https:\/\/verdadeon.com.br\/portal\/wp-content\/uploads\/2024\/06\/Impera-scaled.jpg\" \/>\n\t<meta property=\"og:image:width\" content=\"2560\" \/>\n\t<meta property=\"og:image:height\" content=\"1715\" \/>\n\t<meta property=\"og:image:type\" content=\"image\/jpeg\" \/>\n<meta name=\"author\" content=\"Redacao VerdadeOn\" \/>\n<meta name=\"twitter:card\" content=\"summary_large_image\" \/>\n<meta name=\"twitter:label1\" content=\"Escrito por\" \/>\n\t<meta name=\"twitter:data1\" content=\"Redacao VerdadeOn\" \/>\n\t<meta name=\"twitter:label2\" content=\"Est. tempo de leitura\" \/>\n\t<meta name=\"twitter:data2\" content=\"3 minutos\" \/>\n<script type=\"application\/ld+json\" class=\"yoast-schema-graph\">{\"@context\":\"https:\/\/schema.org\",\"@graph\":[{\"@type\":\"WebPage\",\"@id\":\"https:\/\/verdadeon.com.br\/portal\/2024\/10\/30\/desenvolvimento-divulga-inscricoes-para-projetos-de-pre-incubacao\/\",\"url\":\"https:\/\/verdadeon.com.br\/portal\/2024\/10\/30\/desenvolvimento-divulga-inscricoes-para-projetos-de-pre-incubacao\/\",\"name\":\"Desenvolvimento divulga inscri\u00e7\u00f5es para projetos de Pr\u00e9-Incuba\u00e7\u00e3o - VerdadeOn\",\"isPartOf\":{\"@id\":\"https:\/\/verdadeon.com.br\/portal\/#website\"},\"primaryImageOfPage\":{\"@id\":\"https:\/\/verdadeon.com.br\/portal\/2024\/10\/30\/desenvolvimento-divulga-inscricoes-para-projetos-de-pre-incubacao\/#primaryimage\"},\"image\":{\"@id\":\"https:\/\/verdadeon.com.br\/portal\/2024\/10\/30\/desenvolvimento-divulga-inscricoes-para-projetos-de-pre-incubacao\/#primaryimage\"},\"thumbnailUrl\":\"https:\/\/i0.wp.com\/verdadeon.com.br\/portal\/wp-content\/uploads\/2024\/06\/Impera-scaled.jpg?fit=2560%2C1715&ssl=1\",\"datePublished\":\"2024-10-30T10:00:09+00:00\",\"dateModified\":\"2024-10-30T18:16:51+00:00\",\"author\":{\"@id\":\"https:\/\/verdadeon.com.br\/portal\/#\/schema\/person\/a5060ad1e9ea3df545188fc93ce43d2f\"},\"breadcrumb\":{\"@id\":\"https:\/\/verdadeon.com.br\/portal\/2024\/10\/30\/desenvolvimento-divulga-inscricoes-para-projetos-de-pre-incubacao\/#breadcrumb\"},\"inLanguage\":\"pt-BR\",\"potentialAction\":[{\"@type\":\"ReadAction\",\"target\":[\"https:\/\/verdadeon.com.br\/portal\/2024\/10\/30\/desenvolvimento-divulga-inscricoes-para-projetos-de-pre-incubacao\/\"]}]},{\"@type\":\"ImageObject\",\"inLanguage\":\"pt-BR\",\"@id\":\"https:\/\/verdadeon.com.br\/portal\/2024\/10\/30\/desenvolvimento-divulga-inscricoes-para-projetos-de-pre-incubacao\/#primaryimage\",\"url\":\"https:\/\/i0.wp.com\/verdadeon.com.br\/portal\/wp-content\/uploads\/2024\/06\/Impera-scaled.jpg?fit=2560%2C1715&ssl=1\",\"contentUrl\":\"https:\/\/i0.wp.com\/verdadeon.com.br\/portal\/wp-content\/uploads\/2024\/06\/Impera-scaled.jpg?fit=2560%2C1715&ssl=1\",\"width\":2560,\"height\":1715,\"caption\":\"Incubadora de Empresa de Base Tecnol\u00f3gica Impera, localizada na rua Major Mendon\u00e7a, 1659, Cidade Nova (\u00a9Divulga\u00e7\u00e3o)\"},{\"@type\":\"BreadcrumbList\",\"@id\":\"https:\/\/verdadeon.com.br\/portal\/2024\/10\/30\/desenvolvimento-divulga-inscricoes-para-projetos-de-pre-incubacao\/#breadcrumb\",\"itemListElement\":[{\"@type\":\"ListItem\",\"position\":1,\"name\":\"In\u00edcio\",\"item\":\"https:\/\/verdadeon.com.br\/portal\/\"},{\"@type\":\"ListItem\",\"position\":2,\"name\":\"Desenvolvimento divulga inscri\u00e7\u00f5es para projetos de Pr\u00e9-Incuba\u00e7\u00e3o\"}]},{\"@type\":\"WebSite\",\"@id\":\"https:\/\/verdadeon.com.br\/portal\/#website\",\"url\":\"https:\/\/verdadeon.com.br\/portal\/\",\"name\":\"VerdadeOn\",\"description\":\"Not\u00edcias di\u00e1rias sobre Franca, Regi\u00e3o, Esporte, Cultura, Cotidiano, Colunas. Cobertura nos principais eventos da cidade \u00e9 aqui - Verdadeon Franca\",\"potentialAction\":[{\"@type\":\"SearchAction\",\"target\":{\"@type\":\"EntryPoint\",\"urlTemplate\":\"https:\/\/verdadeon.com.br\/portal\/?s={search_term_string}\"},\"query-input\":{\"@type\":\"PropertyValueSpecification\",\"valueRequired\":true,\"valueName\":\"search_term_string\"}}],\"inLanguage\":\"pt-BR\"},{\"@type\":\"Person\",\"@id\":\"https:\/\/verdadeon.com.br\/portal\/#\/schema\/person\/a5060ad1e9ea3df545188fc93ce43d2f\",\"name\":\"Redacao VerdadeOn\",\"image\":{\"@type\":\"ImageObject\",\"inLanguage\":\"pt-BR\",\"@id\":\"https:\/\/verdadeon.com.br\/portal\/#\/schema\/person\/image\/\",\"url\":\"https:\/\/secure.gravatar.com\/avatar\/459a9613caaaf07f582c3d0841eea68bdd66f533e465e6ba8b9cb45619572cf4?s=96&d=mm&r=g\",\"contentUrl\":\"https:\/\/secure.gravatar.com\/avatar\/459a9613caaaf07f582c3d0841eea68bdd66f533e465e6ba8b9cb45619572cf4?s=96&d=mm&r=g\",\"caption\":\"Redacao VerdadeOn\"},\"url\":\"https:\/\/verdadeon.com.br\/portal\/author\/redacao\/\"}]}<\/script>\n<!-- \/ Yoast SEO plugin. -->","yoast_head_json":{"title":"Desenvolvimento divulga inscri\u00e7\u00f5es para projetos de Pr\u00e9-Incuba\u00e7\u00e3o - VerdadeOn","robots":{"index":"index","follow":"follow","max-snippet":"max-snippet:-1","max-image-preview":"max-image-preview:large","max-video-preview":"max-video-preview:-1"},"canonical":"https:\/\/verdadeon.com.br\/portal\/2024\/10\/30\/desenvolvimento-divulga-inscricoes-para-projetos-de-pre-incubacao\/","og_locale":"pt_BR","og_type":"article","og_title":"Desenvolvimento divulga inscri\u00e7\u00f5es para projetos de Pr\u00e9-Incuba\u00e7\u00e3o - VerdadeOn","og_description":"A modalidade oferecida para a pr\u00e9-incuba\u00e7\u00e3o ser\u00e1 h\u00edbrida, ou seja, com encontros presenciais e remotos A Secretaria de Desenvolvimento publicou no final de semana, o edital [\u2026]","og_url":"https:\/\/verdadeon.com.br\/portal\/2024\/10\/30\/desenvolvimento-divulga-inscricoes-para-projetos-de-pre-incubacao\/","og_site_name":"VerdadeOn","article_published_time":"2024-10-30T10:00:09+00:00","article_modified_time":"2024-10-30T18:16:51+00:00","og_image":[{"width":2560,"height":1715,"url":"https:\/\/verdadeon.com.br\/portal\/wp-content\/uploads\/2024\/06\/Impera-scaled.jpg","type":"image\/jpeg"}],"author":"Redacao VerdadeOn","twitter_card":"summary_large_image","twitter_misc":{"Escrito por":"Redacao VerdadeOn","Est. tempo de leitura":"3 minutos"},"schema":{"@context":"https:\/\/schema.org","@graph":[{"@type":"WebPage","@id":"https:\/\/verdadeon.com.br\/portal\/2024\/10\/30\/desenvolvimento-divulga-inscricoes-para-projetos-de-pre-incubacao\/","url":"https:\/\/verdadeon.com.br\/portal\/2024\/10\/30\/desenvolvimento-divulga-inscricoes-para-projetos-de-pre-incubacao\/","name":"Desenvolvimento divulga inscri\u00e7\u00f5es para projetos de Pr\u00e9-Incuba\u00e7\u00e3o - VerdadeOn","isPartOf":{"@id":"https:\/\/verdadeon.com.br\/portal\/#website"},"primaryImageOfPage":{"@id":"https:\/\/verdadeon.com.br\/portal\/2024\/10\/30\/desenvolvimento-divulga-inscricoes-para-projetos-de-pre-incubacao\/#primaryimage"},"image":{"@id":"https:\/\/verdadeon.com.br\/portal\/2024\/10\/30\/desenvolvimento-divulga-inscricoes-para-projetos-de-pre-incubacao\/#primaryimage"},"thumbnailUrl":"https:\/\/i0.wp.com\/verdadeon.com.br\/portal\/wp-content\/uploads\/2024\/06\/Impera-scaled.jpg?fit=2560%2C1715&ssl=1","datePublished":"2024-10-30T10:00:09+00:00","dateModified":"2024-10-30T18:16:51+00:00","author":{"@id":"https:\/\/verdadeon.com.br\/portal\/#\/schema\/person\/a5060ad1e9ea3df545188fc93ce43d2f"},"breadcrumb":{"@id":"https:\/\/verdadeon.com.br\/portal\/2024\/10\/30\/desenvolvimento-divulga-inscricoes-para-projetos-de-pre-incubacao\/#breadcrumb"},"inLanguage":"pt-BR","potentialAction":[{"@type":"ReadAction","target":["https:\/\/verdadeon.com.br\/portal\/2024\/10\/30\/desenvolvimento-divulga-inscricoes-para-projetos-de-pre-incubacao\/"]}]},{"@type":"ImageObject","inLanguage":"pt-BR","@id":"https:\/\/verdadeon.com.br\/portal\/2024\/10\/30\/desenvolvimento-divulga-inscricoes-para-projetos-de-pre-incubacao\/#primaryimage","url":"https:\/\/i0.wp.com\/verdadeon.com.br\/portal\/wp-content\/uploads\/2024\/06\/Impera-scaled.jpg?fit=2560%2C1715&ssl=1","contentUrl":"https:\/\/i0.wp.com\/verdadeon.com.br\/portal\/wp-content\/uploads\/2024\/06\/Impera-scaled.jpg?fit=2560%2C1715&ssl=1","width":2560,"height":1715,"caption":"Incubadora de Empresa de Base Tecnol\u00f3gica Impera, localizada na rua Major Mendon\u00e7a, 1659, Cidade Nova (\u00a9Divulga\u00e7\u00e3o)"},{"@type":"BreadcrumbList","@id":"https:\/\/verdadeon.com.br\/portal\/2024\/10\/30\/desenvolvimento-divulga-inscricoes-para-projetos-de-pre-incubacao\/#breadcrumb","itemListElement":[{"@type":"ListItem","position":1,"name":"In\u00edcio","item":"https:\/\/verdadeon.com.br\/portal\/"},{"@type":"ListItem","position":2,"name":"Desenvolvimento divulga inscri\u00e7\u00f5es para projetos de Pr\u00e9-Incuba\u00e7\u00e3o"}]},{"@type":"WebSite","@id":"https:\/\/verdadeon.com.br\/portal\/#website","url":"https:\/\/verdadeon.com.br\/portal\/","name":"VerdadeOn","description":"Not\u00edcias di\u00e1rias sobre Franca, Regi\u00e3o, Esporte, Cultura, Cotidiano, Colunas. Cobertura nos principais eventos da cidade \u00e9 aqui - Verdadeon Franca","potentialAction":[{"@type":"SearchAction","target":{"@type":"EntryPoint","urlTemplate":"https:\/\/verdadeon.com.br\/portal\/?s={search_term_string}"},"query-input":{"@type":"PropertyValueSpecification","valueRequired":true,"valueName":"search_term_string"}}],"inLanguage":"pt-BR"},{"@type":"Person","@id":"https:\/\/verdadeon.com.br\/portal\/#\/schema\/person\/a5060ad1e9ea3df545188fc93ce43d2f","name":"Redacao VerdadeOn","image":{"@type":"ImageObject","inLanguage":"pt-BR","@id":"https:\/\/verdadeon.com.br\/portal\/#\/schema\/person\/image\/","url":"https:\/\/secure.gravatar.com\/avatar\/459a9613caaaf07f582c3d0841eea68bdd66f533e465e6ba8b9cb45619572cf4?s=96&d=mm&r=g","contentUrl":"https:\/\/secure.gravatar.com\/avatar\/459a9613caaaf07f582c3d0841eea68bdd66f533e465e6ba8b9cb45619572cf4?s=96&d=mm&r=g","caption":"Redacao VerdadeOn"},"url":"https:\/\/verdadeon.com.br\/portal\/author\/redacao\/"}]}},"jetpack_publicize_connections":[],"jetpack_featured_media_url":"https:\/\/i0.wp.com\/verdadeon.com.br\/portal\/wp-content\/uploads\/2024\/06\/Impera-scaled.jpg?fit=2560%2C1715&ssl=1","jetpack_sharing_enabled":true,"_links":{"self":[{"href":"https:\/\/verdadeon.com.br\/portal\/wp-json\/wp\/v2\/posts\/51040","targetHints":{"allow":["GET"]}}],"collection":[{"href":"https:\/\/verdadeon.com.br\/portal\/wp-json\/wp\/v2\/posts"}],"about":[{"href":"https:\/\/verdadeon.com.br\/portal\/wp-json\/wp\/v2\/types\/post"}],"author":[{"embeddable":true,"href":"https:\/\/verdadeon.com.br\/portal\/wp-json\/wp\/v2\/users\/10"}],"replies":[{"embeddable":true,"href":"https:\/\/verdadeon.com.br\/portal\/wp-json\/wp\/v2\/comments?post=51040"}],"version-history":[{"count":1,"href":"https:\/\/verdadeon.com.br\/portal\/wp-json\/wp\/v2\/posts\/51040\/revisions"}],"predecessor-version":[{"id":51042,"href":"https:\/\/verdadeon.com.br\/portal\/wp-json\/wp\/v2\/posts\/51040\/revisions\/51042"}],"wp:featuredmedia":[{"embeddable":true,"href":"https:\/\/verdadeon.com.br\/portal\/wp-json\/wp\/v2\/media\/45688"}],"wp:attachment":[{"href":"https:\/\/verdadeon.com.br\/portal\/wp-json\/wp\/v2\/media?parent=51040"}],"wp:term":[{"taxonomy":"category","embeddable":true,"href":"https:\/\/verdadeon.com.br\/portal\/wp-json\/wp\/v2\/categories?post=51040"},{"taxonomy":"post_tag","embeddable":true,"href":"https:\/\/verdadeon.com.br\/portal\/wp-json\/wp\/v2\/tags?post=51040"}],"curies":[{"name":"wp","href":"https:\/\/api.w.org\/{rel}","templated":true}]}}