{"id":50979,"date":"2024-10-28T07:50:57","date_gmt":"2024-10-28T10:50:57","guid":{"rendered":"https:\/\/verdadeon.com.br\/portal\/?p=50979"},"modified":"2024-10-28T14:52:39","modified_gmt":"2024-10-28T17:52:39","slug":"prazo-para-justificar-ausencia-no-segundo-turno-vai-ate-7-de-janeiro","status":"publish","type":"post","link":"https:\/\/verdadeon.com.br\/portal\/2024\/10\/28\/prazo-para-justificar-ausencia-no-segundo-turno-vai-ate-7-de-janeiro\/","title":{"rendered":"Prazo para justificar aus\u00eancia no segundo turno vai at\u00e9 7 de janeiro"},"content":{"rendered":"<div class=\"header-noticia full-width\">\n<h2 class=\"linha-fina-noticia\">Para quem n\u00e3o votou no primeiro turno, o prazo \u00e9 at\u00e9 5 de dezembro<\/h2>\n<p>Eleitores que n\u00e3o compareceram \u00e0s urnas no segundo turno das elei\u00e7\u00f5es, realizado nesse domingo (27), t\u00eam at\u00e9 o dia 7 de janeiro de 2025 para justificar a aus\u00eancia. Eleitores no exterior t\u00eam at\u00e9 30 dias ap\u00f3s o retorno ao pa\u00eds para justificar a aus\u00eancia, caso esse retorno ocorra ap\u00f3s o fim do prazo previsto no calend\u00e1rio eleitoral.<img data-recalc-dims=\"1\" decoding=\"async\" src=\"https:\/\/i0.wp.com\/agenciabrasil.ebc.com.br\/ebc.png?w=1220&#038;ssl=1\" \/><img data-recalc-dims=\"1\" decoding=\"async\" src=\"https:\/\/i0.wp.com\/agenciabrasil.ebc.com.br\/ebc.gif?w=1220&#038;ssl=1\" \/><\/p>\n<p>A justificativa pode ser feita por meio do aplicativo e-T\u00edtulo, do\u00a0<a href=\"https:\/\/www.tse.jus.br\/servicos-eleitorais\/autoatendimento-eleitoral#\/justifica-tn3\/home\" target=\"_blank\" rel=\"noopener\">autoatendimento<\/a>\u00a0eleitoral ou do\u00a0<a href=\"https:\/\/www.tse.jus.br\/++theme++justica_eleitoral\/pdfjs\/web\/viewer.html?file=https:\/\/www.tse.jus.br\/servicos-eleitorais\/justificativa-eleitoral\/arquivos\/formulario-requerimento-de-justificativa-eleitoral-rje-eleicoes-2024\/@@download\/file\/formulario-requerimento-de-justificativa-eleitoral-rje-eleicoes-2024.pdf\" target=\"_blank\" rel=\"noopener\">Formul\u00e1rio de Requerimento de Justificativa Eleitoral\u00a0<\/a>(p\u00f3s-elei\u00e7\u00e3o). Neste \u00faltimo caso, o documento deve ser entregue em qualquer cart\u00f3rio eleitoral ou enviado via postal \u00e0 autoridade judici\u00e1ria da zona eleitoral respons\u00e1vel pelo t\u00edtulo.<\/p>\n<p>Seja qual for a op\u00e7\u00e3o escolhida, a documenta\u00e7\u00e3o que comprove o motivo da aus\u00eancia deve ser anexada para an\u00e1lise da autoridade judici\u00e1ria da zona eleitoral respons\u00e1vel pelo t\u00edtulo. Caso a justificativa seja aceita, haver\u00e1 o registro no hist\u00f3rico do t\u00edtulo eleitoral. Se a justificativa n\u00e3o for aceita, ser\u00e1 preciso quitar o d\u00e9bito.<\/p>\n<p>Para quem n\u00e3o votou no primeiro turno, o prazo vai at\u00e9 5 de dezembro.<\/p>\n<p>\u201cCada justificativa \u00e9 v\u00e1lida somente para o turno ao qual voc\u00ea n\u00e3o tenha comparecido por estar fora de seu domic\u00edlio eleitoral. Assim, caso tenha deixado de votar no primeiro e no segundo turno da elei\u00e7\u00e3o, ter\u00e1 de justificar a aus\u00eancia a cada um, separadamente, obedecendo aos requisitos e prazos de cada turno\u201d, informou o Tribunal Superior Eleitoral (TSE).<\/p>\n<p><strong>Entenda<\/strong><\/p>\n<p>A aus\u00eancia \u00e0s urnas \u00e9 registrada logo ap\u00f3s o pleito. Os prazos de justificativa figuram como per\u00edodos que o eleitor tem para regularizar essa aus\u00eancia sem pagar multa eleitoral. A an\u00e1lise da justificativa apresentada fica sempre a cargo da autoridade judici\u00e1ria da zona eleitoral respons\u00e1vel pelo t\u00edtulo.<\/p>\n<p>O hist\u00f3rico de justificativas eleitorais, contendo os respectivos pleitos em que o eleitor esteve ausente, pode ser consultado no aplicativo e-T\u00edtulo. O acesso ao aplicativo est\u00e1 dispon\u00edvel, de acordo com o TSE, para quem est\u00e1 com o t\u00edtulo eleitoral regular ou suspenso.<\/p>\n<p>Fonte: Ag\u00eancia Brasil<\/p>\n<\/div>\n","protected":false},"excerpt":{"rendered":"<p>Para quem n\u00e3o votou no primeiro turno, o prazo \u00e9 at\u00e9 5 de dezembro Eleitores que n\u00e3o compareceram \u00e0s urnas no segundo turno das elei\u00e7\u00f5es, realizado<span class=\"excerpt-hellip\"> [\u2026]<\/span><\/p>\n","protected":false},"author":10,"featured_media":50980,"comment_status":"open","ping_status":"open","sticky":false,"template":"","format":"standard","meta":{"_jetpack_memberships_contains_paid_content":false,"footnotes":"","jetpack_publicize_message":"","jetpack_publicize_feature_enabled":true,"jetpack_social_post_already_shared":true,"jetpack_social_options":{"image_generator_settings":{"template":"highway","default_image_id":0,"enabled":false},"version":2}},"categories":[28,44],"tags":[],"class_list":["post-50979","post","type-post","status-publish","format-standard","has-post-thumbnail","hentry","category-cotidiano","category-noticias"],"yoast_head":"<!-- This site is optimized with the Yoast SEO plugin v25.6 - https:\/\/yoast.com\/wordpress\/plugins\/seo\/ -->\n<title>Prazo para justificar aus\u00eancia no segundo turno vai at\u00e9 7 de janeiro - VerdadeOn<\/title>\n<meta name=\"robots\" content=\"index, follow, max-snippet:-1, max-image-preview:large, max-video-preview:-1\" \/>\n<link rel=\"canonical\" href=\"https:\/\/verdadeon.com.br\/portal\/2024\/10\/28\/prazo-para-justificar-ausencia-no-segundo-turno-vai-ate-7-de-janeiro\/\" \/>\n<meta property=\"og:locale\" content=\"pt_BR\" \/>\n<meta property=\"og:type\" content=\"article\" \/>\n<meta property=\"og:title\" content=\"Prazo para justificar aus\u00eancia no segundo turno vai at\u00e9 7 de janeiro - VerdadeOn\" \/>\n<meta property=\"og:description\" content=\"Para quem n\u00e3o votou no primeiro turno, o prazo \u00e9 at\u00e9 5 de dezembro Eleitores que n\u00e3o compareceram \u00e0s urnas no segundo turno das elei\u00e7\u00f5es, realizado [\u2026]\" \/>\n<meta property=\"og:url\" content=\"https:\/\/verdadeon.com.br\/portal\/2024\/10\/28\/prazo-para-justificar-ausencia-no-segundo-turno-vai-ate-7-de-janeiro\/\" \/>\n<meta property=\"og:site_name\" content=\"VerdadeOn\" \/>\n<meta property=\"article:published_time\" content=\"2024-10-28T10:50:57+00:00\" \/>\n<meta property=\"article:modified_time\" content=\"2024-10-28T17:52:39+00:00\" \/>\n<meta property=\"og:image\" content=\"https:\/\/verdadeon.com.br\/portal\/wp-content\/uploads\/2024\/10\/AnyConv.com__eleicao_sp_28.jpeg\" \/>\n\t<meta property=\"og:image:width\" content=\"1044\" \/>\n\t<meta property=\"og:image:height\" content=\"700\" \/>\n\t<meta property=\"og:image:type\" content=\"image\/jpeg\" \/>\n<meta name=\"author\" content=\"Redacao VerdadeOn\" \/>\n<meta name=\"twitter:card\" content=\"summary_large_image\" \/>\n<meta name=\"twitter:label1\" content=\"Escrito por\" \/>\n\t<meta name=\"twitter:data1\" content=\"Redacao VerdadeOn\" \/>\n\t<meta name=\"twitter:label2\" content=\"Est. tempo de leitura\" \/>\n\t<meta name=\"twitter:data2\" content=\"2 minutos\" \/>\n<script type=\"application\/ld+json\" class=\"yoast-schema-graph\">{\"@context\":\"https:\/\/schema.org\",\"@graph\":[{\"@type\":\"WebPage\",\"@id\":\"https:\/\/verdadeon.com.br\/portal\/2024\/10\/28\/prazo-para-justificar-ausencia-no-segundo-turno-vai-ate-7-de-janeiro\/\",\"url\":\"https:\/\/verdadeon.com.br\/portal\/2024\/10\/28\/prazo-para-justificar-ausencia-no-segundo-turno-vai-ate-7-de-janeiro\/\",\"name\":\"Prazo para justificar aus\u00eancia no segundo turno vai at\u00e9 7 de janeiro - VerdadeOn\",\"isPartOf\":{\"@id\":\"https:\/\/verdadeon.com.br\/portal\/#website\"},\"primaryImageOfPage\":{\"@id\":\"https:\/\/verdadeon.com.br\/portal\/2024\/10\/28\/prazo-para-justificar-ausencia-no-segundo-turno-vai-ate-7-de-janeiro\/#primaryimage\"},\"image\":{\"@id\":\"https:\/\/verdadeon.com.br\/portal\/2024\/10\/28\/prazo-para-justificar-ausencia-no-segundo-turno-vai-ate-7-de-janeiro\/#primaryimage\"},\"thumbnailUrl\":\"https:\/\/i0.wp.com\/verdadeon.com.br\/portal\/wp-content\/uploads\/2024\/10\/AnyConv.com__eleicao_sp_28.jpeg?fit=1044%2C700&ssl=1\",\"datePublished\":\"2024-10-28T10:50:57+00:00\",\"dateModified\":\"2024-10-28T17:52:39+00:00\",\"author\":{\"@id\":\"https:\/\/verdadeon.com.br\/portal\/#\/schema\/person\/a5060ad1e9ea3df545188fc93ce43d2f\"},\"breadcrumb\":{\"@id\":\"https:\/\/verdadeon.com.br\/portal\/2024\/10\/28\/prazo-para-justificar-ausencia-no-segundo-turno-vai-ate-7-de-janeiro\/#breadcrumb\"},\"inLanguage\":\"pt-BR\",\"potentialAction\":[{\"@type\":\"ReadAction\",\"target\":[\"https:\/\/verdadeon.com.br\/portal\/2024\/10\/28\/prazo-para-justificar-ausencia-no-segundo-turno-vai-ate-7-de-janeiro\/\"]}]},{\"@type\":\"ImageObject\",\"inLanguage\":\"pt-BR\",\"@id\":\"https:\/\/verdadeon.com.br\/portal\/2024\/10\/28\/prazo-para-justificar-ausencia-no-segundo-turno-vai-ate-7-de-janeiro\/#primaryimage\",\"url\":\"https:\/\/i0.wp.com\/verdadeon.com.br\/portal\/wp-content\/uploads\/2024\/10\/AnyConv.com__eleicao_sp_28.jpeg?fit=1044%2C700&ssl=1\",\"contentUrl\":\"https:\/\/i0.wp.com\/verdadeon.com.br\/portal\/wp-content\/uploads\/2024\/10\/AnyConv.com__eleicao_sp_28.jpeg?fit=1044%2C700&ssl=1\",\"width\":1044,\"height\":700,\"caption\":\"A aus\u00eancia \u00e0s urnas \u00e9 registrada logo ap\u00f3s o pleito (\u00a9Paulo Pinto\/Ag\u00eancia Brasil)\"},{\"@type\":\"BreadcrumbList\",\"@id\":\"https:\/\/verdadeon.com.br\/portal\/2024\/10\/28\/prazo-para-justificar-ausencia-no-segundo-turno-vai-ate-7-de-janeiro\/#breadcrumb\",\"itemListElement\":[{\"@type\":\"ListItem\",\"position\":1,\"name\":\"In\u00edcio\",\"item\":\"https:\/\/verdadeon.com.br\/portal\/\"},{\"@type\":\"ListItem\",\"position\":2,\"name\":\"Prazo para justificar aus\u00eancia no segundo turno vai at\u00e9 7 de janeiro\"}]},{\"@type\":\"WebSite\",\"@id\":\"https:\/\/verdadeon.com.br\/portal\/#website\",\"url\":\"https:\/\/verdadeon.com.br\/portal\/\",\"name\":\"VerdadeOn\",\"description\":\"Not\u00edcias di\u00e1rias sobre Franca, Regi\u00e3o, Esporte, Cultura, Cotidiano, Colunas. Cobertura nos principais eventos da cidade \u00e9 aqui - Verdadeon Franca\",\"potentialAction\":[{\"@type\":\"SearchAction\",\"target\":{\"@type\":\"EntryPoint\",\"urlTemplate\":\"https:\/\/verdadeon.com.br\/portal\/?s={search_term_string}\"},\"query-input\":{\"@type\":\"PropertyValueSpecification\",\"valueRequired\":true,\"valueName\":\"search_term_string\"}}],\"inLanguage\":\"pt-BR\"},{\"@type\":\"Person\",\"@id\":\"https:\/\/verdadeon.com.br\/portal\/#\/schema\/person\/a5060ad1e9ea3df545188fc93ce43d2f\",\"name\":\"Redacao VerdadeOn\",\"image\":{\"@type\":\"ImageObject\",\"inLanguage\":\"pt-BR\",\"@id\":\"https:\/\/verdadeon.com.br\/portal\/#\/schema\/person\/image\/\",\"url\":\"https:\/\/secure.gravatar.com\/avatar\/459a9613caaaf07f582c3d0841eea68bdd66f533e465e6ba8b9cb45619572cf4?s=96&d=mm&r=g\",\"contentUrl\":\"https:\/\/secure.gravatar.com\/avatar\/459a9613caaaf07f582c3d0841eea68bdd66f533e465e6ba8b9cb45619572cf4?s=96&d=mm&r=g\",\"caption\":\"Redacao VerdadeOn\"},\"url\":\"https:\/\/verdadeon.com.br\/portal\/author\/redacao\/\"}]}<\/script>\n<!-- \/ Yoast SEO plugin. -->","yoast_head_json":{"title":"Prazo para justificar aus\u00eancia no segundo turno vai at\u00e9 7 de janeiro - VerdadeOn","robots":{"index":"index","follow":"follow","max-snippet":"max-snippet:-1","max-image-preview":"max-image-preview:large","max-video-preview":"max-video-preview:-1"},"canonical":"https:\/\/verdadeon.com.br\/portal\/2024\/10\/28\/prazo-para-justificar-ausencia-no-segundo-turno-vai-ate-7-de-janeiro\/","og_locale":"pt_BR","og_type":"article","og_title":"Prazo para justificar aus\u00eancia no segundo turno vai at\u00e9 7 de janeiro - VerdadeOn","og_description":"Para quem n\u00e3o votou no primeiro turno, o prazo \u00e9 at\u00e9 5 de dezembro Eleitores que n\u00e3o compareceram \u00e0s urnas no segundo turno das elei\u00e7\u00f5es, realizado [\u2026]","og_url":"https:\/\/verdadeon.com.br\/portal\/2024\/10\/28\/prazo-para-justificar-ausencia-no-segundo-turno-vai-ate-7-de-janeiro\/","og_site_name":"VerdadeOn","article_published_time":"2024-10-28T10:50:57+00:00","article_modified_time":"2024-10-28T17:52:39+00:00","og_image":[{"width":1044,"height":700,"url":"https:\/\/verdadeon.com.br\/portal\/wp-content\/uploads\/2024\/10\/AnyConv.com__eleicao_sp_28.jpeg","type":"image\/jpeg"}],"author":"Redacao VerdadeOn","twitter_card":"summary_large_image","twitter_misc":{"Escrito por":"Redacao VerdadeOn","Est. tempo de leitura":"2 minutos"},"schema":{"@context":"https:\/\/schema.org","@graph":[{"@type":"WebPage","@id":"https:\/\/verdadeon.com.br\/portal\/2024\/10\/28\/prazo-para-justificar-ausencia-no-segundo-turno-vai-ate-7-de-janeiro\/","url":"https:\/\/verdadeon.com.br\/portal\/2024\/10\/28\/prazo-para-justificar-ausencia-no-segundo-turno-vai-ate-7-de-janeiro\/","name":"Prazo para justificar aus\u00eancia no segundo turno vai at\u00e9 7 de janeiro - VerdadeOn","isPartOf":{"@id":"https:\/\/verdadeon.com.br\/portal\/#website"},"primaryImageOfPage":{"@id":"https:\/\/verdadeon.com.br\/portal\/2024\/10\/28\/prazo-para-justificar-ausencia-no-segundo-turno-vai-ate-7-de-janeiro\/#primaryimage"},"image":{"@id":"https:\/\/verdadeon.com.br\/portal\/2024\/10\/28\/prazo-para-justificar-ausencia-no-segundo-turno-vai-ate-7-de-janeiro\/#primaryimage"},"thumbnailUrl":"https:\/\/i0.wp.com\/verdadeon.com.br\/portal\/wp-content\/uploads\/2024\/10\/AnyConv.com__eleicao_sp_28.jpeg?fit=1044%2C700&ssl=1","datePublished":"2024-10-28T10:50:57+00:00","dateModified":"2024-10-28T17:52:39+00:00","author":{"@id":"https:\/\/verdadeon.com.br\/portal\/#\/schema\/person\/a5060ad1e9ea3df545188fc93ce43d2f"},"breadcrumb":{"@id":"https:\/\/verdadeon.com.br\/portal\/2024\/10\/28\/prazo-para-justificar-ausencia-no-segundo-turno-vai-ate-7-de-janeiro\/#breadcrumb"},"inLanguage":"pt-BR","potentialAction":[{"@type":"ReadAction","target":["https:\/\/verdadeon.com.br\/portal\/2024\/10\/28\/prazo-para-justificar-ausencia-no-segundo-turno-vai-ate-7-de-janeiro\/"]}]},{"@type":"ImageObject","inLanguage":"pt-BR","@id":"https:\/\/verdadeon.com.br\/portal\/2024\/10\/28\/prazo-para-justificar-ausencia-no-segundo-turno-vai-ate-7-de-janeiro\/#primaryimage","url":"https:\/\/i0.wp.com\/verdadeon.com.br\/portal\/wp-content\/uploads\/2024\/10\/AnyConv.com__eleicao_sp_28.jpeg?fit=1044%2C700&ssl=1","contentUrl":"https:\/\/i0.wp.com\/verdadeon.com.br\/portal\/wp-content\/uploads\/2024\/10\/AnyConv.com__eleicao_sp_28.jpeg?fit=1044%2C700&ssl=1","width":1044,"height":700,"caption":"A aus\u00eancia \u00e0s urnas \u00e9 registrada logo ap\u00f3s o pleito (\u00a9Paulo Pinto\/Ag\u00eancia Brasil)"},{"@type":"BreadcrumbList","@id":"https:\/\/verdadeon.com.br\/portal\/2024\/10\/28\/prazo-para-justificar-ausencia-no-segundo-turno-vai-ate-7-de-janeiro\/#breadcrumb","itemListElement":[{"@type":"ListItem","position":1,"name":"In\u00edcio","item":"https:\/\/verdadeon.com.br\/portal\/"},{"@type":"ListItem","position":2,"name":"Prazo para justificar aus\u00eancia no segundo turno vai at\u00e9 7 de janeiro"}]},{"@type":"WebSite","@id":"https:\/\/verdadeon.com.br\/portal\/#website","url":"https:\/\/verdadeon.com.br\/portal\/","name":"VerdadeOn","description":"Not\u00edcias di\u00e1rias sobre Franca, Regi\u00e3o, Esporte, Cultura, Cotidiano, Colunas. Cobertura nos principais eventos da cidade \u00e9 aqui - Verdadeon Franca","potentialAction":[{"@type":"SearchAction","target":{"@type":"EntryPoint","urlTemplate":"https:\/\/verdadeon.com.br\/portal\/?s={search_term_string}"},"query-input":{"@type":"PropertyValueSpecification","valueRequired":true,"valueName":"search_term_string"}}],"inLanguage":"pt-BR"},{"@type":"Person","@id":"https:\/\/verdadeon.com.br\/portal\/#\/schema\/person\/a5060ad1e9ea3df545188fc93ce43d2f","name":"Redacao VerdadeOn","image":{"@type":"ImageObject","inLanguage":"pt-BR","@id":"https:\/\/verdadeon.com.br\/portal\/#\/schema\/person\/image\/","url":"https:\/\/secure.gravatar.com\/avatar\/459a9613caaaf07f582c3d0841eea68bdd66f533e465e6ba8b9cb45619572cf4?s=96&d=mm&r=g","contentUrl":"https:\/\/secure.gravatar.com\/avatar\/459a9613caaaf07f582c3d0841eea68bdd66f533e465e6ba8b9cb45619572cf4?s=96&d=mm&r=g","caption":"Redacao VerdadeOn"},"url":"https:\/\/verdadeon.com.br\/portal\/author\/redacao\/"}]}},"jetpack_publicize_connections":[],"jetpack_featured_media_url":"https:\/\/i0.wp.com\/verdadeon.com.br\/portal\/wp-content\/uploads\/2024\/10\/AnyConv.com__eleicao_sp_28.jpeg?fit=1044%2C700&ssl=1","jetpack_sharing_enabled":true,"_links":{"self":[{"href":"https:\/\/verdadeon.com.br\/portal\/wp-json\/wp\/v2\/posts\/50979","targetHints":{"allow":["GET"]}}],"collection":[{"href":"https:\/\/verdadeon.com.br\/portal\/wp-json\/wp\/v2\/posts"}],"about":[{"href":"https:\/\/verdadeon.com.br\/portal\/wp-json\/wp\/v2\/types\/post"}],"author":[{"embeddable":true,"href":"https:\/\/verdadeon.com.br\/portal\/wp-json\/wp\/v2\/users\/10"}],"replies":[{"embeddable":true,"href":"https:\/\/verdadeon.com.br\/portal\/wp-json\/wp\/v2\/comments?post=50979"}],"version-history":[{"count":1,"href":"https:\/\/verdadeon.com.br\/portal\/wp-json\/wp\/v2\/posts\/50979\/revisions"}],"predecessor-version":[{"id":50981,"href":"https:\/\/verdadeon.com.br\/portal\/wp-json\/wp\/v2\/posts\/50979\/revisions\/50981"}],"wp:featuredmedia":[{"embeddable":true,"href":"https:\/\/verdadeon.com.br\/portal\/wp-json\/wp\/v2\/media\/50980"}],"wp:attachment":[{"href":"https:\/\/verdadeon.com.br\/portal\/wp-json\/wp\/v2\/media?parent=50979"}],"wp:term":[{"taxonomy":"category","embeddable":true,"href":"https:\/\/verdadeon.com.br\/portal\/wp-json\/wp\/v2\/categories?post=50979"},{"taxonomy":"post_tag","embeddable":true,"href":"https:\/\/verdadeon.com.br\/portal\/wp-json\/wp\/v2\/tags?post=50979"}],"curies":[{"name":"wp","href":"https:\/\/api.w.org\/{rel}","templated":true}]}}