{"id":50499,"date":"2024-10-09T12:00:32","date_gmt":"2024-10-09T15:00:32","guid":{"rendered":"https:\/\/verdadeon.com.br\/portal\/?p=50499"},"modified":"2024-10-09T22:22:20","modified_gmt":"2024-10-10T01:22:20","slug":"porta-dos-fundos-a-triste-despedida-de-dr-ubiali-da-politica","status":"publish","type":"post","link":"https:\/\/verdadeon.com.br\/portal\/2024\/10\/09\/porta-dos-fundos-a-triste-despedida-de-dr-ubiali-da-politica\/","title":{"rendered":"Porta dos fundos, a triste despedida de Dr. Ubiali da pol\u00edtica"},"content":{"rendered":"<p style=\"font-weight: 400;\">O m\u00e9dico Dr. Marco Aur\u00e9lio Ubiali, que foi candidato \u00e0 prefeitura de Franca pela segunda vez, desempenhando um papel de figurante sem chances a ponto de ficar na quinta coloca\u00e7\u00e3o com 3,44% dos votos v\u00e1lidos, decidiu se aliar ao prefeito Alexandre e apoi\u00e1-lo no segundo turno. Ambos divulgaram um v\u00eddeo na noite de quarta-feira.<\/p>\n<p style=\"font-weight: 400;\">Com o h\u00e1bito de ser mero figurante, desde que em 2020 foi ridicularizado com inexpressiva vota\u00e7\u00e3o a vereador, mesmo depois de oito anos como deputado federal e de l\u00e1 at\u00e9 agora, sempre perdendo espa\u00e7o e prest\u00edgio, ele foi duramente criticado ao \u201cdar um PT\u201d (puxa-tapete)\u00a0 no ex-prefeito de Patroc\u00ednio Paulista, dr. Marcos Ferreira, que seria o virtual candidato do PSB este ano, o m\u00e9dico despede-se do cen\u00e1rio pol\u00edtico o que, na avalia\u00e7\u00e3o de integrantes do pr\u00f3prio PSB, \u201c<strong><em>est\u00e1 saindo pela porta dos fundos<\/em>\u201d.<\/strong><\/p>\n<p style=\"font-weight: 400;\">Desgastado quando ainda deputado, teria optado por trocar Franca sua base pol\u00edtica e de nascimento, para viver em Ribeir\u00e3o Preto, desde 2020 o m\u00e9dico nunca mais foi visto em atividade pol\u00edtica, surpreendendo at\u00e9 os mais pr\u00f3ximos quando se lan\u00e7ou a pr\u00e9-candidato a prefeito e saiu em busca de coliga\u00e7\u00f5es e convites para ter um candidato a vice. O ex-deputado Gilson de Souza preferiu se poupar desse desgaste, mas indicou o filho Gilsinho que pouco apareceu na campanha, foi apenas figurante.<\/p>\n<p style=\"font-weight: 400;\">Com 74 anos, Dr. Ubiali chegou at\u00e9 a antecipar seu anivers\u00e1rio dia 7 de novembro (dados de seu perfil na wikipedia) para festejar entre aliados na segunda-feira, dia 7 de outubro, quando se reuniu com partid\u00e1rios em clima festivo, em ritmo de despedida. (CP\/EMP)<\/p>\n","protected":false},"excerpt":{"rendered":"<p>O m\u00e9dico Dr. Marco Aur\u00e9lio Ubiali, que foi candidato \u00e0 prefeitura de Franca pela segunda vez, desempenhando um papel de figurante sem chances a ponto de<span class=\"excerpt-hellip\"> [\u2026]<\/span><\/p>\n","protected":false},"author":10,"featured_media":7071,"comment_status":"open","ping_status":"open","sticky":false,"template":"","format":"standard","meta":{"_jetpack_memberships_contains_paid_content":false,"footnotes":"","jetpack_publicize_message":"","jetpack_publicize_feature_enabled":true,"jetpack_social_post_already_shared":true,"jetpack_social_options":{"image_generator_settings":{"template":"highway","default_image_id":0,"enabled":false},"version":2}},"categories":[28,81],"tags":[],"class_list":["post-50499","post","type-post","status-publish","format-standard","has-post-thumbnail","hentry","category-cotidiano","category-manchete"],"yoast_head":"<!-- This site is optimized with the Yoast SEO plugin v25.6 - https:\/\/yoast.com\/wordpress\/plugins\/seo\/ -->\n<title>Porta dos fundos, a triste despedida de Dr. Ubiali da pol\u00edtica - VerdadeOn<\/title>\n<meta name=\"robots\" content=\"index, follow, max-snippet:-1, max-image-preview:large, max-video-preview:-1\" \/>\n<link rel=\"canonical\" href=\"https:\/\/verdadeon.com.br\/portal\/2024\/10\/09\/porta-dos-fundos-a-triste-despedida-de-dr-ubiali-da-politica\/\" \/>\n<meta property=\"og:locale\" content=\"pt_BR\" \/>\n<meta property=\"og:type\" content=\"article\" \/>\n<meta property=\"og:title\" content=\"Porta dos fundos, a triste despedida de Dr. Ubiali da pol\u00edtica - VerdadeOn\" \/>\n<meta property=\"og:description\" content=\"O m\u00e9dico Dr. Marco Aur\u00e9lio Ubiali, que foi candidato \u00e0 prefeitura de Franca pela segunda vez, desempenhando um papel de figurante sem chances a ponto de [\u2026]\" \/>\n<meta property=\"og:url\" content=\"https:\/\/verdadeon.com.br\/portal\/2024\/10\/09\/porta-dos-fundos-a-triste-despedida-de-dr-ubiali-da-politica\/\" \/>\n<meta property=\"og:site_name\" content=\"VerdadeOn\" \/>\n<meta property=\"article:published_time\" content=\"2024-10-09T15:00:32+00:00\" \/>\n<meta property=\"article:modified_time\" content=\"2024-10-10T01:22:20+00:00\" \/>\n<meta property=\"og:image\" content=\"https:\/\/verdadeon.com.br\/portal\/wp-content\/uploads\/2020\/05\/dr.-ubiali.jpg\" \/>\n\t<meta property=\"og:image:width\" content=\"650\" \/>\n\t<meta property=\"og:image:height\" content=\"488\" \/>\n\t<meta property=\"og:image:type\" content=\"image\/jpeg\" \/>\n<meta name=\"author\" content=\"Redacao VerdadeOn\" \/>\n<meta name=\"twitter:card\" content=\"summary_large_image\" \/>\n<meta name=\"twitter:label1\" content=\"Escrito por\" \/>\n\t<meta name=\"twitter:data1\" content=\"Redacao VerdadeOn\" \/>\n\t<meta name=\"twitter:label2\" content=\"Est. tempo de leitura\" \/>\n\t<meta name=\"twitter:data2\" content=\"2 minutos\" \/>\n<script type=\"application\/ld+json\" class=\"yoast-schema-graph\">{\"@context\":\"https:\/\/schema.org\",\"@graph\":[{\"@type\":\"WebPage\",\"@id\":\"https:\/\/verdadeon.com.br\/portal\/2024\/10\/09\/porta-dos-fundos-a-triste-despedida-de-dr-ubiali-da-politica\/\",\"url\":\"https:\/\/verdadeon.com.br\/portal\/2024\/10\/09\/porta-dos-fundos-a-triste-despedida-de-dr-ubiali-da-politica\/\",\"name\":\"Porta dos fundos, a triste despedida de Dr. Ubiali da pol\u00edtica - VerdadeOn\",\"isPartOf\":{\"@id\":\"https:\/\/verdadeon.com.br\/portal\/#website\"},\"primaryImageOfPage\":{\"@id\":\"https:\/\/verdadeon.com.br\/portal\/2024\/10\/09\/porta-dos-fundos-a-triste-despedida-de-dr-ubiali-da-politica\/#primaryimage\"},\"image\":{\"@id\":\"https:\/\/verdadeon.com.br\/portal\/2024\/10\/09\/porta-dos-fundos-a-triste-despedida-de-dr-ubiali-da-politica\/#primaryimage\"},\"thumbnailUrl\":\"https:\/\/i0.wp.com\/verdadeon.com.br\/portal\/wp-content\/uploads\/2020\/05\/dr.-ubiali.jpg?fit=650%2C488&ssl=1\",\"datePublished\":\"2024-10-09T15:00:32+00:00\",\"dateModified\":\"2024-10-10T01:22:20+00:00\",\"author\":{\"@id\":\"https:\/\/verdadeon.com.br\/portal\/#\/schema\/person\/a5060ad1e9ea3df545188fc93ce43d2f\"},\"breadcrumb\":{\"@id\":\"https:\/\/verdadeon.com.br\/portal\/2024\/10\/09\/porta-dos-fundos-a-triste-despedida-de-dr-ubiali-da-politica\/#breadcrumb\"},\"inLanguage\":\"pt-BR\",\"potentialAction\":[{\"@type\":\"ReadAction\",\"target\":[\"https:\/\/verdadeon.com.br\/portal\/2024\/10\/09\/porta-dos-fundos-a-triste-despedida-de-dr-ubiali-da-politica\/\"]}]},{\"@type\":\"ImageObject\",\"inLanguage\":\"pt-BR\",\"@id\":\"https:\/\/verdadeon.com.br\/portal\/2024\/10\/09\/porta-dos-fundos-a-triste-despedida-de-dr-ubiali-da-politica\/#primaryimage\",\"url\":\"https:\/\/i0.wp.com\/verdadeon.com.br\/portal\/wp-content\/uploads\/2020\/05\/dr.-ubiali.jpg?fit=650%2C488&ssl=1\",\"contentUrl\":\"https:\/\/i0.wp.com\/verdadeon.com.br\/portal\/wp-content\/uploads\/2020\/05\/dr.-ubiali.jpg?fit=650%2C488&ssl=1\",\"width\":650,\"height\":488,\"caption\":\"Dr. Ubiali se despede da pol\u00edtica declarando apoio ao atual prefeito de Franca (\u00a9Divulga\u00e7\u00e3o)\"},{\"@type\":\"BreadcrumbList\",\"@id\":\"https:\/\/verdadeon.com.br\/portal\/2024\/10\/09\/porta-dos-fundos-a-triste-despedida-de-dr-ubiali-da-politica\/#breadcrumb\",\"itemListElement\":[{\"@type\":\"ListItem\",\"position\":1,\"name\":\"In\u00edcio\",\"item\":\"https:\/\/verdadeon.com.br\/portal\/\"},{\"@type\":\"ListItem\",\"position\":2,\"name\":\"Porta dos fundos, a triste despedida de Dr. Ubiali da pol\u00edtica\"}]},{\"@type\":\"WebSite\",\"@id\":\"https:\/\/verdadeon.com.br\/portal\/#website\",\"url\":\"https:\/\/verdadeon.com.br\/portal\/\",\"name\":\"VerdadeOn\",\"description\":\"Not\u00edcias di\u00e1rias sobre Franca, Regi\u00e3o, Esporte, Cultura, Cotidiano, Colunas. Cobertura nos principais eventos da cidade \u00e9 aqui - Verdadeon Franca\",\"potentialAction\":[{\"@type\":\"SearchAction\",\"target\":{\"@type\":\"EntryPoint\",\"urlTemplate\":\"https:\/\/verdadeon.com.br\/portal\/?s={search_term_string}\"},\"query-input\":{\"@type\":\"PropertyValueSpecification\",\"valueRequired\":true,\"valueName\":\"search_term_string\"}}],\"inLanguage\":\"pt-BR\"},{\"@type\":\"Person\",\"@id\":\"https:\/\/verdadeon.com.br\/portal\/#\/schema\/person\/a5060ad1e9ea3df545188fc93ce43d2f\",\"name\":\"Redacao VerdadeOn\",\"image\":{\"@type\":\"ImageObject\",\"inLanguage\":\"pt-BR\",\"@id\":\"https:\/\/verdadeon.com.br\/portal\/#\/schema\/person\/image\/\",\"url\":\"https:\/\/secure.gravatar.com\/avatar\/459a9613caaaf07f582c3d0841eea68bdd66f533e465e6ba8b9cb45619572cf4?s=96&d=mm&r=g\",\"contentUrl\":\"https:\/\/secure.gravatar.com\/avatar\/459a9613caaaf07f582c3d0841eea68bdd66f533e465e6ba8b9cb45619572cf4?s=96&d=mm&r=g\",\"caption\":\"Redacao VerdadeOn\"},\"url\":\"https:\/\/verdadeon.com.br\/portal\/author\/redacao\/\"}]}<\/script>\n<!-- \/ Yoast SEO plugin. -->","yoast_head_json":{"title":"Porta dos fundos, a triste despedida de Dr. Ubiali da pol\u00edtica - VerdadeOn","robots":{"index":"index","follow":"follow","max-snippet":"max-snippet:-1","max-image-preview":"max-image-preview:large","max-video-preview":"max-video-preview:-1"},"canonical":"https:\/\/verdadeon.com.br\/portal\/2024\/10\/09\/porta-dos-fundos-a-triste-despedida-de-dr-ubiali-da-politica\/","og_locale":"pt_BR","og_type":"article","og_title":"Porta dos fundos, a triste despedida de Dr. Ubiali da pol\u00edtica - VerdadeOn","og_description":"O m\u00e9dico Dr. Marco Aur\u00e9lio Ubiali, que foi candidato \u00e0 prefeitura de Franca pela segunda vez, desempenhando um papel de figurante sem chances a ponto de [\u2026]","og_url":"https:\/\/verdadeon.com.br\/portal\/2024\/10\/09\/porta-dos-fundos-a-triste-despedida-de-dr-ubiali-da-politica\/","og_site_name":"VerdadeOn","article_published_time":"2024-10-09T15:00:32+00:00","article_modified_time":"2024-10-10T01:22:20+00:00","og_image":[{"width":650,"height":488,"url":"https:\/\/verdadeon.com.br\/portal\/wp-content\/uploads\/2020\/05\/dr.-ubiali.jpg","type":"image\/jpeg"}],"author":"Redacao VerdadeOn","twitter_card":"summary_large_image","twitter_misc":{"Escrito por":"Redacao VerdadeOn","Est. tempo de leitura":"2 minutos"},"schema":{"@context":"https:\/\/schema.org","@graph":[{"@type":"WebPage","@id":"https:\/\/verdadeon.com.br\/portal\/2024\/10\/09\/porta-dos-fundos-a-triste-despedida-de-dr-ubiali-da-politica\/","url":"https:\/\/verdadeon.com.br\/portal\/2024\/10\/09\/porta-dos-fundos-a-triste-despedida-de-dr-ubiali-da-politica\/","name":"Porta dos fundos, a triste despedida de Dr. Ubiali da pol\u00edtica - VerdadeOn","isPartOf":{"@id":"https:\/\/verdadeon.com.br\/portal\/#website"},"primaryImageOfPage":{"@id":"https:\/\/verdadeon.com.br\/portal\/2024\/10\/09\/porta-dos-fundos-a-triste-despedida-de-dr-ubiali-da-politica\/#primaryimage"},"image":{"@id":"https:\/\/verdadeon.com.br\/portal\/2024\/10\/09\/porta-dos-fundos-a-triste-despedida-de-dr-ubiali-da-politica\/#primaryimage"},"thumbnailUrl":"https:\/\/i0.wp.com\/verdadeon.com.br\/portal\/wp-content\/uploads\/2020\/05\/dr.-ubiali.jpg?fit=650%2C488&ssl=1","datePublished":"2024-10-09T15:00:32+00:00","dateModified":"2024-10-10T01:22:20+00:00","author":{"@id":"https:\/\/verdadeon.com.br\/portal\/#\/schema\/person\/a5060ad1e9ea3df545188fc93ce43d2f"},"breadcrumb":{"@id":"https:\/\/verdadeon.com.br\/portal\/2024\/10\/09\/porta-dos-fundos-a-triste-despedida-de-dr-ubiali-da-politica\/#breadcrumb"},"inLanguage":"pt-BR","potentialAction":[{"@type":"ReadAction","target":["https:\/\/verdadeon.com.br\/portal\/2024\/10\/09\/porta-dos-fundos-a-triste-despedida-de-dr-ubiali-da-politica\/"]}]},{"@type":"ImageObject","inLanguage":"pt-BR","@id":"https:\/\/verdadeon.com.br\/portal\/2024\/10\/09\/porta-dos-fundos-a-triste-despedida-de-dr-ubiali-da-politica\/#primaryimage","url":"https:\/\/i0.wp.com\/verdadeon.com.br\/portal\/wp-content\/uploads\/2020\/05\/dr.-ubiali.jpg?fit=650%2C488&ssl=1","contentUrl":"https:\/\/i0.wp.com\/verdadeon.com.br\/portal\/wp-content\/uploads\/2020\/05\/dr.-ubiali.jpg?fit=650%2C488&ssl=1","width":650,"height":488,"caption":"Dr. Ubiali se despede da pol\u00edtica declarando apoio ao atual prefeito de Franca (\u00a9Divulga\u00e7\u00e3o)"},{"@type":"BreadcrumbList","@id":"https:\/\/verdadeon.com.br\/portal\/2024\/10\/09\/porta-dos-fundos-a-triste-despedida-de-dr-ubiali-da-politica\/#breadcrumb","itemListElement":[{"@type":"ListItem","position":1,"name":"In\u00edcio","item":"https:\/\/verdadeon.com.br\/portal\/"},{"@type":"ListItem","position":2,"name":"Porta dos fundos, a triste despedida de Dr. Ubiali da pol\u00edtica"}]},{"@type":"WebSite","@id":"https:\/\/verdadeon.com.br\/portal\/#website","url":"https:\/\/verdadeon.com.br\/portal\/","name":"VerdadeOn","description":"Not\u00edcias di\u00e1rias sobre Franca, Regi\u00e3o, Esporte, Cultura, Cotidiano, Colunas. Cobertura nos principais eventos da cidade \u00e9 aqui - Verdadeon Franca","potentialAction":[{"@type":"SearchAction","target":{"@type":"EntryPoint","urlTemplate":"https:\/\/verdadeon.com.br\/portal\/?s={search_term_string}"},"query-input":{"@type":"PropertyValueSpecification","valueRequired":true,"valueName":"search_term_string"}}],"inLanguage":"pt-BR"},{"@type":"Person","@id":"https:\/\/verdadeon.com.br\/portal\/#\/schema\/person\/a5060ad1e9ea3df545188fc93ce43d2f","name":"Redacao VerdadeOn","image":{"@type":"ImageObject","inLanguage":"pt-BR","@id":"https:\/\/verdadeon.com.br\/portal\/#\/schema\/person\/image\/","url":"https:\/\/secure.gravatar.com\/avatar\/459a9613caaaf07f582c3d0841eea68bdd66f533e465e6ba8b9cb45619572cf4?s=96&d=mm&r=g","contentUrl":"https:\/\/secure.gravatar.com\/avatar\/459a9613caaaf07f582c3d0841eea68bdd66f533e465e6ba8b9cb45619572cf4?s=96&d=mm&r=g","caption":"Redacao VerdadeOn"},"url":"https:\/\/verdadeon.com.br\/portal\/author\/redacao\/"}]}},"jetpack_publicize_connections":[],"jetpack_featured_media_url":"https:\/\/i0.wp.com\/verdadeon.com.br\/portal\/wp-content\/uploads\/2020\/05\/dr.-ubiali.jpg?fit=650%2C488&ssl=1","jetpack_sharing_enabled":true,"_links":{"self":[{"href":"https:\/\/verdadeon.com.br\/portal\/wp-json\/wp\/v2\/posts\/50499","targetHints":{"allow":["GET"]}}],"collection":[{"href":"https:\/\/verdadeon.com.br\/portal\/wp-json\/wp\/v2\/posts"}],"about":[{"href":"https:\/\/verdadeon.com.br\/portal\/wp-json\/wp\/v2\/types\/post"}],"author":[{"embeddable":true,"href":"https:\/\/verdadeon.com.br\/portal\/wp-json\/wp\/v2\/users\/10"}],"replies":[{"embeddable":true,"href":"https:\/\/verdadeon.com.br\/portal\/wp-json\/wp\/v2\/comments?post=50499"}],"version-history":[{"count":1,"href":"https:\/\/verdadeon.com.br\/portal\/wp-json\/wp\/v2\/posts\/50499\/revisions"}],"predecessor-version":[{"id":50501,"href":"https:\/\/verdadeon.com.br\/portal\/wp-json\/wp\/v2\/posts\/50499\/revisions\/50501"}],"wp:featuredmedia":[{"embeddable":true,"href":"https:\/\/verdadeon.com.br\/portal\/wp-json\/wp\/v2\/media\/7071"}],"wp:attachment":[{"href":"https:\/\/verdadeon.com.br\/portal\/wp-json\/wp\/v2\/media?parent=50499"}],"wp:term":[{"taxonomy":"category","embeddable":true,"href":"https:\/\/verdadeon.com.br\/portal\/wp-json\/wp\/v2\/categories?post=50499"},{"taxonomy":"post_tag","embeddable":true,"href":"https:\/\/verdadeon.com.br\/portal\/wp-json\/wp\/v2\/tags?post=50499"}],"curies":[{"name":"wp","href":"https:\/\/api.w.org\/{rel}","templated":true}]}}