{"id":50489,"date":"2024-10-09T12:29:46","date_gmt":"2024-10-09T15:29:46","guid":{"rendered":"https:\/\/verdadeon.com.br\/portal\/?p=50489"},"modified":"2024-10-09T12:29:46","modified_gmt":"2024-10-09T15:29:46","slug":"prazo-para-a-inscricao-no-vestibular-da-unesp-termina-nesta-quinta-feira-10-unidade-de-franca-possui-369-vagas","status":"publish","type":"post","link":"https:\/\/verdadeon.com.br\/portal\/2024\/10\/09\/prazo-para-a-inscricao-no-vestibular-da-unesp-termina-nesta-quinta-feira-10-unidade-de-franca-possui-369-vagas\/","title":{"rendered":"Prazo para a inscri\u00e7\u00e3o no vestibular da Unesp termina nesta quinta-feira (10); unidade de Franca possui 369 vagas"},"content":{"rendered":"<div class=\"elementor-element elementor-element-e6b607f e-flex e-con-boxed e-con e-child\" data-id=\"e6b607f\" data-element_type=\"container\" data-settings=\"{&quot;content_width&quot;:&quot;boxed&quot;,&quot;_ha_eqh_enable&quot;:false}\">\n<div class=\"e-con-inner\">\n<div class=\"elementor-element elementor-element-c362059 elementor-widget elementor-widget-theme-post-excerpt\" data-id=\"c362059\" data-element_type=\"widget\" data-widget_type=\"theme-post-excerpt.default\">\n<h2 class=\"elementor-widget-container\">Ao todo s\u00e3o oferecidas 6.596 vagas em 24 cidades; a primeira fase ser\u00e1 realizada no dia 15 de novembro e a segunda em 8 e 9 de dezembro<\/h2>\n<\/div>\n<\/div>\n<\/div>\n<div class=\"elementor-element elementor-element-77f85a2 e-flex e-con-boxed e-con e-child\" data-id=\"77f85a2\" data-element_type=\"container\" data-settings=\"{&quot;content_width&quot;:&quot;boxed&quot;,&quot;_ha_eqh_enable&quot;:false}\">\n<div class=\"e-con-inner\">\n<div class=\"elementor-element elementor-element-2685aa1 elementor-widget elementor-widget-template\" data-id=\"2685aa1\" data-element_type=\"widget\" data-widget_type=\"template.default\">\n<div class=\"elementor-widget-container\">\n<div class=\"elementor-template\">\n<div class=\"elementor elementor-5014\" data-elementor-type=\"section\" data-elementor-id=\"5014\" data-elementor-post-type=\"elementor_library\">\n<div class=\"elementor-element elementor-element-e649f9a compartilhe e-con-full e-flex e-con e-child\" data-id=\"e649f9a\" data-element_type=\"container\" data-settings=\"{&quot;content_width&quot;:&quot;full&quot;,&quot;_ha_eqh_enable&quot;:false}\">\n<div class=\"elementor-element elementor-element-5d7d833 e-flex e-con-boxed e-con e-child\" data-id=\"5d7d833\" data-element_type=\"container\" data-settings=\"{&quot;content_width&quot;:&quot;boxed&quot;,&quot;_ha_eqh_enable&quot;:false}\">\n<div class=\"e-con-inner\">\n<div class=\"elementor-element elementor-element-bb80f58 elementor-widget elementor-widget-image\" data-id=\"bb80f58\" data-element_type=\"widget\" data-widget_type=\"image.default\">\n<p>Vestibular 2025 da Universidade Estadual Paulista (Unesp) receber\u00e1 inscri\u00e7\u00f5es at\u00e9 esta quinta-feira (10). O exame oferece 6.596 vagas em 24 cidades. Os interessados dever\u00e3o se cadastrar pelo site da Funda\u00e7\u00e3o Vunesp (<a role=\"link\" href=\"https:\/\/www.vunesp.com.br\/VNSP2404\" target=\"_blank\" rel=\"noreferrer noopener\">www.vunesp.com.br<\/a>), respons\u00e1vel pela sele\u00e7\u00e3o. A taxa \u00e9 de R$ 210.<\/p>\n<p>A Unesp oferece redu\u00e7\u00e3o de 75% aos cerca de 400 mil alunos matriculados no \u00faltimo ano do ensino m\u00e9dio da rede p\u00fablica estadual paulista, incluindo alunos da Secretaria da Educa\u00e7\u00e3o\/SP e do Centro Paula Souza. Estes candidatos pagar\u00e3o taxa de R$ 52,50 e se inscrever\u00e3o no mesmo prazo dos pagantes da taxa integral, at\u00e9 quinta-feira (10), pela p\u00e1gina da Vunesp.<\/p>\n<p>Os beneficiados com a redu\u00e7\u00e3o de 75% est\u00e3o previamente cadastrados no sistema da Vunesp pelo seu n\u00famero de RA (Registro do Aluno). No momento do preenchimento da ficha de inscri\u00e7\u00e3o pelo site da Vunesp, estes candidatos dever\u00e3o responder \u201cSIM\u201d na quest\u00e3o sobre a posse de um Voucher e preencher o n\u00famero completo de RA, composto por n\u00famero e d\u00edgito, para finalizar a inscri\u00e7\u00e3o e gerar o boleto de R$ 52,50.<\/p>\n<p>O resultado dos pedidos de isen\u00e7\u00e3o e redu\u00e7\u00e3o de 50% da taxa j\u00e1 est\u00e1 dispon\u00edvel para consulta nos sites da Unesp (<a role=\"link\" href=\"https:\/\/vestibular.unesp.br\/portal#!\/editais-e-documentos\/resultado-das-solicitacoes-de-isencoes-de-taxa-de-inscricao\/\" target=\"_blank\" rel=\"noreferrer noopener\">vestibular.unesp.br<\/a>) e da Vunesp.<\/p>\n<p>As provas ser\u00e3o realizadas em 15 de novembro (primeira fase) e 8 e 9 de dezembro (segunda fase), em 35 cidades, sendo 31 munic\u00edpios em todas as regi\u00f5es do estado de S\u00e3o Paulo e ainda em Bras\u00edlia (DF), Campo Grande (MS), Curitiba (PR) e Uberl\u00e2ndia (MG).<\/p>\n<p>O Sistema de Reserva de Vagas para Educa\u00e7\u00e3o B\u00e1sica P\u00fablica (SRVEBP) destina 50% das vagas de cada curso de gradua\u00e7\u00e3o da Unesp para alunos que tenham feito todo o ensino m\u00e9dio em escola p\u00fablica, sendo que 35% das vagas desse sistema s\u00e3o destinadas a candidatos que se autodeclararem pretos, pardos ou ind\u00edgenas. Tal somat\u00f3ria inclui as 934 vagas do Vestibular Seriado Paulista (Prov\u00e3o Paulista) destinadas exclusivamente a alunos do ensino p\u00fablico. Este sistema tem garantido maioria de ingressantes vindos de escolas p\u00fablicas desde o Vestibular Unesp 2017.<\/p>\n<p>Os cursos da Unesp s\u00e3o oferecidos nas seguintes cidades: Ara\u00e7atuba (126 vagas), Araraquara (764), Assis (352), Bauru (992), Botucatu (538), Dracena (70), Franca (369), Guaratinguet\u00e1 (274), Ilha Solteira (265), Itapeva (66), Jaboticabal (252), Mar\u00edlia (400), Ourinhos (54), Presidente Prudente (529), Registro (64), Rio Claro (423), Rosana (58), S\u00e3o Jo\u00e3o da Boa Vista (70), S\u00e3o Jos\u00e9 do Rio Preto (391), S\u00e3o Jos\u00e9 dos Campos (108), S\u00e3o Paulo (185), S\u00e3o Vicente (72), Sorocaba (72) e Tup\u00e3 (102).<\/p>\n<p class=\"wp-block-heading\"><strong>Mais informa\u00e7\u00f5es<\/strong><\/p>\n<p>A Unesp \u00e9 uma universidade p\u00fablica e gratuita que est\u00e1 entre as maiores e melhores do pa\u00eds e da Am\u00e9rica Latina. Presente em 24 cidades do estado de S\u00e3o Paulo, com 34 unidades universit\u00e1rias, desenvolve atividades de ensino, pesquisa e extens\u00e3o universit\u00e1ria em todas as grandes \u00e1reas do conhecimento.<\/p>\n<p>Criada em 1976, a Universidade tem cerca de 50 mil estudantes, entre alunos de gradua\u00e7\u00e3o e p\u00f3s-gradua\u00e7\u00e3o (stricto sensu).\u00a0Oferece ainda cursos pr\u00e9-vestibulares gratuitos e mant\u00e9m programas de extens\u00e3o abertos para a comunidade.\u00a0Tr\u00eas escolas de ensino m\u00e9dio\/t\u00e9cnico tamb\u00e9m s\u00e3o mantidas pela Unesp, que possui cerca de 1.900 laborat\u00f3rios e 33 bibliotecas, al\u00e9m de cinco fazendas de ensino e pesquisa e tr\u00eas hospitais veterin\u00e1rios.<\/p>\n<p>Para tirar d\u00favidas sobre o vestibular, o candidato pode fazer contato pelo link \u201cFale Conosco\u201d do site da Vunesp:\u00a0<a role=\"link\" href=\"https:\/\/www.vunesp.com.br\/FaleConosco\" target=\"_blank\" rel=\"noreferrer noopener\">https:\/\/www.vunesp.com.br\/FaleConosco<\/a>.\u00a0\u00a0Para obter informa\u00e7\u00f5es sobre os cursos de gradua\u00e7\u00e3o da Unesp, pode acessar a p\u00e1gina do Guia de Profiss\u00f5es em\u00a0<a role=\"link\" href=\"http:\/\/www.unesp.br\/guiadeprofissoes\" target=\"_blank\" rel=\"noreferrer noopener\">www.unesp.br\/guiadeprofissoes<\/a>.<\/p>\n<p class=\"wp-block-heading\"><strong>Calend\u00e1rio do Vestibular Unesp 2025<\/strong><\/p>\n<ul class=\"wp-block-list\">\n<li>Inscri\u00e7\u00f5es at\u00e9 esta quinta-feira (10)<\/li>\n<li>Prova da primeira fase em 15 de novembro de 2024<\/li>\n<li>Provas da segunda fase em 8 e 9 de dezembro de 2024<\/li>\n<li>Publica\u00e7\u00e3o do resultado final em 31 de janeiro de 2025<\/li>\n<\/ul>\n<p>Fonte: Ag\u00eancia SP<\/p>\n<\/div>\n<\/div>\n<\/div>\n<\/div>\n<\/div>\n<\/div>\n<\/div>\n<\/div>\n<\/div>\n<\/div>\n","protected":false},"excerpt":{"rendered":"<p>Ao todo s\u00e3o oferecidas 6.596 vagas em 24 cidades; a primeira fase ser\u00e1 realizada no dia 15 de novembro e a segunda em 8 e 9<span class=\"excerpt-hellip\"> [\u2026]<\/span><\/p>\n","protected":false},"author":10,"featured_media":50490,"comment_status":"open","ping_status":"open","sticky":false,"template":"","format":"standard","meta":{"_jetpack_memberships_contains_paid_content":false,"footnotes":"","jetpack_publicize_message":"","jetpack_publicize_feature_enabled":true,"jetpack_social_post_already_shared":true,"jetpack_social_options":{"image_generator_settings":{"template":"highway","default_image_id":0,"enabled":false},"version":2}},"categories":[28,44],"tags":[],"class_list":["post-50489","post","type-post","status-publish","format-standard","has-post-thumbnail","hentry","category-cotidiano","category-noticias"],"yoast_head":"<!-- This site is optimized with the Yoast SEO plugin v25.6 - https:\/\/yoast.com\/wordpress\/plugins\/seo\/ -->\n<title>Prazo para a inscri\u00e7\u00e3o no vestibular da Unesp termina nesta quinta-feira (10); unidade de Franca possui 369 vagas - VerdadeOn<\/title>\n<meta name=\"robots\" content=\"index, follow, max-snippet:-1, max-image-preview:large, max-video-preview:-1\" \/>\n<link rel=\"canonical\" href=\"https:\/\/verdadeon.com.br\/portal\/2024\/10\/09\/prazo-para-a-inscricao-no-vestibular-da-unesp-termina-nesta-quinta-feira-10-unidade-de-franca-possui-369-vagas\/\" \/>\n<meta property=\"og:locale\" content=\"pt_BR\" \/>\n<meta property=\"og:type\" content=\"article\" \/>\n<meta property=\"og:title\" content=\"Prazo para a inscri\u00e7\u00e3o no vestibular da Unesp termina nesta quinta-feira (10); unidade de Franca possui 369 vagas - VerdadeOn\" \/>\n<meta property=\"og:description\" content=\"Ao todo s\u00e3o oferecidas 6.596 vagas em 24 cidades; a primeira fase ser\u00e1 realizada no dia 15 de novembro e a segunda em 8 e 9 [\u2026]\" \/>\n<meta property=\"og:url\" content=\"https:\/\/verdadeon.com.br\/portal\/2024\/10\/09\/prazo-para-a-inscricao-no-vestibular-da-unesp-termina-nesta-quinta-feira-10-unidade-de-franca-possui-369-vagas\/\" \/>\n<meta property=\"og:site_name\" content=\"VerdadeOn\" \/>\n<meta property=\"article:published_time\" content=\"2024-10-09T15:29:46+00:00\" \/>\n<meta property=\"og:image\" content=\"https:\/\/verdadeon.com.br\/portal\/wp-content\/uploads\/2024\/10\/53775380051_d1d92f3043_k.jpg\" \/>\n\t<meta property=\"og:image:width\" content=\"2038\" \/>\n\t<meta property=\"og:image:height\" content=\"1365\" \/>\n\t<meta property=\"og:image:type\" content=\"image\/jpeg\" \/>\n<meta name=\"author\" content=\"Redacao VerdadeOn\" \/>\n<meta name=\"twitter:card\" content=\"summary_large_image\" \/>\n<meta name=\"twitter:label1\" content=\"Escrito por\" \/>\n\t<meta name=\"twitter:data1\" content=\"Redacao VerdadeOn\" \/>\n\t<meta name=\"twitter:label2\" content=\"Est. tempo de leitura\" \/>\n\t<meta name=\"twitter:data2\" content=\"3 minutos\" \/>\n<script type=\"application\/ld+json\" class=\"yoast-schema-graph\">{\"@context\":\"https:\/\/schema.org\",\"@graph\":[{\"@type\":\"WebPage\",\"@id\":\"https:\/\/verdadeon.com.br\/portal\/2024\/10\/09\/prazo-para-a-inscricao-no-vestibular-da-unesp-termina-nesta-quinta-feira-10-unidade-de-franca-possui-369-vagas\/\",\"url\":\"https:\/\/verdadeon.com.br\/portal\/2024\/10\/09\/prazo-para-a-inscricao-no-vestibular-da-unesp-termina-nesta-quinta-feira-10-unidade-de-franca-possui-369-vagas\/\",\"name\":\"Prazo para a inscri\u00e7\u00e3o no vestibular da Unesp termina nesta quinta-feira (10); unidade de Franca possui 369 vagas - VerdadeOn\",\"isPartOf\":{\"@id\":\"https:\/\/verdadeon.com.br\/portal\/#website\"},\"primaryImageOfPage\":{\"@id\":\"https:\/\/verdadeon.com.br\/portal\/2024\/10\/09\/prazo-para-a-inscricao-no-vestibular-da-unesp-termina-nesta-quinta-feira-10-unidade-de-franca-possui-369-vagas\/#primaryimage\"},\"image\":{\"@id\":\"https:\/\/verdadeon.com.br\/portal\/2024\/10\/09\/prazo-para-a-inscricao-no-vestibular-da-unesp-termina-nesta-quinta-feira-10-unidade-de-franca-possui-369-vagas\/#primaryimage\"},\"thumbnailUrl\":\"https:\/\/i0.wp.com\/verdadeon.com.br\/portal\/wp-content\/uploads\/2024\/10\/53775380051_d1d92f3043_k.jpg?fit=2038%2C1365&ssl=1\",\"datePublished\":\"2024-10-09T15:29:46+00:00\",\"author\":{\"@id\":\"https:\/\/verdadeon.com.br\/portal\/#\/schema\/person\/a5060ad1e9ea3df545188fc93ce43d2f\"},\"breadcrumb\":{\"@id\":\"https:\/\/verdadeon.com.br\/portal\/2024\/10\/09\/prazo-para-a-inscricao-no-vestibular-da-unesp-termina-nesta-quinta-feira-10-unidade-de-franca-possui-369-vagas\/#breadcrumb\"},\"inLanguage\":\"pt-BR\",\"potentialAction\":[{\"@type\":\"ReadAction\",\"target\":[\"https:\/\/verdadeon.com.br\/portal\/2024\/10\/09\/prazo-para-a-inscricao-no-vestibular-da-unesp-termina-nesta-quinta-feira-10-unidade-de-franca-possui-369-vagas\/\"]}]},{\"@type\":\"ImageObject\",\"inLanguage\":\"pt-BR\",\"@id\":\"https:\/\/verdadeon.com.br\/portal\/2024\/10\/09\/prazo-para-a-inscricao-no-vestibular-da-unesp-termina-nesta-quinta-feira-10-unidade-de-franca-possui-369-vagas\/#primaryimage\",\"url\":\"https:\/\/i0.wp.com\/verdadeon.com.br\/portal\/wp-content\/uploads\/2024\/10\/53775380051_d1d92f3043_k.jpg?fit=2038%2C1365&ssl=1\",\"contentUrl\":\"https:\/\/i0.wp.com\/verdadeon.com.br\/portal\/wp-content\/uploads\/2024\/10\/53775380051_d1d92f3043_k.jpg?fit=2038%2C1365&ssl=1\",\"width\":2038,\"height\":1365,\"caption\":\"A Unesp est\u00e1 entre as maiores e melhores do pa\u00eds e da Am\u00e9rica Latina (\u00a9Divulga\u00e7\u00e3o\/Governo de SP)\"},{\"@type\":\"BreadcrumbList\",\"@id\":\"https:\/\/verdadeon.com.br\/portal\/2024\/10\/09\/prazo-para-a-inscricao-no-vestibular-da-unesp-termina-nesta-quinta-feira-10-unidade-de-franca-possui-369-vagas\/#breadcrumb\",\"itemListElement\":[{\"@type\":\"ListItem\",\"position\":1,\"name\":\"In\u00edcio\",\"item\":\"https:\/\/verdadeon.com.br\/portal\/\"},{\"@type\":\"ListItem\",\"position\":2,\"name\":\"Prazo para a inscri\u00e7\u00e3o no vestibular da Unesp termina nesta quinta-feira (10); unidade de Franca possui 369 vagas\"}]},{\"@type\":\"WebSite\",\"@id\":\"https:\/\/verdadeon.com.br\/portal\/#website\",\"url\":\"https:\/\/verdadeon.com.br\/portal\/\",\"name\":\"VerdadeOn\",\"description\":\"Not\u00edcias di\u00e1rias sobre Franca, Regi\u00e3o, Esporte, Cultura, Cotidiano, Colunas. Cobertura nos principais eventos da cidade \u00e9 aqui - Verdadeon Franca\",\"potentialAction\":[{\"@type\":\"SearchAction\",\"target\":{\"@type\":\"EntryPoint\",\"urlTemplate\":\"https:\/\/verdadeon.com.br\/portal\/?s={search_term_string}\"},\"query-input\":{\"@type\":\"PropertyValueSpecification\",\"valueRequired\":true,\"valueName\":\"search_term_string\"}}],\"inLanguage\":\"pt-BR\"},{\"@type\":\"Person\",\"@id\":\"https:\/\/verdadeon.com.br\/portal\/#\/schema\/person\/a5060ad1e9ea3df545188fc93ce43d2f\",\"name\":\"Redacao VerdadeOn\",\"image\":{\"@type\":\"ImageObject\",\"inLanguage\":\"pt-BR\",\"@id\":\"https:\/\/verdadeon.com.br\/portal\/#\/schema\/person\/image\/\",\"url\":\"https:\/\/secure.gravatar.com\/avatar\/459a9613caaaf07f582c3d0841eea68bdd66f533e465e6ba8b9cb45619572cf4?s=96&d=mm&r=g\",\"contentUrl\":\"https:\/\/secure.gravatar.com\/avatar\/459a9613caaaf07f582c3d0841eea68bdd66f533e465e6ba8b9cb45619572cf4?s=96&d=mm&r=g\",\"caption\":\"Redacao VerdadeOn\"},\"url\":\"https:\/\/verdadeon.com.br\/portal\/author\/redacao\/\"}]}<\/script>\n<!-- \/ Yoast SEO plugin. -->","yoast_head_json":{"title":"Prazo para a inscri\u00e7\u00e3o no vestibular da Unesp termina nesta quinta-feira (10); unidade de Franca possui 369 vagas - VerdadeOn","robots":{"index":"index","follow":"follow","max-snippet":"max-snippet:-1","max-image-preview":"max-image-preview:large","max-video-preview":"max-video-preview:-1"},"canonical":"https:\/\/verdadeon.com.br\/portal\/2024\/10\/09\/prazo-para-a-inscricao-no-vestibular-da-unesp-termina-nesta-quinta-feira-10-unidade-de-franca-possui-369-vagas\/","og_locale":"pt_BR","og_type":"article","og_title":"Prazo para a inscri\u00e7\u00e3o no vestibular da Unesp termina nesta quinta-feira (10); unidade de Franca possui 369 vagas - VerdadeOn","og_description":"Ao todo s\u00e3o oferecidas 6.596 vagas em 24 cidades; a primeira fase ser\u00e1 realizada no dia 15 de novembro e a segunda em 8 e 9 [\u2026]","og_url":"https:\/\/verdadeon.com.br\/portal\/2024\/10\/09\/prazo-para-a-inscricao-no-vestibular-da-unesp-termina-nesta-quinta-feira-10-unidade-de-franca-possui-369-vagas\/","og_site_name":"VerdadeOn","article_published_time":"2024-10-09T15:29:46+00:00","og_image":[{"width":2038,"height":1365,"url":"https:\/\/verdadeon.com.br\/portal\/wp-content\/uploads\/2024\/10\/53775380051_d1d92f3043_k.jpg","type":"image\/jpeg"}],"author":"Redacao VerdadeOn","twitter_card":"summary_large_image","twitter_misc":{"Escrito por":"Redacao VerdadeOn","Est. tempo de leitura":"3 minutos"},"schema":{"@context":"https:\/\/schema.org","@graph":[{"@type":"WebPage","@id":"https:\/\/verdadeon.com.br\/portal\/2024\/10\/09\/prazo-para-a-inscricao-no-vestibular-da-unesp-termina-nesta-quinta-feira-10-unidade-de-franca-possui-369-vagas\/","url":"https:\/\/verdadeon.com.br\/portal\/2024\/10\/09\/prazo-para-a-inscricao-no-vestibular-da-unesp-termina-nesta-quinta-feira-10-unidade-de-franca-possui-369-vagas\/","name":"Prazo para a inscri\u00e7\u00e3o no vestibular da Unesp termina nesta quinta-feira (10); unidade de Franca possui 369 vagas - VerdadeOn","isPartOf":{"@id":"https:\/\/verdadeon.com.br\/portal\/#website"},"primaryImageOfPage":{"@id":"https:\/\/verdadeon.com.br\/portal\/2024\/10\/09\/prazo-para-a-inscricao-no-vestibular-da-unesp-termina-nesta-quinta-feira-10-unidade-de-franca-possui-369-vagas\/#primaryimage"},"image":{"@id":"https:\/\/verdadeon.com.br\/portal\/2024\/10\/09\/prazo-para-a-inscricao-no-vestibular-da-unesp-termina-nesta-quinta-feira-10-unidade-de-franca-possui-369-vagas\/#primaryimage"},"thumbnailUrl":"https:\/\/i0.wp.com\/verdadeon.com.br\/portal\/wp-content\/uploads\/2024\/10\/53775380051_d1d92f3043_k.jpg?fit=2038%2C1365&ssl=1","datePublished":"2024-10-09T15:29:46+00:00","author":{"@id":"https:\/\/verdadeon.com.br\/portal\/#\/schema\/person\/a5060ad1e9ea3df545188fc93ce43d2f"},"breadcrumb":{"@id":"https:\/\/verdadeon.com.br\/portal\/2024\/10\/09\/prazo-para-a-inscricao-no-vestibular-da-unesp-termina-nesta-quinta-feira-10-unidade-de-franca-possui-369-vagas\/#breadcrumb"},"inLanguage":"pt-BR","potentialAction":[{"@type":"ReadAction","target":["https:\/\/verdadeon.com.br\/portal\/2024\/10\/09\/prazo-para-a-inscricao-no-vestibular-da-unesp-termina-nesta-quinta-feira-10-unidade-de-franca-possui-369-vagas\/"]}]},{"@type":"ImageObject","inLanguage":"pt-BR","@id":"https:\/\/verdadeon.com.br\/portal\/2024\/10\/09\/prazo-para-a-inscricao-no-vestibular-da-unesp-termina-nesta-quinta-feira-10-unidade-de-franca-possui-369-vagas\/#primaryimage","url":"https:\/\/i0.wp.com\/verdadeon.com.br\/portal\/wp-content\/uploads\/2024\/10\/53775380051_d1d92f3043_k.jpg?fit=2038%2C1365&ssl=1","contentUrl":"https:\/\/i0.wp.com\/verdadeon.com.br\/portal\/wp-content\/uploads\/2024\/10\/53775380051_d1d92f3043_k.jpg?fit=2038%2C1365&ssl=1","width":2038,"height":1365,"caption":"A Unesp est\u00e1 entre as maiores e melhores do pa\u00eds e da Am\u00e9rica Latina (\u00a9Divulga\u00e7\u00e3o\/Governo de SP)"},{"@type":"BreadcrumbList","@id":"https:\/\/verdadeon.com.br\/portal\/2024\/10\/09\/prazo-para-a-inscricao-no-vestibular-da-unesp-termina-nesta-quinta-feira-10-unidade-de-franca-possui-369-vagas\/#breadcrumb","itemListElement":[{"@type":"ListItem","position":1,"name":"In\u00edcio","item":"https:\/\/verdadeon.com.br\/portal\/"},{"@type":"ListItem","position":2,"name":"Prazo para a inscri\u00e7\u00e3o no vestibular da Unesp termina nesta quinta-feira (10); unidade de Franca possui 369 vagas"}]},{"@type":"WebSite","@id":"https:\/\/verdadeon.com.br\/portal\/#website","url":"https:\/\/verdadeon.com.br\/portal\/","name":"VerdadeOn","description":"Not\u00edcias di\u00e1rias sobre Franca, Regi\u00e3o, Esporte, Cultura, Cotidiano, Colunas. Cobertura nos principais eventos da cidade \u00e9 aqui - Verdadeon Franca","potentialAction":[{"@type":"SearchAction","target":{"@type":"EntryPoint","urlTemplate":"https:\/\/verdadeon.com.br\/portal\/?s={search_term_string}"},"query-input":{"@type":"PropertyValueSpecification","valueRequired":true,"valueName":"search_term_string"}}],"inLanguage":"pt-BR"},{"@type":"Person","@id":"https:\/\/verdadeon.com.br\/portal\/#\/schema\/person\/a5060ad1e9ea3df545188fc93ce43d2f","name":"Redacao VerdadeOn","image":{"@type":"ImageObject","inLanguage":"pt-BR","@id":"https:\/\/verdadeon.com.br\/portal\/#\/schema\/person\/image\/","url":"https:\/\/secure.gravatar.com\/avatar\/459a9613caaaf07f582c3d0841eea68bdd66f533e465e6ba8b9cb45619572cf4?s=96&d=mm&r=g","contentUrl":"https:\/\/secure.gravatar.com\/avatar\/459a9613caaaf07f582c3d0841eea68bdd66f533e465e6ba8b9cb45619572cf4?s=96&d=mm&r=g","caption":"Redacao VerdadeOn"},"url":"https:\/\/verdadeon.com.br\/portal\/author\/redacao\/"}]}},"jetpack_publicize_connections":[],"jetpack_featured_media_url":"https:\/\/i0.wp.com\/verdadeon.com.br\/portal\/wp-content\/uploads\/2024\/10\/53775380051_d1d92f3043_k.jpg?fit=2038%2C1365&ssl=1","jetpack_sharing_enabled":true,"_links":{"self":[{"href":"https:\/\/verdadeon.com.br\/portal\/wp-json\/wp\/v2\/posts\/50489","targetHints":{"allow":["GET"]}}],"collection":[{"href":"https:\/\/verdadeon.com.br\/portal\/wp-json\/wp\/v2\/posts"}],"about":[{"href":"https:\/\/verdadeon.com.br\/portal\/wp-json\/wp\/v2\/types\/post"}],"author":[{"embeddable":true,"href":"https:\/\/verdadeon.com.br\/portal\/wp-json\/wp\/v2\/users\/10"}],"replies":[{"embeddable":true,"href":"https:\/\/verdadeon.com.br\/portal\/wp-json\/wp\/v2\/comments?post=50489"}],"version-history":[{"count":1,"href":"https:\/\/verdadeon.com.br\/portal\/wp-json\/wp\/v2\/posts\/50489\/revisions"}],"predecessor-version":[{"id":50491,"href":"https:\/\/verdadeon.com.br\/portal\/wp-json\/wp\/v2\/posts\/50489\/revisions\/50491"}],"wp:featuredmedia":[{"embeddable":true,"href":"https:\/\/verdadeon.com.br\/portal\/wp-json\/wp\/v2\/media\/50490"}],"wp:attachment":[{"href":"https:\/\/verdadeon.com.br\/portal\/wp-json\/wp\/v2\/media?parent=50489"}],"wp:term":[{"taxonomy":"category","embeddable":true,"href":"https:\/\/verdadeon.com.br\/portal\/wp-json\/wp\/v2\/categories?post=50489"},{"taxonomy":"post_tag","embeddable":true,"href":"https:\/\/verdadeon.com.br\/portal\/wp-json\/wp\/v2\/tags?post=50489"}],"curies":[{"name":"wp","href":"https:\/\/api.w.org\/{rel}","templated":true}]}}