{"id":50486,"date":"2024-10-09T06:00:50","date_gmt":"2024-10-09T09:00:50","guid":{"rendered":"https:\/\/verdadeon.com.br\/portal\/?p=50486"},"modified":"2024-10-09T12:19:08","modified_gmt":"2024-10-09T15:19:08","slug":"camara-aprova-r-13-milhao-para-reforma-do-predio-do-corpo-de-bombeiros","status":"publish","type":"post","link":"https:\/\/verdadeon.com.br\/portal\/2024\/10\/09\/camara-aprova-r-13-milhao-para-reforma-do-predio-do-corpo-de-bombeiros\/","title":{"rendered":"C\u00e2mara aprova R$ 1,3 milh\u00e3o para reforma do pr\u00e9dio do Corpo de Bombeiros"},"content":{"rendered":"<h2>Projeto foi aprovado em car\u00e1ter de urg\u00eancia<\/h2>\n<p class=\"text-align-justify\">Os vereadores se reuniram nesta ter\u00e7a-feira, 8 de outubro, para discuss\u00e3o e vota\u00e7\u00f5es de projetos na\u00a0<a href=\"https:\/\/sapl.franca.sp.leg.br\/sessao\/pauta-sessao\/178\/\" rel=\"nofollow\">36\u00aa Sess\u00e3o Ordin\u00e1ria<\/a>.<\/p>\n<p class=\"text-align-justify\">No per\u00edodo da manh\u00e3 aconteceu o Expediente com as leituras dos documentos e of\u00edcios, al\u00e9m de uso da Tribuna. No per\u00edodo da tarde a partir das 14h, foram debatidas propostas analisadas nas Comiss\u00f5es e aquelas inclu\u00eddas em regime de urg\u00eancia.<\/p>\n<p class=\"text-align-justify\">O pr\u00e9dio da Casa de Leis est\u00e1 em reformas e as sess\u00f5es oficiais do Legislativo continuam sendo realizadas no Audit\u00f3rio do Uni-Facef com entrada pela Avenida Ismael Alonso e Alonso, 2400, Bairro S\u00e3o Jos\u00e9.<\/p>\n<p><strong>Cr\u00e9ditos adicionais<\/strong><\/p>\n<p class=\"text-align-justify\">Em urg\u00eancia foi aprovado o <a href=\"https:\/\/sapl.franca.sp.leg.br\/materia\/12487\" rel=\"nofollow\">Projeto de Lei Ordin\u00e1ria n\u00ba 111 de 2024<\/a>, de autoria da Prefeitura, que autoriza a abertura de cr\u00e9dito adicional no Or\u00e7amento de 2024, no valor de at\u00e9 R$ 1.414.057,00, e d\u00e1 outras disposi\u00e7\u00f5es.<\/p>\n<p class=\"text-align-justify\">Trata-se de altera\u00e7\u00f5es no Or\u00e7amento que permitir\u00e3o, \u00e0 Secretaria Municipal de Seguran\u00e7a, contratar a execu\u00e7\u00e3o de obras de reforma e adequa\u00e7\u00f5es nas instala\u00e7\u00f5es do Corpo de Bombeiros da Pol\u00edcia Militar do Estado de S\u00e3o Paulo.<\/p>\n<p class=\"text-align-justify\">Tratando de um projeto de obra, as altera\u00e7\u00f5es no Or\u00e7amento visam padronizar a classifica\u00e7\u00e3o dos recursos das Emendas, consideradas como de cumprimento obrigat\u00f3rio, vinculadas \u00e0 LDO vigente, n\u00fameros: 24, 30, 37, 52, 61, 95, 114, 138, 146 e 160, no valor total de R$ 1.316.000,00.<\/p>\n<p class=\"text-align-justify\">O projeto tamb\u00e9m permitir\u00e1, \u00e0 Secretaria Municipal de Meio Ambiente, destinar R$ 98.057,00, dos recursos previstos na Emenda \u00e0 LDO vigente n\u00ba 152\/2023, para aquisi\u00e7\u00e3o de material de consumo.<\/p>\n<p class=\"text-align-justify\">Observa-se que os recursos da referida Emenda foram previstos inicialmente integralmente na classifica\u00e7\u00e3o de servi\u00e7os de pessoa jur\u00eddica, portanto, faz-se necess\u00e1ria a altera\u00e7\u00e3o atrav\u00e9s da abertura do cr\u00e9dito adicional mediante anula\u00e7\u00e3o.<\/p>\n<p class=\"text-align-justify\">O artigo 3\u00ba do projeto refere-se \u00e0 adequa\u00e7\u00e3o do c\u00f3digo e da descri\u00e7\u00e3o do recurso aprovado no art. 2\u00ba da Lei n\u00ba 9.564, de 25 de setembro de 2024, destinado \u00e0 Secretaria de Meio Ambiente, ou seja, onde consta \u201c083007007 MAT.CONSUMO ILUM.P\u00daB.EMENDA (I3-L20 PARCIAL)-1\/53\/160.241-1, altera-se para \u201c081007007 MAT.CONSUMO ILUM.P\u00daBL.EMENDA (I3- L20 PARCIAL)\u201d.<\/p>\n","protected":false},"excerpt":{"rendered":"<p>Projeto foi aprovado em car\u00e1ter de urg\u00eancia Os vereadores se reuniram nesta ter\u00e7a-feira, 8 de outubro, para discuss\u00e3o e vota\u00e7\u00f5es de projetos na\u00a036\u00aa Sess\u00e3o Ordin\u00e1ria. No<span class=\"excerpt-hellip\"> [\u2026]<\/span><\/p>\n","protected":false},"author":10,"featured_media":50487,"comment_status":"open","ping_status":"open","sticky":false,"template":"","format":"standard","meta":{"_jetpack_memberships_contains_paid_content":false,"footnotes":"","jetpack_publicize_message":"","jetpack_publicize_feature_enabled":true,"jetpack_social_post_already_shared":true,"jetpack_social_options":{"image_generator_settings":{"template":"highway","default_image_id":0,"enabled":false},"version":2}},"categories":[28,81],"tags":[],"class_list":["post-50486","post","type-post","status-publish","format-standard","has-post-thumbnail","hentry","category-cotidiano","category-manchete"],"yoast_head":"<!-- This site is optimized with the Yoast SEO plugin v25.6 - https:\/\/yoast.com\/wordpress\/plugins\/seo\/ -->\n<title>C\u00e2mara aprova R$ 1,3 milh\u00e3o para reforma do pr\u00e9dio do Corpo de Bombeiros - VerdadeOn<\/title>\n<meta name=\"robots\" content=\"index, follow, max-snippet:-1, max-image-preview:large, max-video-preview:-1\" \/>\n<link rel=\"canonical\" href=\"https:\/\/verdadeon.com.br\/portal\/2024\/10\/09\/camara-aprova-r-13-milhao-para-reforma-do-predio-do-corpo-de-bombeiros\/\" \/>\n<meta property=\"og:locale\" content=\"pt_BR\" \/>\n<meta property=\"og:type\" content=\"article\" \/>\n<meta property=\"og:title\" content=\"C\u00e2mara aprova R$ 1,3 milh\u00e3o para reforma do pr\u00e9dio do Corpo de Bombeiros - VerdadeOn\" \/>\n<meta property=\"og:description\" content=\"Projeto foi aprovado em car\u00e1ter de urg\u00eancia Os vereadores se reuniram nesta ter\u00e7a-feira, 8 de outubro, para discuss\u00e3o e vota\u00e7\u00f5es de projetos na\u00a036\u00aa Sess\u00e3o Ordin\u00e1ria. No [\u2026]\" \/>\n<meta property=\"og:url\" content=\"https:\/\/verdadeon.com.br\/portal\/2024\/10\/09\/camara-aprova-r-13-milhao-para-reforma-do-predio-do-corpo-de-bombeiros\/\" \/>\n<meta property=\"og:site_name\" content=\"VerdadeOn\" \/>\n<meta property=\"article:published_time\" content=\"2024-10-09T09:00:50+00:00\" \/>\n<meta property=\"article:modified_time\" content=\"2024-10-09T15:19:08+00:00\" \/>\n<meta property=\"og:image\" content=\"https:\/\/verdadeon.com.br\/portal\/wp-content\/uploads\/2024\/10\/36sessaocapa.jpg\" \/>\n\t<meta property=\"og:image:width\" content=\"832\" \/>\n\t<meta property=\"og:image:height\" content=\"558\" \/>\n\t<meta property=\"og:image:type\" content=\"image\/jpeg\" \/>\n<meta name=\"author\" content=\"Redacao VerdadeOn\" \/>\n<meta name=\"twitter:card\" content=\"summary_large_image\" \/>\n<meta name=\"twitter:label1\" content=\"Escrito por\" \/>\n\t<meta name=\"twitter:data1\" content=\"Redacao VerdadeOn\" \/>\n\t<meta name=\"twitter:label2\" content=\"Est. tempo de leitura\" \/>\n\t<meta name=\"twitter:data2\" content=\"2 minutos\" \/>\n<script type=\"application\/ld+json\" class=\"yoast-schema-graph\">{\"@context\":\"https:\/\/schema.org\",\"@graph\":[{\"@type\":\"WebPage\",\"@id\":\"https:\/\/verdadeon.com.br\/portal\/2024\/10\/09\/camara-aprova-r-13-milhao-para-reforma-do-predio-do-corpo-de-bombeiros\/\",\"url\":\"https:\/\/verdadeon.com.br\/portal\/2024\/10\/09\/camara-aprova-r-13-milhao-para-reforma-do-predio-do-corpo-de-bombeiros\/\",\"name\":\"C\u00e2mara aprova R$ 1,3 milh\u00e3o para reforma do pr\u00e9dio do Corpo de Bombeiros - VerdadeOn\",\"isPartOf\":{\"@id\":\"https:\/\/verdadeon.com.br\/portal\/#website\"},\"primaryImageOfPage\":{\"@id\":\"https:\/\/verdadeon.com.br\/portal\/2024\/10\/09\/camara-aprova-r-13-milhao-para-reforma-do-predio-do-corpo-de-bombeiros\/#primaryimage\"},\"image\":{\"@id\":\"https:\/\/verdadeon.com.br\/portal\/2024\/10\/09\/camara-aprova-r-13-milhao-para-reforma-do-predio-do-corpo-de-bombeiros\/#primaryimage\"},\"thumbnailUrl\":\"https:\/\/i0.wp.com\/verdadeon.com.br\/portal\/wp-content\/uploads\/2024\/10\/36sessaocapa.jpg?fit=832%2C558&ssl=1\",\"datePublished\":\"2024-10-09T09:00:50+00:00\",\"dateModified\":\"2024-10-09T15:19:08+00:00\",\"author\":{\"@id\":\"https:\/\/verdadeon.com.br\/portal\/#\/schema\/person\/a5060ad1e9ea3df545188fc93ce43d2f\"},\"breadcrumb\":{\"@id\":\"https:\/\/verdadeon.com.br\/portal\/2024\/10\/09\/camara-aprova-r-13-milhao-para-reforma-do-predio-do-corpo-de-bombeiros\/#breadcrumb\"},\"inLanguage\":\"pt-BR\",\"potentialAction\":[{\"@type\":\"ReadAction\",\"target\":[\"https:\/\/verdadeon.com.br\/portal\/2024\/10\/09\/camara-aprova-r-13-milhao-para-reforma-do-predio-do-corpo-de-bombeiros\/\"]}]},{\"@type\":\"ImageObject\",\"inLanguage\":\"pt-BR\",\"@id\":\"https:\/\/verdadeon.com.br\/portal\/2024\/10\/09\/camara-aprova-r-13-milhao-para-reforma-do-predio-do-corpo-de-bombeiros\/#primaryimage\",\"url\":\"https:\/\/i0.wp.com\/verdadeon.com.br\/portal\/wp-content\/uploads\/2024\/10\/36sessaocapa.jpg?fit=832%2C558&ssl=1\",\"contentUrl\":\"https:\/\/i0.wp.com\/verdadeon.com.br\/portal\/wp-content\/uploads\/2024\/10\/36sessaocapa.jpg?fit=832%2C558&ssl=1\",\"width\":832,\"height\":558,\"caption\":\"As sess\u00f5es oficiais do Legislativo continuar\u00e3o sendo realizadas no Audit\u00f3rio do Uni-Facef com entrada pela Avenida Ismael Alonso e Alonso, 2400, Bairro S\u00e3o Jos\u00e9, at\u00e9 o fim das obras na C\u00e2mara Municipal (\u00a9Divulga\u00e7\u00e3o)\"},{\"@type\":\"BreadcrumbList\",\"@id\":\"https:\/\/verdadeon.com.br\/portal\/2024\/10\/09\/camara-aprova-r-13-milhao-para-reforma-do-predio-do-corpo-de-bombeiros\/#breadcrumb\",\"itemListElement\":[{\"@type\":\"ListItem\",\"position\":1,\"name\":\"In\u00edcio\",\"item\":\"https:\/\/verdadeon.com.br\/portal\/\"},{\"@type\":\"ListItem\",\"position\":2,\"name\":\"C\u00e2mara aprova R$ 1,3 milh\u00e3o para reforma do pr\u00e9dio do Corpo de Bombeiros\"}]},{\"@type\":\"WebSite\",\"@id\":\"https:\/\/verdadeon.com.br\/portal\/#website\",\"url\":\"https:\/\/verdadeon.com.br\/portal\/\",\"name\":\"VerdadeOn\",\"description\":\"Not\u00edcias di\u00e1rias sobre Franca, Regi\u00e3o, Esporte, Cultura, Cotidiano, Colunas. Cobertura nos principais eventos da cidade \u00e9 aqui - Verdadeon Franca\",\"potentialAction\":[{\"@type\":\"SearchAction\",\"target\":{\"@type\":\"EntryPoint\",\"urlTemplate\":\"https:\/\/verdadeon.com.br\/portal\/?s={search_term_string}\"},\"query-input\":{\"@type\":\"PropertyValueSpecification\",\"valueRequired\":true,\"valueName\":\"search_term_string\"}}],\"inLanguage\":\"pt-BR\"},{\"@type\":\"Person\",\"@id\":\"https:\/\/verdadeon.com.br\/portal\/#\/schema\/person\/a5060ad1e9ea3df545188fc93ce43d2f\",\"name\":\"Redacao VerdadeOn\",\"image\":{\"@type\":\"ImageObject\",\"inLanguage\":\"pt-BR\",\"@id\":\"https:\/\/verdadeon.com.br\/portal\/#\/schema\/person\/image\/\",\"url\":\"https:\/\/secure.gravatar.com\/avatar\/459a9613caaaf07f582c3d0841eea68bdd66f533e465e6ba8b9cb45619572cf4?s=96&d=mm&r=g\",\"contentUrl\":\"https:\/\/secure.gravatar.com\/avatar\/459a9613caaaf07f582c3d0841eea68bdd66f533e465e6ba8b9cb45619572cf4?s=96&d=mm&r=g\",\"caption\":\"Redacao VerdadeOn\"},\"url\":\"https:\/\/verdadeon.com.br\/portal\/author\/redacao\/\"}]}<\/script>\n<!-- \/ Yoast SEO plugin. -->","yoast_head_json":{"title":"C\u00e2mara aprova R$ 1,3 milh\u00e3o para reforma do pr\u00e9dio do Corpo de Bombeiros - VerdadeOn","robots":{"index":"index","follow":"follow","max-snippet":"max-snippet:-1","max-image-preview":"max-image-preview:large","max-video-preview":"max-video-preview:-1"},"canonical":"https:\/\/verdadeon.com.br\/portal\/2024\/10\/09\/camara-aprova-r-13-milhao-para-reforma-do-predio-do-corpo-de-bombeiros\/","og_locale":"pt_BR","og_type":"article","og_title":"C\u00e2mara aprova R$ 1,3 milh\u00e3o para reforma do pr\u00e9dio do Corpo de Bombeiros - VerdadeOn","og_description":"Projeto foi aprovado em car\u00e1ter de urg\u00eancia Os vereadores se reuniram nesta ter\u00e7a-feira, 8 de outubro, para discuss\u00e3o e vota\u00e7\u00f5es de projetos na\u00a036\u00aa Sess\u00e3o Ordin\u00e1ria. No [\u2026]","og_url":"https:\/\/verdadeon.com.br\/portal\/2024\/10\/09\/camara-aprova-r-13-milhao-para-reforma-do-predio-do-corpo-de-bombeiros\/","og_site_name":"VerdadeOn","article_published_time":"2024-10-09T09:00:50+00:00","article_modified_time":"2024-10-09T15:19:08+00:00","og_image":[{"width":832,"height":558,"url":"https:\/\/verdadeon.com.br\/portal\/wp-content\/uploads\/2024\/10\/36sessaocapa.jpg","type":"image\/jpeg"}],"author":"Redacao VerdadeOn","twitter_card":"summary_large_image","twitter_misc":{"Escrito por":"Redacao VerdadeOn","Est. tempo de leitura":"2 minutos"},"schema":{"@context":"https:\/\/schema.org","@graph":[{"@type":"WebPage","@id":"https:\/\/verdadeon.com.br\/portal\/2024\/10\/09\/camara-aprova-r-13-milhao-para-reforma-do-predio-do-corpo-de-bombeiros\/","url":"https:\/\/verdadeon.com.br\/portal\/2024\/10\/09\/camara-aprova-r-13-milhao-para-reforma-do-predio-do-corpo-de-bombeiros\/","name":"C\u00e2mara aprova R$ 1,3 milh\u00e3o para reforma do pr\u00e9dio do Corpo de Bombeiros - VerdadeOn","isPartOf":{"@id":"https:\/\/verdadeon.com.br\/portal\/#website"},"primaryImageOfPage":{"@id":"https:\/\/verdadeon.com.br\/portal\/2024\/10\/09\/camara-aprova-r-13-milhao-para-reforma-do-predio-do-corpo-de-bombeiros\/#primaryimage"},"image":{"@id":"https:\/\/verdadeon.com.br\/portal\/2024\/10\/09\/camara-aprova-r-13-milhao-para-reforma-do-predio-do-corpo-de-bombeiros\/#primaryimage"},"thumbnailUrl":"https:\/\/i0.wp.com\/verdadeon.com.br\/portal\/wp-content\/uploads\/2024\/10\/36sessaocapa.jpg?fit=832%2C558&ssl=1","datePublished":"2024-10-09T09:00:50+00:00","dateModified":"2024-10-09T15:19:08+00:00","author":{"@id":"https:\/\/verdadeon.com.br\/portal\/#\/schema\/person\/a5060ad1e9ea3df545188fc93ce43d2f"},"breadcrumb":{"@id":"https:\/\/verdadeon.com.br\/portal\/2024\/10\/09\/camara-aprova-r-13-milhao-para-reforma-do-predio-do-corpo-de-bombeiros\/#breadcrumb"},"inLanguage":"pt-BR","potentialAction":[{"@type":"ReadAction","target":["https:\/\/verdadeon.com.br\/portal\/2024\/10\/09\/camara-aprova-r-13-milhao-para-reforma-do-predio-do-corpo-de-bombeiros\/"]}]},{"@type":"ImageObject","inLanguage":"pt-BR","@id":"https:\/\/verdadeon.com.br\/portal\/2024\/10\/09\/camara-aprova-r-13-milhao-para-reforma-do-predio-do-corpo-de-bombeiros\/#primaryimage","url":"https:\/\/i0.wp.com\/verdadeon.com.br\/portal\/wp-content\/uploads\/2024\/10\/36sessaocapa.jpg?fit=832%2C558&ssl=1","contentUrl":"https:\/\/i0.wp.com\/verdadeon.com.br\/portal\/wp-content\/uploads\/2024\/10\/36sessaocapa.jpg?fit=832%2C558&ssl=1","width":832,"height":558,"caption":"As sess\u00f5es oficiais do Legislativo continuar\u00e3o sendo realizadas no Audit\u00f3rio do Uni-Facef com entrada pela Avenida Ismael Alonso e Alonso, 2400, Bairro S\u00e3o Jos\u00e9, at\u00e9 o fim das obras na C\u00e2mara Municipal (\u00a9Divulga\u00e7\u00e3o)"},{"@type":"BreadcrumbList","@id":"https:\/\/verdadeon.com.br\/portal\/2024\/10\/09\/camara-aprova-r-13-milhao-para-reforma-do-predio-do-corpo-de-bombeiros\/#breadcrumb","itemListElement":[{"@type":"ListItem","position":1,"name":"In\u00edcio","item":"https:\/\/verdadeon.com.br\/portal\/"},{"@type":"ListItem","position":2,"name":"C\u00e2mara aprova R$ 1,3 milh\u00e3o para reforma do pr\u00e9dio do Corpo de Bombeiros"}]},{"@type":"WebSite","@id":"https:\/\/verdadeon.com.br\/portal\/#website","url":"https:\/\/verdadeon.com.br\/portal\/","name":"VerdadeOn","description":"Not\u00edcias di\u00e1rias sobre Franca, Regi\u00e3o, Esporte, Cultura, Cotidiano, Colunas. Cobertura nos principais eventos da cidade \u00e9 aqui - Verdadeon Franca","potentialAction":[{"@type":"SearchAction","target":{"@type":"EntryPoint","urlTemplate":"https:\/\/verdadeon.com.br\/portal\/?s={search_term_string}"},"query-input":{"@type":"PropertyValueSpecification","valueRequired":true,"valueName":"search_term_string"}}],"inLanguage":"pt-BR"},{"@type":"Person","@id":"https:\/\/verdadeon.com.br\/portal\/#\/schema\/person\/a5060ad1e9ea3df545188fc93ce43d2f","name":"Redacao VerdadeOn","image":{"@type":"ImageObject","inLanguage":"pt-BR","@id":"https:\/\/verdadeon.com.br\/portal\/#\/schema\/person\/image\/","url":"https:\/\/secure.gravatar.com\/avatar\/459a9613caaaf07f582c3d0841eea68bdd66f533e465e6ba8b9cb45619572cf4?s=96&d=mm&r=g","contentUrl":"https:\/\/secure.gravatar.com\/avatar\/459a9613caaaf07f582c3d0841eea68bdd66f533e465e6ba8b9cb45619572cf4?s=96&d=mm&r=g","caption":"Redacao VerdadeOn"},"url":"https:\/\/verdadeon.com.br\/portal\/author\/redacao\/"}]}},"jetpack_publicize_connections":[],"jetpack_featured_media_url":"https:\/\/i0.wp.com\/verdadeon.com.br\/portal\/wp-content\/uploads\/2024\/10\/36sessaocapa.jpg?fit=832%2C558&ssl=1","jetpack_sharing_enabled":true,"_links":{"self":[{"href":"https:\/\/verdadeon.com.br\/portal\/wp-json\/wp\/v2\/posts\/50486","targetHints":{"allow":["GET"]}}],"collection":[{"href":"https:\/\/verdadeon.com.br\/portal\/wp-json\/wp\/v2\/posts"}],"about":[{"href":"https:\/\/verdadeon.com.br\/portal\/wp-json\/wp\/v2\/types\/post"}],"author":[{"embeddable":true,"href":"https:\/\/verdadeon.com.br\/portal\/wp-json\/wp\/v2\/users\/10"}],"replies":[{"embeddable":true,"href":"https:\/\/verdadeon.com.br\/portal\/wp-json\/wp\/v2\/comments?post=50486"}],"version-history":[{"count":1,"href":"https:\/\/verdadeon.com.br\/portal\/wp-json\/wp\/v2\/posts\/50486\/revisions"}],"predecessor-version":[{"id":50488,"href":"https:\/\/verdadeon.com.br\/portal\/wp-json\/wp\/v2\/posts\/50486\/revisions\/50488"}],"wp:featuredmedia":[{"embeddable":true,"href":"https:\/\/verdadeon.com.br\/portal\/wp-json\/wp\/v2\/media\/50487"}],"wp:attachment":[{"href":"https:\/\/verdadeon.com.br\/portal\/wp-json\/wp\/v2\/media?parent=50486"}],"wp:term":[{"taxonomy":"category","embeddable":true,"href":"https:\/\/verdadeon.com.br\/portal\/wp-json\/wp\/v2\/categories?post=50486"},{"taxonomy":"post_tag","embeddable":true,"href":"https:\/\/verdadeon.com.br\/portal\/wp-json\/wp\/v2\/tags?post=50486"}],"curies":[{"name":"wp","href":"https:\/\/api.w.org\/{rel}","templated":true}]}}