{"id":50468,"date":"2024-10-09T07:00:37","date_gmt":"2024-10-09T10:00:37","guid":{"rendered":"https:\/\/verdadeon.com.br\/portal\/?p=50468"},"modified":"2024-10-09T11:39:18","modified_gmt":"2024-10-09T14:39:18","slug":"grupo-esse-sempre-franca-promete-inovar-em-trabalho-de-limpeza-na-cidade-de-franca-2","status":"publish","type":"post","link":"https:\/\/verdadeon.com.br\/portal\/2024\/10\/09\/grupo-esse-sempre-franca-promete-inovar-em-trabalho-de-limpeza-na-cidade-de-franca-2\/","title":{"rendered":"GRUPO ESSE &#8211; Sempre Franca promete inovar em trabalho de limpeza na cidade de Franca"},"content":{"rendered":"<h2>Modelo de gest\u00e3o do Grupo Esse coloca cidad\u00e3o no centro das a\u00e7\u00f5es<\/h2>\n<p>Quando o assunto \u00e9 evolu\u00e7\u00e3o, o Grupo Esse tamb\u00e9m tira tudo a limpo.<\/p>\n<p>A nova marca do Grupo Esse \u2013 SEMPRE FRANCA, vai trabalhar com toda a for\u00e7a da tecnologia pra gente ter uma cidade ainda melhor e com conforto, comodidade e at\u00e9 com mais empregos para a popula\u00e7\u00e3o.<\/p>\n<p>SEMPRE FRANCA vai trazer equipamentos diferentes, novinhos. Pelas ruas voc\u00ea vai ver modernos caminh\u00f5es el\u00e9tricos fazendo o trabalho de limpeza bem melhor e sem poluir o meio ambiente.<\/p>\n<p><img data-recalc-dims=\"1\" loading=\"lazy\" decoding=\"async\" class=\"alignnone size-full wp-image-49085\" src=\"https:\/\/i0.wp.com\/verdadeon.com.br\/portal\/wp-content\/uploads\/2024\/08\/WhatsApp-Image-2024-06-28-at-14.50.24-1.jpeg?resize=1220%2C815&#038;ssl=1\" alt=\"\" width=\"1220\" height=\"815\" srcset=\"https:\/\/i0.wp.com\/verdadeon.com.br\/portal\/wp-content\/uploads\/2024\/08\/WhatsApp-Image-2024-06-28-at-14.50.24-1.jpeg?w=1600&amp;ssl=1 1600w, https:\/\/i0.wp.com\/verdadeon.com.br\/portal\/wp-content\/uploads\/2024\/08\/WhatsApp-Image-2024-06-28-at-14.50.24-1.jpeg?resize=300%2C200&amp;ssl=1 300w, https:\/\/i0.wp.com\/verdadeon.com.br\/portal\/wp-content\/uploads\/2024\/08\/WhatsApp-Image-2024-06-28-at-14.50.24-1.jpeg?resize=1024%2C684&amp;ssl=1 1024w, https:\/\/i0.wp.com\/verdadeon.com.br\/portal\/wp-content\/uploads\/2024\/08\/WhatsApp-Image-2024-06-28-at-14.50.24-1.jpeg?resize=768%2C513&amp;ssl=1 768w, https:\/\/i0.wp.com\/verdadeon.com.br\/portal\/wp-content\/uploads\/2024\/08\/WhatsApp-Image-2024-06-28-at-14.50.24-1.jpeg?resize=1536%2C1026&amp;ssl=1 1536w, https:\/\/i0.wp.com\/verdadeon.com.br\/portal\/wp-content\/uploads\/2024\/08\/WhatsApp-Image-2024-06-28-at-14.50.24-1.jpeg?resize=219%2C146&amp;ssl=1 219w, https:\/\/i0.wp.com\/verdadeon.com.br\/portal\/wp-content\/uploads\/2024\/08\/WhatsApp-Image-2024-06-28-at-14.50.24-1.jpeg?resize=50%2C33&amp;ssl=1 50w, https:\/\/i0.wp.com\/verdadeon.com.br\/portal\/wp-content\/uploads\/2024\/08\/WhatsApp-Image-2024-06-28-at-14.50.24-1.jpeg?resize=112%2C75&amp;ssl=1 112w\" sizes=\"auto, (max-width: 1220px) 100vw, 1220px\" \/><\/p>\n<p><img data-recalc-dims=\"1\" loading=\"lazy\" decoding=\"async\" class=\"alignnone size-full wp-image-49087\" src=\"https:\/\/i0.wp.com\/verdadeon.com.br\/portal\/wp-content\/uploads\/2024\/08\/WhatsApp-Image-2024-06-28-at-14.50.23-1.jpeg?resize=1220%2C817&#038;ssl=1\" alt=\"\" width=\"1220\" height=\"817\" srcset=\"https:\/\/i0.wp.com\/verdadeon.com.br\/portal\/wp-content\/uploads\/2024\/08\/WhatsApp-Image-2024-06-28-at-14.50.23-1.jpeg?w=1596&amp;ssl=1 1596w, https:\/\/i0.wp.com\/verdadeon.com.br\/portal\/wp-content\/uploads\/2024\/08\/WhatsApp-Image-2024-06-28-at-14.50.23-1.jpeg?resize=300%2C201&amp;ssl=1 300w, https:\/\/i0.wp.com\/verdadeon.com.br\/portal\/wp-content\/uploads\/2024\/08\/WhatsApp-Image-2024-06-28-at-14.50.23-1.jpeg?resize=1024%2C686&amp;ssl=1 1024w, https:\/\/i0.wp.com\/verdadeon.com.br\/portal\/wp-content\/uploads\/2024\/08\/WhatsApp-Image-2024-06-28-at-14.50.23-1.jpeg?resize=768%2C514&amp;ssl=1 768w, https:\/\/i0.wp.com\/verdadeon.com.br\/portal\/wp-content\/uploads\/2024\/08\/WhatsApp-Image-2024-06-28-at-14.50.23-1.jpeg?resize=1536%2C1029&amp;ssl=1 1536w, https:\/\/i0.wp.com\/verdadeon.com.br\/portal\/wp-content\/uploads\/2024\/08\/WhatsApp-Image-2024-06-28-at-14.50.23-1.jpeg?resize=218%2C146&amp;ssl=1 218w, https:\/\/i0.wp.com\/verdadeon.com.br\/portal\/wp-content\/uploads\/2024\/08\/WhatsApp-Image-2024-06-28-at-14.50.23-1.jpeg?resize=50%2C33&amp;ssl=1 50w, https:\/\/i0.wp.com\/verdadeon.com.br\/portal\/wp-content\/uploads\/2024\/08\/WhatsApp-Image-2024-06-28-at-14.50.23-1.jpeg?resize=112%2C75&amp;ssl=1 112w, https:\/\/i0.wp.com\/verdadeon.com.br\/portal\/wp-content\/uploads\/2024\/08\/WhatsApp-Image-2024-06-28-at-14.50.23-1.jpeg?resize=1000%2C670&amp;ssl=1 1000w\" sizes=\"auto, (max-width: 1220px) 100vw, 1220px\" \/><\/p>\n<p>At\u00e9 os res\u00edduos coletados por passar\u00e3o a ser destinados ao tratamento de reciclagem para gera\u00e7\u00e3o de mais energia limpa.<\/p>\n<p>E de dentro de casa ou no trabalho voc\u00ea tamb\u00e9m vai sentir a supera\u00e7\u00e3o das coisas l\u00e1 fora: O Grupo Esse-SEMPRE FRANCA vai ter um APP, ou seja, um aplicativo que da palma da sua m\u00e3o voc\u00ea acompanhar\u00e1 todos os servi\u00e7os que est\u00e3o sendo realizados pela cidade.<\/p>\n<p>Com isso, qualquer necessidade no seu bairro ou rua poder\u00e1 ser comunicada atrav\u00e9s do APP que, t\u00e3o logo ser\u00e1 processada, avaliada e tomada as provid\u00eancias.<\/p>\n<p><img data-recalc-dims=\"1\" loading=\"lazy\" decoding=\"async\" class=\"alignnone size-full wp-image-49086\" src=\"https:\/\/i0.wp.com\/verdadeon.com.br\/portal\/wp-content\/uploads\/2024\/08\/WhatsApp-Image-2024-06-28-at-14.50.22.jpeg?resize=1220%2C815&#038;ssl=1\" alt=\"\" width=\"1220\" height=\"815\" srcset=\"https:\/\/i0.wp.com\/verdadeon.com.br\/portal\/wp-content\/uploads\/2024\/08\/WhatsApp-Image-2024-06-28-at-14.50.22.jpeg?w=1600&amp;ssl=1 1600w, https:\/\/i0.wp.com\/verdadeon.com.br\/portal\/wp-content\/uploads\/2024\/08\/WhatsApp-Image-2024-06-28-at-14.50.22.jpeg?resize=300%2C200&amp;ssl=1 300w, https:\/\/i0.wp.com\/verdadeon.com.br\/portal\/wp-content\/uploads\/2024\/08\/WhatsApp-Image-2024-06-28-at-14.50.22.jpeg?resize=1024%2C684&amp;ssl=1 1024w, https:\/\/i0.wp.com\/verdadeon.com.br\/portal\/wp-content\/uploads\/2024\/08\/WhatsApp-Image-2024-06-28-at-14.50.22.jpeg?resize=768%2C513&amp;ssl=1 768w, https:\/\/i0.wp.com\/verdadeon.com.br\/portal\/wp-content\/uploads\/2024\/08\/WhatsApp-Image-2024-06-28-at-14.50.22.jpeg?resize=1536%2C1026&amp;ssl=1 1536w, https:\/\/i0.wp.com\/verdadeon.com.br\/portal\/wp-content\/uploads\/2024\/08\/WhatsApp-Image-2024-06-28-at-14.50.22.jpeg?resize=219%2C146&amp;ssl=1 219w, https:\/\/i0.wp.com\/verdadeon.com.br\/portal\/wp-content\/uploads\/2024\/08\/WhatsApp-Image-2024-06-28-at-14.50.22.jpeg?resize=50%2C33&amp;ssl=1 50w, https:\/\/i0.wp.com\/verdadeon.com.br\/portal\/wp-content\/uploads\/2024\/08\/WhatsApp-Image-2024-06-28-at-14.50.22.jpeg?resize=112%2C75&amp;ssl=1 112w\" sizes=\"auto, (max-width: 1220px) 100vw, 1220px\" \/><\/p>\n<p><img data-recalc-dims=\"1\" loading=\"lazy\" decoding=\"async\" class=\"alignnone size-full wp-image-49088\" src=\"https:\/\/i0.wp.com\/verdadeon.com.br\/portal\/wp-content\/uploads\/2024\/08\/WhatsApp-Image-2024-06-28-at-14.50.23.jpeg?resize=1220%2C815&#038;ssl=1\" alt=\"\" width=\"1220\" height=\"815\" srcset=\"https:\/\/i0.wp.com\/verdadeon.com.br\/portal\/wp-content\/uploads\/2024\/08\/WhatsApp-Image-2024-06-28-at-14.50.23.jpeg?w=1600&amp;ssl=1 1600w, https:\/\/i0.wp.com\/verdadeon.com.br\/portal\/wp-content\/uploads\/2024\/08\/WhatsApp-Image-2024-06-28-at-14.50.23.jpeg?resize=300%2C200&amp;ssl=1 300w, https:\/\/i0.wp.com\/verdadeon.com.br\/portal\/wp-content\/uploads\/2024\/08\/WhatsApp-Image-2024-06-28-at-14.50.23.jpeg?resize=1024%2C684&amp;ssl=1 1024w, https:\/\/i0.wp.com\/verdadeon.com.br\/portal\/wp-content\/uploads\/2024\/08\/WhatsApp-Image-2024-06-28-at-14.50.23.jpeg?resize=768%2C513&amp;ssl=1 768w, https:\/\/i0.wp.com\/verdadeon.com.br\/portal\/wp-content\/uploads\/2024\/08\/WhatsApp-Image-2024-06-28-at-14.50.23.jpeg?resize=1536%2C1026&amp;ssl=1 1536w, https:\/\/i0.wp.com\/verdadeon.com.br\/portal\/wp-content\/uploads\/2024\/08\/WhatsApp-Image-2024-06-28-at-14.50.23.jpeg?resize=219%2C146&amp;ssl=1 219w, https:\/\/i0.wp.com\/verdadeon.com.br\/portal\/wp-content\/uploads\/2024\/08\/WhatsApp-Image-2024-06-28-at-14.50.23.jpeg?resize=50%2C33&amp;ssl=1 50w, https:\/\/i0.wp.com\/verdadeon.com.br\/portal\/wp-content\/uploads\/2024\/08\/WhatsApp-Image-2024-06-28-at-14.50.23.jpeg?resize=112%2C75&amp;ssl=1 112w\" sizes=\"auto, (max-width: 1220px) 100vw, 1220px\" \/><\/p>\n<p>Agora, \u00e9 zero dist\u00e2ncia. Perguntas, respostas, relacionamento direto, ou seja, \u00e9 o cidad\u00e3o de Franca no centro de tudo participando ativamente de todas as a\u00e7\u00f5es de melhorias da nossa cidade.<\/p>\n<p>GRUPO ESSE-SEMPRE FRANCA &#8211; Novos tempos para Franca. Confira:<\/p>\n<div style=\"width: 848px;\" class=\"wp-video\"><!--[if lt IE 9]><script>document.createElement('video');<\/script><![endif]-->\n<video class=\"wp-video-shortcode\" id=\"video-50468-1\" width=\"848\" height=\"478\" preload=\"metadata\" controls=\"controls\"><source type=\"video\/mp4\" src=\"https:\/\/verdadeon.com.br\/portal\/wp-content\/uploads\/2024\/08\/WhatsApp-Video-2024-08-28-at-08.33.29.mp4?_=1\" \/><a href=\"https:\/\/verdadeon.com.br\/portal\/wp-content\/uploads\/2024\/08\/WhatsApp-Video-2024-08-28-at-08.33.29.mp4\">https:\/\/verdadeon.com.br\/portal\/wp-content\/uploads\/2024\/08\/WhatsApp-Video-2024-08-28-at-08.33.29.mp4<\/a><\/video><\/div>\n","protected":false},"excerpt":{"rendered":"<p>Modelo de gest\u00e3o do Grupo Esse coloca cidad\u00e3o no centro das a\u00e7\u00f5es Quando o assunto \u00e9 evolu\u00e7\u00e3o, o Grupo Esse tamb\u00e9m tira tudo a limpo. A<span class=\"excerpt-hellip\"> [\u2026]<\/span><\/p>\n","protected":false},"author":10,"featured_media":49083,"comment_status":"open","ping_status":"open","sticky":false,"template":"","format":"standard","meta":{"_jetpack_memberships_contains_paid_content":false,"footnotes":"","jetpack_publicize_message":"","jetpack_publicize_feature_enabled":true,"jetpack_social_post_already_shared":true,"jetpack_social_options":{"image_generator_settings":{"template":"highway","default_image_id":0,"enabled":false},"version":2}},"categories":[28,81],"tags":[],"class_list":["post-50468","post","type-post","status-publish","format-standard","has-post-thumbnail","hentry","category-cotidiano","category-manchete"],"yoast_head":"<!-- This site is optimized with the Yoast SEO plugin v25.6 - https:\/\/yoast.com\/wordpress\/plugins\/seo\/ -->\n<title>GRUPO ESSE - Sempre Franca promete inovar em trabalho de limpeza na cidade de Franca - VerdadeOn<\/title>\n<meta name=\"robots\" content=\"index, follow, max-snippet:-1, max-image-preview:large, max-video-preview:-1\" \/>\n<link rel=\"canonical\" href=\"https:\/\/verdadeon.com.br\/portal\/2024\/10\/09\/grupo-esse-sempre-franca-promete-inovar-em-trabalho-de-limpeza-na-cidade-de-franca-2\/\" \/>\n<meta property=\"og:locale\" content=\"pt_BR\" \/>\n<meta property=\"og:type\" content=\"article\" \/>\n<meta property=\"og:title\" content=\"GRUPO ESSE - Sempre Franca promete inovar em trabalho de limpeza na cidade de Franca - VerdadeOn\" \/>\n<meta property=\"og:description\" content=\"Modelo de gest\u00e3o do Grupo Esse coloca cidad\u00e3o no centro das a\u00e7\u00f5es Quando o assunto \u00e9 evolu\u00e7\u00e3o, o Grupo Esse tamb\u00e9m tira tudo a limpo. A [\u2026]\" \/>\n<meta property=\"og:url\" content=\"https:\/\/verdadeon.com.br\/portal\/2024\/10\/09\/grupo-esse-sempre-franca-promete-inovar-em-trabalho-de-limpeza-na-cidade-de-franca-2\/\" \/>\n<meta property=\"og:site_name\" content=\"VerdadeOn\" \/>\n<meta property=\"article:published_time\" content=\"2024-10-09T10:00:37+00:00\" \/>\n<meta property=\"article:modified_time\" content=\"2024-10-09T14:39:18+00:00\" \/>\n<meta property=\"og:image\" content=\"https:\/\/verdadeon.com.br\/portal\/wp-content\/uploads\/2024\/08\/WhatsApp-Image-2024-06-28-at-14.50.22-3.jpeg\" \/>\n\t<meta property=\"og:image:width\" content=\"1596\" \/>\n\t<meta property=\"og:image:height\" content=\"1069\" \/>\n\t<meta property=\"og:image:type\" content=\"image\/jpeg\" \/>\n<meta name=\"author\" content=\"Redacao VerdadeOn\" \/>\n<meta name=\"twitter:card\" content=\"summary_large_image\" \/>\n<meta name=\"twitter:label1\" content=\"Escrito por\" \/>\n\t<meta name=\"twitter:data1\" content=\"Redacao VerdadeOn\" \/>\n\t<meta name=\"twitter:label2\" content=\"Est. tempo de leitura\" \/>\n\t<meta name=\"twitter:data2\" content=\"3 minutos\" \/>\n<script type=\"application\/ld+json\" class=\"yoast-schema-graph\">{\"@context\":\"https:\/\/schema.org\",\"@graph\":[{\"@type\":\"WebPage\",\"@id\":\"https:\/\/verdadeon.com.br\/portal\/2024\/10\/09\/grupo-esse-sempre-franca-promete-inovar-em-trabalho-de-limpeza-na-cidade-de-franca-2\/\",\"url\":\"https:\/\/verdadeon.com.br\/portal\/2024\/10\/09\/grupo-esse-sempre-franca-promete-inovar-em-trabalho-de-limpeza-na-cidade-de-franca-2\/\",\"name\":\"GRUPO ESSE - Sempre Franca promete inovar em trabalho de limpeza na cidade de Franca - VerdadeOn\",\"isPartOf\":{\"@id\":\"https:\/\/verdadeon.com.br\/portal\/#website\"},\"primaryImageOfPage\":{\"@id\":\"https:\/\/verdadeon.com.br\/portal\/2024\/10\/09\/grupo-esse-sempre-franca-promete-inovar-em-trabalho-de-limpeza-na-cidade-de-franca-2\/#primaryimage\"},\"image\":{\"@id\":\"https:\/\/verdadeon.com.br\/portal\/2024\/10\/09\/grupo-esse-sempre-franca-promete-inovar-em-trabalho-de-limpeza-na-cidade-de-franca-2\/#primaryimage\"},\"thumbnailUrl\":\"https:\/\/i0.wp.com\/verdadeon.com.br\/portal\/wp-content\/uploads\/2024\/08\/WhatsApp-Image-2024-06-28-at-14.50.22-3.jpeg?fit=1596%2C1069&ssl=1\",\"datePublished\":\"2024-10-09T10:00:37+00:00\",\"dateModified\":\"2024-10-09T14:39:18+00:00\",\"author\":{\"@id\":\"https:\/\/verdadeon.com.br\/portal\/#\/schema\/person\/a5060ad1e9ea3df545188fc93ce43d2f\"},\"breadcrumb\":{\"@id\":\"https:\/\/verdadeon.com.br\/portal\/2024\/10\/09\/grupo-esse-sempre-franca-promete-inovar-em-trabalho-de-limpeza-na-cidade-de-franca-2\/#breadcrumb\"},\"inLanguage\":\"pt-BR\",\"potentialAction\":[{\"@type\":\"ReadAction\",\"target\":[\"https:\/\/verdadeon.com.br\/portal\/2024\/10\/09\/grupo-esse-sempre-franca-promete-inovar-em-trabalho-de-limpeza-na-cidade-de-franca-2\/\"]}]},{\"@type\":\"ImageObject\",\"inLanguage\":\"pt-BR\",\"@id\":\"https:\/\/verdadeon.com.br\/portal\/2024\/10\/09\/grupo-esse-sempre-franca-promete-inovar-em-trabalho-de-limpeza-na-cidade-de-franca-2\/#primaryimage\",\"url\":\"https:\/\/i0.wp.com\/verdadeon.com.br\/portal\/wp-content\/uploads\/2024\/08\/WhatsApp-Image-2024-06-28-at-14.50.22-3.jpeg?fit=1596%2C1069&ssl=1\",\"contentUrl\":\"https:\/\/i0.wp.com\/verdadeon.com.br\/portal\/wp-content\/uploads\/2024\/08\/WhatsApp-Image-2024-06-28-at-14.50.22-3.jpeg?fit=1596%2C1069&ssl=1\",\"width\":1596,\"height\":1069,\"caption\":\"Res\u00edduos coletados passar\u00e3o a ser destinados ao tratamento de reciclagem para gera\u00e7\u00e3o de mais energia limpa (\u00a9Divulga\u00e7\u00e3o)\"},{\"@type\":\"BreadcrumbList\",\"@id\":\"https:\/\/verdadeon.com.br\/portal\/2024\/10\/09\/grupo-esse-sempre-franca-promete-inovar-em-trabalho-de-limpeza-na-cidade-de-franca-2\/#breadcrumb\",\"itemListElement\":[{\"@type\":\"ListItem\",\"position\":1,\"name\":\"In\u00edcio\",\"item\":\"https:\/\/verdadeon.com.br\/portal\/\"},{\"@type\":\"ListItem\",\"position\":2,\"name\":\"GRUPO ESSE &#8211; Sempre Franca promete inovar em trabalho de limpeza na cidade de Franca\"}]},{\"@type\":\"WebSite\",\"@id\":\"https:\/\/verdadeon.com.br\/portal\/#website\",\"url\":\"https:\/\/verdadeon.com.br\/portal\/\",\"name\":\"VerdadeOn\",\"description\":\"Not\u00edcias di\u00e1rias sobre Franca, Regi\u00e3o, Esporte, Cultura, Cotidiano, Colunas. Cobertura nos principais eventos da cidade \u00e9 aqui - Verdadeon Franca\",\"potentialAction\":[{\"@type\":\"SearchAction\",\"target\":{\"@type\":\"EntryPoint\",\"urlTemplate\":\"https:\/\/verdadeon.com.br\/portal\/?s={search_term_string}\"},\"query-input\":{\"@type\":\"PropertyValueSpecification\",\"valueRequired\":true,\"valueName\":\"search_term_string\"}}],\"inLanguage\":\"pt-BR\"},{\"@type\":\"Person\",\"@id\":\"https:\/\/verdadeon.com.br\/portal\/#\/schema\/person\/a5060ad1e9ea3df545188fc93ce43d2f\",\"name\":\"Redacao VerdadeOn\",\"image\":{\"@type\":\"ImageObject\",\"inLanguage\":\"pt-BR\",\"@id\":\"https:\/\/verdadeon.com.br\/portal\/#\/schema\/person\/image\/\",\"url\":\"https:\/\/secure.gravatar.com\/avatar\/459a9613caaaf07f582c3d0841eea68bdd66f533e465e6ba8b9cb45619572cf4?s=96&d=mm&r=g\",\"contentUrl\":\"https:\/\/secure.gravatar.com\/avatar\/459a9613caaaf07f582c3d0841eea68bdd66f533e465e6ba8b9cb45619572cf4?s=96&d=mm&r=g\",\"caption\":\"Redacao VerdadeOn\"},\"url\":\"https:\/\/verdadeon.com.br\/portal\/author\/redacao\/\"}]}<\/script>\n<!-- \/ Yoast SEO plugin. -->","yoast_head_json":{"title":"GRUPO ESSE - Sempre Franca promete inovar em trabalho de limpeza na cidade de Franca - VerdadeOn","robots":{"index":"index","follow":"follow","max-snippet":"max-snippet:-1","max-image-preview":"max-image-preview:large","max-video-preview":"max-video-preview:-1"},"canonical":"https:\/\/verdadeon.com.br\/portal\/2024\/10\/09\/grupo-esse-sempre-franca-promete-inovar-em-trabalho-de-limpeza-na-cidade-de-franca-2\/","og_locale":"pt_BR","og_type":"article","og_title":"GRUPO ESSE - Sempre Franca promete inovar em trabalho de limpeza na cidade de Franca - VerdadeOn","og_description":"Modelo de gest\u00e3o do Grupo Esse coloca cidad\u00e3o no centro das a\u00e7\u00f5es Quando o assunto \u00e9 evolu\u00e7\u00e3o, o Grupo Esse tamb\u00e9m tira tudo a limpo. A [\u2026]","og_url":"https:\/\/verdadeon.com.br\/portal\/2024\/10\/09\/grupo-esse-sempre-franca-promete-inovar-em-trabalho-de-limpeza-na-cidade-de-franca-2\/","og_site_name":"VerdadeOn","article_published_time":"2024-10-09T10:00:37+00:00","article_modified_time":"2024-10-09T14:39:18+00:00","og_image":[{"width":1596,"height":1069,"url":"https:\/\/verdadeon.com.br\/portal\/wp-content\/uploads\/2024\/08\/WhatsApp-Image-2024-06-28-at-14.50.22-3.jpeg","type":"image\/jpeg"}],"author":"Redacao VerdadeOn","twitter_card":"summary_large_image","twitter_misc":{"Escrito por":"Redacao VerdadeOn","Est. tempo de leitura":"3 minutos"},"schema":{"@context":"https:\/\/schema.org","@graph":[{"@type":"WebPage","@id":"https:\/\/verdadeon.com.br\/portal\/2024\/10\/09\/grupo-esse-sempre-franca-promete-inovar-em-trabalho-de-limpeza-na-cidade-de-franca-2\/","url":"https:\/\/verdadeon.com.br\/portal\/2024\/10\/09\/grupo-esse-sempre-franca-promete-inovar-em-trabalho-de-limpeza-na-cidade-de-franca-2\/","name":"GRUPO ESSE - Sempre Franca promete inovar em trabalho de limpeza na cidade de Franca - VerdadeOn","isPartOf":{"@id":"https:\/\/verdadeon.com.br\/portal\/#website"},"primaryImageOfPage":{"@id":"https:\/\/verdadeon.com.br\/portal\/2024\/10\/09\/grupo-esse-sempre-franca-promete-inovar-em-trabalho-de-limpeza-na-cidade-de-franca-2\/#primaryimage"},"image":{"@id":"https:\/\/verdadeon.com.br\/portal\/2024\/10\/09\/grupo-esse-sempre-franca-promete-inovar-em-trabalho-de-limpeza-na-cidade-de-franca-2\/#primaryimage"},"thumbnailUrl":"https:\/\/i0.wp.com\/verdadeon.com.br\/portal\/wp-content\/uploads\/2024\/08\/WhatsApp-Image-2024-06-28-at-14.50.22-3.jpeg?fit=1596%2C1069&ssl=1","datePublished":"2024-10-09T10:00:37+00:00","dateModified":"2024-10-09T14:39:18+00:00","author":{"@id":"https:\/\/verdadeon.com.br\/portal\/#\/schema\/person\/a5060ad1e9ea3df545188fc93ce43d2f"},"breadcrumb":{"@id":"https:\/\/verdadeon.com.br\/portal\/2024\/10\/09\/grupo-esse-sempre-franca-promete-inovar-em-trabalho-de-limpeza-na-cidade-de-franca-2\/#breadcrumb"},"inLanguage":"pt-BR","potentialAction":[{"@type":"ReadAction","target":["https:\/\/verdadeon.com.br\/portal\/2024\/10\/09\/grupo-esse-sempre-franca-promete-inovar-em-trabalho-de-limpeza-na-cidade-de-franca-2\/"]}]},{"@type":"ImageObject","inLanguage":"pt-BR","@id":"https:\/\/verdadeon.com.br\/portal\/2024\/10\/09\/grupo-esse-sempre-franca-promete-inovar-em-trabalho-de-limpeza-na-cidade-de-franca-2\/#primaryimage","url":"https:\/\/i0.wp.com\/verdadeon.com.br\/portal\/wp-content\/uploads\/2024\/08\/WhatsApp-Image-2024-06-28-at-14.50.22-3.jpeg?fit=1596%2C1069&ssl=1","contentUrl":"https:\/\/i0.wp.com\/verdadeon.com.br\/portal\/wp-content\/uploads\/2024\/08\/WhatsApp-Image-2024-06-28-at-14.50.22-3.jpeg?fit=1596%2C1069&ssl=1","width":1596,"height":1069,"caption":"Res\u00edduos coletados passar\u00e3o a ser destinados ao tratamento de reciclagem para gera\u00e7\u00e3o de mais energia limpa (\u00a9Divulga\u00e7\u00e3o)"},{"@type":"BreadcrumbList","@id":"https:\/\/verdadeon.com.br\/portal\/2024\/10\/09\/grupo-esse-sempre-franca-promete-inovar-em-trabalho-de-limpeza-na-cidade-de-franca-2\/#breadcrumb","itemListElement":[{"@type":"ListItem","position":1,"name":"In\u00edcio","item":"https:\/\/verdadeon.com.br\/portal\/"},{"@type":"ListItem","position":2,"name":"GRUPO ESSE &#8211; Sempre Franca promete inovar em trabalho de limpeza na cidade de Franca"}]},{"@type":"WebSite","@id":"https:\/\/verdadeon.com.br\/portal\/#website","url":"https:\/\/verdadeon.com.br\/portal\/","name":"VerdadeOn","description":"Not\u00edcias di\u00e1rias sobre Franca, Regi\u00e3o, Esporte, Cultura, Cotidiano, Colunas. Cobertura nos principais eventos da cidade \u00e9 aqui - Verdadeon Franca","potentialAction":[{"@type":"SearchAction","target":{"@type":"EntryPoint","urlTemplate":"https:\/\/verdadeon.com.br\/portal\/?s={search_term_string}"},"query-input":{"@type":"PropertyValueSpecification","valueRequired":true,"valueName":"search_term_string"}}],"inLanguage":"pt-BR"},{"@type":"Person","@id":"https:\/\/verdadeon.com.br\/portal\/#\/schema\/person\/a5060ad1e9ea3df545188fc93ce43d2f","name":"Redacao VerdadeOn","image":{"@type":"ImageObject","inLanguage":"pt-BR","@id":"https:\/\/verdadeon.com.br\/portal\/#\/schema\/person\/image\/","url":"https:\/\/secure.gravatar.com\/avatar\/459a9613caaaf07f582c3d0841eea68bdd66f533e465e6ba8b9cb45619572cf4?s=96&d=mm&r=g","contentUrl":"https:\/\/secure.gravatar.com\/avatar\/459a9613caaaf07f582c3d0841eea68bdd66f533e465e6ba8b9cb45619572cf4?s=96&d=mm&r=g","caption":"Redacao VerdadeOn"},"url":"https:\/\/verdadeon.com.br\/portal\/author\/redacao\/"}]}},"jetpack_publicize_connections":[],"jetpack_featured_media_url":"https:\/\/i0.wp.com\/verdadeon.com.br\/portal\/wp-content\/uploads\/2024\/08\/WhatsApp-Image-2024-06-28-at-14.50.22-3.jpeg?fit=1596%2C1069&ssl=1","jetpack_sharing_enabled":true,"_links":{"self":[{"href":"https:\/\/verdadeon.com.br\/portal\/wp-json\/wp\/v2\/posts\/50468","targetHints":{"allow":["GET"]}}],"collection":[{"href":"https:\/\/verdadeon.com.br\/portal\/wp-json\/wp\/v2\/posts"}],"about":[{"href":"https:\/\/verdadeon.com.br\/portal\/wp-json\/wp\/v2\/types\/post"}],"author":[{"embeddable":true,"href":"https:\/\/verdadeon.com.br\/portal\/wp-json\/wp\/v2\/users\/10"}],"replies":[{"embeddable":true,"href":"https:\/\/verdadeon.com.br\/portal\/wp-json\/wp\/v2\/comments?post=50468"}],"version-history":[{"count":1,"href":"https:\/\/verdadeon.com.br\/portal\/wp-json\/wp\/v2\/posts\/50468\/revisions"}],"predecessor-version":[{"id":50469,"href":"https:\/\/verdadeon.com.br\/portal\/wp-json\/wp\/v2\/posts\/50468\/revisions\/50469"}],"wp:featuredmedia":[{"embeddable":true,"href":"https:\/\/verdadeon.com.br\/portal\/wp-json\/wp\/v2\/media\/49083"}],"wp:attachment":[{"href":"https:\/\/verdadeon.com.br\/portal\/wp-json\/wp\/v2\/media?parent=50468"}],"wp:term":[{"taxonomy":"category","embeddable":true,"href":"https:\/\/verdadeon.com.br\/portal\/wp-json\/wp\/v2\/categories?post=50468"},{"taxonomy":"post_tag","embeddable":true,"href":"https:\/\/verdadeon.com.br\/portal\/wp-json\/wp\/v2\/tags?post=50468"}],"curies":[{"name":"wp","href":"https:\/\/api.w.org\/{rel}","templated":true}]}}